{"id":24221,"date":"2024-02-27T18:45:37","date_gmt":"2024-02-27T21:45:37","guid":{"rendered":"https:\/\/portalmf.com.br\/?p=24221"},"modified":"2024-02-27T18:45:38","modified_gmt":"2024-02-27T21:45:38","slug":"em-encontro-com-liderancas-empresariais-na-espanha-jeronimo-defende-uso-da-tecnologia-para-o-desenvolvimento-social","status":"publish","type":"post","link":"https:\/\/portalmf.com.br\/index.php\/2024\/02\/27\/em-encontro-com-liderancas-empresariais-na-espanha-jeronimo-defende-uso-da-tecnologia-para-o-desenvolvimento-social\/","title":{"rendered":"Em encontro com lideran\u00e7as empresariais na Espanha, Jer\u00f4nimo defende uso da tecnologia para o desenvolvimento social"},"content":{"rendered":"\n<p>O governador Jer\u00f4nimo Rodrigues se reuniu, na manh\u00e3 desta ter\u00e7a-feira (27), com as principais lideran\u00e7as pol\u00edticas e empresariais da delega\u00e7\u00e3o brasileira que participa do Mobile World Congress (MWC), em Barcelona, na Espanha. Diante de dezenas de empres\u00e1rios e representantes de organiza\u00e7\u00f5es, o chefe do executivo baiano destacou a import\u00e2ncia do uso da tecnologia como ferramenta de desenvolvimento humano e de promo\u00e7\u00e3o de avan\u00e7os em \u00e1reas como a educa\u00e7\u00e3o.<\/p>\n\n\n\n<p><em>\u201cPrecisamos ter o olho bastante agu\u00e7ado com a educa\u00e7\u00e3o, que as escolas passem a dominar o uso da tecnologia. Precisamos fazer com que a tecnologia seja um facilitador para o desenvolvimento humano\u201d, <\/em>afirmou Jer\u00f4nimo Rodrigues.<\/p>\n\n\n\n<p>Al\u00e9m da tem\u00e1tica levantada pelo governador, o encontro tratou do desafio da universaliza\u00e7\u00e3o do acesso \u00e0 internet, principalmente na zona rural e interior dos estados. O incentivo \u00e0 competitividade no setor de telecomunica\u00e7\u00f5es brasileiro, que pode se refletir em melhor qualidade dos servi\u00e7os dessa \u00e1rea para a popula\u00e7\u00e3o, tamb\u00e9m foi discutido entre os participantes.<\/p>\n\n\n\n<p>Tamb\u00e9m participaram da reuni\u00e3o, junto \u00e0 comitiva baiana, o ministro das Comunica\u00e7\u00f5es do Brasil, Juscelino Filho; o presidente da Anatel, Carlos Baigorri; senadores e deputados federais brasileiros, bem como diversas lideran\u00e7as de organiza\u00e7\u00f5es e empres\u00e1rios do setor.<\/p>\n\n\n\n<p><em>\u201cCabe a n\u00f3s buscar dar os encaminhamentos poss\u00edveis sobre todos esses temas. Os desafios est\u00e3o postos, e o objetivo maior \u00e9 chegarmos \u00e0 universaliza\u00e7\u00e3o e, para isso, \u00e9 importante o papel de todos envolvidos aqui\u201d, <\/em>pontuou o ministro Juscelino Filho.<\/p>\n\n\n\n<p>A Softex, uma das promotoras do evento, \u00e9 uma organiza\u00e7\u00e3o social civil de interesse p\u00fablico (Oscip) que atua em prol do fomento da transforma\u00e7\u00e3o digital brasileira, promovendo e executando iniciativas no \u00e2mbito nacional e internacional nas \u00e1reas de tecnologia e inova\u00e7\u00e3o. J\u00e1 a TelComp \u00e9 uma organiza\u00e7\u00e3o de \u00e2mbito nacional, sem fins lucrativos, que representa mais de 75 empresas de telecomunica\u00e7\u00f5es.<\/p>\n\n\n\n<p><strong>Mobile World Congress<\/strong><\/p>\n\n\n\n<p>Ap\u00f3s o encontro, o governador seguiu para o local onde acontece, tamb\u00e9m em Barcelona, o Mobile World Congress e cumpriu longa agenda fazendo um tour em estandes de iniciativas nacionais e internacionais. Com os grupos Telefonica e Starlink\/Space X, Jer\u00f4nimo participou de reuni\u00f5es e foi apresentado aos projetos das empresas.<\/p>\n\n\n\n<p>\u201cDurantes esses encontros, dialogamos sobre a possibilidade de as empresas investirem na Bahia, mas tamb\u00e9m sobre tecnologias que a gente pode adquirir para diversas \u00e1reas, como educa\u00e7\u00e3o, sa\u00fade, cultura, e como podemos colher os benef\u00edcios dessas tecnologias, como a facilita\u00e7\u00e3o de servi\u00e7os\u201d, destacou Jer\u00f4nimo.<\/p>\n\n\n\n<p>Al\u00e9m de inova\u00e7\u00f5es e programas voltados \u00e0 conectividade de escolas e ferramentas para o ensino p\u00fablico, tamb\u00e9m foram expostas ao governador alternativas de amplia\u00e7\u00e3o do acesso \u00e0 internet, inclusive em zonas rurais, com uso de sat\u00e9lites.<\/p>\n\n\n\n<p>No \u00faltimo compromisso do dia, Jer\u00f4nimo participou de cerim\u00f4nia no estande brasileiro no MWC 2024. Chamado de \u201cBrasil it+\u201d, o espa\u00e7o do Brasil re\u00fane 21 startups nacionais com diferentes projetos tecnol\u00f3gicos.<\/p>\n","protected":false},"excerpt":{"rendered":"<p>O governador Jer\u00f4nimo Rodrigues se reuniu, na manh\u00e3 desta ter\u00e7a-feira (27), com as principais lideran\u00e7as pol\u00edticas e empresariais da delega\u00e7\u00e3o brasileira que participa do Mobile World Congress (MWC), em Barcelona, na Espanha. Diante de dezenas de empres\u00e1rios e representantes de organiza\u00e7\u00f5es, o chefe do executivo baiano destacou a import\u00e2ncia do uso da tecnologia como ferramenta [&hellip;]<\/p>\n","protected":false},"author":3,"featured_media":24222,"comment_status":"open","ping_status":"open","sticky":false,"template":"","format":"standard","meta":{"_monsterinsights_skip_tracking":false,"_monsterinsights_sitenote_active":false,"_monsterinsights_sitenote_note":"","_monsterinsights_sitenote_category":0,"footnotes":""},"categories":[34],"tags":[],"yoast_head":"<!-- This site is optimized with the Yoast SEO plugin v22.9 - https:\/\/yoast.com\/wordpress\/plugins\/seo\/ -->\n<title>Em encontro com lideran\u00e7as empresariais na Espanha, Jer\u00f4nimo defende uso da tecnologia para o desenvolvimento social - Portal MF<\/title>\n<meta name=\"robots\" content=\"index, follow, max-snippet:-1, max-image-preview:large, max-video-preview:-1\" \/>\n<link rel=\"canonical\" href=\"https:\/\/portalmf.com.br\/index.php\/2024\/02\/27\/em-encontro-com-liderancas-empresariais-na-espanha-jeronimo-defende-uso-da-tecnologia-para-o-desenvolvimento-social\/\" \/>\n<meta property=\"og:locale\" content=\"pt_BR\" \/>\n<meta property=\"og:type\" content=\"article\" \/>\n<meta property=\"og:title\" content=\"Em encontro com lideran\u00e7as empresariais na Espanha, Jer\u00f4nimo defende uso da tecnologia para o desenvolvimento social - Portal MF\" \/>\n<meta property=\"og:description\" content=\"O governador Jer\u00f4nimo Rodrigues se reuniu, na manh\u00e3 desta ter\u00e7a-feira (27), com as principais lideran\u00e7as pol\u00edticas e empresariais da delega\u00e7\u00e3o brasileira que participa do Mobile World Congress (MWC), em Barcelona, na Espanha. Diante de dezenas de empres\u00e1rios e representantes de organiza\u00e7\u00f5es, o chefe do executivo baiano destacou a import\u00e2ncia do uso da tecnologia como ferramenta [&hellip;]\" \/>\n<meta property=\"og:url\" content=\"https:\/\/portalmf.com.br\/index.php\/2024\/02\/27\/em-encontro-com-liderancas-empresariais-na-espanha-jeronimo-defende-uso-da-tecnologia-para-o-desenvolvimento-social\/\" \/>\n<meta property=\"og:site_name\" content=\"Portal MF\" \/>\n<meta property=\"article:author\" content=\"https:\/\/www.facebook.com\/portalmfoficial\" \/>\n<meta property=\"article:published_time\" content=\"2024-02-27T21:45:37+00:00\" \/>\n<meta property=\"article:modified_time\" content=\"2024-02-27T21:45:38+00:00\" \/>\n<meta property=\"og:image\" content=\"https:\/\/portalmf.com.br\/wp-content\/uploads\/2024\/02\/Missao-na-Espanha-Foto-Eudes-Benicio-GOVBA-3-696x522-1.jpeg\" \/>\n\t<meta property=\"og:image:width\" content=\"696\" \/>\n\t<meta property=\"og:image:height\" content=\"522\" \/>\n\t<meta property=\"og:image:type\" content=\"image\/jpeg\" \/>\n<meta name=\"author\" content=\"Reda\u00e7\u00e3o Portal MF\" \/>\n<meta name=\"twitter:card\" content=\"summary_large_image\" \/>\n<meta name=\"twitter:creator\" content=\"@https:\/\/x.com\/portalmfoficial\" \/>\n<meta name=\"twitter:label1\" content=\"Escrito por\" \/>\n\t<meta name=\"twitter:data1\" content=\"Reda\u00e7\u00e3o Portal MF\" \/>\n\t<meta name=\"twitter:label2\" content=\"Est. tempo de leitura\" \/>\n\t<meta name=\"twitter:data2\" content=\"3 minutos\" \/>\n<script type=\"application\/ld+json\" class=\"yoast-schema-graph\">{\"@context\":\"https:\/\/schema.org\",\"@graph\":[{\"@type\":\"WebPage\",\"@id\":\"https:\/\/portalmf.com.br\/index.php\/2024\/02\/27\/em-encontro-com-liderancas-empresariais-na-espanha-jeronimo-defende-uso-da-tecnologia-para-o-desenvolvimento-social\/\",\"url\":\"https:\/\/portalmf.com.br\/index.php\/2024\/02\/27\/em-encontro-com-liderancas-empresariais-na-espanha-jeronimo-defende-uso-da-tecnologia-para-o-desenvolvimento-social\/\",\"name\":\"Em encontro com lideran\u00e7as empresariais na Espanha, Jer\u00f4nimo defende uso da tecnologia para o desenvolvimento social - Portal MF\",\"isPartOf\":{\"@id\":\"https:\/\/portalmf.com.br\/#website\"},\"primaryImageOfPage\":{\"@id\":\"https:\/\/portalmf.com.br\/index.php\/2024\/02\/27\/em-encontro-com-liderancas-empresariais-na-espanha-jeronimo-defende-uso-da-tecnologia-para-o-desenvolvimento-social\/#primaryimage\"},\"image\":{\"@id\":\"https:\/\/portalmf.com.br\/index.php\/2024\/02\/27\/em-encontro-com-liderancas-empresariais-na-espanha-jeronimo-defende-uso-da-tecnologia-para-o-desenvolvimento-social\/#primaryimage\"},\"thumbnailUrl\":\"https:\/\/portalmf.com.br\/wp-content\/uploads\/2024\/02\/Missao-na-Espanha-Foto-Eudes-Benicio-GOVBA-3-696x522-1.jpeg\",\"datePublished\":\"2024-02-27T21:45:37+00:00\",\"dateModified\":\"2024-02-27T21:45:38+00:00\",\"author\":{\"@id\":\"https:\/\/portalmf.com.br\/#\/schema\/person\/9ec101baf56233e53520c26de5d6f6f0\"},\"breadcrumb\":{\"@id\":\"https:\/\/portalmf.com.br\/index.php\/2024\/02\/27\/em-encontro-com-liderancas-empresariais-na-espanha-jeronimo-defende-uso-da-tecnologia-para-o-desenvolvimento-social\/#breadcrumb\"},\"inLanguage\":\"pt-BR\",\"potentialAction\":[{\"@type\":\"ReadAction\",\"target\":[\"https:\/\/portalmf.com.br\/index.php\/2024\/02\/27\/em-encontro-com-liderancas-empresariais-na-espanha-jeronimo-defende-uso-da-tecnologia-para-o-desenvolvimento-social\/\"]}]},{\"@type\":\"ImageObject\",\"inLanguage\":\"pt-BR\",\"@id\":\"https:\/\/portalmf.com.br\/index.php\/2024\/02\/27\/em-encontro-com-liderancas-empresariais-na-espanha-jeronimo-defende-uso-da-tecnologia-para-o-desenvolvimento-social\/#primaryimage\",\"url\":\"https:\/\/portalmf.com.br\/wp-content\/uploads\/2024\/02\/Missao-na-Espanha-Foto-Eudes-Benicio-GOVBA-3-696x522-1.jpeg\",\"contentUrl\":\"https:\/\/portalmf.com.br\/wp-content\/uploads\/2024\/02\/Missao-na-Espanha-Foto-Eudes-Benicio-GOVBA-3-696x522-1.jpeg\",\"width\":696,\"height\":522},{\"@type\":\"BreadcrumbList\",\"@id\":\"https:\/\/portalmf.com.br\/index.php\/2024\/02\/27\/em-encontro-com-liderancas-empresariais-na-espanha-jeronimo-defende-uso-da-tecnologia-para-o-desenvolvimento-social\/#breadcrumb\",\"itemListElement\":[{\"@type\":\"ListItem\",\"position\":1,\"name\":\"In\u00edcio\",\"item\":\"https:\/\/portalmf.com.br\/\"},{\"@type\":\"ListItem\",\"position\":2,\"name\":\"Em encontro com lideran\u00e7as empresariais na Espanha, Jer\u00f4nimo defende uso da tecnologia para o desenvolvimento social\"}]},{\"@type\":\"WebSite\",\"@id\":\"https:\/\/portalmf.com.br\/#website\",\"url\":\"https:\/\/portalmf.com.br\/\",\"name\":\"Portal MF\",\"description\":\"Voc\u00ea conectado com a informa\u00e7\u00e3o\",\"potentialAction\":[{\"@type\":\"SearchAction\",\"target\":{\"@type\":\"EntryPoint\",\"urlTemplate\":\"https:\/\/portalmf.com.br\/?s={search_term_string}\"},\"query-input\":\"required name=search_term_string\"}],\"inLanguage\":\"pt-BR\"},{\"@type\":\"Person\",\"@id\":\"https:\/\/portalmf.com.br\/#\/schema\/person\/9ec101baf56233e53520c26de5d6f6f0\",\"name\":\"Reda\u00e7\u00e3o Portal MF\",\"image\":{\"@type\":\"ImageObject\",\"inLanguage\":\"pt-BR\",\"@id\":\"https:\/\/portalmf.com.br\/#\/schema\/person\/image\/\",\"url\":\"https:\/\/secure.gravatar.com\/avatar\/41b9aaeb2100835f7c64362330f74c7f?s=96&d=mm&r=g\",\"contentUrl\":\"https:\/\/secure.gravatar.com\/avatar\/41b9aaeb2100835f7c64362330f74c7f?s=96&d=mm&r=g\",\"caption\":\"Reda\u00e7\u00e3o Portal MF\"},\"description\":\"Sejam bem-vindos o portal de informa\u00e7\u00f5es de entretenimento de Feira de Santana, desde 2006 realiza coberturas dos principais eventos com entrevistas exclusivas com as principais personalidades mundiais. Fique conectado tamb\u00e9m nas redes sociais.\",\"sameAs\":[\"http:\/\/www.portalmf.com.br\/\",\"https:\/\/www.facebook.com\/portalmfoficial\",\"https:\/\/www.instagram.com\/portalmf\/\",\"https:\/\/x.com\/https:\/\/x.com\/portalmfoficial\",\"https:\/\/www.youtube.com\/@portalmfoficial\"],\"url\":\"https:\/\/portalmf.com.br\/index.php\/author\/junior\/\"}]}<\/script>\n<!-- \/ Yoast SEO plugin. -->","yoast_head_json":{"title":"Em encontro com lideran\u00e7as empresariais na Espanha, Jer\u00f4nimo defende uso da tecnologia para o desenvolvimento social - Portal MF","robots":{"index":"index","follow":"follow","max-snippet":"max-snippet:-1","max-image-preview":"max-image-preview:large","max-video-preview":"max-video-preview:-1"},"canonical":"https:\/\/portalmf.com.br\/index.php\/2024\/02\/27\/em-encontro-com-liderancas-empresariais-na-espanha-jeronimo-defende-uso-da-tecnologia-para-o-desenvolvimento-social\/","og_locale":"pt_BR","og_type":"article","og_title":"Em encontro com lideran\u00e7as empresariais na Espanha, Jer\u00f4nimo defende uso da tecnologia para o desenvolvimento social - Portal MF","og_description":"O governador Jer\u00f4nimo Rodrigues se reuniu, na manh\u00e3 desta ter\u00e7a-feira (27), com as principais lideran\u00e7as pol\u00edticas e empresariais da delega\u00e7\u00e3o brasileira que participa do Mobile World Congress (MWC), em Barcelona, na Espanha. Diante de dezenas de empres\u00e1rios e representantes de organiza\u00e7\u00f5es, o chefe do executivo baiano destacou a import\u00e2ncia do uso da tecnologia como ferramenta [&hellip;]","og_url":"https:\/\/portalmf.com.br\/index.php\/2024\/02\/27\/em-encontro-com-liderancas-empresariais-na-espanha-jeronimo-defende-uso-da-tecnologia-para-o-desenvolvimento-social\/","og_site_name":"Portal MF","article_author":"https:\/\/www.facebook.com\/portalmfoficial","article_published_time":"2024-02-27T21:45:37+00:00","article_modified_time":"2024-02-27T21:45:38+00:00","og_image":[{"width":696,"height":522,"url":"https:\/\/portalmf.com.br\/wp-content\/uploads\/2024\/02\/Missao-na-Espanha-Foto-Eudes-Benicio-GOVBA-3-696x522-1.jpeg","type":"image\/jpeg"}],"author":"Reda\u00e7\u00e3o Portal MF","twitter_card":"summary_large_image","twitter_creator":"@https:\/\/x.com\/portalmfoficial","twitter_misc":{"Escrito por":"Reda\u00e7\u00e3o Portal MF","Est. tempo de leitura":"3 minutos"},"schema":{"@context":"https:\/\/schema.org","@graph":[{"@type":"WebPage","@id":"https:\/\/portalmf.com.br\/index.php\/2024\/02\/27\/em-encontro-com-liderancas-empresariais-na-espanha-jeronimo-defende-uso-da-tecnologia-para-o-desenvolvimento-social\/","url":"https:\/\/portalmf.com.br\/index.php\/2024\/02\/27\/em-encontro-com-liderancas-empresariais-na-espanha-jeronimo-defende-uso-da-tecnologia-para-o-desenvolvimento-social\/","name":"Em encontro com lideran\u00e7as empresariais na Espanha, Jer\u00f4nimo defende uso da tecnologia para o desenvolvimento social - Portal MF","isPartOf":{"@id":"https:\/\/portalmf.com.br\/#website"},"primaryImageOfPage":{"@id":"https:\/\/portalmf.com.br\/index.php\/2024\/02\/27\/em-encontro-com-liderancas-empresariais-na-espanha-jeronimo-defende-uso-da-tecnologia-para-o-desenvolvimento-social\/#primaryimage"},"image":{"@id":"https:\/\/portalmf.com.br\/index.php\/2024\/02\/27\/em-encontro-com-liderancas-empresariais-na-espanha-jeronimo-defende-uso-da-tecnologia-para-o-desenvolvimento-social\/#primaryimage"},"thumbnailUrl":"https:\/\/portalmf.com.br\/wp-content\/uploads\/2024\/02\/Missao-na-Espanha-Foto-Eudes-Benicio-GOVBA-3-696x522-1.jpeg","datePublished":"2024-02-27T21:45:37+00:00","dateModified":"2024-02-27T21:45:38+00:00","author":{"@id":"https:\/\/portalmf.com.br\/#\/schema\/person\/9ec101baf56233e53520c26de5d6f6f0"},"breadcrumb":{"@id":"https:\/\/portalmf.com.br\/index.php\/2024\/02\/27\/em-encontro-com-liderancas-empresariais-na-espanha-jeronimo-defende-uso-da-tecnologia-para-o-desenvolvimento-social\/#breadcrumb"},"inLanguage":"pt-BR","potentialAction":[{"@type":"ReadAction","target":["https:\/\/portalmf.com.br\/index.php\/2024\/02\/27\/em-encontro-com-liderancas-empresariais-na-espanha-jeronimo-defende-uso-da-tecnologia-para-o-desenvolvimento-social\/"]}]},{"@type":"ImageObject","inLanguage":"pt-BR","@id":"https:\/\/portalmf.com.br\/index.php\/2024\/02\/27\/em-encontro-com-liderancas-empresariais-na-espanha-jeronimo-defende-uso-da-tecnologia-para-o-desenvolvimento-social\/#primaryimage","url":"https:\/\/portalmf.com.br\/wp-content\/uploads\/2024\/02\/Missao-na-Espanha-Foto-Eudes-Benicio-GOVBA-3-696x522-1.jpeg","contentUrl":"https:\/\/portalmf.com.br\/wp-content\/uploads\/2024\/02\/Missao-na-Espanha-Foto-Eudes-Benicio-GOVBA-3-696x522-1.jpeg","width":696,"height":522},{"@type":"BreadcrumbList","@id":"https:\/\/portalmf.com.br\/index.php\/2024\/02\/27\/em-encontro-com-liderancas-empresariais-na-espanha-jeronimo-defende-uso-da-tecnologia-para-o-desenvolvimento-social\/#breadcrumb","itemListElement":[{"@type":"ListItem","position":1,"name":"In\u00edcio","item":"https:\/\/portalmf.com.br\/"},{"@type":"ListItem","position":2,"name":"Em encontro com lideran\u00e7as empresariais na Espanha, Jer\u00f4nimo defende uso da tecnologia para o desenvolvimento social"}]},{"@type":"WebSite","@id":"https:\/\/portalmf.com.br\/#website","url":"https:\/\/portalmf.com.br\/","name":"Portal MF","description":"Voc\u00ea conectado com a informa\u00e7\u00e3o","potentialAction":[{"@type":"SearchAction","target":{"@type":"EntryPoint","urlTemplate":"https:\/\/portalmf.com.br\/?s={search_term_string}"},"query-input":"required name=search_term_string"}],"inLanguage":"pt-BR"},{"@type":"Person","@id":"https:\/\/portalmf.com.br\/#\/schema\/person\/9ec101baf56233e53520c26de5d6f6f0","name":"Reda\u00e7\u00e3o Portal MF","image":{"@type":"ImageObject","inLanguage":"pt-BR","@id":"https:\/\/portalmf.com.br\/#\/schema\/person\/image\/","url":"https:\/\/secure.gravatar.com\/avatar\/41b9aaeb2100835f7c64362330f74c7f?s=96&d=mm&r=g","contentUrl":"https:\/\/secure.gravatar.com\/avatar\/41b9aaeb2100835f7c64362330f74c7f?s=96&d=mm&r=g","caption":"Reda\u00e7\u00e3o Portal MF"},"description":"Sejam bem-vindos o portal de informa\u00e7\u00f5es de entretenimento de Feira de Santana, desde 2006 realiza coberturas dos principais eventos com entrevistas exclusivas com as principais personalidades mundiais. Fique conectado tamb\u00e9m nas redes sociais.","sameAs":["http:\/\/www.portalmf.com.br\/","https:\/\/www.facebook.com\/portalmfoficial","https:\/\/www.instagram.com\/portalmf\/","https:\/\/x.com\/https:\/\/x.com\/portalmfoficial","https:\/\/www.youtube.com\/@portalmfoficial"],"url":"https:\/\/portalmf.com.br\/index.php\/author\/junior\/"}]}},"_links":{"self":[{"href":"https:\/\/portalmf.com.br\/index.php\/wp-json\/wp\/v2\/posts\/24221"}],"collection":[{"href":"https:\/\/portalmf.com.br\/index.php\/wp-json\/wp\/v2\/posts"}],"about":[{"href":"https:\/\/portalmf.com.br\/index.php\/wp-json\/wp\/v2\/types\/post"}],"author":[{"embeddable":true,"href":"https:\/\/portalmf.com.br\/index.php\/wp-json\/wp\/v2\/users\/3"}],"replies":[{"embeddable":true,"href":"https:\/\/portalmf.com.br\/index.php\/wp-json\/wp\/v2\/comments?post=24221"}],"version-history":[{"count":1,"href":"https:\/\/portalmf.com.br\/index.php\/wp-json\/wp\/v2\/posts\/24221\/revisions"}],"predecessor-version":[{"id":24223,"href":"https:\/\/portalmf.com.br\/index.php\/wp-json\/wp\/v2\/posts\/24221\/revisions\/24223"}],"wp:featuredmedia":[{"embeddable":true,"href":"https:\/\/portalmf.com.br\/index.php\/wp-json\/wp\/v2\/media\/24222"}],"wp:attachment":[{"href":"https:\/\/portalmf.com.br\/index.php\/wp-json\/wp\/v2\/media?parent=24221"}],"wp:term":[{"taxonomy":"category","embeddable":true,"href":"https:\/\/portalmf.com.br\/index.php\/wp-json\/wp\/v2\/categories?post=24221"},{"taxonomy":"post_tag","embeddable":true,"href":"https:\/\/portalmf.com.br\/index.php\/wp-json\/wp\/v2\/tags?post=24221"}],"curies":[{"name":"wp","href":"https:\/\/api.w.org\/{rel}","templated":true}]}}