{"id":24216,"date":"2024-02-27T18:42:18","date_gmt":"2024-02-27T21:42:18","guid":{"rendered":"https:\/\/portalmf.com.br\/?p=24216"},"modified":"2024-02-27T18:42:18","modified_gmt":"2024-02-27T21:42:18","slug":"governo-da-bahia-entrega-frota-de-21-novos-veiculos-para-a-policia-tecnica-da-capital-e-interior","status":"publish","type":"post","link":"https:\/\/portalmf.com.br\/index.php\/2024\/02\/27\/governo-da-bahia-entrega-frota-de-21-novos-veiculos-para-a-policia-tecnica-da-capital-e-interior\/","title":{"rendered":"Governo da Bahia entrega frota de 21 novos ve\u00edculos para a Pol\u00edcia T\u00e9cnica da capital e interior"},"content":{"rendered":"\n<p>O Departamento de Pol\u00edcia T\u00e9cnica da Bahia (DPT-BA) recebeu, na manh\u00e3 desta ter\u00e7a-feira (27), 21 viaturas que ser\u00e3o utilizadas na remo\u00e7\u00e3o de v\u00edtimas de morte violenta, conhecidas como rabec\u00e3o. A entrega foi realizada pelo governador em exerc\u00edcio Geraldo J\u00fanior e outras autoridades, na sede do \u00f3rg\u00e3o, em Salvador.<\/p>\n\n\n\n<p>Ao todo, o DPT-BA ganhar\u00e1 40 novos ve\u00edculos, por meio de um contrato de loca\u00e7\u00e3o de 30 meses. A primeira entrega totaliza um investimento superior a R$ 5,5 milh\u00f5es, de um total de mais de R$ 10,4 milh\u00f5es. A nova frota vai fortalecer e dar mais agilidade ao atendimento de cidades do interior e da capital.<\/p>\n\n\n\n<p><em>\u201cS\u00e3o sete macrorregi\u00f5es atendidas hoje. \u00c9 a continuidade dos investimentos na seguran\u00e7a p\u00fablica do estado da Bahia. N\u00f3s mostramos aqui a redu\u00e7\u00e3o dos \u00edndices de criminalidade. Essa era uma das grandes demandas em Salvador e no interior do estado. Com a entrega desses equipamentos, n\u00f3s vamos contribuir com o trabalho dos profissionais da seguran\u00e7a p\u00fablica\u201d, <\/em>afirmou Geraldo J\u00fanior.<\/p>\n\n\n\n<figure class=\"wp-block-image size-full\"><img fetchpriority=\"high\" decoding=\"async\" width=\"900\" height=\"600\" src=\"https:\/\/portalmf.com.br\/wp-content\/uploads\/2024\/02\/image-40.png\" alt=\"\" class=\"wp-image-24217\" srcset=\"https:\/\/portalmf.com.br\/wp-content\/uploads\/2024\/02\/image-40.png 900w, https:\/\/portalmf.com.br\/wp-content\/uploads\/2024\/02\/image-40-300x200.png 300w, https:\/\/portalmf.com.br\/wp-content\/uploads\/2024\/02\/image-40-768x512.png 768w, https:\/\/portalmf.com.br\/wp-content\/uploads\/2024\/02\/image-40-696x464.png 696w\" sizes=\"(max-width: 900px) 100vw, 900px\" \/><figcaption class=\"wp-element-caption\"><strong><em>Foto: Jo\u00e1 Souza\/GOVBA<\/em><\/strong><\/figcaption><\/figure>\n\n\n\n<p>Os ve\u00edculos ser\u00e3o encaminhadas para os munic\u00edpios de Alagoinhas, Barra, Bom Jesus da Lapa, Brumado, Cama\u00e7ari, Euclides da Cunha, Eun\u00e1polis, Feira de Santana, Guanambi, Ilh\u00e9us, Jacobina, Jequi\u00e9, Juazeiro, Lu\u00eds Eduardo Magalh\u00e3es, Porto Seguro, Salvador, Santa Maria da Vit\u00f3ria, Santo Ant\u00f4nio de Jesus, Seabra, Senhor do Bonfim, Vit\u00f3ria da Conquista.<\/p>\n\n\n\n<p>O secret\u00e1rio da Seguran\u00e7a P\u00fablica, Marcelo Werner, explicou que as novas viaturas est\u00e3o sendo destinadas, principalmente, para o interior.<em> \u201cAs pr\u00f3ximas 20 unidades tamb\u00e9m atender\u00e3o ao interior, mas ser\u00e3o mais voltadas para a Regi\u00e3o Metropolitana. Nosso objetivo \u00e9 fortalecer cada vez mais a per\u00edcia e, em especial, melhorar o atendimento ao cidad\u00e3o na capital e no interior\u201d<\/em>, declarou.<\/p>\n\n\n\n<p>As novas viaturas s\u00e3o do tipo caminhonete, cabine simples, tra\u00e7\u00e3o 4\u00d74, dire\u00e7\u00e3o hidr\u00e1ulica, ar-condicionado, com compartimento de ba\u00fa em alum\u00ednio. O contrato de loca\u00e7\u00e3o prev\u00ea manuten\u00e7\u00e3o preventiva e corretiva, com reposi\u00e7\u00e3o de pe\u00e7as. A conclus\u00e3o da entrega dever\u00e1 promover uma renova\u00e7\u00e3o total da frota nos 32 munic\u00edpios em que h\u00e1 unidades regionais da Pol\u00edcia T\u00e9cnica, bem como em Salvador.<\/p>\n\n\n\n<figure class=\"wp-block-image size-full\"><img decoding=\"async\" width=\"900\" height=\"600\" src=\"https:\/\/portalmf.com.br\/wp-content\/uploads\/2024\/02\/image-41.png\" alt=\"\" class=\"wp-image-24218\" srcset=\"https:\/\/portalmf.com.br\/wp-content\/uploads\/2024\/02\/image-41.png 900w, https:\/\/portalmf.com.br\/wp-content\/uploads\/2024\/02\/image-41-300x200.png 300w, https:\/\/portalmf.com.br\/wp-content\/uploads\/2024\/02\/image-41-768x512.png 768w, https:\/\/portalmf.com.br\/wp-content\/uploads\/2024\/02\/image-41-696x464.png 696w\" sizes=\"(max-width: 900px) 100vw, 900px\" \/><figcaption class=\"wp-element-caption\"><em><strong>Foto: Jo\u00e1 Souza\/GOVBA<\/strong><\/em><\/figcaption><\/figure>\n\n\n\n<p>A diretora-geral do DPT-BA, Ana Cec\u00edlia Bandeira, destacou que a renova\u00e7\u00e3o da frota \u00e9 uma demanda antiga dos munic\u00edpios. \u201cQuando temos uma quantidade reduzida desse equipamento, n\u00f3s acabamos demorando de efetuar um atendimento da remo\u00e7\u00e3o, justamente no momento de muita dor das fam\u00edlias. Ent\u00e3o, a import\u00e2ncia dessa entrega hoje \u00e9 aprimorar, otimizar o nosso atendimento a todo o estado da Bahia e reduzir essa ansiedade, essa espera da popula\u00e7\u00e3o, dos familiares, que se encontram nestes momentos dif\u00edceis\u201d, afirmou.<\/p>\n\n\n\n<p>Com informa\u00e7\u00f5es da Secom<\/p>\n","protected":false},"excerpt":{"rendered":"<p>O Departamento de Pol\u00edcia T\u00e9cnica da Bahia (DPT-BA) recebeu, na manh\u00e3 desta ter\u00e7a-feira (27), 21 viaturas que ser\u00e3o utilizadas na remo\u00e7\u00e3o de v\u00edtimas de morte violenta, conhecidas como rabec\u00e3o. A entrega foi realizada pelo governador em exerc\u00edcio Geraldo J\u00fanior e outras autoridades, na sede do \u00f3rg\u00e3o, em Salvador. Ao todo, o DPT-BA ganhar\u00e1 40 novos [&hellip;]<\/p>\n","protected":false},"author":3,"featured_media":24219,"comment_status":"open","ping_status":"open","sticky":false,"template":"","format":"standard","meta":{"_monsterinsights_skip_tracking":false,"_monsterinsights_sitenote_active":false,"_monsterinsights_sitenote_note":"","_monsterinsights_sitenote_category":0,"footnotes":""},"categories":[34],"tags":[],"yoast_head":"<!-- This site is optimized with the Yoast SEO plugin v22.9 - https:\/\/yoast.com\/wordpress\/plugins\/seo\/ -->\n<title>Governo da Bahia entrega frota de 21 novos ve\u00edculos para a Pol\u00edcia T\u00e9cnica da capital e interior - Portal MF<\/title>\n<meta name=\"robots\" content=\"index, follow, max-snippet:-1, max-image-preview:large, max-video-preview:-1\" \/>\n<link rel=\"canonical\" href=\"https:\/\/portalmf.com.br\/index.php\/2024\/02\/27\/governo-da-bahia-entrega-frota-de-21-novos-veiculos-para-a-policia-tecnica-da-capital-e-interior\/\" \/>\n<meta property=\"og:locale\" content=\"pt_BR\" \/>\n<meta property=\"og:type\" content=\"article\" \/>\n<meta property=\"og:title\" content=\"Governo da Bahia entrega frota de 21 novos ve\u00edculos para a Pol\u00edcia T\u00e9cnica da capital e interior - Portal MF\" \/>\n<meta property=\"og:description\" content=\"O Departamento de Pol\u00edcia T\u00e9cnica da Bahia (DPT-BA) recebeu, na manh\u00e3 desta ter\u00e7a-feira (27), 21 viaturas que ser\u00e3o utilizadas na remo\u00e7\u00e3o de v\u00edtimas de morte violenta, conhecidas como rabec\u00e3o. A entrega foi realizada pelo governador em exerc\u00edcio Geraldo J\u00fanior e outras autoridades, na sede do \u00f3rg\u00e3o, em Salvador. Ao todo, o DPT-BA ganhar\u00e1 40 novos [&hellip;]\" \/>\n<meta property=\"og:url\" content=\"https:\/\/portalmf.com.br\/index.php\/2024\/02\/27\/governo-da-bahia-entrega-frota-de-21-novos-veiculos-para-a-policia-tecnica-da-capital-e-interior\/\" \/>\n<meta property=\"og:site_name\" content=\"Portal MF\" \/>\n<meta property=\"article:author\" content=\"https:\/\/www.facebook.com\/portalmfoficial\" \/>\n<meta property=\"article:published_time\" content=\"2024-02-27T21:42:18+00:00\" \/>\n<meta property=\"og:image\" content=\"https:\/\/portalmf.com.br\/wp-content\/uploads\/2024\/02\/Joa-SouzaGOVBA2-696x440-1.jpg\" \/>\n\t<meta property=\"og:image:width\" content=\"696\" \/>\n\t<meta property=\"og:image:height\" content=\"440\" \/>\n\t<meta property=\"og:image:type\" content=\"image\/jpeg\" \/>\n<meta name=\"author\" content=\"Reda\u00e7\u00e3o Portal MF\" \/>\n<meta name=\"twitter:card\" content=\"summary_large_image\" \/>\n<meta name=\"twitter:creator\" content=\"@https:\/\/x.com\/portalmfoficial\" \/>\n<meta name=\"twitter:label1\" content=\"Escrito por\" \/>\n\t<meta name=\"twitter:data1\" content=\"Reda\u00e7\u00e3o Portal MF\" \/>\n\t<meta name=\"twitter:label2\" content=\"Est. tempo de leitura\" \/>\n\t<meta name=\"twitter:data2\" content=\"3 minutos\" \/>\n<script type=\"application\/ld+json\" class=\"yoast-schema-graph\">{\"@context\":\"https:\/\/schema.org\",\"@graph\":[{\"@type\":\"WebPage\",\"@id\":\"https:\/\/portalmf.com.br\/index.php\/2024\/02\/27\/governo-da-bahia-entrega-frota-de-21-novos-veiculos-para-a-policia-tecnica-da-capital-e-interior\/\",\"url\":\"https:\/\/portalmf.com.br\/index.php\/2024\/02\/27\/governo-da-bahia-entrega-frota-de-21-novos-veiculos-para-a-policia-tecnica-da-capital-e-interior\/\",\"name\":\"Governo da Bahia entrega frota de 21 novos ve\u00edculos para a Pol\u00edcia T\u00e9cnica da capital e interior - Portal MF\",\"isPartOf\":{\"@id\":\"https:\/\/portalmf.com.br\/#website\"},\"primaryImageOfPage\":{\"@id\":\"https:\/\/portalmf.com.br\/index.php\/2024\/02\/27\/governo-da-bahia-entrega-frota-de-21-novos-veiculos-para-a-policia-tecnica-da-capital-e-interior\/#primaryimage\"},\"image\":{\"@id\":\"https:\/\/portalmf.com.br\/index.php\/2024\/02\/27\/governo-da-bahia-entrega-frota-de-21-novos-veiculos-para-a-policia-tecnica-da-capital-e-interior\/#primaryimage\"},\"thumbnailUrl\":\"https:\/\/portalmf.com.br\/wp-content\/uploads\/2024\/02\/Joa-SouzaGOVBA2-696x440-1.jpg\",\"datePublished\":\"2024-02-27T21:42:18+00:00\",\"dateModified\":\"2024-02-27T21:42:18+00:00\",\"author\":{\"@id\":\"https:\/\/portalmf.com.br\/#\/schema\/person\/9ec101baf56233e53520c26de5d6f6f0\"},\"breadcrumb\":{\"@id\":\"https:\/\/portalmf.com.br\/index.php\/2024\/02\/27\/governo-da-bahia-entrega-frota-de-21-novos-veiculos-para-a-policia-tecnica-da-capital-e-interior\/#breadcrumb\"},\"inLanguage\":\"pt-BR\",\"potentialAction\":[{\"@type\":\"ReadAction\",\"target\":[\"https:\/\/portalmf.com.br\/index.php\/2024\/02\/27\/governo-da-bahia-entrega-frota-de-21-novos-veiculos-para-a-policia-tecnica-da-capital-e-interior\/\"]}]},{\"@type\":\"ImageObject\",\"inLanguage\":\"pt-BR\",\"@id\":\"https:\/\/portalmf.com.br\/index.php\/2024\/02\/27\/governo-da-bahia-entrega-frota-de-21-novos-veiculos-para-a-policia-tecnica-da-capital-e-interior\/#primaryimage\",\"url\":\"https:\/\/portalmf.com.br\/wp-content\/uploads\/2024\/02\/Joa-SouzaGOVBA2-696x440-1.jpg\",\"contentUrl\":\"https:\/\/portalmf.com.br\/wp-content\/uploads\/2024\/02\/Joa-SouzaGOVBA2-696x440-1.jpg\",\"width\":696,\"height\":440},{\"@type\":\"BreadcrumbList\",\"@id\":\"https:\/\/portalmf.com.br\/index.php\/2024\/02\/27\/governo-da-bahia-entrega-frota-de-21-novos-veiculos-para-a-policia-tecnica-da-capital-e-interior\/#breadcrumb\",\"itemListElement\":[{\"@type\":\"ListItem\",\"position\":1,\"name\":\"In\u00edcio\",\"item\":\"https:\/\/portalmf.com.br\/\"},{\"@type\":\"ListItem\",\"position\":2,\"name\":\"Governo da Bahia entrega frota de 21 novos ve\u00edculos para a Pol\u00edcia T\u00e9cnica da capital e interior\"}]},{\"@type\":\"WebSite\",\"@id\":\"https:\/\/portalmf.com.br\/#website\",\"url\":\"https:\/\/portalmf.com.br\/\",\"name\":\"Portal MF\",\"description\":\"Voc\u00ea conectado com a informa\u00e7\u00e3o\",\"potentialAction\":[{\"@type\":\"SearchAction\",\"target\":{\"@type\":\"EntryPoint\",\"urlTemplate\":\"https:\/\/portalmf.com.br\/?s={search_term_string}\"},\"query-input\":\"required name=search_term_string\"}],\"inLanguage\":\"pt-BR\"},{\"@type\":\"Person\",\"@id\":\"https:\/\/portalmf.com.br\/#\/schema\/person\/9ec101baf56233e53520c26de5d6f6f0\",\"name\":\"Reda\u00e7\u00e3o Portal MF\",\"image\":{\"@type\":\"ImageObject\",\"inLanguage\":\"pt-BR\",\"@id\":\"https:\/\/portalmf.com.br\/#\/schema\/person\/image\/\",\"url\":\"https:\/\/secure.gravatar.com\/avatar\/41b9aaeb2100835f7c64362330f74c7f?s=96&d=mm&r=g\",\"contentUrl\":\"https:\/\/secure.gravatar.com\/avatar\/41b9aaeb2100835f7c64362330f74c7f?s=96&d=mm&r=g\",\"caption\":\"Reda\u00e7\u00e3o Portal MF\"},\"description\":\"Sejam bem-vindos o portal de informa\u00e7\u00f5es de entretenimento de Feira de Santana, desde 2006 realiza coberturas dos principais eventos com entrevistas exclusivas com as principais personalidades mundiais. Fique conectado tamb\u00e9m nas redes sociais.\",\"sameAs\":[\"http:\/\/www.portalmf.com.br\/\",\"https:\/\/www.facebook.com\/portalmfoficial\",\"https:\/\/www.instagram.com\/portalmf\/\",\"https:\/\/x.com\/https:\/\/x.com\/portalmfoficial\",\"https:\/\/www.youtube.com\/@portalmfoficial\"],\"url\":\"https:\/\/portalmf.com.br\/index.php\/author\/junior\/\"}]}<\/script>\n<!-- \/ Yoast SEO plugin. -->","yoast_head_json":{"title":"Governo da Bahia entrega frota de 21 novos ve\u00edculos para a Pol\u00edcia T\u00e9cnica da capital e interior - Portal MF","robots":{"index":"index","follow":"follow","max-snippet":"max-snippet:-1","max-image-preview":"max-image-preview:large","max-video-preview":"max-video-preview:-1"},"canonical":"https:\/\/portalmf.com.br\/index.php\/2024\/02\/27\/governo-da-bahia-entrega-frota-de-21-novos-veiculos-para-a-policia-tecnica-da-capital-e-interior\/","og_locale":"pt_BR","og_type":"article","og_title":"Governo da Bahia entrega frota de 21 novos ve\u00edculos para a Pol\u00edcia T\u00e9cnica da capital e interior - Portal MF","og_description":"O Departamento de Pol\u00edcia T\u00e9cnica da Bahia (DPT-BA) recebeu, na manh\u00e3 desta ter\u00e7a-feira (27), 21 viaturas que ser\u00e3o utilizadas na remo\u00e7\u00e3o de v\u00edtimas de morte violenta, conhecidas como rabec\u00e3o. A entrega foi realizada pelo governador em exerc\u00edcio Geraldo J\u00fanior e outras autoridades, na sede do \u00f3rg\u00e3o, em Salvador. Ao todo, o DPT-BA ganhar\u00e1 40 novos [&hellip;]","og_url":"https:\/\/portalmf.com.br\/index.php\/2024\/02\/27\/governo-da-bahia-entrega-frota-de-21-novos-veiculos-para-a-policia-tecnica-da-capital-e-interior\/","og_site_name":"Portal MF","article_author":"https:\/\/www.facebook.com\/portalmfoficial","article_published_time":"2024-02-27T21:42:18+00:00","og_image":[{"width":696,"height":440,"url":"https:\/\/portalmf.com.br\/wp-content\/uploads\/2024\/02\/Joa-SouzaGOVBA2-696x440-1.jpg","type":"image\/jpeg"}],"author":"Reda\u00e7\u00e3o Portal MF","twitter_card":"summary_large_image","twitter_creator":"@https:\/\/x.com\/portalmfoficial","twitter_misc":{"Escrito por":"Reda\u00e7\u00e3o Portal MF","Est. tempo de leitura":"3 minutos"},"schema":{"@context":"https:\/\/schema.org","@graph":[{"@type":"WebPage","@id":"https:\/\/portalmf.com.br\/index.php\/2024\/02\/27\/governo-da-bahia-entrega-frota-de-21-novos-veiculos-para-a-policia-tecnica-da-capital-e-interior\/","url":"https:\/\/portalmf.com.br\/index.php\/2024\/02\/27\/governo-da-bahia-entrega-frota-de-21-novos-veiculos-para-a-policia-tecnica-da-capital-e-interior\/","name":"Governo da Bahia entrega frota de 21 novos ve\u00edculos para a Pol\u00edcia T\u00e9cnica da capital e interior - Portal MF","isPartOf":{"@id":"https:\/\/portalmf.com.br\/#website"},"primaryImageOfPage":{"@id":"https:\/\/portalmf.com.br\/index.php\/2024\/02\/27\/governo-da-bahia-entrega-frota-de-21-novos-veiculos-para-a-policia-tecnica-da-capital-e-interior\/#primaryimage"},"image":{"@id":"https:\/\/portalmf.com.br\/index.php\/2024\/02\/27\/governo-da-bahia-entrega-frota-de-21-novos-veiculos-para-a-policia-tecnica-da-capital-e-interior\/#primaryimage"},"thumbnailUrl":"https:\/\/portalmf.com.br\/wp-content\/uploads\/2024\/02\/Joa-SouzaGOVBA2-696x440-1.jpg","datePublished":"2024-02-27T21:42:18+00:00","dateModified":"2024-02-27T21:42:18+00:00","author":{"@id":"https:\/\/portalmf.com.br\/#\/schema\/person\/9ec101baf56233e53520c26de5d6f6f0"},"breadcrumb":{"@id":"https:\/\/portalmf.com.br\/index.php\/2024\/02\/27\/governo-da-bahia-entrega-frota-de-21-novos-veiculos-para-a-policia-tecnica-da-capital-e-interior\/#breadcrumb"},"inLanguage":"pt-BR","potentialAction":[{"@type":"ReadAction","target":["https:\/\/portalmf.com.br\/index.php\/2024\/02\/27\/governo-da-bahia-entrega-frota-de-21-novos-veiculos-para-a-policia-tecnica-da-capital-e-interior\/"]}]},{"@type":"ImageObject","inLanguage":"pt-BR","@id":"https:\/\/portalmf.com.br\/index.php\/2024\/02\/27\/governo-da-bahia-entrega-frota-de-21-novos-veiculos-para-a-policia-tecnica-da-capital-e-interior\/#primaryimage","url":"https:\/\/portalmf.com.br\/wp-content\/uploads\/2024\/02\/Joa-SouzaGOVBA2-696x440-1.jpg","contentUrl":"https:\/\/portalmf.com.br\/wp-content\/uploads\/2024\/02\/Joa-SouzaGOVBA2-696x440-1.jpg","width":696,"height":440},{"@type":"BreadcrumbList","@id":"https:\/\/portalmf.com.br\/index.php\/2024\/02\/27\/governo-da-bahia-entrega-frota-de-21-novos-veiculos-para-a-policia-tecnica-da-capital-e-interior\/#breadcrumb","itemListElement":[{"@type":"ListItem","position":1,"name":"In\u00edcio","item":"https:\/\/portalmf.com.br\/"},{"@type":"ListItem","position":2,"name":"Governo da Bahia entrega frota de 21 novos ve\u00edculos para a Pol\u00edcia T\u00e9cnica da capital e interior"}]},{"@type":"WebSite","@id":"https:\/\/portalmf.com.br\/#website","url":"https:\/\/portalmf.com.br\/","name":"Portal MF","description":"Voc\u00ea conectado com a informa\u00e7\u00e3o","potentialAction":[{"@type":"SearchAction","target":{"@type":"EntryPoint","urlTemplate":"https:\/\/portalmf.com.br\/?s={search_term_string}"},"query-input":"required name=search_term_string"}],"inLanguage":"pt-BR"},{"@type":"Person","@id":"https:\/\/portalmf.com.br\/#\/schema\/person\/9ec101baf56233e53520c26de5d6f6f0","name":"Reda\u00e7\u00e3o Portal MF","image":{"@type":"ImageObject","inLanguage":"pt-BR","@id":"https:\/\/portalmf.com.br\/#\/schema\/person\/image\/","url":"https:\/\/secure.gravatar.com\/avatar\/41b9aaeb2100835f7c64362330f74c7f?s=96&d=mm&r=g","contentUrl":"https:\/\/secure.gravatar.com\/avatar\/41b9aaeb2100835f7c64362330f74c7f?s=96&d=mm&r=g","caption":"Reda\u00e7\u00e3o Portal MF"},"description":"Sejam bem-vindos o portal de informa\u00e7\u00f5es de entretenimento de Feira de Santana, desde 2006 realiza coberturas dos principais eventos com entrevistas exclusivas com as principais personalidades mundiais. Fique conectado tamb\u00e9m nas redes sociais.","sameAs":["http:\/\/www.portalmf.com.br\/","https:\/\/www.facebook.com\/portalmfoficial","https:\/\/www.instagram.com\/portalmf\/","https:\/\/x.com\/https:\/\/x.com\/portalmfoficial","https:\/\/www.youtube.com\/@portalmfoficial"],"url":"https:\/\/portalmf.com.br\/index.php\/author\/junior\/"}]}},"_links":{"self":[{"href":"https:\/\/portalmf.com.br\/index.php\/wp-json\/wp\/v2\/posts\/24216"}],"collection":[{"href":"https:\/\/portalmf.com.br\/index.php\/wp-json\/wp\/v2\/posts"}],"about":[{"href":"https:\/\/portalmf.com.br\/index.php\/wp-json\/wp\/v2\/types\/post"}],"author":[{"embeddable":true,"href":"https:\/\/portalmf.com.br\/index.php\/wp-json\/wp\/v2\/users\/3"}],"replies":[{"embeddable":true,"href":"https:\/\/portalmf.com.br\/index.php\/wp-json\/wp\/v2\/comments?post=24216"}],"version-history":[{"count":1,"href":"https:\/\/portalmf.com.br\/index.php\/wp-json\/wp\/v2\/posts\/24216\/revisions"}],"predecessor-version":[{"id":24220,"href":"https:\/\/portalmf.com.br\/index.php\/wp-json\/wp\/v2\/posts\/24216\/revisions\/24220"}],"wp:featuredmedia":[{"embeddable":true,"href":"https:\/\/portalmf.com.br\/index.php\/wp-json\/wp\/v2\/media\/24219"}],"wp:attachment":[{"href":"https:\/\/portalmf.com.br\/index.php\/wp-json\/wp\/v2\/media?parent=24216"}],"wp:term":[{"taxonomy":"category","embeddable":true,"href":"https:\/\/portalmf.com.br\/index.php\/wp-json\/wp\/v2\/categories?post=24216"},{"taxonomy":"post_tag","embeddable":true,"href":"https:\/\/portalmf.com.br\/index.php\/wp-json\/wp\/v2\/tags?post=24216"}],"curies":[{"name":"wp","href":"https:\/\/api.w.org\/{rel}","templated":true}]}}