{"id":24211,"date":"2024-02-27T18:39:16","date_gmt":"2024-02-27T21:39:16","guid":{"rendered":"https:\/\/portalmf.com.br\/?p=24211"},"modified":"2024-02-27T18:39:51","modified_gmt":"2024-02-27T21:39:51","slug":"governo-da-bahia-recorre-ao-uso-de-drones-no-combate-a-dengue","status":"publish","type":"post","link":"https:\/\/portalmf.com.br\/index.php\/2024\/02\/27\/governo-da-bahia-recorre-ao-uso-de-drones-no-combate-a-dengue\/","title":{"rendered":"Governo da Bahia recorre ao uso de drones no combate \u00e0 dengue"},"content":{"rendered":"\n<p>O combate \u00e0 dengue na Bahia ganhou mais uma aliada: a tecnologia. O Governo do Estado deu in\u00edcio ao uso de drones como nova estrat\u00e9gia para identificar, em \u00e1reas de dif\u00edcil acesso, focos do mosquito Aedes aegypti, vetor de transmiss\u00e3o da dengue, zika e chikungunya.<\/p>\n\n\n\n<p>Nesta primeira semana da opera\u00e7\u00e3o promovida pelo Governo do Estado, atrav\u00e9s da Secretaria da Sa\u00fade da Bahia (Sesab), do Corpo de Bombeiros e dos munic\u00edpios, um drone sobrevoou bairros das cidades de Pirip\u00e1 e Jacaraci, no sudoeste baiano. As imagens capturadas pelos equipamentos s\u00e3o analisadas pelos agentes de endemias que conseguem identificar locais com ac\u00famulo de \u00e1gua parada e poss\u00edveis criadouros do mosquito, facilitando a a\u00e7\u00e3o das equipes e tornando o combate mais eficaz.<\/p>\n\n\n\n<p>Nos pr\u00f3ximos dias, Ibiassuc\u00ea, Mortugaba e Barra do Cho\u00e7a tamb\u00e9m receber\u00e3o a opera\u00e7\u00e3o com drone, refor\u00e7ando as medidas de controle e preven\u00e7\u00e3o da doen\u00e7a. Para a secret\u00e1ria da Sa\u00fade do Estado, Roberta Santana, o momento \u00e9 de unir esfor\u00e7os para combater o aumento do n\u00famero de casos nos munic\u00edpios baianos.<\/p>\n\n\n\n<p><em>\u201cO Governo do Estado n\u00e3o tem poupado investimento para o combate \u00e0 dengue. Agora, contamos com mais esse refor\u00e7o dos drones, que s\u00e3o equipamentos que conseguem mostrar uma vis\u00e3o panor\u00e2mica e ajudam os agentes de endemias a mapearem poss\u00edveis focos em locais de dif\u00edcil acesso. Estamos realizando uma verdadeira for\u00e7a-tarefa para proteger a sa\u00fade p\u00fablica atrav\u00e9s da a\u00e7\u00e3o conjunta entre diferentes entes p\u00fablicos e a comunidade para enfrentar situa\u00e7\u00f5es de alerta\u201d,<\/em> afirmou.<\/p>\n\n\n\n<p><strong>For\u00e7a-tarefa<\/strong><\/p>\n\n\n\n<p>O combate ao Aedes aegypti tem sido intensificado em diversas regi\u00f5es do Estado, principalmente no sudoeste baiano. O Governo da Bahia montou uma opera\u00e7\u00e3o de combate ao mosquito e assist\u00eancia \u00e0 sa\u00fade em diversas regi\u00f5es, com a distribui\u00e7\u00e3o de larvicidas, equipamentos e carros fumac\u00eas para refor\u00e7ar os trabalhos dos munic\u00edpios.<\/p>\n\n\n\n<p>Dentre as a\u00e7\u00f5es realizadas, est\u00e3o a aquisi\u00e7\u00e3o de novos carros fumac\u00eas, distribui\u00e7\u00e3o de aproximadamente 12 mil kits para os agentes de combate \u00e0s endemias, intensifica\u00e7\u00e3o dos mutir\u00f5es de limpeza com o aux\u00edlio das for\u00e7as de seguran\u00e7a e emerg\u00eancia, al\u00e9m da utiliza\u00e7\u00e3o de agentes com bombas costais em diversas cidades. <em>\u201cMas refor\u00e7amos o chamado: a popula\u00e7\u00e3o precisa estar consciente do seu papel nessa luta. Mais de 80% dos focos do Aedes aegypti est\u00e3o em resid\u00eancias. Ent\u00e3o, \u00e9 hora de unir for\u00e7as para combater essa doen\u00e7a\u201d<\/em>, completa a secret\u00e1ria.<\/p>\n\n\n\n<p><strong>64 munic\u00edpios em epidemia<\/strong><\/p>\n\n\n\n<p>O n\u00famero de casos prov\u00e1veis de dengue na Bahia atingiu 16.771 em 2024, at\u00e9 o dia 24 de fevereiro. Este dado representa um incremento de quase 100% em rela\u00e7\u00e3o a 2023, quando, no mesmo per\u00edodo, foram notificados 8.408 casos prov\u00e1veis. A eleva\u00e7\u00e3o foi puxada principalmente por munic\u00edpios como Vit\u00f3ria da Conquista e Feira de Santana, ambos em situa\u00e7\u00e3o epid\u00eamica. No total 64 munic\u00edpios est\u00e3o em situa\u00e7\u00e3o de epidemia para dengue. At\u00e9 o momento, h\u00e1 quatro \u00f3bitos confirmado pela C\u00e2mara T\u00e9cnica Estadual de An\u00e1lise de \u00d3bito, sendo um em Ibiassuc\u00ea, dois em Jacaraci e um em Pirip\u00e1.<\/p>\n\n\n\n<p>Com informa\u00e7\u00f5es da Secom<\/p>\n","protected":false},"excerpt":{"rendered":"<p>O combate \u00e0 dengue na Bahia ganhou mais uma aliada: a tecnologia. O Governo do Estado deu in\u00edcio ao uso de drones como nova estrat\u00e9gia para identificar, em \u00e1reas de dif\u00edcil acesso, focos do mosquito Aedes aegypti, vetor de transmiss\u00e3o da dengue, zika e chikungunya. Nesta primeira semana da opera\u00e7\u00e3o promovida pelo Governo do Estado, [&hellip;]<\/p>\n","protected":false},"author":3,"featured_media":24212,"comment_status":"open","ping_status":"open","sticky":false,"template":"","format":"standard","meta":{"_monsterinsights_skip_tracking":false,"_monsterinsights_sitenote_active":false,"_monsterinsights_sitenote_note":"","_monsterinsights_sitenote_category":0,"footnotes":""},"categories":[34],"tags":[],"yoast_head":"<!-- This site is optimized with the Yoast SEO plugin v22.9 - https:\/\/yoast.com\/wordpress\/plugins\/seo\/ -->\n<title>Governo da Bahia recorre ao uso de drones no combate \u00e0 dengue - Portal MF<\/title>\n<meta name=\"robots\" content=\"index, follow, max-snippet:-1, max-image-preview:large, max-video-preview:-1\" \/>\n<link rel=\"canonical\" href=\"https:\/\/portalmf.com.br\/index.php\/2024\/02\/27\/governo-da-bahia-recorre-ao-uso-de-drones-no-combate-a-dengue\/\" \/>\n<meta property=\"og:locale\" content=\"pt_BR\" \/>\n<meta property=\"og:type\" content=\"article\" \/>\n<meta property=\"og:title\" content=\"Governo da Bahia recorre ao uso de drones no combate \u00e0 dengue - Portal MF\" \/>\n<meta property=\"og:description\" content=\"O combate \u00e0 dengue na Bahia ganhou mais uma aliada: a tecnologia. O Governo do Estado deu in\u00edcio ao uso de drones como nova estrat\u00e9gia para identificar, em \u00e1reas de dif\u00edcil acesso, focos do mosquito Aedes aegypti, vetor de transmiss\u00e3o da dengue, zika e chikungunya. Nesta primeira semana da opera\u00e7\u00e3o promovida pelo Governo do Estado, [&hellip;]\" \/>\n<meta property=\"og:url\" content=\"https:\/\/portalmf.com.br\/index.php\/2024\/02\/27\/governo-da-bahia-recorre-ao-uso-de-drones-no-combate-a-dengue\/\" \/>\n<meta property=\"og:site_name\" content=\"Portal MF\" \/>\n<meta property=\"article:author\" content=\"https:\/\/www.facebook.com\/portalmfoficial\" \/>\n<meta property=\"article:published_time\" content=\"2024-02-27T21:39:16+00:00\" \/>\n<meta property=\"article:modified_time\" content=\"2024-02-27T21:39:51+00:00\" \/>\n<meta property=\"og:image\" content=\"https:\/\/portalmf.com.br\/wp-content\/uploads\/2024\/02\/Divulgacao-Corpo-de-Bombeiros-1-1-696x392-1.jpeg\" \/>\n\t<meta property=\"og:image:width\" content=\"696\" \/>\n\t<meta property=\"og:image:height\" content=\"392\" \/>\n\t<meta property=\"og:image:type\" content=\"image\/jpeg\" \/>\n<meta name=\"author\" content=\"Reda\u00e7\u00e3o Portal MF\" \/>\n<meta name=\"twitter:card\" content=\"summary_large_image\" \/>\n<meta name=\"twitter:creator\" content=\"@https:\/\/x.com\/portalmfoficial\" \/>\n<meta name=\"twitter:label1\" content=\"Escrito por\" \/>\n\t<meta name=\"twitter:data1\" content=\"Reda\u00e7\u00e3o Portal MF\" \/>\n\t<meta name=\"twitter:label2\" content=\"Est. tempo de leitura\" \/>\n\t<meta name=\"twitter:data2\" content=\"3 minutos\" \/>\n<script type=\"application\/ld+json\" class=\"yoast-schema-graph\">{\"@context\":\"https:\/\/schema.org\",\"@graph\":[{\"@type\":\"WebPage\",\"@id\":\"https:\/\/portalmf.com.br\/index.php\/2024\/02\/27\/governo-da-bahia-recorre-ao-uso-de-drones-no-combate-a-dengue\/\",\"url\":\"https:\/\/portalmf.com.br\/index.php\/2024\/02\/27\/governo-da-bahia-recorre-ao-uso-de-drones-no-combate-a-dengue\/\",\"name\":\"Governo da Bahia recorre ao uso de drones no combate \u00e0 dengue - Portal MF\",\"isPartOf\":{\"@id\":\"https:\/\/portalmf.com.br\/#website\"},\"primaryImageOfPage\":{\"@id\":\"https:\/\/portalmf.com.br\/index.php\/2024\/02\/27\/governo-da-bahia-recorre-ao-uso-de-drones-no-combate-a-dengue\/#primaryimage\"},\"image\":{\"@id\":\"https:\/\/portalmf.com.br\/index.php\/2024\/02\/27\/governo-da-bahia-recorre-ao-uso-de-drones-no-combate-a-dengue\/#primaryimage\"},\"thumbnailUrl\":\"https:\/\/portalmf.com.br\/wp-content\/uploads\/2024\/02\/Divulgacao-Corpo-de-Bombeiros-1-1-696x392-1.jpeg\",\"datePublished\":\"2024-02-27T21:39:16+00:00\",\"dateModified\":\"2024-02-27T21:39:51+00:00\",\"author\":{\"@id\":\"https:\/\/portalmf.com.br\/#\/schema\/person\/9ec101baf56233e53520c26de5d6f6f0\"},\"breadcrumb\":{\"@id\":\"https:\/\/portalmf.com.br\/index.php\/2024\/02\/27\/governo-da-bahia-recorre-ao-uso-de-drones-no-combate-a-dengue\/#breadcrumb\"},\"inLanguage\":\"pt-BR\",\"potentialAction\":[{\"@type\":\"ReadAction\",\"target\":[\"https:\/\/portalmf.com.br\/index.php\/2024\/02\/27\/governo-da-bahia-recorre-ao-uso-de-drones-no-combate-a-dengue\/\"]}]},{\"@type\":\"ImageObject\",\"inLanguage\":\"pt-BR\",\"@id\":\"https:\/\/portalmf.com.br\/index.php\/2024\/02\/27\/governo-da-bahia-recorre-ao-uso-de-drones-no-combate-a-dengue\/#primaryimage\",\"url\":\"https:\/\/portalmf.com.br\/wp-content\/uploads\/2024\/02\/Divulgacao-Corpo-de-Bombeiros-1-1-696x392-1.jpeg\",\"contentUrl\":\"https:\/\/portalmf.com.br\/wp-content\/uploads\/2024\/02\/Divulgacao-Corpo-de-Bombeiros-1-1-696x392-1.jpeg\",\"width\":696,\"height\":392},{\"@type\":\"BreadcrumbList\",\"@id\":\"https:\/\/portalmf.com.br\/index.php\/2024\/02\/27\/governo-da-bahia-recorre-ao-uso-de-drones-no-combate-a-dengue\/#breadcrumb\",\"itemListElement\":[{\"@type\":\"ListItem\",\"position\":1,\"name\":\"In\u00edcio\",\"item\":\"https:\/\/portalmf.com.br\/\"},{\"@type\":\"ListItem\",\"position\":2,\"name\":\"Governo da Bahia recorre ao uso de drones no combate \u00e0 dengue\"}]},{\"@type\":\"WebSite\",\"@id\":\"https:\/\/portalmf.com.br\/#website\",\"url\":\"https:\/\/portalmf.com.br\/\",\"name\":\"Portal MF\",\"description\":\"Voc\u00ea conectado com a informa\u00e7\u00e3o\",\"potentialAction\":[{\"@type\":\"SearchAction\",\"target\":{\"@type\":\"EntryPoint\",\"urlTemplate\":\"https:\/\/portalmf.com.br\/?s={search_term_string}\"},\"query-input\":\"required name=search_term_string\"}],\"inLanguage\":\"pt-BR\"},{\"@type\":\"Person\",\"@id\":\"https:\/\/portalmf.com.br\/#\/schema\/person\/9ec101baf56233e53520c26de5d6f6f0\",\"name\":\"Reda\u00e7\u00e3o Portal MF\",\"image\":{\"@type\":\"ImageObject\",\"inLanguage\":\"pt-BR\",\"@id\":\"https:\/\/portalmf.com.br\/#\/schema\/person\/image\/\",\"url\":\"https:\/\/secure.gravatar.com\/avatar\/41b9aaeb2100835f7c64362330f74c7f?s=96&d=mm&r=g\",\"contentUrl\":\"https:\/\/secure.gravatar.com\/avatar\/41b9aaeb2100835f7c64362330f74c7f?s=96&d=mm&r=g\",\"caption\":\"Reda\u00e7\u00e3o Portal MF\"},\"description\":\"Sejam bem-vindos o portal de informa\u00e7\u00f5es de entretenimento de Feira de Santana, desde 2006 realiza coberturas dos principais eventos com entrevistas exclusivas com as principais personalidades mundiais. Fique conectado tamb\u00e9m nas redes sociais.\",\"sameAs\":[\"http:\/\/www.portalmf.com.br\/\",\"https:\/\/www.facebook.com\/portalmfoficial\",\"https:\/\/www.instagram.com\/portalmf\/\",\"https:\/\/x.com\/https:\/\/x.com\/portalmfoficial\",\"https:\/\/www.youtube.com\/@portalmfoficial\"],\"url\":\"https:\/\/portalmf.com.br\/index.php\/author\/junior\/\"}]}<\/script>\n<!-- \/ Yoast SEO plugin. -->","yoast_head_json":{"title":"Governo da Bahia recorre ao uso de drones no combate \u00e0 dengue - Portal MF","robots":{"index":"index","follow":"follow","max-snippet":"max-snippet:-1","max-image-preview":"max-image-preview:large","max-video-preview":"max-video-preview:-1"},"canonical":"https:\/\/portalmf.com.br\/index.php\/2024\/02\/27\/governo-da-bahia-recorre-ao-uso-de-drones-no-combate-a-dengue\/","og_locale":"pt_BR","og_type":"article","og_title":"Governo da Bahia recorre ao uso de drones no combate \u00e0 dengue - Portal MF","og_description":"O combate \u00e0 dengue na Bahia ganhou mais uma aliada: a tecnologia. O Governo do Estado deu in\u00edcio ao uso de drones como nova estrat\u00e9gia para identificar, em \u00e1reas de dif\u00edcil acesso, focos do mosquito Aedes aegypti, vetor de transmiss\u00e3o da dengue, zika e chikungunya. Nesta primeira semana da opera\u00e7\u00e3o promovida pelo Governo do Estado, [&hellip;]","og_url":"https:\/\/portalmf.com.br\/index.php\/2024\/02\/27\/governo-da-bahia-recorre-ao-uso-de-drones-no-combate-a-dengue\/","og_site_name":"Portal MF","article_author":"https:\/\/www.facebook.com\/portalmfoficial","article_published_time":"2024-02-27T21:39:16+00:00","article_modified_time":"2024-02-27T21:39:51+00:00","og_image":[{"width":696,"height":392,"url":"https:\/\/portalmf.com.br\/wp-content\/uploads\/2024\/02\/Divulgacao-Corpo-de-Bombeiros-1-1-696x392-1.jpeg","type":"image\/jpeg"}],"author":"Reda\u00e7\u00e3o Portal MF","twitter_card":"summary_large_image","twitter_creator":"@https:\/\/x.com\/portalmfoficial","twitter_misc":{"Escrito por":"Reda\u00e7\u00e3o Portal MF","Est. tempo de leitura":"3 minutos"},"schema":{"@context":"https:\/\/schema.org","@graph":[{"@type":"WebPage","@id":"https:\/\/portalmf.com.br\/index.php\/2024\/02\/27\/governo-da-bahia-recorre-ao-uso-de-drones-no-combate-a-dengue\/","url":"https:\/\/portalmf.com.br\/index.php\/2024\/02\/27\/governo-da-bahia-recorre-ao-uso-de-drones-no-combate-a-dengue\/","name":"Governo da Bahia recorre ao uso de drones no combate \u00e0 dengue - Portal MF","isPartOf":{"@id":"https:\/\/portalmf.com.br\/#website"},"primaryImageOfPage":{"@id":"https:\/\/portalmf.com.br\/index.php\/2024\/02\/27\/governo-da-bahia-recorre-ao-uso-de-drones-no-combate-a-dengue\/#primaryimage"},"image":{"@id":"https:\/\/portalmf.com.br\/index.php\/2024\/02\/27\/governo-da-bahia-recorre-ao-uso-de-drones-no-combate-a-dengue\/#primaryimage"},"thumbnailUrl":"https:\/\/portalmf.com.br\/wp-content\/uploads\/2024\/02\/Divulgacao-Corpo-de-Bombeiros-1-1-696x392-1.jpeg","datePublished":"2024-02-27T21:39:16+00:00","dateModified":"2024-02-27T21:39:51+00:00","author":{"@id":"https:\/\/portalmf.com.br\/#\/schema\/person\/9ec101baf56233e53520c26de5d6f6f0"},"breadcrumb":{"@id":"https:\/\/portalmf.com.br\/index.php\/2024\/02\/27\/governo-da-bahia-recorre-ao-uso-de-drones-no-combate-a-dengue\/#breadcrumb"},"inLanguage":"pt-BR","potentialAction":[{"@type":"ReadAction","target":["https:\/\/portalmf.com.br\/index.php\/2024\/02\/27\/governo-da-bahia-recorre-ao-uso-de-drones-no-combate-a-dengue\/"]}]},{"@type":"ImageObject","inLanguage":"pt-BR","@id":"https:\/\/portalmf.com.br\/index.php\/2024\/02\/27\/governo-da-bahia-recorre-ao-uso-de-drones-no-combate-a-dengue\/#primaryimage","url":"https:\/\/portalmf.com.br\/wp-content\/uploads\/2024\/02\/Divulgacao-Corpo-de-Bombeiros-1-1-696x392-1.jpeg","contentUrl":"https:\/\/portalmf.com.br\/wp-content\/uploads\/2024\/02\/Divulgacao-Corpo-de-Bombeiros-1-1-696x392-1.jpeg","width":696,"height":392},{"@type":"BreadcrumbList","@id":"https:\/\/portalmf.com.br\/index.php\/2024\/02\/27\/governo-da-bahia-recorre-ao-uso-de-drones-no-combate-a-dengue\/#breadcrumb","itemListElement":[{"@type":"ListItem","position":1,"name":"In\u00edcio","item":"https:\/\/portalmf.com.br\/"},{"@type":"ListItem","position":2,"name":"Governo da Bahia recorre ao uso de drones no combate \u00e0 dengue"}]},{"@type":"WebSite","@id":"https:\/\/portalmf.com.br\/#website","url":"https:\/\/portalmf.com.br\/","name":"Portal MF","description":"Voc\u00ea conectado com a informa\u00e7\u00e3o","potentialAction":[{"@type":"SearchAction","target":{"@type":"EntryPoint","urlTemplate":"https:\/\/portalmf.com.br\/?s={search_term_string}"},"query-input":"required name=search_term_string"}],"inLanguage":"pt-BR"},{"@type":"Person","@id":"https:\/\/portalmf.com.br\/#\/schema\/person\/9ec101baf56233e53520c26de5d6f6f0","name":"Reda\u00e7\u00e3o Portal MF","image":{"@type":"ImageObject","inLanguage":"pt-BR","@id":"https:\/\/portalmf.com.br\/#\/schema\/person\/image\/","url":"https:\/\/secure.gravatar.com\/avatar\/41b9aaeb2100835f7c64362330f74c7f?s=96&d=mm&r=g","contentUrl":"https:\/\/secure.gravatar.com\/avatar\/41b9aaeb2100835f7c64362330f74c7f?s=96&d=mm&r=g","caption":"Reda\u00e7\u00e3o Portal MF"},"description":"Sejam bem-vindos o portal de informa\u00e7\u00f5es de entretenimento de Feira de Santana, desde 2006 realiza coberturas dos principais eventos com entrevistas exclusivas com as principais personalidades mundiais. Fique conectado tamb\u00e9m nas redes sociais.","sameAs":["http:\/\/www.portalmf.com.br\/","https:\/\/www.facebook.com\/portalmfoficial","https:\/\/www.instagram.com\/portalmf\/","https:\/\/x.com\/https:\/\/x.com\/portalmfoficial","https:\/\/www.youtube.com\/@portalmfoficial"],"url":"https:\/\/portalmf.com.br\/index.php\/author\/junior\/"}]}},"_links":{"self":[{"href":"https:\/\/portalmf.com.br\/index.php\/wp-json\/wp\/v2\/posts\/24211"}],"collection":[{"href":"https:\/\/portalmf.com.br\/index.php\/wp-json\/wp\/v2\/posts"}],"about":[{"href":"https:\/\/portalmf.com.br\/index.php\/wp-json\/wp\/v2\/types\/post"}],"author":[{"embeddable":true,"href":"https:\/\/portalmf.com.br\/index.php\/wp-json\/wp\/v2\/users\/3"}],"replies":[{"embeddable":true,"href":"https:\/\/portalmf.com.br\/index.php\/wp-json\/wp\/v2\/comments?post=24211"}],"version-history":[{"count":2,"href":"https:\/\/portalmf.com.br\/index.php\/wp-json\/wp\/v2\/posts\/24211\/revisions"}],"predecessor-version":[{"id":24215,"href":"https:\/\/portalmf.com.br\/index.php\/wp-json\/wp\/v2\/posts\/24211\/revisions\/24215"}],"wp:featuredmedia":[{"embeddable":true,"href":"https:\/\/portalmf.com.br\/index.php\/wp-json\/wp\/v2\/media\/24212"}],"wp:attachment":[{"href":"https:\/\/portalmf.com.br\/index.php\/wp-json\/wp\/v2\/media?parent=24211"}],"wp:term":[{"taxonomy":"category","embeddable":true,"href":"https:\/\/portalmf.com.br\/index.php\/wp-json\/wp\/v2\/categories?post=24211"},{"taxonomy":"post_tag","embeddable":true,"href":"https:\/\/portalmf.com.br\/index.php\/wp-json\/wp\/v2\/tags?post=24211"}],"curies":[{"name":"wp","href":"https:\/\/api.w.org\/{rel}","templated":true}]}}