{"id":24205,"date":"2024-02-27T13:32:00","date_gmt":"2024-02-27T16:32:00","guid":{"rendered":"https:\/\/portalmf.com.br\/?p=24205"},"modified":"2024-02-27T18:34:32","modified_gmt":"2024-02-27T21:34:32","slug":"deputado-ze-neto-cobra-prefeito-de-feira-prestacao-de-contas-de-repassados-pela-embasa","status":"publish","type":"post","link":"https:\/\/portalmf.com.br\/index.php\/2024\/02\/27\/deputado-ze-neto-cobra-prefeito-de-feira-prestacao-de-contas-de-repassados-pela-embasa\/","title":{"rendered":"Deputado Z\u00e9 Neto cobra prefeito de Feira presta\u00e7\u00e3o de contas de  repassados pela Embasa"},"content":{"rendered":"\n<p>O deputado federal Z\u00e9 Neto (PT) voltou a cobrar do prefeito de Feira de Santana, esta semana, a presta\u00e7\u00e3o de contas do repasse de R$ 35 milh\u00f5es da Embasa para obras de drenagem pluvial e fluvial em bairros da cidade. A renova\u00e7\u00e3o da concess\u00e3o foi assinada em julho de 2020.<\/p>\n\n\n\n<p><em>\u201cA Embasa pagou R$ 15 milh\u00f5es no ato da assinatura e paga, todo m\u00eas, R$ 600 mil ao munic\u00edpio para que ele invista em drenagem na cidade. J\u00e1 entraram, nos \u00faltimos dois anos, algo em torno de R$ 35 milh\u00f5es nos cofres da Prefeitura de Feira, que deveriam ter sido investidos em drenagem, mas nada foi feito. Cad\u00ea a presta\u00e7\u00e3o de contas?\u201c,<\/em> questiona.<\/p>\n\n\n\n<p>H\u00e1 mais de 20 anos, lembra Z\u00e9 Neto, <em>\u201cFeira v\u00eam sofrendo com a falta de drenagem e apesar de n\u00e3o ser uma atribui\u00e7\u00e3o do Estado, o governador Jer\u00f4nimo Rodrigues, com apoio de seu Mandato e do Governo Federal, tem feito obras pontuais na cidade devido a falta de um plano de a\u00e7\u00e3o efetiva do munic\u00edpio, especialmente para minimizar os preju\u00edzos causados pelas chuvas\u201d.<\/em> Um exemplo disso, segundo ele,<em> \u201c\u00e9 a drenagem nos bairros ao redor da Lagoa Grande\u201d.<\/em><\/p>\n\n\n\n<p>Disse ainda que <em>\u201cnesse per\u00edodo, a cidade quase dobrou de tamanho com a chegada de mais de 52 mil unidades habitacionais do Minha Casa Minha Vida, que trouxeram desenvolvimento e necessitavam de contrapartida para drenagem, o que n\u00e3o foi feito \u00e0 contento pela administra\u00e7\u00e3o municipal\u201d<\/em>.<\/p>\n\n\n\n<p><em>\u201cAgora se paga o pre\u00e7o pela falta desses investimentos em novos canais de tubula\u00e7\u00f5es, bem como no ac\u00famulo absurdo de sujeira, assoreamento e demais obstru\u00e7\u00f5es existentes na cidade. Por isto, estamos juntos com a CONDER fazendo um levantamento t\u00e9cnico em alguns bairros para apresentar uma proposta de interven\u00e7\u00e3o e esperamos que o munic\u00edpio tenha maturidade de dialogar conosco sobre esse grave problema que vive a cidade\u201d,<\/em> pontuou.<\/p>\n","protected":false},"excerpt":{"rendered":"<p>O deputado federal Z\u00e9 Neto (PT) voltou a cobrar do prefeito de Feira de Santana, esta semana, a presta\u00e7\u00e3o de contas do repasse de R$ 35 milh\u00f5es da Embasa para obras de drenagem pluvial e fluvial em bairros da cidade. A renova\u00e7\u00e3o da concess\u00e3o foi assinada em julho de 2020. \u201cA Embasa pagou R$ 15 [&hellip;]<\/p>\n","protected":false},"author":3,"featured_media":24206,"comment_status":"open","ping_status":"open","sticky":false,"template":"","format":"standard","meta":{"_monsterinsights_skip_tracking":false,"_monsterinsights_sitenote_active":false,"_monsterinsights_sitenote_note":"","_monsterinsights_sitenote_category":0,"footnotes":""},"categories":[34],"tags":[],"yoast_head":"<!-- This site is optimized with the Yoast SEO plugin v22.9 - https:\/\/yoast.com\/wordpress\/plugins\/seo\/ -->\n<title>Deputado Z\u00e9 Neto cobra prefeito de Feira presta\u00e7\u00e3o de contas de repassados pela Embasa - Portal MF<\/title>\n<meta name=\"robots\" content=\"index, follow, max-snippet:-1, max-image-preview:large, max-video-preview:-1\" \/>\n<link rel=\"canonical\" href=\"https:\/\/portalmf.com.br\/index.php\/2024\/02\/27\/deputado-ze-neto-cobra-prefeito-de-feira-prestacao-de-contas-de-repassados-pela-embasa\/\" \/>\n<meta property=\"og:locale\" content=\"pt_BR\" \/>\n<meta property=\"og:type\" content=\"article\" \/>\n<meta property=\"og:title\" content=\"Deputado Z\u00e9 Neto cobra prefeito de Feira presta\u00e7\u00e3o de contas de repassados pela Embasa - Portal MF\" \/>\n<meta property=\"og:description\" content=\"O deputado federal Z\u00e9 Neto (PT) voltou a cobrar do prefeito de Feira de Santana, esta semana, a presta\u00e7\u00e3o de contas do repasse de R$ 35 milh\u00f5es da Embasa para obras de drenagem pluvial e fluvial em bairros da cidade. A renova\u00e7\u00e3o da concess\u00e3o foi assinada em julho de 2020. \u201cA Embasa pagou R$ 15 [&hellip;]\" \/>\n<meta property=\"og:url\" content=\"https:\/\/portalmf.com.br\/index.php\/2024\/02\/27\/deputado-ze-neto-cobra-prefeito-de-feira-prestacao-de-contas-de-repassados-pela-embasa\/\" \/>\n<meta property=\"og:site_name\" content=\"Portal MF\" \/>\n<meta property=\"article:author\" content=\"https:\/\/www.facebook.com\/portalmfoficial\" \/>\n<meta property=\"article:published_time\" content=\"2024-02-27T16:32:00+00:00\" \/>\n<meta property=\"article:modified_time\" content=\"2024-02-27T21:34:32+00:00\" \/>\n<meta property=\"og:image\" content=\"https:\/\/portalmf.com.br\/wp-content\/uploads\/2024\/02\/Ze-Neto-cobra-prefeito-de-Feira-prestacao-de-contas-de-R-35-milhoes-repassados-pela-Embasa-para-drenagem.jpeg\" \/>\n\t<meta property=\"og:image:width\" content=\"799\" \/>\n\t<meta property=\"og:image:height\" content=\"460\" \/>\n\t<meta property=\"og:image:type\" content=\"image\/jpeg\" \/>\n<meta name=\"author\" content=\"Reda\u00e7\u00e3o Portal MF\" \/>\n<meta name=\"twitter:card\" content=\"summary_large_image\" \/>\n<meta name=\"twitter:creator\" content=\"@https:\/\/x.com\/portalmfoficial\" \/>\n<meta name=\"twitter:label1\" content=\"Escrito por\" \/>\n\t<meta name=\"twitter:data1\" content=\"Reda\u00e7\u00e3o Portal MF\" \/>\n\t<meta name=\"twitter:label2\" content=\"Est. tempo de leitura\" \/>\n\t<meta name=\"twitter:data2\" content=\"2 minutos\" \/>\n<script type=\"application\/ld+json\" class=\"yoast-schema-graph\">{\"@context\":\"https:\/\/schema.org\",\"@graph\":[{\"@type\":\"WebPage\",\"@id\":\"https:\/\/portalmf.com.br\/index.php\/2024\/02\/27\/deputado-ze-neto-cobra-prefeito-de-feira-prestacao-de-contas-de-repassados-pela-embasa\/\",\"url\":\"https:\/\/portalmf.com.br\/index.php\/2024\/02\/27\/deputado-ze-neto-cobra-prefeito-de-feira-prestacao-de-contas-de-repassados-pela-embasa\/\",\"name\":\"Deputado Z\u00e9 Neto cobra prefeito de Feira presta\u00e7\u00e3o de contas de repassados pela Embasa - Portal MF\",\"isPartOf\":{\"@id\":\"https:\/\/portalmf.com.br\/#website\"},\"primaryImageOfPage\":{\"@id\":\"https:\/\/portalmf.com.br\/index.php\/2024\/02\/27\/deputado-ze-neto-cobra-prefeito-de-feira-prestacao-de-contas-de-repassados-pela-embasa\/#primaryimage\"},\"image\":{\"@id\":\"https:\/\/portalmf.com.br\/index.php\/2024\/02\/27\/deputado-ze-neto-cobra-prefeito-de-feira-prestacao-de-contas-de-repassados-pela-embasa\/#primaryimage\"},\"thumbnailUrl\":\"https:\/\/portalmf.com.br\/wp-content\/uploads\/2024\/02\/Ze-Neto-cobra-prefeito-de-Feira-prestacao-de-contas-de-R-35-milhoes-repassados-pela-Embasa-para-drenagem.jpeg\",\"datePublished\":\"2024-02-27T16:32:00+00:00\",\"dateModified\":\"2024-02-27T21:34:32+00:00\",\"author\":{\"@id\":\"https:\/\/portalmf.com.br\/#\/schema\/person\/9ec101baf56233e53520c26de5d6f6f0\"},\"breadcrumb\":{\"@id\":\"https:\/\/portalmf.com.br\/index.php\/2024\/02\/27\/deputado-ze-neto-cobra-prefeito-de-feira-prestacao-de-contas-de-repassados-pela-embasa\/#breadcrumb\"},\"inLanguage\":\"pt-BR\",\"potentialAction\":[{\"@type\":\"ReadAction\",\"target\":[\"https:\/\/portalmf.com.br\/index.php\/2024\/02\/27\/deputado-ze-neto-cobra-prefeito-de-feira-prestacao-de-contas-de-repassados-pela-embasa\/\"]}]},{\"@type\":\"ImageObject\",\"inLanguage\":\"pt-BR\",\"@id\":\"https:\/\/portalmf.com.br\/index.php\/2024\/02\/27\/deputado-ze-neto-cobra-prefeito-de-feira-prestacao-de-contas-de-repassados-pela-embasa\/#primaryimage\",\"url\":\"https:\/\/portalmf.com.br\/wp-content\/uploads\/2024\/02\/Ze-Neto-cobra-prefeito-de-Feira-prestacao-de-contas-de-R-35-milhoes-repassados-pela-Embasa-para-drenagem.jpeg\",\"contentUrl\":\"https:\/\/portalmf.com.br\/wp-content\/uploads\/2024\/02\/Ze-Neto-cobra-prefeito-de-Feira-prestacao-de-contas-de-R-35-milhoes-repassados-pela-Embasa-para-drenagem.jpeg\",\"width\":799,\"height\":460},{\"@type\":\"BreadcrumbList\",\"@id\":\"https:\/\/portalmf.com.br\/index.php\/2024\/02\/27\/deputado-ze-neto-cobra-prefeito-de-feira-prestacao-de-contas-de-repassados-pela-embasa\/#breadcrumb\",\"itemListElement\":[{\"@type\":\"ListItem\",\"position\":1,\"name\":\"In\u00edcio\",\"item\":\"https:\/\/portalmf.com.br\/\"},{\"@type\":\"ListItem\",\"position\":2,\"name\":\"Deputado Z\u00e9 Neto cobra prefeito de Feira presta\u00e7\u00e3o de contas de repassados pela Embasa\"}]},{\"@type\":\"WebSite\",\"@id\":\"https:\/\/portalmf.com.br\/#website\",\"url\":\"https:\/\/portalmf.com.br\/\",\"name\":\"Portal MF\",\"description\":\"Voc\u00ea conectado com a informa\u00e7\u00e3o\",\"potentialAction\":[{\"@type\":\"SearchAction\",\"target\":{\"@type\":\"EntryPoint\",\"urlTemplate\":\"https:\/\/portalmf.com.br\/?s={search_term_string}\"},\"query-input\":\"required name=search_term_string\"}],\"inLanguage\":\"pt-BR\"},{\"@type\":\"Person\",\"@id\":\"https:\/\/portalmf.com.br\/#\/schema\/person\/9ec101baf56233e53520c26de5d6f6f0\",\"name\":\"Reda\u00e7\u00e3o Portal MF\",\"image\":{\"@type\":\"ImageObject\",\"inLanguage\":\"pt-BR\",\"@id\":\"https:\/\/portalmf.com.br\/#\/schema\/person\/image\/\",\"url\":\"https:\/\/secure.gravatar.com\/avatar\/41b9aaeb2100835f7c64362330f74c7f?s=96&d=mm&r=g\",\"contentUrl\":\"https:\/\/secure.gravatar.com\/avatar\/41b9aaeb2100835f7c64362330f74c7f?s=96&d=mm&r=g\",\"caption\":\"Reda\u00e7\u00e3o Portal MF\"},\"description\":\"Sejam bem-vindos o portal de informa\u00e7\u00f5es de entretenimento de Feira de Santana, desde 2006 realiza coberturas dos principais eventos com entrevistas exclusivas com as principais personalidades mundiais. Fique conectado tamb\u00e9m nas redes sociais.\",\"sameAs\":[\"http:\/\/www.portalmf.com.br\/\",\"https:\/\/www.facebook.com\/portalmfoficial\",\"https:\/\/www.instagram.com\/portalmf\/\",\"https:\/\/x.com\/https:\/\/x.com\/portalmfoficial\",\"https:\/\/www.youtube.com\/@portalmfoficial\"],\"url\":\"https:\/\/portalmf.com.br\/index.php\/author\/junior\/\"}]}<\/script>\n<!-- \/ Yoast SEO plugin. -->","yoast_head_json":{"title":"Deputado Z\u00e9 Neto cobra prefeito de Feira presta\u00e7\u00e3o de contas de repassados pela Embasa - Portal MF","robots":{"index":"index","follow":"follow","max-snippet":"max-snippet:-1","max-image-preview":"max-image-preview:large","max-video-preview":"max-video-preview:-1"},"canonical":"https:\/\/portalmf.com.br\/index.php\/2024\/02\/27\/deputado-ze-neto-cobra-prefeito-de-feira-prestacao-de-contas-de-repassados-pela-embasa\/","og_locale":"pt_BR","og_type":"article","og_title":"Deputado Z\u00e9 Neto cobra prefeito de Feira presta\u00e7\u00e3o de contas de repassados pela Embasa - Portal MF","og_description":"O deputado federal Z\u00e9 Neto (PT) voltou a cobrar do prefeito de Feira de Santana, esta semana, a presta\u00e7\u00e3o de contas do repasse de R$ 35 milh\u00f5es da Embasa para obras de drenagem pluvial e fluvial em bairros da cidade. A renova\u00e7\u00e3o da concess\u00e3o foi assinada em julho de 2020. \u201cA Embasa pagou R$ 15 [&hellip;]","og_url":"https:\/\/portalmf.com.br\/index.php\/2024\/02\/27\/deputado-ze-neto-cobra-prefeito-de-feira-prestacao-de-contas-de-repassados-pela-embasa\/","og_site_name":"Portal MF","article_author":"https:\/\/www.facebook.com\/portalmfoficial","article_published_time":"2024-02-27T16:32:00+00:00","article_modified_time":"2024-02-27T21:34:32+00:00","og_image":[{"width":799,"height":460,"url":"https:\/\/portalmf.com.br\/wp-content\/uploads\/2024\/02\/Ze-Neto-cobra-prefeito-de-Feira-prestacao-de-contas-de-R-35-milhoes-repassados-pela-Embasa-para-drenagem.jpeg","type":"image\/jpeg"}],"author":"Reda\u00e7\u00e3o Portal MF","twitter_card":"summary_large_image","twitter_creator":"@https:\/\/x.com\/portalmfoficial","twitter_misc":{"Escrito por":"Reda\u00e7\u00e3o Portal MF","Est. tempo de leitura":"2 minutos"},"schema":{"@context":"https:\/\/schema.org","@graph":[{"@type":"WebPage","@id":"https:\/\/portalmf.com.br\/index.php\/2024\/02\/27\/deputado-ze-neto-cobra-prefeito-de-feira-prestacao-de-contas-de-repassados-pela-embasa\/","url":"https:\/\/portalmf.com.br\/index.php\/2024\/02\/27\/deputado-ze-neto-cobra-prefeito-de-feira-prestacao-de-contas-de-repassados-pela-embasa\/","name":"Deputado Z\u00e9 Neto cobra prefeito de Feira presta\u00e7\u00e3o de contas de repassados pela Embasa - Portal MF","isPartOf":{"@id":"https:\/\/portalmf.com.br\/#website"},"primaryImageOfPage":{"@id":"https:\/\/portalmf.com.br\/index.php\/2024\/02\/27\/deputado-ze-neto-cobra-prefeito-de-feira-prestacao-de-contas-de-repassados-pela-embasa\/#primaryimage"},"image":{"@id":"https:\/\/portalmf.com.br\/index.php\/2024\/02\/27\/deputado-ze-neto-cobra-prefeito-de-feira-prestacao-de-contas-de-repassados-pela-embasa\/#primaryimage"},"thumbnailUrl":"https:\/\/portalmf.com.br\/wp-content\/uploads\/2024\/02\/Ze-Neto-cobra-prefeito-de-Feira-prestacao-de-contas-de-R-35-milhoes-repassados-pela-Embasa-para-drenagem.jpeg","datePublished":"2024-02-27T16:32:00+00:00","dateModified":"2024-02-27T21:34:32+00:00","author":{"@id":"https:\/\/portalmf.com.br\/#\/schema\/person\/9ec101baf56233e53520c26de5d6f6f0"},"breadcrumb":{"@id":"https:\/\/portalmf.com.br\/index.php\/2024\/02\/27\/deputado-ze-neto-cobra-prefeito-de-feira-prestacao-de-contas-de-repassados-pela-embasa\/#breadcrumb"},"inLanguage":"pt-BR","potentialAction":[{"@type":"ReadAction","target":["https:\/\/portalmf.com.br\/index.php\/2024\/02\/27\/deputado-ze-neto-cobra-prefeito-de-feira-prestacao-de-contas-de-repassados-pela-embasa\/"]}]},{"@type":"ImageObject","inLanguage":"pt-BR","@id":"https:\/\/portalmf.com.br\/index.php\/2024\/02\/27\/deputado-ze-neto-cobra-prefeito-de-feira-prestacao-de-contas-de-repassados-pela-embasa\/#primaryimage","url":"https:\/\/portalmf.com.br\/wp-content\/uploads\/2024\/02\/Ze-Neto-cobra-prefeito-de-Feira-prestacao-de-contas-de-R-35-milhoes-repassados-pela-Embasa-para-drenagem.jpeg","contentUrl":"https:\/\/portalmf.com.br\/wp-content\/uploads\/2024\/02\/Ze-Neto-cobra-prefeito-de-Feira-prestacao-de-contas-de-R-35-milhoes-repassados-pela-Embasa-para-drenagem.jpeg","width":799,"height":460},{"@type":"BreadcrumbList","@id":"https:\/\/portalmf.com.br\/index.php\/2024\/02\/27\/deputado-ze-neto-cobra-prefeito-de-feira-prestacao-de-contas-de-repassados-pela-embasa\/#breadcrumb","itemListElement":[{"@type":"ListItem","position":1,"name":"In\u00edcio","item":"https:\/\/portalmf.com.br\/"},{"@type":"ListItem","position":2,"name":"Deputado Z\u00e9 Neto cobra prefeito de Feira presta\u00e7\u00e3o de contas de repassados pela Embasa"}]},{"@type":"WebSite","@id":"https:\/\/portalmf.com.br\/#website","url":"https:\/\/portalmf.com.br\/","name":"Portal MF","description":"Voc\u00ea conectado com a informa\u00e7\u00e3o","potentialAction":[{"@type":"SearchAction","target":{"@type":"EntryPoint","urlTemplate":"https:\/\/portalmf.com.br\/?s={search_term_string}"},"query-input":"required name=search_term_string"}],"inLanguage":"pt-BR"},{"@type":"Person","@id":"https:\/\/portalmf.com.br\/#\/schema\/person\/9ec101baf56233e53520c26de5d6f6f0","name":"Reda\u00e7\u00e3o Portal MF","image":{"@type":"ImageObject","inLanguage":"pt-BR","@id":"https:\/\/portalmf.com.br\/#\/schema\/person\/image\/","url":"https:\/\/secure.gravatar.com\/avatar\/41b9aaeb2100835f7c64362330f74c7f?s=96&d=mm&r=g","contentUrl":"https:\/\/secure.gravatar.com\/avatar\/41b9aaeb2100835f7c64362330f74c7f?s=96&d=mm&r=g","caption":"Reda\u00e7\u00e3o Portal MF"},"description":"Sejam bem-vindos o portal de informa\u00e7\u00f5es de entretenimento de Feira de Santana, desde 2006 realiza coberturas dos principais eventos com entrevistas exclusivas com as principais personalidades mundiais. Fique conectado tamb\u00e9m nas redes sociais.","sameAs":["http:\/\/www.portalmf.com.br\/","https:\/\/www.facebook.com\/portalmfoficial","https:\/\/www.instagram.com\/portalmf\/","https:\/\/x.com\/https:\/\/x.com\/portalmfoficial","https:\/\/www.youtube.com\/@portalmfoficial"],"url":"https:\/\/portalmf.com.br\/index.php\/author\/junior\/"}]}},"_links":{"self":[{"href":"https:\/\/portalmf.com.br\/index.php\/wp-json\/wp\/v2\/posts\/24205"}],"collection":[{"href":"https:\/\/portalmf.com.br\/index.php\/wp-json\/wp\/v2\/posts"}],"about":[{"href":"https:\/\/portalmf.com.br\/index.php\/wp-json\/wp\/v2\/types\/post"}],"author":[{"embeddable":true,"href":"https:\/\/portalmf.com.br\/index.php\/wp-json\/wp\/v2\/users\/3"}],"replies":[{"embeddable":true,"href":"https:\/\/portalmf.com.br\/index.php\/wp-json\/wp\/v2\/comments?post=24205"}],"version-history":[{"count":1,"href":"https:\/\/portalmf.com.br\/index.php\/wp-json\/wp\/v2\/posts\/24205\/revisions"}],"predecessor-version":[{"id":24207,"href":"https:\/\/portalmf.com.br\/index.php\/wp-json\/wp\/v2\/posts\/24205\/revisions\/24207"}],"wp:featuredmedia":[{"embeddable":true,"href":"https:\/\/portalmf.com.br\/index.php\/wp-json\/wp\/v2\/media\/24206"}],"wp:attachment":[{"href":"https:\/\/portalmf.com.br\/index.php\/wp-json\/wp\/v2\/media?parent=24205"}],"wp:term":[{"taxonomy":"category","embeddable":true,"href":"https:\/\/portalmf.com.br\/index.php\/wp-json\/wp\/v2\/categories?post=24205"},{"taxonomy":"post_tag","embeddable":true,"href":"https:\/\/portalmf.com.br\/index.php\/wp-json\/wp\/v2\/tags?post=24205"}],"curies":[{"name":"wp","href":"https:\/\/api.w.org\/{rel}","templated":true}]}}