{"id":24195,"date":"2024-02-27T18:27:25","date_gmt":"2024-02-27T21:27:25","guid":{"rendered":"https:\/\/portalmf.com.br\/?p=24195"},"modified":"2024-02-27T18:27:25","modified_gmt":"2024-02-27T21:27:25","slug":"prefeitura-mobiliza-secretarias-para-acabar-com-ponto-de-lixo-e-de-reciclaveis-em-frente-ao-csu","status":"publish","type":"post","link":"https:\/\/portalmf.com.br\/index.php\/2024\/02\/27\/prefeitura-mobiliza-secretarias-para-acabar-com-ponto-de-lixo-e-de-reciclaveis-em-frente-ao-csu\/","title":{"rendered":"Prefeitura mobiliza secretarias para acabar com ponto de lixo e de recicl\u00e1veis em frente ao CSU"},"content":{"rendered":"\n<p>A Prefeitura Municipal de Feira de Santana mobilizou uma for\u00e7a-tarefa na manh\u00e3 desta ter\u00e7a-feira (27) para garantir a limpeza da \u00e1rea em frente ao CSU (Centro Social Urbano), na Cidade Nova, bem como a sa\u00edda de fam\u00edlias que insistem em ocupar o local, acumulando materiais recicl\u00e1veis e descartando lixo nesse espa\u00e7o.<\/p>\n\n\n\n<p>Com esta medida, o poder p\u00fablico municipal pretende combater o descarte irregular de res\u00edduos s\u00f3lidos e de materiais de constru\u00e7\u00e3o nessa \u00e1rea [\u00e0s margens da BR 116\/Norte], que resultam em polui\u00e7\u00e3o ambiental e um aspecto visual de total abandono.<\/p>\n\n\n\n<figure class=\"wp-block-image size-large\"><img fetchpriority=\"high\" decoding=\"async\" width=\"1024\" height=\"683\" src=\"https:\/\/portalmf.com.br\/wp-content\/uploads\/2024\/02\/image-39-1024x683.png\" alt=\"\" class=\"wp-image-24196\" srcset=\"https:\/\/portalmf.com.br\/wp-content\/uploads\/2024\/02\/image-39-1024x683.png 1024w, https:\/\/portalmf.com.br\/wp-content\/uploads\/2024\/02\/image-39-300x200.png 300w, https:\/\/portalmf.com.br\/wp-content\/uploads\/2024\/02\/image-39-768x512.png 768w, https:\/\/portalmf.com.br\/wp-content\/uploads\/2024\/02\/image-39-1536x1024.png 1536w, https:\/\/portalmf.com.br\/wp-content\/uploads\/2024\/02\/image-39-2048x1365.png 2048w, https:\/\/portalmf.com.br\/wp-content\/uploads\/2024\/02\/image-39-696x464.png 696w, https:\/\/portalmf.com.br\/wp-content\/uploads\/2024\/02\/image-39-1068x712.png 1068w, https:\/\/portalmf.com.br\/wp-content\/uploads\/2024\/02\/image-39-1920x1280.png 1920w\" sizes=\"(max-width: 1024px) 100vw, 1024px\" \/><figcaption class=\"wp-element-caption\"><strong><strong>Fotos: Valdenir Lima<\/strong><\/strong><\/figcaption><\/figure>\n\n\n\n<p>O diretor municipal de Limpeza P\u00fablica, Jo\u00e3o Marcelo Gomes, afirma que por dia \u00e9 retirado do local mais de 50 toneladas de lixo, a exemplo de cascas de cocos e materiais insens\u00edveis. Para se ter ideia, minutos antes do in\u00edcio da opera\u00e7\u00e3o, prepostos da Prefeitura flagraram ve\u00edculos realizando o descarte de pap\u00e9is e restos de constru\u00e7\u00f5es.<\/p>\n\n\n\n<p><em>&#8220;A Secretaria de Servi\u00e7os P\u00fablicos tem trabalhado rotineiramente para manter a \u00e1rea em frente ao CSU limpa, mas h\u00e1 quem insista em jogar lixo. Agora, com essa opera\u00e7\u00e3o conjunta espera-se que a popula\u00e7\u00e3o n\u00e3o volte a cometer essa pr\u00e1tica ilegal&#8221;,<\/em> salienta. Placas indicando a proibi\u00e7\u00e3o do descarte de res\u00edduos s\u00f3lidos ser\u00e3o instaladas pela Prefeitura nas imedia\u00e7\u00f5es do CSU.<\/p>\n\n\n\n<p>O secret\u00e1rio municipal de Desenvolvimento Social, Denilton Brito, tamb\u00e9m acompanhou a a\u00e7\u00e3o e enfatizou que o Munic\u00edpio tem ofertado assist\u00eancia \u00e0s fam\u00edlias em situa\u00e7\u00e3o de vulnerabilidade. O Conselho Tutelar tamb\u00e9m realizou a\u00e7\u00e3o com essas pessoas prestando orienta\u00e7\u00f5es, uma vez que h\u00e1 presen\u00e7a de crian\u00e7as.<\/p>\n\n\n\n<p><em>&#8220;No ano passado mapeamos quem s\u00e3o essas pessoas e fizemos o acolhimento oferecendo aux\u00edlio alimenta\u00e7\u00e3o e o Aluguel Social. Ainda aconselhamos a retornarem para suas casas, aquelas que possuem. No entanto, insistem em permanecer aqui, expostas e sob o risco de contrair alguma doen\u00e7a, porque encontram neste local a oportunidade de conseguir uma renda da venda dos materiais recicl\u00e1veis que s\u00e3o jogados ilegalmente em espa\u00e7o p\u00fablico&#8221;.<\/em><\/p>\n\n\n\n<p>A for\u00e7a-tarefa contou com a participa\u00e7\u00e3o das secretarias municipais de Agricultura, Servi\u00e7os P\u00fablicos, Meio Ambiente, Preven\u00e7\u00e3o \u00e0 Viol\u00eancia, Guarda Municipal e a Superintend\u00eancia Municipal de Tr\u00e2nsito.<\/p>\n\n\n\n<p>Com informa\u00e7\u00f5es da Secom<\/p>\n","protected":false},"excerpt":{"rendered":"<p>A Prefeitura Municipal de Feira de Santana mobilizou uma for\u00e7a-tarefa na manh\u00e3 desta ter\u00e7a-feira (27) para garantir a limpeza da \u00e1rea em frente ao CSU (Centro Social Urbano), na Cidade Nova, bem como a sa\u00edda de fam\u00edlias que insistem em ocupar o local, acumulando materiais recicl\u00e1veis e descartando lixo nesse espa\u00e7o. Com esta medida, o [&hellip;]<\/p>\n","protected":false},"author":3,"featured_media":24197,"comment_status":"open","ping_status":"open","sticky":false,"template":"","format":"standard","meta":{"_monsterinsights_skip_tracking":false,"_monsterinsights_sitenote_active":false,"_monsterinsights_sitenote_note":"","_monsterinsights_sitenote_category":0,"footnotes":""},"categories":[34],"tags":[],"yoast_head":"<!-- This site is optimized with the Yoast SEO plugin v22.9 - https:\/\/yoast.com\/wordpress\/plugins\/seo\/ -->\n<title>Prefeitura mobiliza secretarias para acabar com ponto de lixo e de recicl\u00e1veis em frente ao CSU - Portal MF<\/title>\n<meta name=\"robots\" content=\"index, follow, max-snippet:-1, max-image-preview:large, max-video-preview:-1\" \/>\n<link rel=\"canonical\" href=\"https:\/\/portalmf.com.br\/index.php\/2024\/02\/27\/prefeitura-mobiliza-secretarias-para-acabar-com-ponto-de-lixo-e-de-reciclaveis-em-frente-ao-csu\/\" \/>\n<meta property=\"og:locale\" content=\"pt_BR\" \/>\n<meta property=\"og:type\" content=\"article\" \/>\n<meta property=\"og:title\" content=\"Prefeitura mobiliza secretarias para acabar com ponto de lixo e de recicl\u00e1veis em frente ao CSU - Portal MF\" \/>\n<meta property=\"og:description\" content=\"A Prefeitura Municipal de Feira de Santana mobilizou uma for\u00e7a-tarefa na manh\u00e3 desta ter\u00e7a-feira (27) para garantir a limpeza da \u00e1rea em frente ao CSU (Centro Social Urbano), na Cidade Nova, bem como a sa\u00edda de fam\u00edlias que insistem em ocupar o local, acumulando materiais recicl\u00e1veis e descartando lixo nesse espa\u00e7o. Com esta medida, o [&hellip;]\" \/>\n<meta property=\"og:url\" content=\"https:\/\/portalmf.com.br\/index.php\/2024\/02\/27\/prefeitura-mobiliza-secretarias-para-acabar-com-ponto-de-lixo-e-de-reciclaveis-em-frente-ao-csu\/\" \/>\n<meta property=\"og:site_name\" content=\"Portal MF\" \/>\n<meta property=\"article:author\" content=\"https:\/\/www.facebook.com\/portalmfoficial\" \/>\n<meta property=\"article:published_time\" content=\"2024-02-27T21:27:25+00:00\" \/>\n<meta property=\"og:image\" content=\"https:\/\/portalmf.com.br\/wp-content\/uploads\/2024\/02\/ACAO-RETIRADA-DE-LIXO-E-PESSOAS-DO-CSU-FOTO-VALDENIR-LIMA-82-scaled.jpeg\" \/>\n\t<meta property=\"og:image:width\" content=\"2560\" \/>\n\t<meta property=\"og:image:height\" content=\"1707\" \/>\n\t<meta property=\"og:image:type\" content=\"image\/jpeg\" \/>\n<meta name=\"author\" content=\"Reda\u00e7\u00e3o Portal MF\" \/>\n<meta name=\"twitter:card\" content=\"summary_large_image\" \/>\n<meta name=\"twitter:creator\" content=\"@https:\/\/x.com\/portalmfoficial\" \/>\n<meta name=\"twitter:label1\" content=\"Escrito por\" \/>\n\t<meta name=\"twitter:data1\" content=\"Reda\u00e7\u00e3o Portal MF\" \/>\n\t<meta name=\"twitter:label2\" content=\"Est. tempo de leitura\" \/>\n\t<meta name=\"twitter:data2\" content=\"3 minutos\" \/>\n<script type=\"application\/ld+json\" class=\"yoast-schema-graph\">{\"@context\":\"https:\/\/schema.org\",\"@graph\":[{\"@type\":\"WebPage\",\"@id\":\"https:\/\/portalmf.com.br\/index.php\/2024\/02\/27\/prefeitura-mobiliza-secretarias-para-acabar-com-ponto-de-lixo-e-de-reciclaveis-em-frente-ao-csu\/\",\"url\":\"https:\/\/portalmf.com.br\/index.php\/2024\/02\/27\/prefeitura-mobiliza-secretarias-para-acabar-com-ponto-de-lixo-e-de-reciclaveis-em-frente-ao-csu\/\",\"name\":\"Prefeitura mobiliza secretarias para acabar com ponto de lixo e de recicl\u00e1veis em frente ao CSU - Portal MF\",\"isPartOf\":{\"@id\":\"https:\/\/portalmf.com.br\/#website\"},\"primaryImageOfPage\":{\"@id\":\"https:\/\/portalmf.com.br\/index.php\/2024\/02\/27\/prefeitura-mobiliza-secretarias-para-acabar-com-ponto-de-lixo-e-de-reciclaveis-em-frente-ao-csu\/#primaryimage\"},\"image\":{\"@id\":\"https:\/\/portalmf.com.br\/index.php\/2024\/02\/27\/prefeitura-mobiliza-secretarias-para-acabar-com-ponto-de-lixo-e-de-reciclaveis-em-frente-ao-csu\/#primaryimage\"},\"thumbnailUrl\":\"https:\/\/portalmf.com.br\/wp-content\/uploads\/2024\/02\/ACAO-RETIRADA-DE-LIXO-E-PESSOAS-DO-CSU-FOTO-VALDENIR-LIMA-82-scaled.jpeg\",\"datePublished\":\"2024-02-27T21:27:25+00:00\",\"dateModified\":\"2024-02-27T21:27:25+00:00\",\"author\":{\"@id\":\"https:\/\/portalmf.com.br\/#\/schema\/person\/9ec101baf56233e53520c26de5d6f6f0\"},\"breadcrumb\":{\"@id\":\"https:\/\/portalmf.com.br\/index.php\/2024\/02\/27\/prefeitura-mobiliza-secretarias-para-acabar-com-ponto-de-lixo-e-de-reciclaveis-em-frente-ao-csu\/#breadcrumb\"},\"inLanguage\":\"pt-BR\",\"potentialAction\":[{\"@type\":\"ReadAction\",\"target\":[\"https:\/\/portalmf.com.br\/index.php\/2024\/02\/27\/prefeitura-mobiliza-secretarias-para-acabar-com-ponto-de-lixo-e-de-reciclaveis-em-frente-ao-csu\/\"]}]},{\"@type\":\"ImageObject\",\"inLanguage\":\"pt-BR\",\"@id\":\"https:\/\/portalmf.com.br\/index.php\/2024\/02\/27\/prefeitura-mobiliza-secretarias-para-acabar-com-ponto-de-lixo-e-de-reciclaveis-em-frente-ao-csu\/#primaryimage\",\"url\":\"https:\/\/portalmf.com.br\/wp-content\/uploads\/2024\/02\/ACAO-RETIRADA-DE-LIXO-E-PESSOAS-DO-CSU-FOTO-VALDENIR-LIMA-82-scaled.jpeg\",\"contentUrl\":\"https:\/\/portalmf.com.br\/wp-content\/uploads\/2024\/02\/ACAO-RETIRADA-DE-LIXO-E-PESSOAS-DO-CSU-FOTO-VALDENIR-LIMA-82-scaled.jpeg\",\"width\":2560,\"height\":1707,\"caption\":\"Fotos: Valdenir Lima\"},{\"@type\":\"BreadcrumbList\",\"@id\":\"https:\/\/portalmf.com.br\/index.php\/2024\/02\/27\/prefeitura-mobiliza-secretarias-para-acabar-com-ponto-de-lixo-e-de-reciclaveis-em-frente-ao-csu\/#breadcrumb\",\"itemListElement\":[{\"@type\":\"ListItem\",\"position\":1,\"name\":\"In\u00edcio\",\"item\":\"https:\/\/portalmf.com.br\/\"},{\"@type\":\"ListItem\",\"position\":2,\"name\":\"Prefeitura mobiliza secretarias para acabar com ponto de lixo e de recicl\u00e1veis em frente ao CSU\"}]},{\"@type\":\"WebSite\",\"@id\":\"https:\/\/portalmf.com.br\/#website\",\"url\":\"https:\/\/portalmf.com.br\/\",\"name\":\"Portal MF\",\"description\":\"Voc\u00ea conectado com a informa\u00e7\u00e3o\",\"potentialAction\":[{\"@type\":\"SearchAction\",\"target\":{\"@type\":\"EntryPoint\",\"urlTemplate\":\"https:\/\/portalmf.com.br\/?s={search_term_string}\"},\"query-input\":\"required name=search_term_string\"}],\"inLanguage\":\"pt-BR\"},{\"@type\":\"Person\",\"@id\":\"https:\/\/portalmf.com.br\/#\/schema\/person\/9ec101baf56233e53520c26de5d6f6f0\",\"name\":\"Reda\u00e7\u00e3o Portal MF\",\"image\":{\"@type\":\"ImageObject\",\"inLanguage\":\"pt-BR\",\"@id\":\"https:\/\/portalmf.com.br\/#\/schema\/person\/image\/\",\"url\":\"https:\/\/secure.gravatar.com\/avatar\/41b9aaeb2100835f7c64362330f74c7f?s=96&d=mm&r=g\",\"contentUrl\":\"https:\/\/secure.gravatar.com\/avatar\/41b9aaeb2100835f7c64362330f74c7f?s=96&d=mm&r=g\",\"caption\":\"Reda\u00e7\u00e3o Portal MF\"},\"description\":\"Sejam bem-vindos o portal de informa\u00e7\u00f5es de entretenimento de Feira de Santana, desde 2006 realiza coberturas dos principais eventos com entrevistas exclusivas com as principais personalidades mundiais. Fique conectado tamb\u00e9m nas redes sociais.\",\"sameAs\":[\"http:\/\/www.portalmf.com.br\/\",\"https:\/\/www.facebook.com\/portalmfoficial\",\"https:\/\/www.instagram.com\/portalmf\/\",\"https:\/\/x.com\/https:\/\/x.com\/portalmfoficial\",\"https:\/\/www.youtube.com\/@portalmfoficial\"],\"url\":\"https:\/\/portalmf.com.br\/index.php\/author\/junior\/\"}]}<\/script>\n<!-- \/ Yoast SEO plugin. -->","yoast_head_json":{"title":"Prefeitura mobiliza secretarias para acabar com ponto de lixo e de recicl\u00e1veis em frente ao CSU - Portal MF","robots":{"index":"index","follow":"follow","max-snippet":"max-snippet:-1","max-image-preview":"max-image-preview:large","max-video-preview":"max-video-preview:-1"},"canonical":"https:\/\/portalmf.com.br\/index.php\/2024\/02\/27\/prefeitura-mobiliza-secretarias-para-acabar-com-ponto-de-lixo-e-de-reciclaveis-em-frente-ao-csu\/","og_locale":"pt_BR","og_type":"article","og_title":"Prefeitura mobiliza secretarias para acabar com ponto de lixo e de recicl\u00e1veis em frente ao CSU - Portal MF","og_description":"A Prefeitura Municipal de Feira de Santana mobilizou uma for\u00e7a-tarefa na manh\u00e3 desta ter\u00e7a-feira (27) para garantir a limpeza da \u00e1rea em frente ao CSU (Centro Social Urbano), na Cidade Nova, bem como a sa\u00edda de fam\u00edlias que insistem em ocupar o local, acumulando materiais recicl\u00e1veis e descartando lixo nesse espa\u00e7o. Com esta medida, o [&hellip;]","og_url":"https:\/\/portalmf.com.br\/index.php\/2024\/02\/27\/prefeitura-mobiliza-secretarias-para-acabar-com-ponto-de-lixo-e-de-reciclaveis-em-frente-ao-csu\/","og_site_name":"Portal MF","article_author":"https:\/\/www.facebook.com\/portalmfoficial","article_published_time":"2024-02-27T21:27:25+00:00","og_image":[{"width":2560,"height":1707,"url":"https:\/\/portalmf.com.br\/wp-content\/uploads\/2024\/02\/ACAO-RETIRADA-DE-LIXO-E-PESSOAS-DO-CSU-FOTO-VALDENIR-LIMA-82-scaled.jpeg","type":"image\/jpeg"}],"author":"Reda\u00e7\u00e3o Portal MF","twitter_card":"summary_large_image","twitter_creator":"@https:\/\/x.com\/portalmfoficial","twitter_misc":{"Escrito por":"Reda\u00e7\u00e3o Portal MF","Est. tempo de leitura":"3 minutos"},"schema":{"@context":"https:\/\/schema.org","@graph":[{"@type":"WebPage","@id":"https:\/\/portalmf.com.br\/index.php\/2024\/02\/27\/prefeitura-mobiliza-secretarias-para-acabar-com-ponto-de-lixo-e-de-reciclaveis-em-frente-ao-csu\/","url":"https:\/\/portalmf.com.br\/index.php\/2024\/02\/27\/prefeitura-mobiliza-secretarias-para-acabar-com-ponto-de-lixo-e-de-reciclaveis-em-frente-ao-csu\/","name":"Prefeitura mobiliza secretarias para acabar com ponto de lixo e de recicl\u00e1veis em frente ao CSU - Portal MF","isPartOf":{"@id":"https:\/\/portalmf.com.br\/#website"},"primaryImageOfPage":{"@id":"https:\/\/portalmf.com.br\/index.php\/2024\/02\/27\/prefeitura-mobiliza-secretarias-para-acabar-com-ponto-de-lixo-e-de-reciclaveis-em-frente-ao-csu\/#primaryimage"},"image":{"@id":"https:\/\/portalmf.com.br\/index.php\/2024\/02\/27\/prefeitura-mobiliza-secretarias-para-acabar-com-ponto-de-lixo-e-de-reciclaveis-em-frente-ao-csu\/#primaryimage"},"thumbnailUrl":"https:\/\/portalmf.com.br\/wp-content\/uploads\/2024\/02\/ACAO-RETIRADA-DE-LIXO-E-PESSOAS-DO-CSU-FOTO-VALDENIR-LIMA-82-scaled.jpeg","datePublished":"2024-02-27T21:27:25+00:00","dateModified":"2024-02-27T21:27:25+00:00","author":{"@id":"https:\/\/portalmf.com.br\/#\/schema\/person\/9ec101baf56233e53520c26de5d6f6f0"},"breadcrumb":{"@id":"https:\/\/portalmf.com.br\/index.php\/2024\/02\/27\/prefeitura-mobiliza-secretarias-para-acabar-com-ponto-de-lixo-e-de-reciclaveis-em-frente-ao-csu\/#breadcrumb"},"inLanguage":"pt-BR","potentialAction":[{"@type":"ReadAction","target":["https:\/\/portalmf.com.br\/index.php\/2024\/02\/27\/prefeitura-mobiliza-secretarias-para-acabar-com-ponto-de-lixo-e-de-reciclaveis-em-frente-ao-csu\/"]}]},{"@type":"ImageObject","inLanguage":"pt-BR","@id":"https:\/\/portalmf.com.br\/index.php\/2024\/02\/27\/prefeitura-mobiliza-secretarias-para-acabar-com-ponto-de-lixo-e-de-reciclaveis-em-frente-ao-csu\/#primaryimage","url":"https:\/\/portalmf.com.br\/wp-content\/uploads\/2024\/02\/ACAO-RETIRADA-DE-LIXO-E-PESSOAS-DO-CSU-FOTO-VALDENIR-LIMA-82-scaled.jpeg","contentUrl":"https:\/\/portalmf.com.br\/wp-content\/uploads\/2024\/02\/ACAO-RETIRADA-DE-LIXO-E-PESSOAS-DO-CSU-FOTO-VALDENIR-LIMA-82-scaled.jpeg","width":2560,"height":1707,"caption":"Fotos: Valdenir Lima"},{"@type":"BreadcrumbList","@id":"https:\/\/portalmf.com.br\/index.php\/2024\/02\/27\/prefeitura-mobiliza-secretarias-para-acabar-com-ponto-de-lixo-e-de-reciclaveis-em-frente-ao-csu\/#breadcrumb","itemListElement":[{"@type":"ListItem","position":1,"name":"In\u00edcio","item":"https:\/\/portalmf.com.br\/"},{"@type":"ListItem","position":2,"name":"Prefeitura mobiliza secretarias para acabar com ponto de lixo e de recicl\u00e1veis em frente ao CSU"}]},{"@type":"WebSite","@id":"https:\/\/portalmf.com.br\/#website","url":"https:\/\/portalmf.com.br\/","name":"Portal MF","description":"Voc\u00ea conectado com a informa\u00e7\u00e3o","potentialAction":[{"@type":"SearchAction","target":{"@type":"EntryPoint","urlTemplate":"https:\/\/portalmf.com.br\/?s={search_term_string}"},"query-input":"required name=search_term_string"}],"inLanguage":"pt-BR"},{"@type":"Person","@id":"https:\/\/portalmf.com.br\/#\/schema\/person\/9ec101baf56233e53520c26de5d6f6f0","name":"Reda\u00e7\u00e3o Portal MF","image":{"@type":"ImageObject","inLanguage":"pt-BR","@id":"https:\/\/portalmf.com.br\/#\/schema\/person\/image\/","url":"https:\/\/secure.gravatar.com\/avatar\/41b9aaeb2100835f7c64362330f74c7f?s=96&d=mm&r=g","contentUrl":"https:\/\/secure.gravatar.com\/avatar\/41b9aaeb2100835f7c64362330f74c7f?s=96&d=mm&r=g","caption":"Reda\u00e7\u00e3o Portal MF"},"description":"Sejam bem-vindos o portal de informa\u00e7\u00f5es de entretenimento de Feira de Santana, desde 2006 realiza coberturas dos principais eventos com entrevistas exclusivas com as principais personalidades mundiais. Fique conectado tamb\u00e9m nas redes sociais.","sameAs":["http:\/\/www.portalmf.com.br\/","https:\/\/www.facebook.com\/portalmfoficial","https:\/\/www.instagram.com\/portalmf\/","https:\/\/x.com\/https:\/\/x.com\/portalmfoficial","https:\/\/www.youtube.com\/@portalmfoficial"],"url":"https:\/\/portalmf.com.br\/index.php\/author\/junior\/"}]}},"_links":{"self":[{"href":"https:\/\/portalmf.com.br\/index.php\/wp-json\/wp\/v2\/posts\/24195"}],"collection":[{"href":"https:\/\/portalmf.com.br\/index.php\/wp-json\/wp\/v2\/posts"}],"about":[{"href":"https:\/\/portalmf.com.br\/index.php\/wp-json\/wp\/v2\/types\/post"}],"author":[{"embeddable":true,"href":"https:\/\/portalmf.com.br\/index.php\/wp-json\/wp\/v2\/users\/3"}],"replies":[{"embeddable":true,"href":"https:\/\/portalmf.com.br\/index.php\/wp-json\/wp\/v2\/comments?post=24195"}],"version-history":[{"count":1,"href":"https:\/\/portalmf.com.br\/index.php\/wp-json\/wp\/v2\/posts\/24195\/revisions"}],"predecessor-version":[{"id":24198,"href":"https:\/\/portalmf.com.br\/index.php\/wp-json\/wp\/v2\/posts\/24195\/revisions\/24198"}],"wp:featuredmedia":[{"embeddable":true,"href":"https:\/\/portalmf.com.br\/index.php\/wp-json\/wp\/v2\/media\/24197"}],"wp:attachment":[{"href":"https:\/\/portalmf.com.br\/index.php\/wp-json\/wp\/v2\/media?parent=24195"}],"wp:term":[{"taxonomy":"category","embeddable":true,"href":"https:\/\/portalmf.com.br\/index.php\/wp-json\/wp\/v2\/categories?post=24195"},{"taxonomy":"post_tag","embeddable":true,"href":"https:\/\/portalmf.com.br\/index.php\/wp-json\/wp\/v2\/tags?post=24195"}],"curies":[{"name":"wp","href":"https:\/\/api.w.org\/{rel}","templated":true}]}}