{"id":24192,"date":"2024-02-27T18:24:45","date_gmt":"2024-02-27T21:24:45","guid":{"rendered":"https:\/\/portalmf.com.br\/?p=24192"},"modified":"2024-02-27T18:24:46","modified_gmt":"2024-02-27T21:24:46","slug":"painel-dos-festejos-juninos-tera-nova-edicao-em-2024-e-trara-novidades","status":"publish","type":"post","link":"https:\/\/portalmf.com.br\/index.php\/2024\/02\/27\/painel-dos-festejos-juninos-tera-nova-edicao-em-2024-e-trara-novidades\/","title":{"rendered":"Painel dos festejos juninos ter\u00e1 nova edi\u00e7\u00e3o em 2024 e trar\u00e1 novidades"},"content":{"rendered":"\n<p>O painel da transpar\u00eancia dos festejos juninos na Bahia ter\u00e1 nova edi\u00e7\u00e3o em 2024. A meta \u00e9 coletar e disponibilizar informa\u00e7\u00f5es dos investimentos dos 417 munic\u00edpios do estado com atra\u00e7\u00f5es art\u00edsticas.&nbsp;O lan\u00e7amento oficial da ferramenta para as festas deste ano ocorreu nesta ter\u00e7a-feira, dia 27, em reuni\u00e3o realizada na sede do Tribunal de Contas do Estado da Bahia (TCE\/BA).&nbsp;<\/p>\n\n\n\n<p>Na primeira edi\u00e7\u00e3o, 217 munic\u00edpios disponibilizaram dados para a ferramenta, que apontaram para 6.743 apresenta\u00e7\u00f5es contratadas em 2023 e 2022, num total de R$ 283 milh\u00f5es investidos. Na pr\u00f3xima semana, o site do painel j\u00e1 estar\u00e1 atualizado para a nova edi\u00e7\u00e3o e a coleta dos dados ter\u00e1 in\u00edcio a partir do pr\u00f3ximo dia 18, com prazo final em 30 de maio. A entrega do&nbsp;&#8216;Selo&nbsp;Transpar\u00eancia&#8217; aos Munic\u00edpios participantes est\u00e1 prevista para dia 6 de junho. O painel \u00e9 uma parceria do Minist\u00e9rio P\u00fablico estadual, TCE e Tribunal de Contas dos Munic\u00edpios (TCM).<\/p>\n\n\n\n<p>O promotor Frank Ferrari fez a apresenta\u00e7\u00e3o do painel que trar\u00e1 novidades neste ano. O site trar\u00e1 uma \u00e1rea restrita, com login e senha, para que as gest\u00f5es municipais possam alimentar diretamente a ferramenta com dados da festa por meio de formul\u00e1rios online. Na pr\u00f3xima semana, ter\u00e1 in\u00edcio o piloto da \u00e1rea com alguns munic\u00edpios e, no pr\u00f3ximo dia 12, a plataforma ser\u00e1 apresentada aos prefeitos em reuni\u00e3o agendada para ocorrer na sede da UPB. Outra novidade, fruto das novas parcerias, \u00e9 a realiza\u00e7\u00e3o de um estudo, a partir de cruzamento de dados, incluindo os do painel, sobre o impacto dos festejos nas economias locais.<\/p>\n\n\n\n<p><em>\u201cO painel \u00e9 uma ferramenta de gest\u00e3o e controle dos investimentos com a festa, mas tamb\u00e9m de fomento cultural e tur\u00edstico. Este ano, estamos antecipando o in\u00edcio para que tenhamos antes as informa\u00e7\u00f5es das atra\u00e7\u00f5es art\u00edsticas, potencializando essa outra fun\u00e7\u00e3o do painel de divulga\u00e7\u00e3o dos eventos. A ideia \u00e9 fomentar e profissionalizar cada vez mais, perenizando, calendarizando e expandindo o modelo para outros eventos\u201d,<\/em> afirmou Ferrari, que informou da formaliza\u00e7\u00e3o no futuro de um comit\u00ea interinstitucional permanente do painel.<\/p>\n\n\n\n<p>O presidente do TCE, conselheiro Marcus Presidio, afirmou que \u201co princ\u00edpio do painel \u00e9 o interesse p\u00fablico, a preserva\u00e7\u00e3o do er\u00e1rio e a transpar\u00eancia com os recursos\u201d. Segundo ele, auditorias por amostragem do TCE e do TCM apontam que os dados disponibilizados pelos munic\u00edpios se apresentaram em conformidade, o que prova o sucesso do painel. \u201cIsso nos traz tranquilidade sobre a seriedade deste trabalho\u201d, afirmou. Jos\u00e9 Tigre, presidente da UPB, mostrou entusiasmo com a ferramenta. \u201c\u00c9 um movimento hist\u00f3rico, que poder\u00e1 servir de modelo para outros eventos em todo o pa\u00eds. A parceria entre os \u00f3rg\u00e3os de controle e os prefeitos engrandece a Bahia\u201d, disse.<\/p>\n\n\n\n<p><em>\u201cO S\u00e3o Jo\u00e3o \u00e9 uma festa importante da Bahia. \u00c9 o natal do nordestino. N\u00e3o queremos proibir nada, mas apenas garantir a legalidade e a aplica\u00e7\u00e3o correta dos recursos p\u00fablicos\u201d, disse a procuradora-geral de Justi\u00e7a (PGJ), Norma Cavalcanti. J\u00e1 o novo procurador-geral de Justi\u00e7a eleito, Pedro Maia, destacou a import\u00e2ncia da continuidade do painel. \u201cEle \u00e9 algo bastante engenhoso, que traz algumas das marcas do MP e tenho certeza de que as demais institui\u00e7\u00f5es de controle caminham na mesma dire\u00e7\u00e3o: trabalhar com ci\u00eancia de dados, com an\u00e1lise, utilizar de transpar\u00eancia e possibilitar o controle social. S\u00e3o esses tr\u00eas eixos que encerram a ideia do painel\u201d, <\/em>explicou.<\/p>\n\n\n\n<p>A reuni\u00e3o contou ainda com a presen\u00e7a do presidente do Tribunal de Contas dos Munic\u00edpios (TCM), Francisco Netto; do presidente da Uni\u00e3o dos Munic\u00edpios da Bahia (UPB), Jos\u00e9 Henrique Tigre; do presidente da Uni\u00e3o das Controladorias Internas do Estado da Bahia (Ucib), Maike Oliveira; das procuradoras-gerais do MP de Contas do Estado e dos Munic\u00edpios, respectivamente, Camila Luz e Aline Paim; dos coordenadores do Centro de Apoio da Moralidade Administrativa do MP (Caopam), promotores de Justi\u00e7a Frank Ferrari e Rita Tourinho; e de alguns prefeitos. Este ano, o painel agregou mais parcerias. O encontro teve a participa\u00e7\u00e3o da gerente de Ambiente de Neg\u00f3cios do Servi\u00e7o Brasileiro de Apoio \u00e0s Micro e Pequenas Empresas (Sebrae) e de professores pesquisadores do N\u00facleo de P\u00f3s-Gradua\u00e7\u00e3o em Administra\u00e7\u00e3o (NPGA) da Ufba, Daniele Pereira Canedo e Hor\u00e1cio Hastenreiter Filho.<\/p>\n","protected":false},"excerpt":{"rendered":"<p>O painel da transpar\u00eancia dos festejos juninos na Bahia ter\u00e1 nova edi\u00e7\u00e3o em 2024. A meta \u00e9 coletar e disponibilizar informa\u00e7\u00f5es dos investimentos dos 417 munic\u00edpios do estado com atra\u00e7\u00f5es art\u00edsticas.&nbsp;O lan\u00e7amento oficial da ferramenta para as festas deste ano ocorreu nesta ter\u00e7a-feira, dia 27, em reuni\u00e3o realizada na sede do Tribunal de Contas do [&hellip;]<\/p>\n","protected":false},"author":3,"featured_media":24193,"comment_status":"open","ping_status":"open","sticky":false,"template":"","format":"standard","meta":{"_monsterinsights_skip_tracking":false,"_monsterinsights_sitenote_active":false,"_monsterinsights_sitenote_note":"","_monsterinsights_sitenote_category":0,"footnotes":""},"categories":[34],"tags":[],"yoast_head":"<!-- This site is optimized with the Yoast SEO plugin v22.9 - https:\/\/yoast.com\/wordpress\/plugins\/seo\/ -->\n<title>Painel dos festejos juninos ter\u00e1 nova edi\u00e7\u00e3o em 2024 e trar\u00e1 novidades - Portal MF<\/title>\n<meta name=\"robots\" content=\"index, follow, max-snippet:-1, max-image-preview:large, max-video-preview:-1\" \/>\n<link rel=\"canonical\" href=\"https:\/\/portalmf.com.br\/index.php\/2024\/02\/27\/painel-dos-festejos-juninos-tera-nova-edicao-em-2024-e-trara-novidades\/\" \/>\n<meta property=\"og:locale\" content=\"pt_BR\" \/>\n<meta property=\"og:type\" content=\"article\" \/>\n<meta property=\"og:title\" content=\"Painel dos festejos juninos ter\u00e1 nova edi\u00e7\u00e3o em 2024 e trar\u00e1 novidades - Portal MF\" \/>\n<meta property=\"og:description\" content=\"O painel da transpar\u00eancia dos festejos juninos na Bahia ter\u00e1 nova edi\u00e7\u00e3o em 2024. A meta \u00e9 coletar e disponibilizar informa\u00e7\u00f5es dos investimentos dos 417 munic\u00edpios do estado com atra\u00e7\u00f5es art\u00edsticas.&nbsp;O lan\u00e7amento oficial da ferramenta para as festas deste ano ocorreu nesta ter\u00e7a-feira, dia 27, em reuni\u00e3o realizada na sede do Tribunal de Contas do [&hellip;]\" \/>\n<meta property=\"og:url\" content=\"https:\/\/portalmf.com.br\/index.php\/2024\/02\/27\/painel-dos-festejos-juninos-tera-nova-edicao-em-2024-e-trara-novidades\/\" \/>\n<meta property=\"og:site_name\" content=\"Portal MF\" \/>\n<meta property=\"article:author\" content=\"https:\/\/www.facebook.com\/portalmfoficial\" \/>\n<meta property=\"article:published_time\" content=\"2024-02-27T21:24:45+00:00\" \/>\n<meta property=\"article:modified_time\" content=\"2024-02-27T21:24:46+00:00\" \/>\n<meta property=\"og:image\" content=\"https:\/\/portalmf.com.br\/wp-content\/uploads\/2024\/02\/Painel-dos-festejos-juninos-tera-nova-edicao-em-2024-e-trara-novidades.jpg\" \/>\n\t<meta property=\"og:image:width\" content=\"1920\" \/>\n\t<meta property=\"og:image:height\" content=\"1280\" \/>\n\t<meta property=\"og:image:type\" content=\"image\/jpeg\" \/>\n<meta name=\"author\" content=\"Reda\u00e7\u00e3o Portal MF\" \/>\n<meta name=\"twitter:card\" content=\"summary_large_image\" \/>\n<meta name=\"twitter:creator\" content=\"@https:\/\/x.com\/portalmfoficial\" \/>\n<meta name=\"twitter:label1\" content=\"Escrito por\" \/>\n\t<meta name=\"twitter:data1\" content=\"Reda\u00e7\u00e3o Portal MF\" \/>\n\t<meta name=\"twitter:label2\" content=\"Est. tempo de leitura\" \/>\n\t<meta name=\"twitter:data2\" content=\"4 minutos\" \/>\n<script type=\"application\/ld+json\" class=\"yoast-schema-graph\">{\"@context\":\"https:\/\/schema.org\",\"@graph\":[{\"@type\":\"WebPage\",\"@id\":\"https:\/\/portalmf.com.br\/index.php\/2024\/02\/27\/painel-dos-festejos-juninos-tera-nova-edicao-em-2024-e-trara-novidades\/\",\"url\":\"https:\/\/portalmf.com.br\/index.php\/2024\/02\/27\/painel-dos-festejos-juninos-tera-nova-edicao-em-2024-e-trara-novidades\/\",\"name\":\"Painel dos festejos juninos ter\u00e1 nova edi\u00e7\u00e3o em 2024 e trar\u00e1 novidades - Portal MF\",\"isPartOf\":{\"@id\":\"https:\/\/portalmf.com.br\/#website\"},\"primaryImageOfPage\":{\"@id\":\"https:\/\/portalmf.com.br\/index.php\/2024\/02\/27\/painel-dos-festejos-juninos-tera-nova-edicao-em-2024-e-trara-novidades\/#primaryimage\"},\"image\":{\"@id\":\"https:\/\/portalmf.com.br\/index.php\/2024\/02\/27\/painel-dos-festejos-juninos-tera-nova-edicao-em-2024-e-trara-novidades\/#primaryimage\"},\"thumbnailUrl\":\"https:\/\/portalmf.com.br\/wp-content\/uploads\/2024\/02\/Painel-dos-festejos-juninos-tera-nova-edicao-em-2024-e-trara-novidades.jpg\",\"datePublished\":\"2024-02-27T21:24:45+00:00\",\"dateModified\":\"2024-02-27T21:24:46+00:00\",\"author\":{\"@id\":\"https:\/\/portalmf.com.br\/#\/schema\/person\/9ec101baf56233e53520c26de5d6f6f0\"},\"breadcrumb\":{\"@id\":\"https:\/\/portalmf.com.br\/index.php\/2024\/02\/27\/painel-dos-festejos-juninos-tera-nova-edicao-em-2024-e-trara-novidades\/#breadcrumb\"},\"inLanguage\":\"pt-BR\",\"potentialAction\":[{\"@type\":\"ReadAction\",\"target\":[\"https:\/\/portalmf.com.br\/index.php\/2024\/02\/27\/painel-dos-festejos-juninos-tera-nova-edicao-em-2024-e-trara-novidades\/\"]}]},{\"@type\":\"ImageObject\",\"inLanguage\":\"pt-BR\",\"@id\":\"https:\/\/portalmf.com.br\/index.php\/2024\/02\/27\/painel-dos-festejos-juninos-tera-nova-edicao-em-2024-e-trara-novidades\/#primaryimage\",\"url\":\"https:\/\/portalmf.com.br\/wp-content\/uploads\/2024\/02\/Painel-dos-festejos-juninos-tera-nova-edicao-em-2024-e-trara-novidades.jpg\",\"contentUrl\":\"https:\/\/portalmf.com.br\/wp-content\/uploads\/2024\/02\/Painel-dos-festejos-juninos-tera-nova-edicao-em-2024-e-trara-novidades.jpg\",\"width\":1920,\"height\":1280},{\"@type\":\"BreadcrumbList\",\"@id\":\"https:\/\/portalmf.com.br\/index.php\/2024\/02\/27\/painel-dos-festejos-juninos-tera-nova-edicao-em-2024-e-trara-novidades\/#breadcrumb\",\"itemListElement\":[{\"@type\":\"ListItem\",\"position\":1,\"name\":\"In\u00edcio\",\"item\":\"https:\/\/portalmf.com.br\/\"},{\"@type\":\"ListItem\",\"position\":2,\"name\":\"Painel dos festejos juninos ter\u00e1 nova edi\u00e7\u00e3o em 2024 e trar\u00e1 novidades\"}]},{\"@type\":\"WebSite\",\"@id\":\"https:\/\/portalmf.com.br\/#website\",\"url\":\"https:\/\/portalmf.com.br\/\",\"name\":\"Portal MF\",\"description\":\"Voc\u00ea conectado com a informa\u00e7\u00e3o\",\"potentialAction\":[{\"@type\":\"SearchAction\",\"target\":{\"@type\":\"EntryPoint\",\"urlTemplate\":\"https:\/\/portalmf.com.br\/?s={search_term_string}\"},\"query-input\":\"required name=search_term_string\"}],\"inLanguage\":\"pt-BR\"},{\"@type\":\"Person\",\"@id\":\"https:\/\/portalmf.com.br\/#\/schema\/person\/9ec101baf56233e53520c26de5d6f6f0\",\"name\":\"Reda\u00e7\u00e3o Portal MF\",\"image\":{\"@type\":\"ImageObject\",\"inLanguage\":\"pt-BR\",\"@id\":\"https:\/\/portalmf.com.br\/#\/schema\/person\/image\/\",\"url\":\"https:\/\/secure.gravatar.com\/avatar\/41b9aaeb2100835f7c64362330f74c7f?s=96&d=mm&r=g\",\"contentUrl\":\"https:\/\/secure.gravatar.com\/avatar\/41b9aaeb2100835f7c64362330f74c7f?s=96&d=mm&r=g\",\"caption\":\"Reda\u00e7\u00e3o Portal MF\"},\"description\":\"Sejam bem-vindos o portal de informa\u00e7\u00f5es de entretenimento de Feira de Santana, desde 2006 realiza coberturas dos principais eventos com entrevistas exclusivas com as principais personalidades mundiais. Fique conectado tamb\u00e9m nas redes sociais.\",\"sameAs\":[\"http:\/\/www.portalmf.com.br\/\",\"https:\/\/www.facebook.com\/portalmfoficial\",\"https:\/\/www.instagram.com\/portalmf\/\",\"https:\/\/x.com\/https:\/\/x.com\/portalmfoficial\",\"https:\/\/www.youtube.com\/@portalmfoficial\"],\"url\":\"https:\/\/portalmf.com.br\/index.php\/author\/junior\/\"}]}<\/script>\n<!-- \/ Yoast SEO plugin. -->","yoast_head_json":{"title":"Painel dos festejos juninos ter\u00e1 nova edi\u00e7\u00e3o em 2024 e trar\u00e1 novidades - Portal MF","robots":{"index":"index","follow":"follow","max-snippet":"max-snippet:-1","max-image-preview":"max-image-preview:large","max-video-preview":"max-video-preview:-1"},"canonical":"https:\/\/portalmf.com.br\/index.php\/2024\/02\/27\/painel-dos-festejos-juninos-tera-nova-edicao-em-2024-e-trara-novidades\/","og_locale":"pt_BR","og_type":"article","og_title":"Painel dos festejos juninos ter\u00e1 nova edi\u00e7\u00e3o em 2024 e trar\u00e1 novidades - Portal MF","og_description":"O painel da transpar\u00eancia dos festejos juninos na Bahia ter\u00e1 nova edi\u00e7\u00e3o em 2024. A meta \u00e9 coletar e disponibilizar informa\u00e7\u00f5es dos investimentos dos 417 munic\u00edpios do estado com atra\u00e7\u00f5es art\u00edsticas.&nbsp;O lan\u00e7amento oficial da ferramenta para as festas deste ano ocorreu nesta ter\u00e7a-feira, dia 27, em reuni\u00e3o realizada na sede do Tribunal de Contas do [&hellip;]","og_url":"https:\/\/portalmf.com.br\/index.php\/2024\/02\/27\/painel-dos-festejos-juninos-tera-nova-edicao-em-2024-e-trara-novidades\/","og_site_name":"Portal MF","article_author":"https:\/\/www.facebook.com\/portalmfoficial","article_published_time":"2024-02-27T21:24:45+00:00","article_modified_time":"2024-02-27T21:24:46+00:00","og_image":[{"width":1920,"height":1280,"url":"https:\/\/portalmf.com.br\/wp-content\/uploads\/2024\/02\/Painel-dos-festejos-juninos-tera-nova-edicao-em-2024-e-trara-novidades.jpg","type":"image\/jpeg"}],"author":"Reda\u00e7\u00e3o Portal MF","twitter_card":"summary_large_image","twitter_creator":"@https:\/\/x.com\/portalmfoficial","twitter_misc":{"Escrito por":"Reda\u00e7\u00e3o Portal MF","Est. tempo de leitura":"4 minutos"},"schema":{"@context":"https:\/\/schema.org","@graph":[{"@type":"WebPage","@id":"https:\/\/portalmf.com.br\/index.php\/2024\/02\/27\/painel-dos-festejos-juninos-tera-nova-edicao-em-2024-e-trara-novidades\/","url":"https:\/\/portalmf.com.br\/index.php\/2024\/02\/27\/painel-dos-festejos-juninos-tera-nova-edicao-em-2024-e-trara-novidades\/","name":"Painel dos festejos juninos ter\u00e1 nova edi\u00e7\u00e3o em 2024 e trar\u00e1 novidades - Portal MF","isPartOf":{"@id":"https:\/\/portalmf.com.br\/#website"},"primaryImageOfPage":{"@id":"https:\/\/portalmf.com.br\/index.php\/2024\/02\/27\/painel-dos-festejos-juninos-tera-nova-edicao-em-2024-e-trara-novidades\/#primaryimage"},"image":{"@id":"https:\/\/portalmf.com.br\/index.php\/2024\/02\/27\/painel-dos-festejos-juninos-tera-nova-edicao-em-2024-e-trara-novidades\/#primaryimage"},"thumbnailUrl":"https:\/\/portalmf.com.br\/wp-content\/uploads\/2024\/02\/Painel-dos-festejos-juninos-tera-nova-edicao-em-2024-e-trara-novidades.jpg","datePublished":"2024-02-27T21:24:45+00:00","dateModified":"2024-02-27T21:24:46+00:00","author":{"@id":"https:\/\/portalmf.com.br\/#\/schema\/person\/9ec101baf56233e53520c26de5d6f6f0"},"breadcrumb":{"@id":"https:\/\/portalmf.com.br\/index.php\/2024\/02\/27\/painel-dos-festejos-juninos-tera-nova-edicao-em-2024-e-trara-novidades\/#breadcrumb"},"inLanguage":"pt-BR","potentialAction":[{"@type":"ReadAction","target":["https:\/\/portalmf.com.br\/index.php\/2024\/02\/27\/painel-dos-festejos-juninos-tera-nova-edicao-em-2024-e-trara-novidades\/"]}]},{"@type":"ImageObject","inLanguage":"pt-BR","@id":"https:\/\/portalmf.com.br\/index.php\/2024\/02\/27\/painel-dos-festejos-juninos-tera-nova-edicao-em-2024-e-trara-novidades\/#primaryimage","url":"https:\/\/portalmf.com.br\/wp-content\/uploads\/2024\/02\/Painel-dos-festejos-juninos-tera-nova-edicao-em-2024-e-trara-novidades.jpg","contentUrl":"https:\/\/portalmf.com.br\/wp-content\/uploads\/2024\/02\/Painel-dos-festejos-juninos-tera-nova-edicao-em-2024-e-trara-novidades.jpg","width":1920,"height":1280},{"@type":"BreadcrumbList","@id":"https:\/\/portalmf.com.br\/index.php\/2024\/02\/27\/painel-dos-festejos-juninos-tera-nova-edicao-em-2024-e-trara-novidades\/#breadcrumb","itemListElement":[{"@type":"ListItem","position":1,"name":"In\u00edcio","item":"https:\/\/portalmf.com.br\/"},{"@type":"ListItem","position":2,"name":"Painel dos festejos juninos ter\u00e1 nova edi\u00e7\u00e3o em 2024 e trar\u00e1 novidades"}]},{"@type":"WebSite","@id":"https:\/\/portalmf.com.br\/#website","url":"https:\/\/portalmf.com.br\/","name":"Portal MF","description":"Voc\u00ea conectado com a informa\u00e7\u00e3o","potentialAction":[{"@type":"SearchAction","target":{"@type":"EntryPoint","urlTemplate":"https:\/\/portalmf.com.br\/?s={search_term_string}"},"query-input":"required name=search_term_string"}],"inLanguage":"pt-BR"},{"@type":"Person","@id":"https:\/\/portalmf.com.br\/#\/schema\/person\/9ec101baf56233e53520c26de5d6f6f0","name":"Reda\u00e7\u00e3o Portal MF","image":{"@type":"ImageObject","inLanguage":"pt-BR","@id":"https:\/\/portalmf.com.br\/#\/schema\/person\/image\/","url":"https:\/\/secure.gravatar.com\/avatar\/41b9aaeb2100835f7c64362330f74c7f?s=96&d=mm&r=g","contentUrl":"https:\/\/secure.gravatar.com\/avatar\/41b9aaeb2100835f7c64362330f74c7f?s=96&d=mm&r=g","caption":"Reda\u00e7\u00e3o Portal MF"},"description":"Sejam bem-vindos o portal de informa\u00e7\u00f5es de entretenimento de Feira de Santana, desde 2006 realiza coberturas dos principais eventos com entrevistas exclusivas com as principais personalidades mundiais. Fique conectado tamb\u00e9m nas redes sociais.","sameAs":["http:\/\/www.portalmf.com.br\/","https:\/\/www.facebook.com\/portalmfoficial","https:\/\/www.instagram.com\/portalmf\/","https:\/\/x.com\/https:\/\/x.com\/portalmfoficial","https:\/\/www.youtube.com\/@portalmfoficial"],"url":"https:\/\/portalmf.com.br\/index.php\/author\/junior\/"}]}},"_links":{"self":[{"href":"https:\/\/portalmf.com.br\/index.php\/wp-json\/wp\/v2\/posts\/24192"}],"collection":[{"href":"https:\/\/portalmf.com.br\/index.php\/wp-json\/wp\/v2\/posts"}],"about":[{"href":"https:\/\/portalmf.com.br\/index.php\/wp-json\/wp\/v2\/types\/post"}],"author":[{"embeddable":true,"href":"https:\/\/portalmf.com.br\/index.php\/wp-json\/wp\/v2\/users\/3"}],"replies":[{"embeddable":true,"href":"https:\/\/portalmf.com.br\/index.php\/wp-json\/wp\/v2\/comments?post=24192"}],"version-history":[{"count":1,"href":"https:\/\/portalmf.com.br\/index.php\/wp-json\/wp\/v2\/posts\/24192\/revisions"}],"predecessor-version":[{"id":24194,"href":"https:\/\/portalmf.com.br\/index.php\/wp-json\/wp\/v2\/posts\/24192\/revisions\/24194"}],"wp:featuredmedia":[{"embeddable":true,"href":"https:\/\/portalmf.com.br\/index.php\/wp-json\/wp\/v2\/media\/24193"}],"wp:attachment":[{"href":"https:\/\/portalmf.com.br\/index.php\/wp-json\/wp\/v2\/media?parent=24192"}],"wp:term":[{"taxonomy":"category","embeddable":true,"href":"https:\/\/portalmf.com.br\/index.php\/wp-json\/wp\/v2\/categories?post=24192"},{"taxonomy":"post_tag","embeddable":true,"href":"https:\/\/portalmf.com.br\/index.php\/wp-json\/wp\/v2\/tags?post=24192"}],"curies":[{"name":"wp","href":"https:\/\/api.w.org\/{rel}","templated":true}]}}