{"id":24165,"date":"2024-02-26T17:53:02","date_gmt":"2024-02-26T20:53:02","guid":{"rendered":"https:\/\/portalmf.com.br\/?p=24165"},"modified":"2024-02-26T17:53:03","modified_gmt":"2024-02-26T20:53:03","slug":"projeto-vacinacao-na-escola-amplia-a-protecao-aos-estudantes-da-rede-estadual-de-ensino","status":"publish","type":"post","link":"https:\/\/portalmf.com.br\/index.php\/2024\/02\/26\/projeto-vacinacao-na-escola-amplia-a-protecao-aos-estudantes-da-rede-estadual-de-ensino\/","title":{"rendered":"Projeto Vacina\u00e7\u00e3o na Escola amplia a prote\u00e7\u00e3o aos estudantes da rede estadual de ensino"},"content":{"rendered":"\n<p>Os estudantes da rede estadual de ensino de toda a Bahia est\u00e3o tendo a oportunidade de colocar a carteira de vacina\u00e7\u00e3o em dia, atrav\u00e9s do projeto Vacina\u00e7\u00e3o nas Escolas, iniciado nesta segunda-feira (26).&nbsp; A iniciativa \u00e9 o resultado da integra\u00e7\u00e3o e articula\u00e7\u00e3o entre as pol\u00edticas e a\u00e7\u00f5es das secretarias estaduais da Sa\u00fade e da Educa\u00e7\u00e3o e visa, por meio dessa parceria, ampliar a prote\u00e7\u00e3o aos alunos e oportunizar a oferta de imunizantes aos que n\u00e3o tiveram condi\u00e7\u00f5es de se dirigir aos postos de sa\u00fade.<\/p>\n\n\n\n<p>O cronograma prev\u00ea duas semanas de mobiliza\u00e7\u00e3o, dentro do calend\u00e1rio escolar, sendo a do primeiro semestre est\u00e1 programada para ocorrer entre os dias 26 de fevereiro e 1\u00ba de mar\u00e7o, e a do segundo semestre, de 8 a 12 de julho. O projeto foi lan\u00e7ado na abertura do ano letivo 2024 para erradicar, eliminar e controlar diversas doen\u00e7as imunopreven\u00edveis infectocontagiosas, devido \u00e0s baixas coberturas vacinais apresentadas em todo pa\u00eds e \u00e0 possibilidade do retorno de doen\u00e7as antes controladas por meio da imuniza\u00e7\u00e3o.<\/p>\n\n\n\n<p>Para alcan\u00e7ar o maior n\u00famero de estudantes, est\u00e3o sendo encaminhadas equipes capacitadas \u00e0s escolas. Os profissionais avaliam a caderneta e atualizam o esquema vacinal do p\u00fablico-alvo. O carro da vacina vai rodar por essas escolas para ofertar as vacinas aos estudantes, fortalecendo a imuniza\u00e7\u00e3o contra doen\u00e7as como HPV e Covid, e outras vacinas importantes para a juventude. \u00c9 preciso que as unidades de ensino agendem a visita dos profissionais e comuniquem previamente aos pais ou respons\u00e1veis.<\/p>\n\n\n\n<p>Nesta segunda-feira (26), entre as unidades escolares que disp\u00f5em da iniciativa, foram vacinados os estudantes do Col\u00e9gio Estadual R\u00f4mulo Galv\u00e3o, no munic\u00edpio de Tucano, e do Col\u00e9gio Estadual Hamilton Rios, em Concei\u00e7\u00e3o do Coit\u00e9. A a\u00e7\u00e3o continua nas duas escolas, nesta ter\u00e7a-feira (27), com a imuniza\u00e7\u00e3o de mais estudantes. Dentre as vacinas aplicadas est\u00e3o de HPV, Febre Amarela, Difteria, T\u00e9tano e Covid, entre outras.<\/p>\n\n\n\n<p>Para o estudante Breno dos Santos, 15, 1\u00ba ano do Col\u00e9gio Estadual Hamilton Rios, em Concei\u00e7\u00e3o do Coit\u00e9, o acesso \u00e0s vacinas na escola \u00e9 importante para a imuniza\u00e7\u00e3o dos jovens. \u201cTer esses profissionais de sa\u00fade na escola nos vacinando \u00e9 muito bom e facilita bastante, pois n\u00e3o precisamos nos deslocar para um posto de sa\u00fade e temos a oportunidade de atualizar a nossa caderneta. Acabei de tomar a vacina de T\u00e9tano, que era a \u00fanica que estava faltando tomar.&nbsp; Foi muito r\u00e1pido e tranquilo\u201d, contou. &nbsp;<\/p>\n\n\n\n<p>O destaque desta a\u00e7\u00e3o \u00e9 a abrang\u00eancia, que tem como objetivo alcan\u00e7ar estudantes das diversas modalidades e ofertas da rede, em especial, da Educa\u00e7\u00e3o Escolar do Campo, Educa\u00e7\u00e3o Escolar Quilombola, da Educa\u00e7\u00e3o Escolar Ind\u00edgena e da Educa\u00e7\u00e3o de Jovens e Adultos. \u00c9 importante a apresenta\u00e7\u00e3o do cart\u00e3o de vacina para ser avaliado e atualizado, conforme a necessidade. Tamb\u00e9m ser\u00e3o realizadas mobiliza\u00e7\u00f5es de pais, respons\u00e1veis e fam\u00edlias sobre a import\u00e2ncia da vacina\u00e7\u00e3o para manter a comunidade escolar protegida, bem como abordagem do tema para a comunidade em escolas e eventos do setor de educa\u00e7\u00e3o.<\/p>\n","protected":false},"excerpt":{"rendered":"<p>Os estudantes da rede estadual de ensino de toda a Bahia est\u00e3o tendo a oportunidade de colocar a carteira de vacina\u00e7\u00e3o em dia, atrav\u00e9s do projeto Vacina\u00e7\u00e3o nas Escolas, iniciado nesta segunda-feira (26).&nbsp; A iniciativa \u00e9 o resultado da integra\u00e7\u00e3o e articula\u00e7\u00e3o entre as pol\u00edticas e a\u00e7\u00f5es das secretarias estaduais da Sa\u00fade e da Educa\u00e7\u00e3o [&hellip;]<\/p>\n","protected":false},"author":3,"featured_media":24166,"comment_status":"open","ping_status":"open","sticky":false,"template":"","format":"standard","meta":{"_monsterinsights_skip_tracking":false,"_monsterinsights_sitenote_active":false,"_monsterinsights_sitenote_note":"","_monsterinsights_sitenote_category":0,"footnotes":""},"categories":[34],"tags":[],"yoast_head":"<!-- This site is optimized with the Yoast SEO plugin v22.9 - https:\/\/yoast.com\/wordpress\/plugins\/seo\/ -->\n<title>Projeto Vacina\u00e7\u00e3o na Escola amplia a prote\u00e7\u00e3o aos estudantes da rede estadual de ensino - Portal MF<\/title>\n<meta name=\"robots\" content=\"index, follow, max-snippet:-1, max-image-preview:large, max-video-preview:-1\" \/>\n<link rel=\"canonical\" href=\"https:\/\/portalmf.com.br\/index.php\/2024\/02\/26\/projeto-vacinacao-na-escola-amplia-a-protecao-aos-estudantes-da-rede-estadual-de-ensino\/\" \/>\n<meta property=\"og:locale\" content=\"pt_BR\" \/>\n<meta property=\"og:type\" content=\"article\" \/>\n<meta property=\"og:title\" content=\"Projeto Vacina\u00e7\u00e3o na Escola amplia a prote\u00e7\u00e3o aos estudantes da rede estadual de ensino - Portal MF\" \/>\n<meta property=\"og:description\" content=\"Os estudantes da rede estadual de ensino de toda a Bahia est\u00e3o tendo a oportunidade de colocar a carteira de vacina\u00e7\u00e3o em dia, atrav\u00e9s do projeto Vacina\u00e7\u00e3o nas Escolas, iniciado nesta segunda-feira (26).&nbsp; A iniciativa \u00e9 o resultado da integra\u00e7\u00e3o e articula\u00e7\u00e3o entre as pol\u00edticas e a\u00e7\u00f5es das secretarias estaduais da Sa\u00fade e da Educa\u00e7\u00e3o [&hellip;]\" \/>\n<meta property=\"og:url\" content=\"https:\/\/portalmf.com.br\/index.php\/2024\/02\/26\/projeto-vacinacao-na-escola-amplia-a-protecao-aos-estudantes-da-rede-estadual-de-ensino\/\" \/>\n<meta property=\"og:site_name\" content=\"Portal MF\" \/>\n<meta property=\"article:author\" content=\"https:\/\/www.facebook.com\/portalmfoficial\" \/>\n<meta property=\"article:published_time\" content=\"2024-02-26T20:53:02+00:00\" \/>\n<meta property=\"article:modified_time\" content=\"2024-02-26T20:53:03+00:00\" \/>\n<meta property=\"og:image\" content=\"https:\/\/portalmf.com.br\/wp-content\/uploads\/2024\/02\/WhatsApp-Image-2024-02-26-at-16.23.38.jpeg\" \/>\n\t<meta property=\"og:image:width\" content=\"1280\" \/>\n\t<meta property=\"og:image:height\" content=\"960\" \/>\n\t<meta property=\"og:image:type\" content=\"image\/jpeg\" \/>\n<meta name=\"author\" content=\"Reda\u00e7\u00e3o Portal MF\" \/>\n<meta name=\"twitter:card\" content=\"summary_large_image\" \/>\n<meta name=\"twitter:creator\" content=\"@https:\/\/x.com\/portalmfoficial\" \/>\n<meta name=\"twitter:label1\" content=\"Escrito por\" \/>\n\t<meta name=\"twitter:data1\" content=\"Reda\u00e7\u00e3o Portal MF\" \/>\n\t<meta name=\"twitter:label2\" content=\"Est. tempo de leitura\" \/>\n\t<meta name=\"twitter:data2\" content=\"3 minutos\" \/>\n<script type=\"application\/ld+json\" class=\"yoast-schema-graph\">{\"@context\":\"https:\/\/schema.org\",\"@graph\":[{\"@type\":\"WebPage\",\"@id\":\"https:\/\/portalmf.com.br\/index.php\/2024\/02\/26\/projeto-vacinacao-na-escola-amplia-a-protecao-aos-estudantes-da-rede-estadual-de-ensino\/\",\"url\":\"https:\/\/portalmf.com.br\/index.php\/2024\/02\/26\/projeto-vacinacao-na-escola-amplia-a-protecao-aos-estudantes-da-rede-estadual-de-ensino\/\",\"name\":\"Projeto Vacina\u00e7\u00e3o na Escola amplia a prote\u00e7\u00e3o aos estudantes da rede estadual de ensino - Portal MF\",\"isPartOf\":{\"@id\":\"https:\/\/portalmf.com.br\/#website\"},\"primaryImageOfPage\":{\"@id\":\"https:\/\/portalmf.com.br\/index.php\/2024\/02\/26\/projeto-vacinacao-na-escola-amplia-a-protecao-aos-estudantes-da-rede-estadual-de-ensino\/#primaryimage\"},\"image\":{\"@id\":\"https:\/\/portalmf.com.br\/index.php\/2024\/02\/26\/projeto-vacinacao-na-escola-amplia-a-protecao-aos-estudantes-da-rede-estadual-de-ensino\/#primaryimage\"},\"thumbnailUrl\":\"https:\/\/portalmf.com.br\/wp-content\/uploads\/2024\/02\/WhatsApp-Image-2024-02-26-at-16.23.38.jpeg\",\"datePublished\":\"2024-02-26T20:53:02+00:00\",\"dateModified\":\"2024-02-26T20:53:03+00:00\",\"author\":{\"@id\":\"https:\/\/portalmf.com.br\/#\/schema\/person\/9ec101baf56233e53520c26de5d6f6f0\"},\"breadcrumb\":{\"@id\":\"https:\/\/portalmf.com.br\/index.php\/2024\/02\/26\/projeto-vacinacao-na-escola-amplia-a-protecao-aos-estudantes-da-rede-estadual-de-ensino\/#breadcrumb\"},\"inLanguage\":\"pt-BR\",\"potentialAction\":[{\"@type\":\"ReadAction\",\"target\":[\"https:\/\/portalmf.com.br\/index.php\/2024\/02\/26\/projeto-vacinacao-na-escola-amplia-a-protecao-aos-estudantes-da-rede-estadual-de-ensino\/\"]}]},{\"@type\":\"ImageObject\",\"inLanguage\":\"pt-BR\",\"@id\":\"https:\/\/portalmf.com.br\/index.php\/2024\/02\/26\/projeto-vacinacao-na-escola-amplia-a-protecao-aos-estudantes-da-rede-estadual-de-ensino\/#primaryimage\",\"url\":\"https:\/\/portalmf.com.br\/wp-content\/uploads\/2024\/02\/WhatsApp-Image-2024-02-26-at-16.23.38.jpeg\",\"contentUrl\":\"https:\/\/portalmf.com.br\/wp-content\/uploads\/2024\/02\/WhatsApp-Image-2024-02-26-at-16.23.38.jpeg\",\"width\":1280,\"height\":960},{\"@type\":\"BreadcrumbList\",\"@id\":\"https:\/\/portalmf.com.br\/index.php\/2024\/02\/26\/projeto-vacinacao-na-escola-amplia-a-protecao-aos-estudantes-da-rede-estadual-de-ensino\/#breadcrumb\",\"itemListElement\":[{\"@type\":\"ListItem\",\"position\":1,\"name\":\"In\u00edcio\",\"item\":\"https:\/\/portalmf.com.br\/\"},{\"@type\":\"ListItem\",\"position\":2,\"name\":\"Projeto Vacina\u00e7\u00e3o na Escola amplia a prote\u00e7\u00e3o aos estudantes da rede estadual de ensino\"}]},{\"@type\":\"WebSite\",\"@id\":\"https:\/\/portalmf.com.br\/#website\",\"url\":\"https:\/\/portalmf.com.br\/\",\"name\":\"Portal MF\",\"description\":\"Voc\u00ea conectado com a informa\u00e7\u00e3o\",\"potentialAction\":[{\"@type\":\"SearchAction\",\"target\":{\"@type\":\"EntryPoint\",\"urlTemplate\":\"https:\/\/portalmf.com.br\/?s={search_term_string}\"},\"query-input\":\"required name=search_term_string\"}],\"inLanguage\":\"pt-BR\"},{\"@type\":\"Person\",\"@id\":\"https:\/\/portalmf.com.br\/#\/schema\/person\/9ec101baf56233e53520c26de5d6f6f0\",\"name\":\"Reda\u00e7\u00e3o Portal MF\",\"image\":{\"@type\":\"ImageObject\",\"inLanguage\":\"pt-BR\",\"@id\":\"https:\/\/portalmf.com.br\/#\/schema\/person\/image\/\",\"url\":\"https:\/\/secure.gravatar.com\/avatar\/41b9aaeb2100835f7c64362330f74c7f?s=96&d=mm&r=g\",\"contentUrl\":\"https:\/\/secure.gravatar.com\/avatar\/41b9aaeb2100835f7c64362330f74c7f?s=96&d=mm&r=g\",\"caption\":\"Reda\u00e7\u00e3o Portal MF\"},\"description\":\"Sejam bem-vindos o portal de informa\u00e7\u00f5es de entretenimento de Feira de Santana, desde 2006 realiza coberturas dos principais eventos com entrevistas exclusivas com as principais personalidades mundiais. Fique conectado tamb\u00e9m nas redes sociais.\",\"sameAs\":[\"http:\/\/www.portalmf.com.br\/\",\"https:\/\/www.facebook.com\/portalmfoficial\",\"https:\/\/www.instagram.com\/portalmf\/\",\"https:\/\/x.com\/https:\/\/x.com\/portalmfoficial\",\"https:\/\/www.youtube.com\/@portalmfoficial\"],\"url\":\"https:\/\/portalmf.com.br\/index.php\/author\/junior\/\"}]}<\/script>\n<!-- \/ Yoast SEO plugin. -->","yoast_head_json":{"title":"Projeto Vacina\u00e7\u00e3o na Escola amplia a prote\u00e7\u00e3o aos estudantes da rede estadual de ensino - Portal MF","robots":{"index":"index","follow":"follow","max-snippet":"max-snippet:-1","max-image-preview":"max-image-preview:large","max-video-preview":"max-video-preview:-1"},"canonical":"https:\/\/portalmf.com.br\/index.php\/2024\/02\/26\/projeto-vacinacao-na-escola-amplia-a-protecao-aos-estudantes-da-rede-estadual-de-ensino\/","og_locale":"pt_BR","og_type":"article","og_title":"Projeto Vacina\u00e7\u00e3o na Escola amplia a prote\u00e7\u00e3o aos estudantes da rede estadual de ensino - Portal MF","og_description":"Os estudantes da rede estadual de ensino de toda a Bahia est\u00e3o tendo a oportunidade de colocar a carteira de vacina\u00e7\u00e3o em dia, atrav\u00e9s do projeto Vacina\u00e7\u00e3o nas Escolas, iniciado nesta segunda-feira (26).&nbsp; A iniciativa \u00e9 o resultado da integra\u00e7\u00e3o e articula\u00e7\u00e3o entre as pol\u00edticas e a\u00e7\u00f5es das secretarias estaduais da Sa\u00fade e da Educa\u00e7\u00e3o [&hellip;]","og_url":"https:\/\/portalmf.com.br\/index.php\/2024\/02\/26\/projeto-vacinacao-na-escola-amplia-a-protecao-aos-estudantes-da-rede-estadual-de-ensino\/","og_site_name":"Portal MF","article_author":"https:\/\/www.facebook.com\/portalmfoficial","article_published_time":"2024-02-26T20:53:02+00:00","article_modified_time":"2024-02-26T20:53:03+00:00","og_image":[{"width":1280,"height":960,"url":"https:\/\/portalmf.com.br\/wp-content\/uploads\/2024\/02\/WhatsApp-Image-2024-02-26-at-16.23.38.jpeg","type":"image\/jpeg"}],"author":"Reda\u00e7\u00e3o Portal MF","twitter_card":"summary_large_image","twitter_creator":"@https:\/\/x.com\/portalmfoficial","twitter_misc":{"Escrito por":"Reda\u00e7\u00e3o Portal MF","Est. tempo de leitura":"3 minutos"},"schema":{"@context":"https:\/\/schema.org","@graph":[{"@type":"WebPage","@id":"https:\/\/portalmf.com.br\/index.php\/2024\/02\/26\/projeto-vacinacao-na-escola-amplia-a-protecao-aos-estudantes-da-rede-estadual-de-ensino\/","url":"https:\/\/portalmf.com.br\/index.php\/2024\/02\/26\/projeto-vacinacao-na-escola-amplia-a-protecao-aos-estudantes-da-rede-estadual-de-ensino\/","name":"Projeto Vacina\u00e7\u00e3o na Escola amplia a prote\u00e7\u00e3o aos estudantes da rede estadual de ensino - Portal MF","isPartOf":{"@id":"https:\/\/portalmf.com.br\/#website"},"primaryImageOfPage":{"@id":"https:\/\/portalmf.com.br\/index.php\/2024\/02\/26\/projeto-vacinacao-na-escola-amplia-a-protecao-aos-estudantes-da-rede-estadual-de-ensino\/#primaryimage"},"image":{"@id":"https:\/\/portalmf.com.br\/index.php\/2024\/02\/26\/projeto-vacinacao-na-escola-amplia-a-protecao-aos-estudantes-da-rede-estadual-de-ensino\/#primaryimage"},"thumbnailUrl":"https:\/\/portalmf.com.br\/wp-content\/uploads\/2024\/02\/WhatsApp-Image-2024-02-26-at-16.23.38.jpeg","datePublished":"2024-02-26T20:53:02+00:00","dateModified":"2024-02-26T20:53:03+00:00","author":{"@id":"https:\/\/portalmf.com.br\/#\/schema\/person\/9ec101baf56233e53520c26de5d6f6f0"},"breadcrumb":{"@id":"https:\/\/portalmf.com.br\/index.php\/2024\/02\/26\/projeto-vacinacao-na-escola-amplia-a-protecao-aos-estudantes-da-rede-estadual-de-ensino\/#breadcrumb"},"inLanguage":"pt-BR","potentialAction":[{"@type":"ReadAction","target":["https:\/\/portalmf.com.br\/index.php\/2024\/02\/26\/projeto-vacinacao-na-escola-amplia-a-protecao-aos-estudantes-da-rede-estadual-de-ensino\/"]}]},{"@type":"ImageObject","inLanguage":"pt-BR","@id":"https:\/\/portalmf.com.br\/index.php\/2024\/02\/26\/projeto-vacinacao-na-escola-amplia-a-protecao-aos-estudantes-da-rede-estadual-de-ensino\/#primaryimage","url":"https:\/\/portalmf.com.br\/wp-content\/uploads\/2024\/02\/WhatsApp-Image-2024-02-26-at-16.23.38.jpeg","contentUrl":"https:\/\/portalmf.com.br\/wp-content\/uploads\/2024\/02\/WhatsApp-Image-2024-02-26-at-16.23.38.jpeg","width":1280,"height":960},{"@type":"BreadcrumbList","@id":"https:\/\/portalmf.com.br\/index.php\/2024\/02\/26\/projeto-vacinacao-na-escola-amplia-a-protecao-aos-estudantes-da-rede-estadual-de-ensino\/#breadcrumb","itemListElement":[{"@type":"ListItem","position":1,"name":"In\u00edcio","item":"https:\/\/portalmf.com.br\/"},{"@type":"ListItem","position":2,"name":"Projeto Vacina\u00e7\u00e3o na Escola amplia a prote\u00e7\u00e3o aos estudantes da rede estadual de ensino"}]},{"@type":"WebSite","@id":"https:\/\/portalmf.com.br\/#website","url":"https:\/\/portalmf.com.br\/","name":"Portal MF","description":"Voc\u00ea conectado com a informa\u00e7\u00e3o","potentialAction":[{"@type":"SearchAction","target":{"@type":"EntryPoint","urlTemplate":"https:\/\/portalmf.com.br\/?s={search_term_string}"},"query-input":"required name=search_term_string"}],"inLanguage":"pt-BR"},{"@type":"Person","@id":"https:\/\/portalmf.com.br\/#\/schema\/person\/9ec101baf56233e53520c26de5d6f6f0","name":"Reda\u00e7\u00e3o Portal MF","image":{"@type":"ImageObject","inLanguage":"pt-BR","@id":"https:\/\/portalmf.com.br\/#\/schema\/person\/image\/","url":"https:\/\/secure.gravatar.com\/avatar\/41b9aaeb2100835f7c64362330f74c7f?s=96&d=mm&r=g","contentUrl":"https:\/\/secure.gravatar.com\/avatar\/41b9aaeb2100835f7c64362330f74c7f?s=96&d=mm&r=g","caption":"Reda\u00e7\u00e3o Portal MF"},"description":"Sejam bem-vindos o portal de informa\u00e7\u00f5es de entretenimento de Feira de Santana, desde 2006 realiza coberturas dos principais eventos com entrevistas exclusivas com as principais personalidades mundiais. Fique conectado tamb\u00e9m nas redes sociais.","sameAs":["http:\/\/www.portalmf.com.br\/","https:\/\/www.facebook.com\/portalmfoficial","https:\/\/www.instagram.com\/portalmf\/","https:\/\/x.com\/https:\/\/x.com\/portalmfoficial","https:\/\/www.youtube.com\/@portalmfoficial"],"url":"https:\/\/portalmf.com.br\/index.php\/author\/junior\/"}]}},"_links":{"self":[{"href":"https:\/\/portalmf.com.br\/index.php\/wp-json\/wp\/v2\/posts\/24165"}],"collection":[{"href":"https:\/\/portalmf.com.br\/index.php\/wp-json\/wp\/v2\/posts"}],"about":[{"href":"https:\/\/portalmf.com.br\/index.php\/wp-json\/wp\/v2\/types\/post"}],"author":[{"embeddable":true,"href":"https:\/\/portalmf.com.br\/index.php\/wp-json\/wp\/v2\/users\/3"}],"replies":[{"embeddable":true,"href":"https:\/\/portalmf.com.br\/index.php\/wp-json\/wp\/v2\/comments?post=24165"}],"version-history":[{"count":1,"href":"https:\/\/portalmf.com.br\/index.php\/wp-json\/wp\/v2\/posts\/24165\/revisions"}],"predecessor-version":[{"id":24167,"href":"https:\/\/portalmf.com.br\/index.php\/wp-json\/wp\/v2\/posts\/24165\/revisions\/24167"}],"wp:featuredmedia":[{"embeddable":true,"href":"https:\/\/portalmf.com.br\/index.php\/wp-json\/wp\/v2\/media\/24166"}],"wp:attachment":[{"href":"https:\/\/portalmf.com.br\/index.php\/wp-json\/wp\/v2\/media?parent=24165"}],"wp:term":[{"taxonomy":"category","embeddable":true,"href":"https:\/\/portalmf.com.br\/index.php\/wp-json\/wp\/v2\/categories?post=24165"},{"taxonomy":"post_tag","embeddable":true,"href":"https:\/\/portalmf.com.br\/index.php\/wp-json\/wp\/v2\/tags?post=24165"}],"curies":[{"name":"wp","href":"https:\/\/api.w.org\/{rel}","templated":true}]}}