{"id":24152,"date":"2024-02-19T15:29:58","date_gmt":"2024-02-19T18:29:58","guid":{"rendered":"https:\/\/portalmf.com.br\/?p=24152"},"modified":"2024-02-26T15:31:04","modified_gmt":"2024-02-26T18:31:04","slug":"inscricoes-para-concurso-da-adab-ja-estao-abertas","status":"publish","type":"post","link":"https:\/\/portalmf.com.br\/index.php\/2024\/02\/19\/inscricoes-para-concurso-da-adab-ja-estao-abertas\/","title":{"rendered":"Inscri\u00e7\u00f5es para concurso da Adab j\u00e1 est\u00e3o abertas"},"content":{"rendered":"\n<p>Come\u00e7a hoje (19.02) o per\u00edodo de inscri\u00e7\u00f5es para o concurso p\u00fablico da Ag\u00eancia Estadual de Defesa Agropecu\u00e1ria da Bahia (Adab). Realiza\u00e7\u00e3o da Secretaria da Administra\u00e7\u00e3o do Estado (Saeb) em parceria com a Adab, o certame do Edital Saeb 01\/2024 est\u00e1 oferecendo 120 vagas para o cargo de Fiscal Estadual Agropecu\u00e1rio, e outras 40 para o cargo de T\u00e9cnico em Fiscaliza\u00e7\u00e3o Agropecu\u00e1ria.<\/p>\n\n\n\n<p>Os interessados em concorrer a uma das oportunidades oferecidas para o cargo de Fiscal Estadual Agropecu\u00e1rio podem escolher entre duas \u00e1reas de atua\u00e7\u00e3o: Defesa Sanit\u00e1ria e Inspe\u00e7\u00e3o Animal ou Defesa Sanit\u00e1ria Vegetal. No primeiro caso, \u00e9 preciso ter gradua\u00e7\u00e3o em Medicina Veterin\u00e1ria e, no segundo, em Agronomia. Com remunera\u00e7\u00e3o inicial de R$ 6.513,00, os aprovados obedecer\u00e3o a um regime de trabalho de 40 horas semanais.<\/p>\n\n\n\n<p>J\u00e1 os candidatos ao cargo de T\u00e9cnico em Fiscaliza\u00e7\u00e3o Agropecu\u00e1ria devem possuir forma\u00e7\u00e3o de n\u00edvel t\u00e9cnico em Agropecu\u00e1ria, nos termos definidos nas Diretrizes Curriculares Nacionais para a Educa\u00e7\u00e3o Profissional de N\u00edvel T\u00e9cnico, fixadas por meio de Resolu\u00e7\u00e3o da C\u00e2mara de Educa\u00e7\u00e3o B\u00e1sica do Minist\u00e9rio da Educa\u00e7\u00e3o (MEC).&nbsp; A remunera\u00e7\u00e3o para a classe inicial do cargo ser\u00e1 de R$ R$ 2.442,00, tamb\u00e9m para 40 horas semanais.<\/p>\n\n\n\n<p>Trinta por cento das vagas ser\u00e3o reservadas aos candidatos que se autodeclararem negros (pretos\/pardos). O concurso tamb\u00e9m prev\u00ea um percentual de 5% do n\u00famero de vagas exclusivo para candidatos com defici\u00eancia, de acordo com a legisla\u00e7\u00e3o vigente.<\/p>\n\n\n\n<p>Inscri\u00e7\u00f5es &#8211; As inscri\u00e7\u00f5es devem ser realizadas por meio do endere\u00e7o eletr\u00f4nico da FGV (<a href=\"https:\/\/conhecimento.fgv.br\/concursos\/adab24\" target=\"_blank\" rel=\"noreferrer noopener\">https:\/\/conhecimento.fgv.br\/concursos\/adab24<\/a>), empresa respons\u00e1vel pelo certame.&nbsp; O per\u00edodo de inscri\u00e7\u00f5es se encerra \u00e0s 16h do dia 04 de abril de 2024. Os candidatos devem observar o regramento e as exig\u00eancias no Edital Saeb 01\/2024.<\/p>\n\n\n\n<p>As provas ser\u00e3o realizadas em Salvador. Os endere\u00e7os dos locais para a aplica\u00e7\u00e3o das provas ser\u00e3o enviados para os candidatos pelo e-mail informado no momento da inscri\u00e7\u00e3o no certame. A sele\u00e7\u00e3o contar\u00e1 com tr\u00eas etapas: provas objetivas (car\u00e1ter eliminat\u00f3rio e classificat\u00f3rio); prova discursiva (car\u00e1ter eliminat\u00f3rio e classificat\u00f3rio) e prova de t\u00edtulos (car\u00e1ter classificat\u00f3rio, somente para o cargo de Fiscal Estadual Agropecu\u00e1rio).<\/p>\n","protected":false},"excerpt":{"rendered":"<p>Come\u00e7a hoje (19.02) o per\u00edodo de inscri\u00e7\u00f5es para o concurso p\u00fablico da Ag\u00eancia Estadual de Defesa Agropecu\u00e1ria da Bahia (Adab). Realiza\u00e7\u00e3o da Secretaria da Administra\u00e7\u00e3o do Estado (Saeb) em parceria com a Adab, o certame do Edital Saeb 01\/2024 est\u00e1 oferecendo 120 vagas para o cargo de Fiscal Estadual Agropecu\u00e1rio, e outras 40 para o [&hellip;]<\/p>\n","protected":false},"author":3,"featured_media":24153,"comment_status":"open","ping_status":"open","sticky":false,"template":"","format":"standard","meta":{"_monsterinsights_skip_tracking":false,"_monsterinsights_sitenote_active":false,"_monsterinsights_sitenote_note":"","_monsterinsights_sitenote_category":0,"footnotes":""},"categories":[34],"tags":[],"yoast_head":"<!-- This site is optimized with the Yoast SEO plugin v22.9 - https:\/\/yoast.com\/wordpress\/plugins\/seo\/ -->\n<title>Inscri\u00e7\u00f5es para concurso da Adab j\u00e1 est\u00e3o abertas - Portal MF<\/title>\n<meta name=\"robots\" content=\"index, follow, max-snippet:-1, max-image-preview:large, max-video-preview:-1\" \/>\n<link rel=\"canonical\" href=\"https:\/\/portalmf.com.br\/index.php\/2024\/02\/19\/inscricoes-para-concurso-da-adab-ja-estao-abertas\/\" \/>\n<meta property=\"og:locale\" content=\"pt_BR\" \/>\n<meta property=\"og:type\" content=\"article\" \/>\n<meta property=\"og:title\" content=\"Inscri\u00e7\u00f5es para concurso da Adab j\u00e1 est\u00e3o abertas - Portal MF\" \/>\n<meta property=\"og:description\" content=\"Come\u00e7a hoje (19.02) o per\u00edodo de inscri\u00e7\u00f5es para o concurso p\u00fablico da Ag\u00eancia Estadual de Defesa Agropecu\u00e1ria da Bahia (Adab). Realiza\u00e7\u00e3o da Secretaria da Administra\u00e7\u00e3o do Estado (Saeb) em parceria com a Adab, o certame do Edital Saeb 01\/2024 est\u00e1 oferecendo 120 vagas para o cargo de Fiscal Estadual Agropecu\u00e1rio, e outras 40 para o [&hellip;]\" \/>\n<meta property=\"og:url\" content=\"https:\/\/portalmf.com.br\/index.php\/2024\/02\/19\/inscricoes-para-concurso-da-adab-ja-estao-abertas\/\" \/>\n<meta property=\"og:site_name\" content=\"Portal MF\" \/>\n<meta property=\"article:author\" content=\"https:\/\/www.facebook.com\/portalmfoficial\" \/>\n<meta property=\"article:published_time\" content=\"2024-02-19T18:29:58+00:00\" \/>\n<meta property=\"article:modified_time\" content=\"2024-02-26T18:31:04+00:00\" \/>\n<meta property=\"og:image\" content=\"https:\/\/portalmf.com.br\/wp-content\/uploads\/2024\/02\/Inscricoes-para-concurso-da-Adab-ja-estao-abertas.jpg\" \/>\n\t<meta property=\"og:image:width\" content=\"799\" \/>\n\t<meta property=\"og:image:height\" content=\"533\" \/>\n\t<meta property=\"og:image:type\" content=\"image\/jpeg\" \/>\n<meta name=\"author\" content=\"Reda\u00e7\u00e3o Portal MF\" \/>\n<meta name=\"twitter:card\" content=\"summary_large_image\" \/>\n<meta name=\"twitter:creator\" content=\"@https:\/\/x.com\/portalmfoficial\" \/>\n<meta name=\"twitter:label1\" content=\"Escrito por\" \/>\n\t<meta name=\"twitter:data1\" content=\"Reda\u00e7\u00e3o Portal MF\" \/>\n\t<meta name=\"twitter:label2\" content=\"Est. tempo de leitura\" \/>\n\t<meta name=\"twitter:data2\" content=\"3 minutos\" \/>\n<script type=\"application\/ld+json\" class=\"yoast-schema-graph\">{\"@context\":\"https:\/\/schema.org\",\"@graph\":[{\"@type\":\"WebPage\",\"@id\":\"https:\/\/portalmf.com.br\/index.php\/2024\/02\/19\/inscricoes-para-concurso-da-adab-ja-estao-abertas\/\",\"url\":\"https:\/\/portalmf.com.br\/index.php\/2024\/02\/19\/inscricoes-para-concurso-da-adab-ja-estao-abertas\/\",\"name\":\"Inscri\u00e7\u00f5es para concurso da Adab j\u00e1 est\u00e3o abertas - Portal MF\",\"isPartOf\":{\"@id\":\"https:\/\/portalmf.com.br\/#website\"},\"primaryImageOfPage\":{\"@id\":\"https:\/\/portalmf.com.br\/index.php\/2024\/02\/19\/inscricoes-para-concurso-da-adab-ja-estao-abertas\/#primaryimage\"},\"image\":{\"@id\":\"https:\/\/portalmf.com.br\/index.php\/2024\/02\/19\/inscricoes-para-concurso-da-adab-ja-estao-abertas\/#primaryimage\"},\"thumbnailUrl\":\"https:\/\/portalmf.com.br\/wp-content\/uploads\/2024\/02\/Inscricoes-para-concurso-da-Adab-ja-estao-abertas.jpg\",\"datePublished\":\"2024-02-19T18:29:58+00:00\",\"dateModified\":\"2024-02-26T18:31:04+00:00\",\"author\":{\"@id\":\"https:\/\/portalmf.com.br\/#\/schema\/person\/9ec101baf56233e53520c26de5d6f6f0\"},\"breadcrumb\":{\"@id\":\"https:\/\/portalmf.com.br\/index.php\/2024\/02\/19\/inscricoes-para-concurso-da-adab-ja-estao-abertas\/#breadcrumb\"},\"inLanguage\":\"pt-BR\",\"potentialAction\":[{\"@type\":\"ReadAction\",\"target\":[\"https:\/\/portalmf.com.br\/index.php\/2024\/02\/19\/inscricoes-para-concurso-da-adab-ja-estao-abertas\/\"]}]},{\"@type\":\"ImageObject\",\"inLanguage\":\"pt-BR\",\"@id\":\"https:\/\/portalmf.com.br\/index.php\/2024\/02\/19\/inscricoes-para-concurso-da-adab-ja-estao-abertas\/#primaryimage\",\"url\":\"https:\/\/portalmf.com.br\/wp-content\/uploads\/2024\/02\/Inscricoes-para-concurso-da-Adab-ja-estao-abertas.jpg\",\"contentUrl\":\"https:\/\/portalmf.com.br\/wp-content\/uploads\/2024\/02\/Inscricoes-para-concurso-da-Adab-ja-estao-abertas.jpg\",\"width\":799,\"height\":533},{\"@type\":\"BreadcrumbList\",\"@id\":\"https:\/\/portalmf.com.br\/index.php\/2024\/02\/19\/inscricoes-para-concurso-da-adab-ja-estao-abertas\/#breadcrumb\",\"itemListElement\":[{\"@type\":\"ListItem\",\"position\":1,\"name\":\"In\u00edcio\",\"item\":\"https:\/\/portalmf.com.br\/\"},{\"@type\":\"ListItem\",\"position\":2,\"name\":\"Inscri\u00e7\u00f5es para concurso da Adab j\u00e1 est\u00e3o abertas\"}]},{\"@type\":\"WebSite\",\"@id\":\"https:\/\/portalmf.com.br\/#website\",\"url\":\"https:\/\/portalmf.com.br\/\",\"name\":\"Portal MF\",\"description\":\"Voc\u00ea conectado com a informa\u00e7\u00e3o\",\"potentialAction\":[{\"@type\":\"SearchAction\",\"target\":{\"@type\":\"EntryPoint\",\"urlTemplate\":\"https:\/\/portalmf.com.br\/?s={search_term_string}\"},\"query-input\":\"required name=search_term_string\"}],\"inLanguage\":\"pt-BR\"},{\"@type\":\"Person\",\"@id\":\"https:\/\/portalmf.com.br\/#\/schema\/person\/9ec101baf56233e53520c26de5d6f6f0\",\"name\":\"Reda\u00e7\u00e3o Portal MF\",\"image\":{\"@type\":\"ImageObject\",\"inLanguage\":\"pt-BR\",\"@id\":\"https:\/\/portalmf.com.br\/#\/schema\/person\/image\/\",\"url\":\"https:\/\/secure.gravatar.com\/avatar\/41b9aaeb2100835f7c64362330f74c7f?s=96&d=mm&r=g\",\"contentUrl\":\"https:\/\/secure.gravatar.com\/avatar\/41b9aaeb2100835f7c64362330f74c7f?s=96&d=mm&r=g\",\"caption\":\"Reda\u00e7\u00e3o Portal MF\"},\"description\":\"Sejam bem-vindos o portal de informa\u00e7\u00f5es de entretenimento de Feira de Santana, desde 2006 realiza coberturas dos principais eventos com entrevistas exclusivas com as principais personalidades mundiais. Fique conectado tamb\u00e9m nas redes sociais.\",\"sameAs\":[\"http:\/\/www.portalmf.com.br\/\",\"https:\/\/www.facebook.com\/portalmfoficial\",\"https:\/\/www.instagram.com\/portalmf\/\",\"https:\/\/x.com\/https:\/\/x.com\/portalmfoficial\",\"https:\/\/www.youtube.com\/@portalmfoficial\"],\"url\":\"https:\/\/portalmf.com.br\/index.php\/author\/junior\/\"}]}<\/script>\n<!-- \/ Yoast SEO plugin. -->","yoast_head_json":{"title":"Inscri\u00e7\u00f5es para concurso da Adab j\u00e1 est\u00e3o abertas - Portal MF","robots":{"index":"index","follow":"follow","max-snippet":"max-snippet:-1","max-image-preview":"max-image-preview:large","max-video-preview":"max-video-preview:-1"},"canonical":"https:\/\/portalmf.com.br\/index.php\/2024\/02\/19\/inscricoes-para-concurso-da-adab-ja-estao-abertas\/","og_locale":"pt_BR","og_type":"article","og_title":"Inscri\u00e7\u00f5es para concurso da Adab j\u00e1 est\u00e3o abertas - Portal MF","og_description":"Come\u00e7a hoje (19.02) o per\u00edodo de inscri\u00e7\u00f5es para o concurso p\u00fablico da Ag\u00eancia Estadual de Defesa Agropecu\u00e1ria da Bahia (Adab). Realiza\u00e7\u00e3o da Secretaria da Administra\u00e7\u00e3o do Estado (Saeb) em parceria com a Adab, o certame do Edital Saeb 01\/2024 est\u00e1 oferecendo 120 vagas para o cargo de Fiscal Estadual Agropecu\u00e1rio, e outras 40 para o [&hellip;]","og_url":"https:\/\/portalmf.com.br\/index.php\/2024\/02\/19\/inscricoes-para-concurso-da-adab-ja-estao-abertas\/","og_site_name":"Portal MF","article_author":"https:\/\/www.facebook.com\/portalmfoficial","article_published_time":"2024-02-19T18:29:58+00:00","article_modified_time":"2024-02-26T18:31:04+00:00","og_image":[{"width":799,"height":533,"url":"https:\/\/portalmf.com.br\/wp-content\/uploads\/2024\/02\/Inscricoes-para-concurso-da-Adab-ja-estao-abertas.jpg","type":"image\/jpeg"}],"author":"Reda\u00e7\u00e3o Portal MF","twitter_card":"summary_large_image","twitter_creator":"@https:\/\/x.com\/portalmfoficial","twitter_misc":{"Escrito por":"Reda\u00e7\u00e3o Portal MF","Est. tempo de leitura":"3 minutos"},"schema":{"@context":"https:\/\/schema.org","@graph":[{"@type":"WebPage","@id":"https:\/\/portalmf.com.br\/index.php\/2024\/02\/19\/inscricoes-para-concurso-da-adab-ja-estao-abertas\/","url":"https:\/\/portalmf.com.br\/index.php\/2024\/02\/19\/inscricoes-para-concurso-da-adab-ja-estao-abertas\/","name":"Inscri\u00e7\u00f5es para concurso da Adab j\u00e1 est\u00e3o abertas - Portal MF","isPartOf":{"@id":"https:\/\/portalmf.com.br\/#website"},"primaryImageOfPage":{"@id":"https:\/\/portalmf.com.br\/index.php\/2024\/02\/19\/inscricoes-para-concurso-da-adab-ja-estao-abertas\/#primaryimage"},"image":{"@id":"https:\/\/portalmf.com.br\/index.php\/2024\/02\/19\/inscricoes-para-concurso-da-adab-ja-estao-abertas\/#primaryimage"},"thumbnailUrl":"https:\/\/portalmf.com.br\/wp-content\/uploads\/2024\/02\/Inscricoes-para-concurso-da-Adab-ja-estao-abertas.jpg","datePublished":"2024-02-19T18:29:58+00:00","dateModified":"2024-02-26T18:31:04+00:00","author":{"@id":"https:\/\/portalmf.com.br\/#\/schema\/person\/9ec101baf56233e53520c26de5d6f6f0"},"breadcrumb":{"@id":"https:\/\/portalmf.com.br\/index.php\/2024\/02\/19\/inscricoes-para-concurso-da-adab-ja-estao-abertas\/#breadcrumb"},"inLanguage":"pt-BR","potentialAction":[{"@type":"ReadAction","target":["https:\/\/portalmf.com.br\/index.php\/2024\/02\/19\/inscricoes-para-concurso-da-adab-ja-estao-abertas\/"]}]},{"@type":"ImageObject","inLanguage":"pt-BR","@id":"https:\/\/portalmf.com.br\/index.php\/2024\/02\/19\/inscricoes-para-concurso-da-adab-ja-estao-abertas\/#primaryimage","url":"https:\/\/portalmf.com.br\/wp-content\/uploads\/2024\/02\/Inscricoes-para-concurso-da-Adab-ja-estao-abertas.jpg","contentUrl":"https:\/\/portalmf.com.br\/wp-content\/uploads\/2024\/02\/Inscricoes-para-concurso-da-Adab-ja-estao-abertas.jpg","width":799,"height":533},{"@type":"BreadcrumbList","@id":"https:\/\/portalmf.com.br\/index.php\/2024\/02\/19\/inscricoes-para-concurso-da-adab-ja-estao-abertas\/#breadcrumb","itemListElement":[{"@type":"ListItem","position":1,"name":"In\u00edcio","item":"https:\/\/portalmf.com.br\/"},{"@type":"ListItem","position":2,"name":"Inscri\u00e7\u00f5es para concurso da Adab j\u00e1 est\u00e3o abertas"}]},{"@type":"WebSite","@id":"https:\/\/portalmf.com.br\/#website","url":"https:\/\/portalmf.com.br\/","name":"Portal MF","description":"Voc\u00ea conectado com a informa\u00e7\u00e3o","potentialAction":[{"@type":"SearchAction","target":{"@type":"EntryPoint","urlTemplate":"https:\/\/portalmf.com.br\/?s={search_term_string}"},"query-input":"required name=search_term_string"}],"inLanguage":"pt-BR"},{"@type":"Person","@id":"https:\/\/portalmf.com.br\/#\/schema\/person\/9ec101baf56233e53520c26de5d6f6f0","name":"Reda\u00e7\u00e3o Portal MF","image":{"@type":"ImageObject","inLanguage":"pt-BR","@id":"https:\/\/portalmf.com.br\/#\/schema\/person\/image\/","url":"https:\/\/secure.gravatar.com\/avatar\/41b9aaeb2100835f7c64362330f74c7f?s=96&d=mm&r=g","contentUrl":"https:\/\/secure.gravatar.com\/avatar\/41b9aaeb2100835f7c64362330f74c7f?s=96&d=mm&r=g","caption":"Reda\u00e7\u00e3o Portal MF"},"description":"Sejam bem-vindos o portal de informa\u00e7\u00f5es de entretenimento de Feira de Santana, desde 2006 realiza coberturas dos principais eventos com entrevistas exclusivas com as principais personalidades mundiais. Fique conectado tamb\u00e9m nas redes sociais.","sameAs":["http:\/\/www.portalmf.com.br\/","https:\/\/www.facebook.com\/portalmfoficial","https:\/\/www.instagram.com\/portalmf\/","https:\/\/x.com\/https:\/\/x.com\/portalmfoficial","https:\/\/www.youtube.com\/@portalmfoficial"],"url":"https:\/\/portalmf.com.br\/index.php\/author\/junior\/"}]}},"_links":{"self":[{"href":"https:\/\/portalmf.com.br\/index.php\/wp-json\/wp\/v2\/posts\/24152"}],"collection":[{"href":"https:\/\/portalmf.com.br\/index.php\/wp-json\/wp\/v2\/posts"}],"about":[{"href":"https:\/\/portalmf.com.br\/index.php\/wp-json\/wp\/v2\/types\/post"}],"author":[{"embeddable":true,"href":"https:\/\/portalmf.com.br\/index.php\/wp-json\/wp\/v2\/users\/3"}],"replies":[{"embeddable":true,"href":"https:\/\/portalmf.com.br\/index.php\/wp-json\/wp\/v2\/comments?post=24152"}],"version-history":[{"count":1,"href":"https:\/\/portalmf.com.br\/index.php\/wp-json\/wp\/v2\/posts\/24152\/revisions"}],"predecessor-version":[{"id":24154,"href":"https:\/\/portalmf.com.br\/index.php\/wp-json\/wp\/v2\/posts\/24152\/revisions\/24154"}],"wp:featuredmedia":[{"embeddable":true,"href":"https:\/\/portalmf.com.br\/index.php\/wp-json\/wp\/v2\/media\/24153"}],"wp:attachment":[{"href":"https:\/\/portalmf.com.br\/index.php\/wp-json\/wp\/v2\/media?parent=24152"}],"wp:term":[{"taxonomy":"category","embeddable":true,"href":"https:\/\/portalmf.com.br\/index.php\/wp-json\/wp\/v2\/categories?post=24152"},{"taxonomy":"post_tag","embeddable":true,"href":"https:\/\/portalmf.com.br\/index.php\/wp-json\/wp\/v2\/tags?post=24152"}],"curies":[{"name":"wp","href":"https:\/\/api.w.org\/{rel}","templated":true}]}}