{"id":24118,"date":"2024-02-24T18:28:15","date_gmt":"2024-02-24T21:28:15","guid":{"rendered":"https:\/\/portalmf.com.br\/?p=24118"},"modified":"2024-02-24T18:28:16","modified_gmt":"2024-02-24T21:28:16","slug":"feira-registra-oito-furtos-de-fiacao-de-semaforo-em-dois-meses","status":"publish","type":"post","link":"https:\/\/portalmf.com.br\/index.php\/2024\/02\/24\/feira-registra-oito-furtos-de-fiacao-de-semaforo-em-dois-meses\/","title":{"rendered":"Feira registra oito furtos de fia\u00e7\u00e3o de sem\u00e1foro em dois meses"},"content":{"rendered":"\n<p>Somente nos dois primeiros meses do ano foram registrados oito furtos de fia\u00e7\u00e3o de sem\u00e1foro em ruas de Feira de Santana. O caso mais recente ocorreu na madrugada de sexta-feira (23), no t\u00fanel da avenida Jo\u00e3o Durval Carneiro, com o roubo de 160 metros de cabo. Esta foi a segunda situa\u00e7\u00e3o no local na mesma semana &#8211; a primeira ocorreu na ter\u00e7a (20).<\/p>\n\n\n\n<p>O alvo dos bandidos \u00e9 a fia\u00e7\u00e3o de cobre, considerado um metal valioso e de r\u00e1pido retorno financeiro com a venda. De acordo com o chefe da Divis\u00e3o de Sinaliza\u00e7\u00e3o e Equipamentos de Tr\u00e2nsito da SMT, Herval Borges, o preju\u00edzo \u00e9 de mais de R$ 2 mil aos cofres p\u00fablicos. Al\u00e9m dos fios, os bandidos destroem tamb\u00e9m as estruturas para acessar a fia\u00e7\u00e3o.<\/p>\n\n\n\n<p>&#8220;O ato acaba gerando problemas na cidade, como sem\u00e1foros apagados, potencializando os riscos de acidente de tr\u00e2nsito, al\u00e9m da falta de ilumina\u00e7\u00e3o quando o furto ocorre nos postes&#8221;, aponta.<\/p>\n\n\n\n<p>Como medida paliativa, est\u00e1 sendo considerada a instala\u00e7\u00e3o de cabeamento a\u00e9reo. Outra op\u00e7\u00e3o \u00e9 a utiliza\u00e7\u00e3o de cabos de alum\u00ednio, os quais t\u00eam um valor inferior ao cobre.<\/p>\n\n\n\n<p>&#8220;Seria importante que a Justi\u00e7a adotasse penas mais severas para os respons\u00e1veis pelo roubo de fia\u00e7\u00e3o de cobre. N\u00e3o podemos mais tolerar essa situa\u00e7\u00e3o. Ano passado houve flagrante e a pol\u00edcia prendeu o bandido, mas em 48 horas foi solto. Na pr\u00f3xima licita\u00e7\u00e3o planejamos solicitar a aquisi\u00e7\u00e3o de cabos de alum\u00ednio, que t\u00eam um custo 40% inferior ao dos cabos de cobre&#8221;, ressalta Herval Borges.<\/p>\n\n\n\n<p>Os furtos s\u00e3o percebidos gra\u00e7as a central de monitoramento que \u00e9 notificada por meio de um sistema de alarmes &#8211; permitindo uma r\u00e1pida identifica\u00e7\u00e3o dos locais que necessitam de reparos. Logo, a SMT envia os agentes para sinalizar o tr\u00e2nsito e inicia a reposi\u00e7\u00e3o.<\/p>\n\n\n\n<p>A SMT planeja uma a\u00e7\u00e3o conjunta com a Guarda Municipal para desarticular os furtos.<\/p>\n\n\n\n<p>Com informa\u00e7\u00f5es da Secom <\/p>\n","protected":false},"excerpt":{"rendered":"<p>Somente nos dois primeiros meses do ano foram registrados oito furtos de fia\u00e7\u00e3o de sem\u00e1foro em ruas de Feira de Santana. O caso mais recente ocorreu na madrugada de sexta-feira (23), no t\u00fanel da avenida Jo\u00e3o Durval Carneiro, com o roubo de 160 metros de cabo. Esta foi a segunda situa\u00e7\u00e3o no local na mesma [&hellip;]<\/p>\n","protected":false},"author":3,"featured_media":24119,"comment_status":"open","ping_status":"open","sticky":false,"template":"","format":"standard","meta":{"_monsterinsights_skip_tracking":false,"_monsterinsights_sitenote_active":false,"_monsterinsights_sitenote_note":"","_monsterinsights_sitenote_category":0,"footnotes":""},"categories":[34],"tags":[],"yoast_head":"<!-- This site is optimized with the Yoast SEO plugin v22.9 - https:\/\/yoast.com\/wordpress\/plugins\/seo\/ -->\n<title>Feira registra oito furtos de fia\u00e7\u00e3o de sem\u00e1foro em dois meses - Portal MF<\/title>\n<meta name=\"robots\" content=\"index, follow, max-snippet:-1, max-image-preview:large, max-video-preview:-1\" \/>\n<link rel=\"canonical\" href=\"https:\/\/portalmf.com.br\/index.php\/2024\/02\/24\/feira-registra-oito-furtos-de-fiacao-de-semaforo-em-dois-meses\/\" \/>\n<meta property=\"og:locale\" content=\"pt_BR\" \/>\n<meta property=\"og:type\" content=\"article\" \/>\n<meta property=\"og:title\" content=\"Feira registra oito furtos de fia\u00e7\u00e3o de sem\u00e1foro em dois meses - Portal MF\" \/>\n<meta property=\"og:description\" content=\"Somente nos dois primeiros meses do ano foram registrados oito furtos de fia\u00e7\u00e3o de sem\u00e1foro em ruas de Feira de Santana. O caso mais recente ocorreu na madrugada de sexta-feira (23), no t\u00fanel da avenida Jo\u00e3o Durval Carneiro, com o roubo de 160 metros de cabo. Esta foi a segunda situa\u00e7\u00e3o no local na mesma [&hellip;]\" \/>\n<meta property=\"og:url\" content=\"https:\/\/portalmf.com.br\/index.php\/2024\/02\/24\/feira-registra-oito-furtos-de-fiacao-de-semaforo-em-dois-meses\/\" \/>\n<meta property=\"og:site_name\" content=\"Portal MF\" \/>\n<meta property=\"article:author\" content=\"https:\/\/www.facebook.com\/portalmfoficial\" \/>\n<meta property=\"article:published_time\" content=\"2024-02-24T21:28:15+00:00\" \/>\n<meta property=\"article:modified_time\" content=\"2024-02-24T21:28:16+00:00\" \/>\n<meta property=\"og:image\" content=\"https:\/\/portalmf.com.br\/wp-content\/uploads\/2024\/02\/GALERIA-SERVICO-DE-RECUPERA-DE-FIACAO-DO-TUNEL-SOB-A-AVENIDA-PRESIDENTE-DULTRA-FOTO-06-POR-CAU-PRETTO.jpg\" \/>\n\t<meta property=\"og:image:width\" content=\"1299\" \/>\n\t<meta property=\"og:image:height\" content=\"866\" \/>\n\t<meta property=\"og:image:type\" content=\"image\/jpeg\" \/>\n<meta name=\"author\" content=\"Reda\u00e7\u00e3o Portal MF\" \/>\n<meta name=\"twitter:card\" content=\"summary_large_image\" \/>\n<meta name=\"twitter:creator\" content=\"@https:\/\/x.com\/portalmfoficial\" \/>\n<meta name=\"twitter:label1\" content=\"Escrito por\" \/>\n\t<meta name=\"twitter:data1\" content=\"Reda\u00e7\u00e3o Portal MF\" \/>\n\t<meta name=\"twitter:label2\" content=\"Est. tempo de leitura\" \/>\n\t<meta name=\"twitter:data2\" content=\"2 minutos\" \/>\n<script type=\"application\/ld+json\" class=\"yoast-schema-graph\">{\"@context\":\"https:\/\/schema.org\",\"@graph\":[{\"@type\":\"WebPage\",\"@id\":\"https:\/\/portalmf.com.br\/index.php\/2024\/02\/24\/feira-registra-oito-furtos-de-fiacao-de-semaforo-em-dois-meses\/\",\"url\":\"https:\/\/portalmf.com.br\/index.php\/2024\/02\/24\/feira-registra-oito-furtos-de-fiacao-de-semaforo-em-dois-meses\/\",\"name\":\"Feira registra oito furtos de fia\u00e7\u00e3o de sem\u00e1foro em dois meses - Portal MF\",\"isPartOf\":{\"@id\":\"https:\/\/portalmf.com.br\/#website\"},\"primaryImageOfPage\":{\"@id\":\"https:\/\/portalmf.com.br\/index.php\/2024\/02\/24\/feira-registra-oito-furtos-de-fiacao-de-semaforo-em-dois-meses\/#primaryimage\"},\"image\":{\"@id\":\"https:\/\/portalmf.com.br\/index.php\/2024\/02\/24\/feira-registra-oito-furtos-de-fiacao-de-semaforo-em-dois-meses\/#primaryimage\"},\"thumbnailUrl\":\"https:\/\/portalmf.com.br\/wp-content\/uploads\/2024\/02\/GALERIA-SERVICO-DE-RECUPERA-DE-FIACAO-DO-TUNEL-SOB-A-AVENIDA-PRESIDENTE-DULTRA-FOTO-06-POR-CAU-PRETTO.jpg\",\"datePublished\":\"2024-02-24T21:28:15+00:00\",\"dateModified\":\"2024-02-24T21:28:16+00:00\",\"author\":{\"@id\":\"https:\/\/portalmf.com.br\/#\/schema\/person\/9ec101baf56233e53520c26de5d6f6f0\"},\"breadcrumb\":{\"@id\":\"https:\/\/portalmf.com.br\/index.php\/2024\/02\/24\/feira-registra-oito-furtos-de-fiacao-de-semaforo-em-dois-meses\/#breadcrumb\"},\"inLanguage\":\"pt-BR\",\"potentialAction\":[{\"@type\":\"ReadAction\",\"target\":[\"https:\/\/portalmf.com.br\/index.php\/2024\/02\/24\/feira-registra-oito-furtos-de-fiacao-de-semaforo-em-dois-meses\/\"]}]},{\"@type\":\"ImageObject\",\"inLanguage\":\"pt-BR\",\"@id\":\"https:\/\/portalmf.com.br\/index.php\/2024\/02\/24\/feira-registra-oito-furtos-de-fiacao-de-semaforo-em-dois-meses\/#primaryimage\",\"url\":\"https:\/\/portalmf.com.br\/wp-content\/uploads\/2024\/02\/GALERIA-SERVICO-DE-RECUPERA-DE-FIACAO-DO-TUNEL-SOB-A-AVENIDA-PRESIDENTE-DULTRA-FOTO-06-POR-CAU-PRETTO.jpg\",\"contentUrl\":\"https:\/\/portalmf.com.br\/wp-content\/uploads\/2024\/02\/GALERIA-SERVICO-DE-RECUPERA-DE-FIACAO-DO-TUNEL-SOB-A-AVENIDA-PRESIDENTE-DULTRA-FOTO-06-POR-CAU-PRETTO.jpg\",\"width\":1299,\"height\":866},{\"@type\":\"BreadcrumbList\",\"@id\":\"https:\/\/portalmf.com.br\/index.php\/2024\/02\/24\/feira-registra-oito-furtos-de-fiacao-de-semaforo-em-dois-meses\/#breadcrumb\",\"itemListElement\":[{\"@type\":\"ListItem\",\"position\":1,\"name\":\"In\u00edcio\",\"item\":\"https:\/\/portalmf.com.br\/\"},{\"@type\":\"ListItem\",\"position\":2,\"name\":\"Feira registra oito furtos de fia\u00e7\u00e3o de sem\u00e1foro em dois meses\"}]},{\"@type\":\"WebSite\",\"@id\":\"https:\/\/portalmf.com.br\/#website\",\"url\":\"https:\/\/portalmf.com.br\/\",\"name\":\"Portal MF\",\"description\":\"Voc\u00ea conectado com a informa\u00e7\u00e3o\",\"potentialAction\":[{\"@type\":\"SearchAction\",\"target\":{\"@type\":\"EntryPoint\",\"urlTemplate\":\"https:\/\/portalmf.com.br\/?s={search_term_string}\"},\"query-input\":\"required name=search_term_string\"}],\"inLanguage\":\"pt-BR\"},{\"@type\":\"Person\",\"@id\":\"https:\/\/portalmf.com.br\/#\/schema\/person\/9ec101baf56233e53520c26de5d6f6f0\",\"name\":\"Reda\u00e7\u00e3o Portal MF\",\"image\":{\"@type\":\"ImageObject\",\"inLanguage\":\"pt-BR\",\"@id\":\"https:\/\/portalmf.com.br\/#\/schema\/person\/image\/\",\"url\":\"https:\/\/secure.gravatar.com\/avatar\/41b9aaeb2100835f7c64362330f74c7f?s=96&d=mm&r=g\",\"contentUrl\":\"https:\/\/secure.gravatar.com\/avatar\/41b9aaeb2100835f7c64362330f74c7f?s=96&d=mm&r=g\",\"caption\":\"Reda\u00e7\u00e3o Portal MF\"},\"description\":\"Sejam bem-vindos o portal de informa\u00e7\u00f5es de entretenimento de Feira de Santana, desde 2006 realiza coberturas dos principais eventos com entrevistas exclusivas com as principais personalidades mundiais. Fique conectado tamb\u00e9m nas redes sociais.\",\"sameAs\":[\"http:\/\/www.portalmf.com.br\/\",\"https:\/\/www.facebook.com\/portalmfoficial\",\"https:\/\/www.instagram.com\/portalmf\/\",\"https:\/\/x.com\/https:\/\/x.com\/portalmfoficial\",\"https:\/\/www.youtube.com\/@portalmfoficial\"],\"url\":\"https:\/\/portalmf.com.br\/index.php\/author\/junior\/\"}]}<\/script>\n<!-- \/ Yoast SEO plugin. -->","yoast_head_json":{"title":"Feira registra oito furtos de fia\u00e7\u00e3o de sem\u00e1foro em dois meses - Portal MF","robots":{"index":"index","follow":"follow","max-snippet":"max-snippet:-1","max-image-preview":"max-image-preview:large","max-video-preview":"max-video-preview:-1"},"canonical":"https:\/\/portalmf.com.br\/index.php\/2024\/02\/24\/feira-registra-oito-furtos-de-fiacao-de-semaforo-em-dois-meses\/","og_locale":"pt_BR","og_type":"article","og_title":"Feira registra oito furtos de fia\u00e7\u00e3o de sem\u00e1foro em dois meses - Portal MF","og_description":"Somente nos dois primeiros meses do ano foram registrados oito furtos de fia\u00e7\u00e3o de sem\u00e1foro em ruas de Feira de Santana. O caso mais recente ocorreu na madrugada de sexta-feira (23), no t\u00fanel da avenida Jo\u00e3o Durval Carneiro, com o roubo de 160 metros de cabo. Esta foi a segunda situa\u00e7\u00e3o no local na mesma [&hellip;]","og_url":"https:\/\/portalmf.com.br\/index.php\/2024\/02\/24\/feira-registra-oito-furtos-de-fiacao-de-semaforo-em-dois-meses\/","og_site_name":"Portal MF","article_author":"https:\/\/www.facebook.com\/portalmfoficial","article_published_time":"2024-02-24T21:28:15+00:00","article_modified_time":"2024-02-24T21:28:16+00:00","og_image":[{"width":1299,"height":866,"url":"https:\/\/portalmf.com.br\/wp-content\/uploads\/2024\/02\/GALERIA-SERVICO-DE-RECUPERA-DE-FIACAO-DO-TUNEL-SOB-A-AVENIDA-PRESIDENTE-DULTRA-FOTO-06-POR-CAU-PRETTO.jpg","type":"image\/jpeg"}],"author":"Reda\u00e7\u00e3o Portal MF","twitter_card":"summary_large_image","twitter_creator":"@https:\/\/x.com\/portalmfoficial","twitter_misc":{"Escrito por":"Reda\u00e7\u00e3o Portal MF","Est. tempo de leitura":"2 minutos"},"schema":{"@context":"https:\/\/schema.org","@graph":[{"@type":"WebPage","@id":"https:\/\/portalmf.com.br\/index.php\/2024\/02\/24\/feira-registra-oito-furtos-de-fiacao-de-semaforo-em-dois-meses\/","url":"https:\/\/portalmf.com.br\/index.php\/2024\/02\/24\/feira-registra-oito-furtos-de-fiacao-de-semaforo-em-dois-meses\/","name":"Feira registra oito furtos de fia\u00e7\u00e3o de sem\u00e1foro em dois meses - Portal MF","isPartOf":{"@id":"https:\/\/portalmf.com.br\/#website"},"primaryImageOfPage":{"@id":"https:\/\/portalmf.com.br\/index.php\/2024\/02\/24\/feira-registra-oito-furtos-de-fiacao-de-semaforo-em-dois-meses\/#primaryimage"},"image":{"@id":"https:\/\/portalmf.com.br\/index.php\/2024\/02\/24\/feira-registra-oito-furtos-de-fiacao-de-semaforo-em-dois-meses\/#primaryimage"},"thumbnailUrl":"https:\/\/portalmf.com.br\/wp-content\/uploads\/2024\/02\/GALERIA-SERVICO-DE-RECUPERA-DE-FIACAO-DO-TUNEL-SOB-A-AVENIDA-PRESIDENTE-DULTRA-FOTO-06-POR-CAU-PRETTO.jpg","datePublished":"2024-02-24T21:28:15+00:00","dateModified":"2024-02-24T21:28:16+00:00","author":{"@id":"https:\/\/portalmf.com.br\/#\/schema\/person\/9ec101baf56233e53520c26de5d6f6f0"},"breadcrumb":{"@id":"https:\/\/portalmf.com.br\/index.php\/2024\/02\/24\/feira-registra-oito-furtos-de-fiacao-de-semaforo-em-dois-meses\/#breadcrumb"},"inLanguage":"pt-BR","potentialAction":[{"@type":"ReadAction","target":["https:\/\/portalmf.com.br\/index.php\/2024\/02\/24\/feira-registra-oito-furtos-de-fiacao-de-semaforo-em-dois-meses\/"]}]},{"@type":"ImageObject","inLanguage":"pt-BR","@id":"https:\/\/portalmf.com.br\/index.php\/2024\/02\/24\/feira-registra-oito-furtos-de-fiacao-de-semaforo-em-dois-meses\/#primaryimage","url":"https:\/\/portalmf.com.br\/wp-content\/uploads\/2024\/02\/GALERIA-SERVICO-DE-RECUPERA-DE-FIACAO-DO-TUNEL-SOB-A-AVENIDA-PRESIDENTE-DULTRA-FOTO-06-POR-CAU-PRETTO.jpg","contentUrl":"https:\/\/portalmf.com.br\/wp-content\/uploads\/2024\/02\/GALERIA-SERVICO-DE-RECUPERA-DE-FIACAO-DO-TUNEL-SOB-A-AVENIDA-PRESIDENTE-DULTRA-FOTO-06-POR-CAU-PRETTO.jpg","width":1299,"height":866},{"@type":"BreadcrumbList","@id":"https:\/\/portalmf.com.br\/index.php\/2024\/02\/24\/feira-registra-oito-furtos-de-fiacao-de-semaforo-em-dois-meses\/#breadcrumb","itemListElement":[{"@type":"ListItem","position":1,"name":"In\u00edcio","item":"https:\/\/portalmf.com.br\/"},{"@type":"ListItem","position":2,"name":"Feira registra oito furtos de fia\u00e7\u00e3o de sem\u00e1foro em dois meses"}]},{"@type":"WebSite","@id":"https:\/\/portalmf.com.br\/#website","url":"https:\/\/portalmf.com.br\/","name":"Portal MF","description":"Voc\u00ea conectado com a informa\u00e7\u00e3o","potentialAction":[{"@type":"SearchAction","target":{"@type":"EntryPoint","urlTemplate":"https:\/\/portalmf.com.br\/?s={search_term_string}"},"query-input":"required name=search_term_string"}],"inLanguage":"pt-BR"},{"@type":"Person","@id":"https:\/\/portalmf.com.br\/#\/schema\/person\/9ec101baf56233e53520c26de5d6f6f0","name":"Reda\u00e7\u00e3o Portal MF","image":{"@type":"ImageObject","inLanguage":"pt-BR","@id":"https:\/\/portalmf.com.br\/#\/schema\/person\/image\/","url":"https:\/\/secure.gravatar.com\/avatar\/41b9aaeb2100835f7c64362330f74c7f?s=96&d=mm&r=g","contentUrl":"https:\/\/secure.gravatar.com\/avatar\/41b9aaeb2100835f7c64362330f74c7f?s=96&d=mm&r=g","caption":"Reda\u00e7\u00e3o Portal MF"},"description":"Sejam bem-vindos o portal de informa\u00e7\u00f5es de entretenimento de Feira de Santana, desde 2006 realiza coberturas dos principais eventos com entrevistas exclusivas com as principais personalidades mundiais. Fique conectado tamb\u00e9m nas redes sociais.","sameAs":["http:\/\/www.portalmf.com.br\/","https:\/\/www.facebook.com\/portalmfoficial","https:\/\/www.instagram.com\/portalmf\/","https:\/\/x.com\/https:\/\/x.com\/portalmfoficial","https:\/\/www.youtube.com\/@portalmfoficial"],"url":"https:\/\/portalmf.com.br\/index.php\/author\/junior\/"}]}},"_links":{"self":[{"href":"https:\/\/portalmf.com.br\/index.php\/wp-json\/wp\/v2\/posts\/24118"}],"collection":[{"href":"https:\/\/portalmf.com.br\/index.php\/wp-json\/wp\/v2\/posts"}],"about":[{"href":"https:\/\/portalmf.com.br\/index.php\/wp-json\/wp\/v2\/types\/post"}],"author":[{"embeddable":true,"href":"https:\/\/portalmf.com.br\/index.php\/wp-json\/wp\/v2\/users\/3"}],"replies":[{"embeddable":true,"href":"https:\/\/portalmf.com.br\/index.php\/wp-json\/wp\/v2\/comments?post=24118"}],"version-history":[{"count":1,"href":"https:\/\/portalmf.com.br\/index.php\/wp-json\/wp\/v2\/posts\/24118\/revisions"}],"predecessor-version":[{"id":24120,"href":"https:\/\/portalmf.com.br\/index.php\/wp-json\/wp\/v2\/posts\/24118\/revisions\/24120"}],"wp:featuredmedia":[{"embeddable":true,"href":"https:\/\/portalmf.com.br\/index.php\/wp-json\/wp\/v2\/media\/24119"}],"wp:attachment":[{"href":"https:\/\/portalmf.com.br\/index.php\/wp-json\/wp\/v2\/media?parent=24118"}],"wp:term":[{"taxonomy":"category","embeddable":true,"href":"https:\/\/portalmf.com.br\/index.php\/wp-json\/wp\/v2\/categories?post=24118"},{"taxonomy":"post_tag","embeddable":true,"href":"https:\/\/portalmf.com.br\/index.php\/wp-json\/wp\/v2\/tags?post=24118"}],"curies":[{"name":"wp","href":"https:\/\/api.w.org\/{rel}","templated":true}]}}