{"id":24114,"date":"2024-02-24T18:22:28","date_gmt":"2024-02-24T21:22:28","guid":{"rendered":"https:\/\/portalmf.com.br\/?p=24114"},"modified":"2024-02-24T18:22:30","modified_gmt":"2024-02-24T21:22:30","slug":"nos-199-anos-da-pmba-ze-neto-recebe-medalha-do-merito-a-maior-honraria-da-corporacao","status":"publish","type":"post","link":"https:\/\/portalmf.com.br\/index.php\/2024\/02\/24\/nos-199-anos-da-pmba-ze-neto-recebe-medalha-do-merito-a-maior-honraria-da-corporacao\/","title":{"rendered":"Nos 199 anos da PMBA, Z\u00e9 Neto recebe Medalha do M\u00e9rito, a maior honraria da corpora\u00e7\u00e3o"},"content":{"rendered":"\n<p>O deputado federal Z\u00e9 Neto (PT) recebeu nesta sexta-feira (23) a Medalha do M\u00e9rito Marechal Argolo \u2013 Visconde de Itaparica, a mais alta condecora\u00e7\u00e3o concedida pela Pol\u00edcia Militar da Bahia (PMBA), que completa 199 anos este m\u00eas, a autoridades que se destacaram em prol da seguran\u00e7a p\u00fablica. A solenidade foi realizada na Vila Policial Militar do Bonfim, em Salvador.<\/p>\n\n\n\n<p>Ao receber a Medalha das m\u00e3os do secret\u00e1rio de Seguran\u00e7a P\u00fablica, Marcelo Werner, na presen\u00e7a do vice-governador Geraldo J\u00fanior e do comandante-geral da PMBA, Coronel Paulo Coutinho, Z\u00e9 Neto agradeceu a honraria e relembrou que a hist\u00f3ria da corpora\u00e7\u00e3o se confunde com sua pr\u00f3pria trajet\u00f3ria de vida.<\/p>\n\n\n\n<figure class=\"wp-block-image size-large\"><img fetchpriority=\"high\" decoding=\"async\" width=\"1024\" height=\"682\" src=\"https:\/\/portalmf.com.br\/wp-content\/uploads\/2024\/02\/IMG-20240224-WA0088-1024x682.jpg\" alt=\"\" class=\"wp-image-24115\" srcset=\"https:\/\/portalmf.com.br\/wp-content\/uploads\/2024\/02\/IMG-20240224-WA0088-1024x682.jpg 1024w, https:\/\/portalmf.com.br\/wp-content\/uploads\/2024\/02\/IMG-20240224-WA0088-300x200.jpg 300w, https:\/\/portalmf.com.br\/wp-content\/uploads\/2024\/02\/IMG-20240224-WA0088-768x512.jpg 768w, https:\/\/portalmf.com.br\/wp-content\/uploads\/2024\/02\/IMG-20240224-WA0088-1536x1023.jpg 1536w, https:\/\/portalmf.com.br\/wp-content\/uploads\/2024\/02\/IMG-20240224-WA0088-696x464.jpg 696w, https:\/\/portalmf.com.br\/wp-content\/uploads\/2024\/02\/IMG-20240224-WA0088-1068x712.jpg 1068w, https:\/\/portalmf.com.br\/wp-content\/uploads\/2024\/02\/IMG-20240224-WA0088.jpg 1600w\" sizes=\"(max-width: 1024px) 100vw, 1024px\" \/><figcaption class=\"wp-element-caption\"><strong>Foto: Tha\u00edlla Sena<\/strong><\/figcaption><\/figure>\n\n\n\n<p>\u201cSempre cultivei uma rela\u00e7\u00e3o de respeito e apoio aos nossos militares, especialmente com os policiais, desde quando fui deputado estadual, por entender que a nossa briosa PM \u00e9 o pilar da seguran\u00e7a p\u00fablica do estado. Em que pese o fato que minha inf\u00e2ncia e adolesc\u00eancia foi jogando futebol na quadra esportiva do 1\u00ba BPM de Feira, que funcionava no antigo Pal\u00e1cio do Menor, pr\u00f3ximo ao Maraj\u00f3, onde me criei. E hoje, como deputado federal, venho colaborando, com nosso Mandato, atrav\u00e9s de emendas e interlocu\u00e7\u00e3o, junto ao governador Jer\u00f4nimo; ao secret\u00e1rio Werner; ao Coronel Coutinho; \u00e0 delegada-geral da Pol\u00edcia Civil, Helo\u00edsa Brito; ao comandante-geral do Corpo de Bombeiros, Adson Marchesini; e ao comandante do CPRL, Coronel Ant\u00f4nio Lopes; em nome dos quais, agrade\u00e7o pela aten\u00e7\u00e3o que tem sido dada \u00e0 seguran\u00e7a p\u00fablica do povo baiano, especialmente de Feira e regi\u00e3o\u201d, destacou.<\/p>\n","protected":false},"excerpt":{"rendered":"<p>O deputado federal Z\u00e9 Neto (PT) recebeu nesta sexta-feira (23) a Medalha do M\u00e9rito Marechal Argolo \u2013 Visconde de Itaparica, a mais alta condecora\u00e7\u00e3o concedida pela Pol\u00edcia Militar da Bahia (PMBA), que completa 199 anos este m\u00eas, a autoridades que se destacaram em prol da seguran\u00e7a p\u00fablica. A solenidade foi realizada na Vila Policial Militar [&hellip;]<\/p>\n","protected":false},"author":3,"featured_media":24116,"comment_status":"open","ping_status":"open","sticky":false,"template":"","format":"standard","meta":{"_monsterinsights_skip_tracking":false,"_monsterinsights_sitenote_active":false,"_monsterinsights_sitenote_note":"","_monsterinsights_sitenote_category":0,"footnotes":""},"categories":[34],"tags":[],"yoast_head":"<!-- This site is optimized with the Yoast SEO plugin v22.9 - https:\/\/yoast.com\/wordpress\/plugins\/seo\/ -->\n<title>Nos 199 anos da PMBA, Z\u00e9 Neto recebe Medalha do M\u00e9rito, a maior honraria da corpora\u00e7\u00e3o - Portal MF<\/title>\n<meta name=\"robots\" content=\"index, follow, max-snippet:-1, max-image-preview:large, max-video-preview:-1\" \/>\n<link rel=\"canonical\" href=\"https:\/\/portalmf.com.br\/index.php\/2024\/02\/24\/nos-199-anos-da-pmba-ze-neto-recebe-medalha-do-merito-a-maior-honraria-da-corporacao\/\" \/>\n<meta property=\"og:locale\" content=\"pt_BR\" \/>\n<meta property=\"og:type\" content=\"article\" \/>\n<meta property=\"og:title\" content=\"Nos 199 anos da PMBA, Z\u00e9 Neto recebe Medalha do M\u00e9rito, a maior honraria da corpora\u00e7\u00e3o - Portal MF\" \/>\n<meta property=\"og:description\" content=\"O deputado federal Z\u00e9 Neto (PT) recebeu nesta sexta-feira (23) a Medalha do M\u00e9rito Marechal Argolo \u2013 Visconde de Itaparica, a mais alta condecora\u00e7\u00e3o concedida pela Pol\u00edcia Militar da Bahia (PMBA), que completa 199 anos este m\u00eas, a autoridades que se destacaram em prol da seguran\u00e7a p\u00fablica. A solenidade foi realizada na Vila Policial Militar [&hellip;]\" \/>\n<meta property=\"og:url\" content=\"https:\/\/portalmf.com.br\/index.php\/2024\/02\/24\/nos-199-anos-da-pmba-ze-neto-recebe-medalha-do-merito-a-maior-honraria-da-corporacao\/\" \/>\n<meta property=\"og:site_name\" content=\"Portal MF\" \/>\n<meta property=\"article:author\" content=\"https:\/\/www.facebook.com\/portalmfoficial\" \/>\n<meta property=\"article:published_time\" content=\"2024-02-24T21:22:28+00:00\" \/>\n<meta property=\"article:modified_time\" content=\"2024-02-24T21:22:30+00:00\" \/>\n<meta property=\"og:image\" content=\"https:\/\/portalmf.com.br\/wp-content\/uploads\/2024\/02\/IMG-20240224-WA0089.jpg\" \/>\n\t<meta property=\"og:image:width\" content=\"1350\" \/>\n\t<meta property=\"og:image:height\" content=\"900\" \/>\n\t<meta property=\"og:image:type\" content=\"image\/jpeg\" \/>\n<meta name=\"author\" content=\"Reda\u00e7\u00e3o Portal MF\" \/>\n<meta name=\"twitter:card\" content=\"summary_large_image\" \/>\n<meta name=\"twitter:creator\" content=\"@https:\/\/x.com\/portalmfoficial\" \/>\n<meta name=\"twitter:label1\" content=\"Escrito por\" \/>\n\t<meta name=\"twitter:data1\" content=\"Reda\u00e7\u00e3o Portal MF\" \/>\n\t<meta name=\"twitter:label2\" content=\"Est. tempo de leitura\" \/>\n\t<meta name=\"twitter:data2\" content=\"2 minutos\" \/>\n<script type=\"application\/ld+json\" class=\"yoast-schema-graph\">{\"@context\":\"https:\/\/schema.org\",\"@graph\":[{\"@type\":\"WebPage\",\"@id\":\"https:\/\/portalmf.com.br\/index.php\/2024\/02\/24\/nos-199-anos-da-pmba-ze-neto-recebe-medalha-do-merito-a-maior-honraria-da-corporacao\/\",\"url\":\"https:\/\/portalmf.com.br\/index.php\/2024\/02\/24\/nos-199-anos-da-pmba-ze-neto-recebe-medalha-do-merito-a-maior-honraria-da-corporacao\/\",\"name\":\"Nos 199 anos da PMBA, Z\u00e9 Neto recebe Medalha do M\u00e9rito, a maior honraria da corpora\u00e7\u00e3o - Portal MF\",\"isPartOf\":{\"@id\":\"https:\/\/portalmf.com.br\/#website\"},\"primaryImageOfPage\":{\"@id\":\"https:\/\/portalmf.com.br\/index.php\/2024\/02\/24\/nos-199-anos-da-pmba-ze-neto-recebe-medalha-do-merito-a-maior-honraria-da-corporacao\/#primaryimage\"},\"image\":{\"@id\":\"https:\/\/portalmf.com.br\/index.php\/2024\/02\/24\/nos-199-anos-da-pmba-ze-neto-recebe-medalha-do-merito-a-maior-honraria-da-corporacao\/#primaryimage\"},\"thumbnailUrl\":\"https:\/\/portalmf.com.br\/wp-content\/uploads\/2024\/02\/IMG-20240224-WA0089.jpg\",\"datePublished\":\"2024-02-24T21:22:28+00:00\",\"dateModified\":\"2024-02-24T21:22:30+00:00\",\"author\":{\"@id\":\"https:\/\/portalmf.com.br\/#\/schema\/person\/9ec101baf56233e53520c26de5d6f6f0\"},\"breadcrumb\":{\"@id\":\"https:\/\/portalmf.com.br\/index.php\/2024\/02\/24\/nos-199-anos-da-pmba-ze-neto-recebe-medalha-do-merito-a-maior-honraria-da-corporacao\/#breadcrumb\"},\"inLanguage\":\"pt-BR\",\"potentialAction\":[{\"@type\":\"ReadAction\",\"target\":[\"https:\/\/portalmf.com.br\/index.php\/2024\/02\/24\/nos-199-anos-da-pmba-ze-neto-recebe-medalha-do-merito-a-maior-honraria-da-corporacao\/\"]}]},{\"@type\":\"ImageObject\",\"inLanguage\":\"pt-BR\",\"@id\":\"https:\/\/portalmf.com.br\/index.php\/2024\/02\/24\/nos-199-anos-da-pmba-ze-neto-recebe-medalha-do-merito-a-maior-honraria-da-corporacao\/#primaryimage\",\"url\":\"https:\/\/portalmf.com.br\/wp-content\/uploads\/2024\/02\/IMG-20240224-WA0089.jpg\",\"contentUrl\":\"https:\/\/portalmf.com.br\/wp-content\/uploads\/2024\/02\/IMG-20240224-WA0089.jpg\",\"width\":1350,\"height\":900},{\"@type\":\"BreadcrumbList\",\"@id\":\"https:\/\/portalmf.com.br\/index.php\/2024\/02\/24\/nos-199-anos-da-pmba-ze-neto-recebe-medalha-do-merito-a-maior-honraria-da-corporacao\/#breadcrumb\",\"itemListElement\":[{\"@type\":\"ListItem\",\"position\":1,\"name\":\"In\u00edcio\",\"item\":\"https:\/\/portalmf.com.br\/\"},{\"@type\":\"ListItem\",\"position\":2,\"name\":\"Nos 199 anos da PMBA, Z\u00e9 Neto recebe Medalha do M\u00e9rito, a maior honraria da corpora\u00e7\u00e3o\"}]},{\"@type\":\"WebSite\",\"@id\":\"https:\/\/portalmf.com.br\/#website\",\"url\":\"https:\/\/portalmf.com.br\/\",\"name\":\"Portal MF\",\"description\":\"Voc\u00ea conectado com a informa\u00e7\u00e3o\",\"potentialAction\":[{\"@type\":\"SearchAction\",\"target\":{\"@type\":\"EntryPoint\",\"urlTemplate\":\"https:\/\/portalmf.com.br\/?s={search_term_string}\"},\"query-input\":\"required name=search_term_string\"}],\"inLanguage\":\"pt-BR\"},{\"@type\":\"Person\",\"@id\":\"https:\/\/portalmf.com.br\/#\/schema\/person\/9ec101baf56233e53520c26de5d6f6f0\",\"name\":\"Reda\u00e7\u00e3o Portal MF\",\"image\":{\"@type\":\"ImageObject\",\"inLanguage\":\"pt-BR\",\"@id\":\"https:\/\/portalmf.com.br\/#\/schema\/person\/image\/\",\"url\":\"https:\/\/secure.gravatar.com\/avatar\/41b9aaeb2100835f7c64362330f74c7f?s=96&d=mm&r=g\",\"contentUrl\":\"https:\/\/secure.gravatar.com\/avatar\/41b9aaeb2100835f7c64362330f74c7f?s=96&d=mm&r=g\",\"caption\":\"Reda\u00e7\u00e3o Portal MF\"},\"description\":\"Sejam bem-vindos o portal de informa\u00e7\u00f5es de entretenimento de Feira de Santana, desde 2006 realiza coberturas dos principais eventos com entrevistas exclusivas com as principais personalidades mundiais. Fique conectado tamb\u00e9m nas redes sociais.\",\"sameAs\":[\"http:\/\/www.portalmf.com.br\/\",\"https:\/\/www.facebook.com\/portalmfoficial\",\"https:\/\/www.instagram.com\/portalmf\/\",\"https:\/\/x.com\/https:\/\/x.com\/portalmfoficial\",\"https:\/\/www.youtube.com\/@portalmfoficial\"],\"url\":\"https:\/\/portalmf.com.br\/index.php\/author\/junior\/\"}]}<\/script>\n<!-- \/ Yoast SEO plugin. -->","yoast_head_json":{"title":"Nos 199 anos da PMBA, Z\u00e9 Neto recebe Medalha do M\u00e9rito, a maior honraria da corpora\u00e7\u00e3o - Portal MF","robots":{"index":"index","follow":"follow","max-snippet":"max-snippet:-1","max-image-preview":"max-image-preview:large","max-video-preview":"max-video-preview:-1"},"canonical":"https:\/\/portalmf.com.br\/index.php\/2024\/02\/24\/nos-199-anos-da-pmba-ze-neto-recebe-medalha-do-merito-a-maior-honraria-da-corporacao\/","og_locale":"pt_BR","og_type":"article","og_title":"Nos 199 anos da PMBA, Z\u00e9 Neto recebe Medalha do M\u00e9rito, a maior honraria da corpora\u00e7\u00e3o - Portal MF","og_description":"O deputado federal Z\u00e9 Neto (PT) recebeu nesta sexta-feira (23) a Medalha do M\u00e9rito Marechal Argolo \u2013 Visconde de Itaparica, a mais alta condecora\u00e7\u00e3o concedida pela Pol\u00edcia Militar da Bahia (PMBA), que completa 199 anos este m\u00eas, a autoridades que se destacaram em prol da seguran\u00e7a p\u00fablica. A solenidade foi realizada na Vila Policial Militar [&hellip;]","og_url":"https:\/\/portalmf.com.br\/index.php\/2024\/02\/24\/nos-199-anos-da-pmba-ze-neto-recebe-medalha-do-merito-a-maior-honraria-da-corporacao\/","og_site_name":"Portal MF","article_author":"https:\/\/www.facebook.com\/portalmfoficial","article_published_time":"2024-02-24T21:22:28+00:00","article_modified_time":"2024-02-24T21:22:30+00:00","og_image":[{"width":1350,"height":900,"url":"https:\/\/portalmf.com.br\/wp-content\/uploads\/2024\/02\/IMG-20240224-WA0089.jpg","type":"image\/jpeg"}],"author":"Reda\u00e7\u00e3o Portal MF","twitter_card":"summary_large_image","twitter_creator":"@https:\/\/x.com\/portalmfoficial","twitter_misc":{"Escrito por":"Reda\u00e7\u00e3o Portal MF","Est. tempo de leitura":"2 minutos"},"schema":{"@context":"https:\/\/schema.org","@graph":[{"@type":"WebPage","@id":"https:\/\/portalmf.com.br\/index.php\/2024\/02\/24\/nos-199-anos-da-pmba-ze-neto-recebe-medalha-do-merito-a-maior-honraria-da-corporacao\/","url":"https:\/\/portalmf.com.br\/index.php\/2024\/02\/24\/nos-199-anos-da-pmba-ze-neto-recebe-medalha-do-merito-a-maior-honraria-da-corporacao\/","name":"Nos 199 anos da PMBA, Z\u00e9 Neto recebe Medalha do M\u00e9rito, a maior honraria da corpora\u00e7\u00e3o - Portal MF","isPartOf":{"@id":"https:\/\/portalmf.com.br\/#website"},"primaryImageOfPage":{"@id":"https:\/\/portalmf.com.br\/index.php\/2024\/02\/24\/nos-199-anos-da-pmba-ze-neto-recebe-medalha-do-merito-a-maior-honraria-da-corporacao\/#primaryimage"},"image":{"@id":"https:\/\/portalmf.com.br\/index.php\/2024\/02\/24\/nos-199-anos-da-pmba-ze-neto-recebe-medalha-do-merito-a-maior-honraria-da-corporacao\/#primaryimage"},"thumbnailUrl":"https:\/\/portalmf.com.br\/wp-content\/uploads\/2024\/02\/IMG-20240224-WA0089.jpg","datePublished":"2024-02-24T21:22:28+00:00","dateModified":"2024-02-24T21:22:30+00:00","author":{"@id":"https:\/\/portalmf.com.br\/#\/schema\/person\/9ec101baf56233e53520c26de5d6f6f0"},"breadcrumb":{"@id":"https:\/\/portalmf.com.br\/index.php\/2024\/02\/24\/nos-199-anos-da-pmba-ze-neto-recebe-medalha-do-merito-a-maior-honraria-da-corporacao\/#breadcrumb"},"inLanguage":"pt-BR","potentialAction":[{"@type":"ReadAction","target":["https:\/\/portalmf.com.br\/index.php\/2024\/02\/24\/nos-199-anos-da-pmba-ze-neto-recebe-medalha-do-merito-a-maior-honraria-da-corporacao\/"]}]},{"@type":"ImageObject","inLanguage":"pt-BR","@id":"https:\/\/portalmf.com.br\/index.php\/2024\/02\/24\/nos-199-anos-da-pmba-ze-neto-recebe-medalha-do-merito-a-maior-honraria-da-corporacao\/#primaryimage","url":"https:\/\/portalmf.com.br\/wp-content\/uploads\/2024\/02\/IMG-20240224-WA0089.jpg","contentUrl":"https:\/\/portalmf.com.br\/wp-content\/uploads\/2024\/02\/IMG-20240224-WA0089.jpg","width":1350,"height":900},{"@type":"BreadcrumbList","@id":"https:\/\/portalmf.com.br\/index.php\/2024\/02\/24\/nos-199-anos-da-pmba-ze-neto-recebe-medalha-do-merito-a-maior-honraria-da-corporacao\/#breadcrumb","itemListElement":[{"@type":"ListItem","position":1,"name":"In\u00edcio","item":"https:\/\/portalmf.com.br\/"},{"@type":"ListItem","position":2,"name":"Nos 199 anos da PMBA, Z\u00e9 Neto recebe Medalha do M\u00e9rito, a maior honraria da corpora\u00e7\u00e3o"}]},{"@type":"WebSite","@id":"https:\/\/portalmf.com.br\/#website","url":"https:\/\/portalmf.com.br\/","name":"Portal MF","description":"Voc\u00ea conectado com a informa\u00e7\u00e3o","potentialAction":[{"@type":"SearchAction","target":{"@type":"EntryPoint","urlTemplate":"https:\/\/portalmf.com.br\/?s={search_term_string}"},"query-input":"required name=search_term_string"}],"inLanguage":"pt-BR"},{"@type":"Person","@id":"https:\/\/portalmf.com.br\/#\/schema\/person\/9ec101baf56233e53520c26de5d6f6f0","name":"Reda\u00e7\u00e3o Portal MF","image":{"@type":"ImageObject","inLanguage":"pt-BR","@id":"https:\/\/portalmf.com.br\/#\/schema\/person\/image\/","url":"https:\/\/secure.gravatar.com\/avatar\/41b9aaeb2100835f7c64362330f74c7f?s=96&d=mm&r=g","contentUrl":"https:\/\/secure.gravatar.com\/avatar\/41b9aaeb2100835f7c64362330f74c7f?s=96&d=mm&r=g","caption":"Reda\u00e7\u00e3o Portal MF"},"description":"Sejam bem-vindos o portal de informa\u00e7\u00f5es de entretenimento de Feira de Santana, desde 2006 realiza coberturas dos principais eventos com entrevistas exclusivas com as principais personalidades mundiais. Fique conectado tamb\u00e9m nas redes sociais.","sameAs":["http:\/\/www.portalmf.com.br\/","https:\/\/www.facebook.com\/portalmfoficial","https:\/\/www.instagram.com\/portalmf\/","https:\/\/x.com\/https:\/\/x.com\/portalmfoficial","https:\/\/www.youtube.com\/@portalmfoficial"],"url":"https:\/\/portalmf.com.br\/index.php\/author\/junior\/"}]}},"_links":{"self":[{"href":"https:\/\/portalmf.com.br\/index.php\/wp-json\/wp\/v2\/posts\/24114"}],"collection":[{"href":"https:\/\/portalmf.com.br\/index.php\/wp-json\/wp\/v2\/posts"}],"about":[{"href":"https:\/\/portalmf.com.br\/index.php\/wp-json\/wp\/v2\/types\/post"}],"author":[{"embeddable":true,"href":"https:\/\/portalmf.com.br\/index.php\/wp-json\/wp\/v2\/users\/3"}],"replies":[{"embeddable":true,"href":"https:\/\/portalmf.com.br\/index.php\/wp-json\/wp\/v2\/comments?post=24114"}],"version-history":[{"count":1,"href":"https:\/\/portalmf.com.br\/index.php\/wp-json\/wp\/v2\/posts\/24114\/revisions"}],"predecessor-version":[{"id":24117,"href":"https:\/\/portalmf.com.br\/index.php\/wp-json\/wp\/v2\/posts\/24114\/revisions\/24117"}],"wp:featuredmedia":[{"embeddable":true,"href":"https:\/\/portalmf.com.br\/index.php\/wp-json\/wp\/v2\/media\/24116"}],"wp:attachment":[{"href":"https:\/\/portalmf.com.br\/index.php\/wp-json\/wp\/v2\/media?parent=24114"}],"wp:term":[{"taxonomy":"category","embeddable":true,"href":"https:\/\/portalmf.com.br\/index.php\/wp-json\/wp\/v2\/categories?post=24114"},{"taxonomy":"post_tag","embeddable":true,"href":"https:\/\/portalmf.com.br\/index.php\/wp-json\/wp\/v2\/tags?post=24114"}],"curies":[{"name":"wp","href":"https:\/\/api.w.org\/{rel}","templated":true}]}}