{"id":24103,"date":"2024-02-23T21:57:17","date_gmt":"2024-02-24T00:57:17","guid":{"rendered":"https:\/\/portalmf.com.br\/?p=24103"},"modified":"2024-02-23T21:57:20","modified_gmt":"2024-02-24T00:57:20","slug":"mais-de-3-100-criancas-imunizadas-contra-a-dengue-e-vacinacao-continua-no-fim-de-semana","status":"publish","type":"post","link":"https:\/\/portalmf.com.br\/index.php\/2024\/02\/23\/mais-de-3-100-criancas-imunizadas-contra-a-dengue-e-vacinacao-continua-no-fim-de-semana\/","title":{"rendered":"Mais de 3.100 crian\u00e7as imunizadas contra a dengue e vacina\u00e7\u00e3o continua no fim de semana"},"content":{"rendered":"\n<p>A campanha de vacina\u00e7\u00e3o contra a dengue segue intensificada em Feira de Santana. Desde que iniciou a imuniza\u00e7\u00e3o, em 15 de fevereiro, um total de 3.107 crian\u00e7as, com idades entre 10 e 14 anos, foram vacinadas.&nbsp;<\/p>\n\n\n\n<p>A vacina\u00e7\u00e3o continua neste fim de semana. No s\u00e1bado (24) a a\u00e7\u00e3o ser\u00e1 no audit\u00f3rio da Secretaria Municipal de Sa\u00fade (SMS), das 8h \u00e0s 12h, localizado na Avenida Jo\u00e3o Durval Carneiro e no distrito da Matinha, das 8h \u00e0s 12h30, na unidade de sa\u00fade.<\/p>\n\n\n\n<p>No domingo (25) ser\u00e1 a vez de Tiquaru\u00e7u receber a vacina\u00e7\u00e3o, que ocorrer\u00e1 na unidade de sa\u00fade, das 8h \u00e0s 12h30.&nbsp;<\/p>\n\n\n\n<p>Para receber as doses, \u00e9 necess\u00e1rio que os respons\u00e1veis apresentem o documento de identidade da crian\u00e7a, o cart\u00e3o do Sistema \u00danico de Sa\u00fade (SUS) e a caderneta de vacina\u00e7\u00e3o.&nbsp;<\/p>\n\n\n\n<p>Vale ressaltar que a aplica\u00e7\u00e3o da vacina ser\u00e1 realizada apenas na presen\u00e7a dos pais ou respons\u00e1vel legal.<\/p>\n\n\n\n<p>Com informa\u00e7\u00f5es do Secom<\/p>\n","protected":false},"excerpt":{"rendered":"<p>A campanha de vacina\u00e7\u00e3o contra a dengue segue intensificada em Feira de Santana. Desde que iniciou a imuniza\u00e7\u00e3o, em 15 de fevereiro, um total de 3.107 crian\u00e7as, com idades entre 10 e 14 anos, foram vacinadas.&nbsp; A vacina\u00e7\u00e3o continua neste fim de semana. No s\u00e1bado (24) a a\u00e7\u00e3o ser\u00e1 no audit\u00f3rio da Secretaria Municipal de [&hellip;]<\/p>\n","protected":false},"author":3,"featured_media":24104,"comment_status":"open","ping_status":"open","sticky":false,"template":"","format":"standard","meta":{"_monsterinsights_skip_tracking":false,"_monsterinsights_sitenote_active":false,"_monsterinsights_sitenote_note":"","_monsterinsights_sitenote_category":0,"footnotes":""},"categories":[34],"tags":[],"yoast_head":"<!-- This site is optimized with the Yoast SEO plugin v22.9 - https:\/\/yoast.com\/wordpress\/plugins\/seo\/ -->\n<title>Mais de 3.100 crian\u00e7as imunizadas contra a dengue e vacina\u00e7\u00e3o continua no fim de semana - Portal MF<\/title>\n<meta name=\"robots\" content=\"index, follow, max-snippet:-1, max-image-preview:large, max-video-preview:-1\" \/>\n<link rel=\"canonical\" href=\"https:\/\/portalmf.com.br\/index.php\/2024\/02\/23\/mais-de-3-100-criancas-imunizadas-contra-a-dengue-e-vacinacao-continua-no-fim-de-semana\/\" \/>\n<meta property=\"og:locale\" content=\"pt_BR\" \/>\n<meta property=\"og:type\" content=\"article\" \/>\n<meta property=\"og:title\" content=\"Mais de 3.100 crian\u00e7as imunizadas contra a dengue e vacina\u00e7\u00e3o continua no fim de semana - Portal MF\" \/>\n<meta property=\"og:description\" content=\"A campanha de vacina\u00e7\u00e3o contra a dengue segue intensificada em Feira de Santana. Desde que iniciou a imuniza\u00e7\u00e3o, em 15 de fevereiro, um total de 3.107 crian\u00e7as, com idades entre 10 e 14 anos, foram vacinadas.&nbsp; A vacina\u00e7\u00e3o continua neste fim de semana. No s\u00e1bado (24) a a\u00e7\u00e3o ser\u00e1 no audit\u00f3rio da Secretaria Municipal de [&hellip;]\" \/>\n<meta property=\"og:url\" content=\"https:\/\/portalmf.com.br\/index.php\/2024\/02\/23\/mais-de-3-100-criancas-imunizadas-contra-a-dengue-e-vacinacao-continua-no-fim-de-semana\/\" \/>\n<meta property=\"og:site_name\" content=\"Portal MF\" \/>\n<meta property=\"article:author\" content=\"https:\/\/www.facebook.com\/portalmfoficial\" \/>\n<meta property=\"article:published_time\" content=\"2024-02-24T00:57:17+00:00\" \/>\n<meta property=\"article:modified_time\" content=\"2024-02-24T00:57:20+00:00\" \/>\n<meta property=\"og:image\" content=\"https:\/\/portalmf.com.br\/wp-content\/uploads\/2024\/02\/23022024185349.jpg\" \/>\n\t<meta property=\"og:image:width\" content=\"1306\" \/>\n\t<meta property=\"og:image:height\" content=\"692\" \/>\n\t<meta property=\"og:image:type\" content=\"image\/jpeg\" \/>\n<meta name=\"author\" content=\"Reda\u00e7\u00e3o Portal MF\" \/>\n<meta name=\"twitter:card\" content=\"summary_large_image\" \/>\n<meta name=\"twitter:creator\" content=\"@https:\/\/x.com\/portalmfoficial\" \/>\n<meta name=\"twitter:label1\" content=\"Escrito por\" \/>\n\t<meta name=\"twitter:data1\" content=\"Reda\u00e7\u00e3o Portal MF\" \/>\n\t<meta name=\"twitter:label2\" content=\"Est. tempo de leitura\" \/>\n\t<meta name=\"twitter:data2\" content=\"2 minutos\" \/>\n<script type=\"application\/ld+json\" class=\"yoast-schema-graph\">{\"@context\":\"https:\/\/schema.org\",\"@graph\":[{\"@type\":\"WebPage\",\"@id\":\"https:\/\/portalmf.com.br\/index.php\/2024\/02\/23\/mais-de-3-100-criancas-imunizadas-contra-a-dengue-e-vacinacao-continua-no-fim-de-semana\/\",\"url\":\"https:\/\/portalmf.com.br\/index.php\/2024\/02\/23\/mais-de-3-100-criancas-imunizadas-contra-a-dengue-e-vacinacao-continua-no-fim-de-semana\/\",\"name\":\"Mais de 3.100 crian\u00e7as imunizadas contra a dengue e vacina\u00e7\u00e3o continua no fim de semana - Portal MF\",\"isPartOf\":{\"@id\":\"https:\/\/portalmf.com.br\/#website\"},\"primaryImageOfPage\":{\"@id\":\"https:\/\/portalmf.com.br\/index.php\/2024\/02\/23\/mais-de-3-100-criancas-imunizadas-contra-a-dengue-e-vacinacao-continua-no-fim-de-semana\/#primaryimage\"},\"image\":{\"@id\":\"https:\/\/portalmf.com.br\/index.php\/2024\/02\/23\/mais-de-3-100-criancas-imunizadas-contra-a-dengue-e-vacinacao-continua-no-fim-de-semana\/#primaryimage\"},\"thumbnailUrl\":\"https:\/\/portalmf.com.br\/wp-content\/uploads\/2024\/02\/23022024185349.jpg\",\"datePublished\":\"2024-02-24T00:57:17+00:00\",\"dateModified\":\"2024-02-24T00:57:20+00:00\",\"author\":{\"@id\":\"https:\/\/portalmf.com.br\/#\/schema\/person\/9ec101baf56233e53520c26de5d6f6f0\"},\"breadcrumb\":{\"@id\":\"https:\/\/portalmf.com.br\/index.php\/2024\/02\/23\/mais-de-3-100-criancas-imunizadas-contra-a-dengue-e-vacinacao-continua-no-fim-de-semana\/#breadcrumb\"},\"inLanguage\":\"pt-BR\",\"potentialAction\":[{\"@type\":\"ReadAction\",\"target\":[\"https:\/\/portalmf.com.br\/index.php\/2024\/02\/23\/mais-de-3-100-criancas-imunizadas-contra-a-dengue-e-vacinacao-continua-no-fim-de-semana\/\"]}]},{\"@type\":\"ImageObject\",\"inLanguage\":\"pt-BR\",\"@id\":\"https:\/\/portalmf.com.br\/index.php\/2024\/02\/23\/mais-de-3-100-criancas-imunizadas-contra-a-dengue-e-vacinacao-continua-no-fim-de-semana\/#primaryimage\",\"url\":\"https:\/\/portalmf.com.br\/wp-content\/uploads\/2024\/02\/23022024185349.jpg\",\"contentUrl\":\"https:\/\/portalmf.com.br\/wp-content\/uploads\/2024\/02\/23022024185349.jpg\",\"width\":1306,\"height\":692},{\"@type\":\"BreadcrumbList\",\"@id\":\"https:\/\/portalmf.com.br\/index.php\/2024\/02\/23\/mais-de-3-100-criancas-imunizadas-contra-a-dengue-e-vacinacao-continua-no-fim-de-semana\/#breadcrumb\",\"itemListElement\":[{\"@type\":\"ListItem\",\"position\":1,\"name\":\"In\u00edcio\",\"item\":\"https:\/\/portalmf.com.br\/\"},{\"@type\":\"ListItem\",\"position\":2,\"name\":\"Mais de 3.100 crian\u00e7as imunizadas contra a dengue e vacina\u00e7\u00e3o continua no fim de semana\"}]},{\"@type\":\"WebSite\",\"@id\":\"https:\/\/portalmf.com.br\/#website\",\"url\":\"https:\/\/portalmf.com.br\/\",\"name\":\"Portal MF\",\"description\":\"Voc\u00ea conectado com a informa\u00e7\u00e3o\",\"potentialAction\":[{\"@type\":\"SearchAction\",\"target\":{\"@type\":\"EntryPoint\",\"urlTemplate\":\"https:\/\/portalmf.com.br\/?s={search_term_string}\"},\"query-input\":\"required name=search_term_string\"}],\"inLanguage\":\"pt-BR\"},{\"@type\":\"Person\",\"@id\":\"https:\/\/portalmf.com.br\/#\/schema\/person\/9ec101baf56233e53520c26de5d6f6f0\",\"name\":\"Reda\u00e7\u00e3o Portal MF\",\"image\":{\"@type\":\"ImageObject\",\"inLanguage\":\"pt-BR\",\"@id\":\"https:\/\/portalmf.com.br\/#\/schema\/person\/image\/\",\"url\":\"https:\/\/secure.gravatar.com\/avatar\/41b9aaeb2100835f7c64362330f74c7f?s=96&d=mm&r=g\",\"contentUrl\":\"https:\/\/secure.gravatar.com\/avatar\/41b9aaeb2100835f7c64362330f74c7f?s=96&d=mm&r=g\",\"caption\":\"Reda\u00e7\u00e3o Portal MF\"},\"description\":\"Sejam bem-vindos o portal de informa\u00e7\u00f5es de entretenimento de Feira de Santana, desde 2006 realiza coberturas dos principais eventos com entrevistas exclusivas com as principais personalidades mundiais. Fique conectado tamb\u00e9m nas redes sociais.\",\"sameAs\":[\"http:\/\/www.portalmf.com.br\/\",\"https:\/\/www.facebook.com\/portalmfoficial\",\"https:\/\/www.instagram.com\/portalmf\/\",\"https:\/\/x.com\/https:\/\/x.com\/portalmfoficial\",\"https:\/\/www.youtube.com\/@portalmfoficial\"],\"url\":\"https:\/\/portalmf.com.br\/index.php\/author\/junior\/\"}]}<\/script>\n<!-- \/ Yoast SEO plugin. -->","yoast_head_json":{"title":"Mais de 3.100 crian\u00e7as imunizadas contra a dengue e vacina\u00e7\u00e3o continua no fim de semana - Portal MF","robots":{"index":"index","follow":"follow","max-snippet":"max-snippet:-1","max-image-preview":"max-image-preview:large","max-video-preview":"max-video-preview:-1"},"canonical":"https:\/\/portalmf.com.br\/index.php\/2024\/02\/23\/mais-de-3-100-criancas-imunizadas-contra-a-dengue-e-vacinacao-continua-no-fim-de-semana\/","og_locale":"pt_BR","og_type":"article","og_title":"Mais de 3.100 crian\u00e7as imunizadas contra a dengue e vacina\u00e7\u00e3o continua no fim de semana - Portal MF","og_description":"A campanha de vacina\u00e7\u00e3o contra a dengue segue intensificada em Feira de Santana. Desde que iniciou a imuniza\u00e7\u00e3o, em 15 de fevereiro, um total de 3.107 crian\u00e7as, com idades entre 10 e 14 anos, foram vacinadas.&nbsp; A vacina\u00e7\u00e3o continua neste fim de semana. No s\u00e1bado (24) a a\u00e7\u00e3o ser\u00e1 no audit\u00f3rio da Secretaria Municipal de [&hellip;]","og_url":"https:\/\/portalmf.com.br\/index.php\/2024\/02\/23\/mais-de-3-100-criancas-imunizadas-contra-a-dengue-e-vacinacao-continua-no-fim-de-semana\/","og_site_name":"Portal MF","article_author":"https:\/\/www.facebook.com\/portalmfoficial","article_published_time":"2024-02-24T00:57:17+00:00","article_modified_time":"2024-02-24T00:57:20+00:00","og_image":[{"width":1306,"height":692,"url":"https:\/\/portalmf.com.br\/wp-content\/uploads\/2024\/02\/23022024185349.jpg","type":"image\/jpeg"}],"author":"Reda\u00e7\u00e3o Portal MF","twitter_card":"summary_large_image","twitter_creator":"@https:\/\/x.com\/portalmfoficial","twitter_misc":{"Escrito por":"Reda\u00e7\u00e3o Portal MF","Est. tempo de leitura":"2 minutos"},"schema":{"@context":"https:\/\/schema.org","@graph":[{"@type":"WebPage","@id":"https:\/\/portalmf.com.br\/index.php\/2024\/02\/23\/mais-de-3-100-criancas-imunizadas-contra-a-dengue-e-vacinacao-continua-no-fim-de-semana\/","url":"https:\/\/portalmf.com.br\/index.php\/2024\/02\/23\/mais-de-3-100-criancas-imunizadas-contra-a-dengue-e-vacinacao-continua-no-fim-de-semana\/","name":"Mais de 3.100 crian\u00e7as imunizadas contra a dengue e vacina\u00e7\u00e3o continua no fim de semana - Portal MF","isPartOf":{"@id":"https:\/\/portalmf.com.br\/#website"},"primaryImageOfPage":{"@id":"https:\/\/portalmf.com.br\/index.php\/2024\/02\/23\/mais-de-3-100-criancas-imunizadas-contra-a-dengue-e-vacinacao-continua-no-fim-de-semana\/#primaryimage"},"image":{"@id":"https:\/\/portalmf.com.br\/index.php\/2024\/02\/23\/mais-de-3-100-criancas-imunizadas-contra-a-dengue-e-vacinacao-continua-no-fim-de-semana\/#primaryimage"},"thumbnailUrl":"https:\/\/portalmf.com.br\/wp-content\/uploads\/2024\/02\/23022024185349.jpg","datePublished":"2024-02-24T00:57:17+00:00","dateModified":"2024-02-24T00:57:20+00:00","author":{"@id":"https:\/\/portalmf.com.br\/#\/schema\/person\/9ec101baf56233e53520c26de5d6f6f0"},"breadcrumb":{"@id":"https:\/\/portalmf.com.br\/index.php\/2024\/02\/23\/mais-de-3-100-criancas-imunizadas-contra-a-dengue-e-vacinacao-continua-no-fim-de-semana\/#breadcrumb"},"inLanguage":"pt-BR","potentialAction":[{"@type":"ReadAction","target":["https:\/\/portalmf.com.br\/index.php\/2024\/02\/23\/mais-de-3-100-criancas-imunizadas-contra-a-dengue-e-vacinacao-continua-no-fim-de-semana\/"]}]},{"@type":"ImageObject","inLanguage":"pt-BR","@id":"https:\/\/portalmf.com.br\/index.php\/2024\/02\/23\/mais-de-3-100-criancas-imunizadas-contra-a-dengue-e-vacinacao-continua-no-fim-de-semana\/#primaryimage","url":"https:\/\/portalmf.com.br\/wp-content\/uploads\/2024\/02\/23022024185349.jpg","contentUrl":"https:\/\/portalmf.com.br\/wp-content\/uploads\/2024\/02\/23022024185349.jpg","width":1306,"height":692},{"@type":"BreadcrumbList","@id":"https:\/\/portalmf.com.br\/index.php\/2024\/02\/23\/mais-de-3-100-criancas-imunizadas-contra-a-dengue-e-vacinacao-continua-no-fim-de-semana\/#breadcrumb","itemListElement":[{"@type":"ListItem","position":1,"name":"In\u00edcio","item":"https:\/\/portalmf.com.br\/"},{"@type":"ListItem","position":2,"name":"Mais de 3.100 crian\u00e7as imunizadas contra a dengue e vacina\u00e7\u00e3o continua no fim de semana"}]},{"@type":"WebSite","@id":"https:\/\/portalmf.com.br\/#website","url":"https:\/\/portalmf.com.br\/","name":"Portal MF","description":"Voc\u00ea conectado com a informa\u00e7\u00e3o","potentialAction":[{"@type":"SearchAction","target":{"@type":"EntryPoint","urlTemplate":"https:\/\/portalmf.com.br\/?s={search_term_string}"},"query-input":"required name=search_term_string"}],"inLanguage":"pt-BR"},{"@type":"Person","@id":"https:\/\/portalmf.com.br\/#\/schema\/person\/9ec101baf56233e53520c26de5d6f6f0","name":"Reda\u00e7\u00e3o Portal MF","image":{"@type":"ImageObject","inLanguage":"pt-BR","@id":"https:\/\/portalmf.com.br\/#\/schema\/person\/image\/","url":"https:\/\/secure.gravatar.com\/avatar\/41b9aaeb2100835f7c64362330f74c7f?s=96&d=mm&r=g","contentUrl":"https:\/\/secure.gravatar.com\/avatar\/41b9aaeb2100835f7c64362330f74c7f?s=96&d=mm&r=g","caption":"Reda\u00e7\u00e3o Portal MF"},"description":"Sejam bem-vindos o portal de informa\u00e7\u00f5es de entretenimento de Feira de Santana, desde 2006 realiza coberturas dos principais eventos com entrevistas exclusivas com as principais personalidades mundiais. Fique conectado tamb\u00e9m nas redes sociais.","sameAs":["http:\/\/www.portalmf.com.br\/","https:\/\/www.facebook.com\/portalmfoficial","https:\/\/www.instagram.com\/portalmf\/","https:\/\/x.com\/https:\/\/x.com\/portalmfoficial","https:\/\/www.youtube.com\/@portalmfoficial"],"url":"https:\/\/portalmf.com.br\/index.php\/author\/junior\/"}]}},"_links":{"self":[{"href":"https:\/\/portalmf.com.br\/index.php\/wp-json\/wp\/v2\/posts\/24103"}],"collection":[{"href":"https:\/\/portalmf.com.br\/index.php\/wp-json\/wp\/v2\/posts"}],"about":[{"href":"https:\/\/portalmf.com.br\/index.php\/wp-json\/wp\/v2\/types\/post"}],"author":[{"embeddable":true,"href":"https:\/\/portalmf.com.br\/index.php\/wp-json\/wp\/v2\/users\/3"}],"replies":[{"embeddable":true,"href":"https:\/\/portalmf.com.br\/index.php\/wp-json\/wp\/v2\/comments?post=24103"}],"version-history":[{"count":1,"href":"https:\/\/portalmf.com.br\/index.php\/wp-json\/wp\/v2\/posts\/24103\/revisions"}],"predecessor-version":[{"id":24105,"href":"https:\/\/portalmf.com.br\/index.php\/wp-json\/wp\/v2\/posts\/24103\/revisions\/24105"}],"wp:featuredmedia":[{"embeddable":true,"href":"https:\/\/portalmf.com.br\/index.php\/wp-json\/wp\/v2\/media\/24104"}],"wp:attachment":[{"href":"https:\/\/portalmf.com.br\/index.php\/wp-json\/wp\/v2\/media?parent=24103"}],"wp:term":[{"taxonomy":"category","embeddable":true,"href":"https:\/\/portalmf.com.br\/index.php\/wp-json\/wp\/v2\/categories?post=24103"},{"taxonomy":"post_tag","embeddable":true,"href":"https:\/\/portalmf.com.br\/index.php\/wp-json\/wp\/v2\/tags?post=24103"}],"curies":[{"name":"wp","href":"https:\/\/api.w.org\/{rel}","templated":true}]}}