{"id":24091,"date":"2024-02-23T17:41:11","date_gmt":"2024-02-23T20:41:11","guid":{"rendered":"https:\/\/portalmf.com.br\/?p=24091"},"modified":"2024-02-23T17:41:12","modified_gmt":"2024-02-23T20:41:12","slug":"vinte-e-sete-professores-empossados-no-servico-publico-municipal-nesta-sexta","status":"publish","type":"post","link":"https:\/\/portalmf.com.br\/index.php\/2024\/02\/23\/vinte-e-sete-professores-empossados-no-servico-publico-municipal-nesta-sexta\/","title":{"rendered":"Vinte e sete professores empossados no servi\u00e7o p\u00fablico municipal nesta sexta"},"content":{"rendered":"\n<p>Vinte e sete candidatos aprovados no concurso p\u00fablico de 2018 foram empossados nesta sexta-feira, 23. A cerim\u00f4nia de posse aconteceu na Secretaria Municipal de Administra\u00e7\u00e3o (Seadm) e foi conduzida pela secret\u00e1ria de Educa\u00e7\u00e3o, Anaci Paim, e pelo secret\u00e1rio de Administra\u00e7\u00e3o, Jos\u00e9 Marcondes de Carvalho.&nbsp;<\/p>\n\n\n\n<p><em>\u201cEm janeiro, a lista com os nomes dos 167 aprovados foi publicada no Di\u00e1rio Oficial Eletr\u00f4nico do munic\u00edpio para convoca\u00e7\u00e3o e \u00e0 medida que concluem todos os tr\u00e2mites administrativos, os docentes est\u00e3o sendo empossados. A Educa\u00e7\u00e3o Municipal conta com professores muito qualificados e os que chegam v\u00e3o somar ainda mais no trabalho realizado\u201d<\/em>, explica a secret\u00e1ria Anaci Paim.\u00a0<\/p>\n\n\n\n<figure class=\"wp-block-image size-large\"><img fetchpriority=\"high\" decoding=\"async\" width=\"1024\" height=\"683\" src=\"https:\/\/portalmf.com.br\/wp-content\/uploads\/2024\/02\/image-33-1024x683.png\" alt=\"\" class=\"wp-image-24092\" srcset=\"https:\/\/portalmf.com.br\/wp-content\/uploads\/2024\/02\/image-33-1024x683.png 1024w, https:\/\/portalmf.com.br\/wp-content\/uploads\/2024\/02\/image-33-300x200.png 300w, https:\/\/portalmf.com.br\/wp-content\/uploads\/2024\/02\/image-33-768x512.png 768w, https:\/\/portalmf.com.br\/wp-content\/uploads\/2024\/02\/image-33-696x464.png 696w, https:\/\/portalmf.com.br\/wp-content\/uploads\/2024\/02\/image-33-1068x712.png 1068w, https:\/\/portalmf.com.br\/wp-content\/uploads\/2024\/02\/image-33.png 1299w\" sizes=\"(max-width: 1024px) 100vw, 1024px\" \/><figcaption class=\"wp-element-caption\"><strong>Fotos: Milena Brand\u00e3o<\/strong><\/figcaption><\/figure>\n\n\n\n<p>Os professores v\u00e3o atuar na educa\u00e7\u00e3o infantil e ensino fundamental. Al\u00e9m do profissional de pedagogia, os professores convocados s\u00e3o de educa\u00e7\u00e3o f\u00edsica, l\u00edngua portuguesa, ci\u00eancias, artes, matem\u00e1tica, hist\u00f3ria e geografia. Os docentes j\u00e1 foram designados para as escolas e v\u00e3o ocupar as vagas reais decorrentes de aposentadoria, exonera\u00e7\u00e3o ou morte.\u00a0<\/p>\n\n\n\n<figure class=\"wp-block-image size-large\"><img decoding=\"async\" width=\"1024\" height=\"683\" src=\"https:\/\/portalmf.com.br\/wp-content\/uploads\/2024\/02\/image-34-1024x683.png\" alt=\"\" class=\"wp-image-24093\" srcset=\"https:\/\/portalmf.com.br\/wp-content\/uploads\/2024\/02\/image-34-1024x683.png 1024w, https:\/\/portalmf.com.br\/wp-content\/uploads\/2024\/02\/image-34-300x200.png 300w, https:\/\/portalmf.com.br\/wp-content\/uploads\/2024\/02\/image-34-768x512.png 768w, https:\/\/portalmf.com.br\/wp-content\/uploads\/2024\/02\/image-34-696x464.png 696w, https:\/\/portalmf.com.br\/wp-content\/uploads\/2024\/02\/image-34-1068x712.png 1068w, https:\/\/portalmf.com.br\/wp-content\/uploads\/2024\/02\/image-34.png 1299w\" sizes=\"(max-width: 1024px) 100vw, 1024px\" \/><figcaption class=\"wp-element-caption\"><strong>Fotos: Milena Brand\u00e3o<\/strong><\/figcaption><\/figure>\n\n\n\n<p>Entre os professores nomeados nesta sexta est\u00e1 Angela Maria Lobo Nunes que, na companhia da fam\u00edlia, comemorou a realiza\u00e7\u00e3o de um sonho. \u201cEstou muito feliz, chegou o grande dia e significa muito para mim. Minha m\u00e3e tem 93 anos e sempre me acompanha. Esse sonho ela sonhou junto comigo, ent\u00e3o viemos juntas para celebrar\u201d, contou.\u00a0<\/p>\n\n\n\n<p>Com informa\u00e7\u00f5es da Secom<\/p>\n","protected":false},"excerpt":{"rendered":"<p>Vinte e sete candidatos aprovados no concurso p\u00fablico de 2018 foram empossados nesta sexta-feira, 23. A cerim\u00f4nia de posse aconteceu na Secretaria Municipal de Administra\u00e7\u00e3o (Seadm) e foi conduzida pela secret\u00e1ria de Educa\u00e7\u00e3o, Anaci Paim, e pelo secret\u00e1rio de Administra\u00e7\u00e3o, Jos\u00e9 Marcondes de Carvalho.&nbsp; \u201cEm janeiro, a lista com os nomes dos 167 aprovados foi [&hellip;]<\/p>\n","protected":false},"author":3,"featured_media":24094,"comment_status":"open","ping_status":"open","sticky":false,"template":"","format":"standard","meta":{"_monsterinsights_skip_tracking":false,"_monsterinsights_sitenote_active":false,"_monsterinsights_sitenote_note":"","_monsterinsights_sitenote_category":0,"footnotes":""},"categories":[34],"tags":[],"yoast_head":"<!-- This site is optimized with the Yoast SEO plugin v22.9 - https:\/\/yoast.com\/wordpress\/plugins\/seo\/ -->\n<title>Vinte e sete professores empossados no servi\u00e7o p\u00fablico municipal nesta sexta - Portal MF<\/title>\n<meta name=\"robots\" content=\"index, follow, max-snippet:-1, max-image-preview:large, max-video-preview:-1\" \/>\n<link rel=\"canonical\" href=\"https:\/\/portalmf.com.br\/index.php\/2024\/02\/23\/vinte-e-sete-professores-empossados-no-servico-publico-municipal-nesta-sexta\/\" \/>\n<meta property=\"og:locale\" content=\"pt_BR\" \/>\n<meta property=\"og:type\" content=\"article\" \/>\n<meta property=\"og:title\" content=\"Vinte e sete professores empossados no servi\u00e7o p\u00fablico municipal nesta sexta - Portal MF\" \/>\n<meta property=\"og:description\" content=\"Vinte e sete candidatos aprovados no concurso p\u00fablico de 2018 foram empossados nesta sexta-feira, 23. A cerim\u00f4nia de posse aconteceu na Secretaria Municipal de Administra\u00e7\u00e3o (Seadm) e foi conduzida pela secret\u00e1ria de Educa\u00e7\u00e3o, Anaci Paim, e pelo secret\u00e1rio de Administra\u00e7\u00e3o, Jos\u00e9 Marcondes de Carvalho.&nbsp; \u201cEm janeiro, a lista com os nomes dos 167 aprovados foi [&hellip;]\" \/>\n<meta property=\"og:url\" content=\"https:\/\/portalmf.com.br\/index.php\/2024\/02\/23\/vinte-e-sete-professores-empossados-no-servico-publico-municipal-nesta-sexta\/\" \/>\n<meta property=\"og:site_name\" content=\"Portal MF\" \/>\n<meta property=\"article:author\" content=\"https:\/\/www.facebook.com\/portalmfoficial\" \/>\n<meta property=\"article:published_time\" content=\"2024-02-23T20:41:11+00:00\" \/>\n<meta property=\"article:modified_time\" content=\"2024-02-23T20:41:12+00:00\" \/>\n<meta property=\"og:image\" content=\"https:\/\/portalmf.com.br\/wp-content\/uploads\/2024\/02\/POSSE-PROFESSORES-CREDITOS-MILENA-BRANDAO-2.jpeg\" \/>\n\t<meta property=\"og:image:width\" content=\"1299\" \/>\n\t<meta property=\"og:image:height\" content=\"866\" \/>\n\t<meta property=\"og:image:type\" content=\"image\/jpeg\" \/>\n<meta name=\"author\" content=\"Reda\u00e7\u00e3o Portal MF\" \/>\n<meta name=\"twitter:card\" content=\"summary_large_image\" \/>\n<meta name=\"twitter:creator\" content=\"@https:\/\/x.com\/portalmfoficial\" \/>\n<meta name=\"twitter:label1\" content=\"Escrito por\" \/>\n\t<meta name=\"twitter:data1\" content=\"Reda\u00e7\u00e3o Portal MF\" \/>\n\t<meta name=\"twitter:label2\" content=\"Est. tempo de leitura\" \/>\n\t<meta name=\"twitter:data2\" content=\"2 minutos\" \/>\n<script type=\"application\/ld+json\" class=\"yoast-schema-graph\">{\"@context\":\"https:\/\/schema.org\",\"@graph\":[{\"@type\":\"WebPage\",\"@id\":\"https:\/\/portalmf.com.br\/index.php\/2024\/02\/23\/vinte-e-sete-professores-empossados-no-servico-publico-municipal-nesta-sexta\/\",\"url\":\"https:\/\/portalmf.com.br\/index.php\/2024\/02\/23\/vinte-e-sete-professores-empossados-no-servico-publico-municipal-nesta-sexta\/\",\"name\":\"Vinte e sete professores empossados no servi\u00e7o p\u00fablico municipal nesta sexta - Portal MF\",\"isPartOf\":{\"@id\":\"https:\/\/portalmf.com.br\/#website\"},\"primaryImageOfPage\":{\"@id\":\"https:\/\/portalmf.com.br\/index.php\/2024\/02\/23\/vinte-e-sete-professores-empossados-no-servico-publico-municipal-nesta-sexta\/#primaryimage\"},\"image\":{\"@id\":\"https:\/\/portalmf.com.br\/index.php\/2024\/02\/23\/vinte-e-sete-professores-empossados-no-servico-publico-municipal-nesta-sexta\/#primaryimage\"},\"thumbnailUrl\":\"https:\/\/portalmf.com.br\/wp-content\/uploads\/2024\/02\/POSSE-PROFESSORES-CREDITOS-MILENA-BRANDAO-2.jpeg\",\"datePublished\":\"2024-02-23T20:41:11+00:00\",\"dateModified\":\"2024-02-23T20:41:12+00:00\",\"author\":{\"@id\":\"https:\/\/portalmf.com.br\/#\/schema\/person\/9ec101baf56233e53520c26de5d6f6f0\"},\"breadcrumb\":{\"@id\":\"https:\/\/portalmf.com.br\/index.php\/2024\/02\/23\/vinte-e-sete-professores-empossados-no-servico-publico-municipal-nesta-sexta\/#breadcrumb\"},\"inLanguage\":\"pt-BR\",\"potentialAction\":[{\"@type\":\"ReadAction\",\"target\":[\"https:\/\/portalmf.com.br\/index.php\/2024\/02\/23\/vinte-e-sete-professores-empossados-no-servico-publico-municipal-nesta-sexta\/\"]}]},{\"@type\":\"ImageObject\",\"inLanguage\":\"pt-BR\",\"@id\":\"https:\/\/portalmf.com.br\/index.php\/2024\/02\/23\/vinte-e-sete-professores-empossados-no-servico-publico-municipal-nesta-sexta\/#primaryimage\",\"url\":\"https:\/\/portalmf.com.br\/wp-content\/uploads\/2024\/02\/POSSE-PROFESSORES-CREDITOS-MILENA-BRANDAO-2.jpeg\",\"contentUrl\":\"https:\/\/portalmf.com.br\/wp-content\/uploads\/2024\/02\/POSSE-PROFESSORES-CREDITOS-MILENA-BRANDAO-2.jpeg\",\"width\":1299,\"height\":866},{\"@type\":\"BreadcrumbList\",\"@id\":\"https:\/\/portalmf.com.br\/index.php\/2024\/02\/23\/vinte-e-sete-professores-empossados-no-servico-publico-municipal-nesta-sexta\/#breadcrumb\",\"itemListElement\":[{\"@type\":\"ListItem\",\"position\":1,\"name\":\"In\u00edcio\",\"item\":\"https:\/\/portalmf.com.br\/\"},{\"@type\":\"ListItem\",\"position\":2,\"name\":\"Vinte e sete professores empossados no servi\u00e7o p\u00fablico municipal nesta sexta\"}]},{\"@type\":\"WebSite\",\"@id\":\"https:\/\/portalmf.com.br\/#website\",\"url\":\"https:\/\/portalmf.com.br\/\",\"name\":\"Portal MF\",\"description\":\"Voc\u00ea conectado com a informa\u00e7\u00e3o\",\"potentialAction\":[{\"@type\":\"SearchAction\",\"target\":{\"@type\":\"EntryPoint\",\"urlTemplate\":\"https:\/\/portalmf.com.br\/?s={search_term_string}\"},\"query-input\":\"required name=search_term_string\"}],\"inLanguage\":\"pt-BR\"},{\"@type\":\"Person\",\"@id\":\"https:\/\/portalmf.com.br\/#\/schema\/person\/9ec101baf56233e53520c26de5d6f6f0\",\"name\":\"Reda\u00e7\u00e3o Portal MF\",\"image\":{\"@type\":\"ImageObject\",\"inLanguage\":\"pt-BR\",\"@id\":\"https:\/\/portalmf.com.br\/#\/schema\/person\/image\/\",\"url\":\"https:\/\/secure.gravatar.com\/avatar\/41b9aaeb2100835f7c64362330f74c7f?s=96&d=mm&r=g\",\"contentUrl\":\"https:\/\/secure.gravatar.com\/avatar\/41b9aaeb2100835f7c64362330f74c7f?s=96&d=mm&r=g\",\"caption\":\"Reda\u00e7\u00e3o Portal MF\"},\"description\":\"Sejam bem-vindos o portal de informa\u00e7\u00f5es de entretenimento de Feira de Santana, desde 2006 realiza coberturas dos principais eventos com entrevistas exclusivas com as principais personalidades mundiais. Fique conectado tamb\u00e9m nas redes sociais.\",\"sameAs\":[\"http:\/\/www.portalmf.com.br\/\",\"https:\/\/www.facebook.com\/portalmfoficial\",\"https:\/\/www.instagram.com\/portalmf\/\",\"https:\/\/x.com\/https:\/\/x.com\/portalmfoficial\",\"https:\/\/www.youtube.com\/@portalmfoficial\"],\"url\":\"https:\/\/portalmf.com.br\/index.php\/author\/junior\/\"}]}<\/script>\n<!-- \/ Yoast SEO plugin. -->","yoast_head_json":{"title":"Vinte e sete professores empossados no servi\u00e7o p\u00fablico municipal nesta sexta - Portal MF","robots":{"index":"index","follow":"follow","max-snippet":"max-snippet:-1","max-image-preview":"max-image-preview:large","max-video-preview":"max-video-preview:-1"},"canonical":"https:\/\/portalmf.com.br\/index.php\/2024\/02\/23\/vinte-e-sete-professores-empossados-no-servico-publico-municipal-nesta-sexta\/","og_locale":"pt_BR","og_type":"article","og_title":"Vinte e sete professores empossados no servi\u00e7o p\u00fablico municipal nesta sexta - Portal MF","og_description":"Vinte e sete candidatos aprovados no concurso p\u00fablico de 2018 foram empossados nesta sexta-feira, 23. A cerim\u00f4nia de posse aconteceu na Secretaria Municipal de Administra\u00e7\u00e3o (Seadm) e foi conduzida pela secret\u00e1ria de Educa\u00e7\u00e3o, Anaci Paim, e pelo secret\u00e1rio de Administra\u00e7\u00e3o, Jos\u00e9 Marcondes de Carvalho.&nbsp; \u201cEm janeiro, a lista com os nomes dos 167 aprovados foi [&hellip;]","og_url":"https:\/\/portalmf.com.br\/index.php\/2024\/02\/23\/vinte-e-sete-professores-empossados-no-servico-publico-municipal-nesta-sexta\/","og_site_name":"Portal MF","article_author":"https:\/\/www.facebook.com\/portalmfoficial","article_published_time":"2024-02-23T20:41:11+00:00","article_modified_time":"2024-02-23T20:41:12+00:00","og_image":[{"width":1299,"height":866,"url":"https:\/\/portalmf.com.br\/wp-content\/uploads\/2024\/02\/POSSE-PROFESSORES-CREDITOS-MILENA-BRANDAO-2.jpeg","type":"image\/jpeg"}],"author":"Reda\u00e7\u00e3o Portal MF","twitter_card":"summary_large_image","twitter_creator":"@https:\/\/x.com\/portalmfoficial","twitter_misc":{"Escrito por":"Reda\u00e7\u00e3o Portal MF","Est. tempo de leitura":"2 minutos"},"schema":{"@context":"https:\/\/schema.org","@graph":[{"@type":"WebPage","@id":"https:\/\/portalmf.com.br\/index.php\/2024\/02\/23\/vinte-e-sete-professores-empossados-no-servico-publico-municipal-nesta-sexta\/","url":"https:\/\/portalmf.com.br\/index.php\/2024\/02\/23\/vinte-e-sete-professores-empossados-no-servico-publico-municipal-nesta-sexta\/","name":"Vinte e sete professores empossados no servi\u00e7o p\u00fablico municipal nesta sexta - Portal MF","isPartOf":{"@id":"https:\/\/portalmf.com.br\/#website"},"primaryImageOfPage":{"@id":"https:\/\/portalmf.com.br\/index.php\/2024\/02\/23\/vinte-e-sete-professores-empossados-no-servico-publico-municipal-nesta-sexta\/#primaryimage"},"image":{"@id":"https:\/\/portalmf.com.br\/index.php\/2024\/02\/23\/vinte-e-sete-professores-empossados-no-servico-publico-municipal-nesta-sexta\/#primaryimage"},"thumbnailUrl":"https:\/\/portalmf.com.br\/wp-content\/uploads\/2024\/02\/POSSE-PROFESSORES-CREDITOS-MILENA-BRANDAO-2.jpeg","datePublished":"2024-02-23T20:41:11+00:00","dateModified":"2024-02-23T20:41:12+00:00","author":{"@id":"https:\/\/portalmf.com.br\/#\/schema\/person\/9ec101baf56233e53520c26de5d6f6f0"},"breadcrumb":{"@id":"https:\/\/portalmf.com.br\/index.php\/2024\/02\/23\/vinte-e-sete-professores-empossados-no-servico-publico-municipal-nesta-sexta\/#breadcrumb"},"inLanguage":"pt-BR","potentialAction":[{"@type":"ReadAction","target":["https:\/\/portalmf.com.br\/index.php\/2024\/02\/23\/vinte-e-sete-professores-empossados-no-servico-publico-municipal-nesta-sexta\/"]}]},{"@type":"ImageObject","inLanguage":"pt-BR","@id":"https:\/\/portalmf.com.br\/index.php\/2024\/02\/23\/vinte-e-sete-professores-empossados-no-servico-publico-municipal-nesta-sexta\/#primaryimage","url":"https:\/\/portalmf.com.br\/wp-content\/uploads\/2024\/02\/POSSE-PROFESSORES-CREDITOS-MILENA-BRANDAO-2.jpeg","contentUrl":"https:\/\/portalmf.com.br\/wp-content\/uploads\/2024\/02\/POSSE-PROFESSORES-CREDITOS-MILENA-BRANDAO-2.jpeg","width":1299,"height":866},{"@type":"BreadcrumbList","@id":"https:\/\/portalmf.com.br\/index.php\/2024\/02\/23\/vinte-e-sete-professores-empossados-no-servico-publico-municipal-nesta-sexta\/#breadcrumb","itemListElement":[{"@type":"ListItem","position":1,"name":"In\u00edcio","item":"https:\/\/portalmf.com.br\/"},{"@type":"ListItem","position":2,"name":"Vinte e sete professores empossados no servi\u00e7o p\u00fablico municipal nesta sexta"}]},{"@type":"WebSite","@id":"https:\/\/portalmf.com.br\/#website","url":"https:\/\/portalmf.com.br\/","name":"Portal MF","description":"Voc\u00ea conectado com a informa\u00e7\u00e3o","potentialAction":[{"@type":"SearchAction","target":{"@type":"EntryPoint","urlTemplate":"https:\/\/portalmf.com.br\/?s={search_term_string}"},"query-input":"required name=search_term_string"}],"inLanguage":"pt-BR"},{"@type":"Person","@id":"https:\/\/portalmf.com.br\/#\/schema\/person\/9ec101baf56233e53520c26de5d6f6f0","name":"Reda\u00e7\u00e3o Portal MF","image":{"@type":"ImageObject","inLanguage":"pt-BR","@id":"https:\/\/portalmf.com.br\/#\/schema\/person\/image\/","url":"https:\/\/secure.gravatar.com\/avatar\/41b9aaeb2100835f7c64362330f74c7f?s=96&d=mm&r=g","contentUrl":"https:\/\/secure.gravatar.com\/avatar\/41b9aaeb2100835f7c64362330f74c7f?s=96&d=mm&r=g","caption":"Reda\u00e7\u00e3o Portal MF"},"description":"Sejam bem-vindos o portal de informa\u00e7\u00f5es de entretenimento de Feira de Santana, desde 2006 realiza coberturas dos principais eventos com entrevistas exclusivas com as principais personalidades mundiais. Fique conectado tamb\u00e9m nas redes sociais.","sameAs":["http:\/\/www.portalmf.com.br\/","https:\/\/www.facebook.com\/portalmfoficial","https:\/\/www.instagram.com\/portalmf\/","https:\/\/x.com\/https:\/\/x.com\/portalmfoficial","https:\/\/www.youtube.com\/@portalmfoficial"],"url":"https:\/\/portalmf.com.br\/index.php\/author\/junior\/"}]}},"_links":{"self":[{"href":"https:\/\/portalmf.com.br\/index.php\/wp-json\/wp\/v2\/posts\/24091"}],"collection":[{"href":"https:\/\/portalmf.com.br\/index.php\/wp-json\/wp\/v2\/posts"}],"about":[{"href":"https:\/\/portalmf.com.br\/index.php\/wp-json\/wp\/v2\/types\/post"}],"author":[{"embeddable":true,"href":"https:\/\/portalmf.com.br\/index.php\/wp-json\/wp\/v2\/users\/3"}],"replies":[{"embeddable":true,"href":"https:\/\/portalmf.com.br\/index.php\/wp-json\/wp\/v2\/comments?post=24091"}],"version-history":[{"count":1,"href":"https:\/\/portalmf.com.br\/index.php\/wp-json\/wp\/v2\/posts\/24091\/revisions"}],"predecessor-version":[{"id":24095,"href":"https:\/\/portalmf.com.br\/index.php\/wp-json\/wp\/v2\/posts\/24091\/revisions\/24095"}],"wp:featuredmedia":[{"embeddable":true,"href":"https:\/\/portalmf.com.br\/index.php\/wp-json\/wp\/v2\/media\/24094"}],"wp:attachment":[{"href":"https:\/\/portalmf.com.br\/index.php\/wp-json\/wp\/v2\/media?parent=24091"}],"wp:term":[{"taxonomy":"category","embeddable":true,"href":"https:\/\/portalmf.com.br\/index.php\/wp-json\/wp\/v2\/categories?post=24091"},{"taxonomy":"post_tag","embeddable":true,"href":"https:\/\/portalmf.com.br\/index.php\/wp-json\/wp\/v2\/tags?post=24091"}],"curies":[{"name":"wp","href":"https:\/\/api.w.org\/{rel}","templated":true}]}}