{"id":24088,"date":"2024-02-23T17:37:07","date_gmt":"2024-02-23T20:37:07","guid":{"rendered":"https:\/\/portalmf.com.br\/?p=24088"},"modified":"2024-02-23T17:37:08","modified_gmt":"2024-02-23T20:37:08","slug":"prefeitura-alinha-plano-de-acao-para-distribuicao-de-racao-animal-na-zona-rural","status":"publish","type":"post","link":"https:\/\/portalmf.com.br\/index.php\/2024\/02\/23\/prefeitura-alinha-plano-de-acao-para-distribuicao-de-racao-animal-na-zona-rural\/","title":{"rendered":"Prefeitura alinha plano de a\u00e7\u00e3o para distribui\u00e7\u00e3o de ra\u00e7\u00e3o animal na zona rural"},"content":{"rendered":"\n<p>Nesta quinta-feira (22), o secret\u00e1rio de Agricultura, Recursos H\u00eddricos e Desenvolvimento Rural, Alexandre Monteiro, se reuniu com os agentes distritais para alinhar o plano de a\u00e7\u00e3o visando a distribui\u00e7\u00e3o de ra\u00e7\u00e3o animal aos trabalhadores rurais da zona rural de Feira de Santana.<\/p>\n\n\n\n<p>A Prefeitura, atrav\u00e9s da Secretaria de Agricultura, far\u00e1 no m\u00eas de mar\u00e7o a distribui\u00e7\u00e3o de ra\u00e7\u00e3o animal para os trabalhadores rurais afetados pelo fen\u00f4meno El Ni\u00f1o. Essa iniciativa visa fornecer suporte aos criadores de animais de grande porte, como bois, vacas, cavalos, jumentos e jegues.<\/p>\n\n\n\n<p>O secret\u00e1rio Alexandre Monteiro enfatizou a import\u00e2ncia e a necessidade dessa distribui\u00e7\u00e3o. &#8220;Todos estamos enfrentando os impactos do fen\u00f4meno El Ni\u00f1o, que deve perdurar at\u00e9 aproximadamente o m\u00eas de maio. A Secretaria de Agricultura est\u00e1 empenhada em fornecer \u00e1gua pot\u00e1vel, reformar cisternas e agora disponibilizar ra\u00e7\u00e3o para animais de grande porte, o que \u00e9 crucial para garantir a sobreviv\u00eancia desses animais&#8221;, afirmou o secret\u00e1rio Alexandre.&nbsp;<\/p>\n\n\n\n<p>&#8220;A partir do m\u00eas de mar\u00e7o, iniciaremos a distribui\u00e7\u00e3o de sementes para o plantio de milho, amendoim e feij\u00e3o, para que os agricultores possam realizar suas atividades agr\u00edcolas&#8221;, concluiu Monteiro.<\/p>\n\n\n\n<p>Para solicitar a distribui\u00e7\u00e3o de ra\u00e7\u00e3o animal, \u00e1gua pot\u00e1vel, reforma de cisternas e outros servi\u00e7os oferecidos pela Seagri, os moradores devem se cadastrar na sede da secretaria, localizada na Rua Estados Unidos, 149, Kalil\u00e2ndia. Os n\u00fameros de telefone para contato s\u00e3o: (75) 36170731 ou (75) 9 99196153.<\/p>\n\n\n\n<p>Com informa\u00e7\u00f5es da Secom<\/p>\n","protected":false},"excerpt":{"rendered":"<p>Nesta quinta-feira (22), o secret\u00e1rio de Agricultura, Recursos H\u00eddricos e Desenvolvimento Rural, Alexandre Monteiro, se reuniu com os agentes distritais para alinhar o plano de a\u00e7\u00e3o visando a distribui\u00e7\u00e3o de ra\u00e7\u00e3o animal aos trabalhadores rurais da zona rural de Feira de Santana. A Prefeitura, atrav\u00e9s da Secretaria de Agricultura, far\u00e1 no m\u00eas de mar\u00e7o a [&hellip;]<\/p>\n","protected":false},"author":3,"featured_media":24089,"comment_status":"open","ping_status":"open","sticky":false,"template":"","format":"standard","meta":{"_monsterinsights_skip_tracking":false,"_monsterinsights_sitenote_active":false,"_monsterinsights_sitenote_note":"","_monsterinsights_sitenote_category":0,"footnotes":""},"categories":[34],"tags":[],"yoast_head":"<!-- This site is optimized with the Yoast SEO plugin v22.9 - https:\/\/yoast.com\/wordpress\/plugins\/seo\/ -->\n<title>Prefeitura alinha plano de a\u00e7\u00e3o para distribui\u00e7\u00e3o de ra\u00e7\u00e3o animal na zona rural - Portal MF<\/title>\n<meta name=\"robots\" content=\"index, follow, max-snippet:-1, max-image-preview:large, max-video-preview:-1\" \/>\n<link rel=\"canonical\" href=\"https:\/\/portalmf.com.br\/index.php\/2024\/02\/23\/prefeitura-alinha-plano-de-acao-para-distribuicao-de-racao-animal-na-zona-rural\/\" \/>\n<meta property=\"og:locale\" content=\"pt_BR\" \/>\n<meta property=\"og:type\" content=\"article\" \/>\n<meta property=\"og:title\" content=\"Prefeitura alinha plano de a\u00e7\u00e3o para distribui\u00e7\u00e3o de ra\u00e7\u00e3o animal na zona rural - Portal MF\" \/>\n<meta property=\"og:description\" content=\"Nesta quinta-feira (22), o secret\u00e1rio de Agricultura, Recursos H\u00eddricos e Desenvolvimento Rural, Alexandre Monteiro, se reuniu com os agentes distritais para alinhar o plano de a\u00e7\u00e3o visando a distribui\u00e7\u00e3o de ra\u00e7\u00e3o animal aos trabalhadores rurais da zona rural de Feira de Santana. A Prefeitura, atrav\u00e9s da Secretaria de Agricultura, far\u00e1 no m\u00eas de mar\u00e7o a [&hellip;]\" \/>\n<meta property=\"og:url\" content=\"https:\/\/portalmf.com.br\/index.php\/2024\/02\/23\/prefeitura-alinha-plano-de-acao-para-distribuicao-de-racao-animal-na-zona-rural\/\" \/>\n<meta property=\"og:site_name\" content=\"Portal MF\" \/>\n<meta property=\"article:author\" content=\"https:\/\/www.facebook.com\/portalmfoficial\" \/>\n<meta property=\"article:published_time\" content=\"2024-02-23T20:37:07+00:00\" \/>\n<meta property=\"article:modified_time\" content=\"2024-02-23T20:37:08+00:00\" \/>\n<meta property=\"og:image\" content=\"https:\/\/portalmf.com.br\/wp-content\/uploads\/2024\/02\/Reuniao-com-agentes-distritais-Foto-Danielly-Cerqueira-1.jpg\" \/>\n\t<meta property=\"og:image:width\" content=\"1299\" \/>\n\t<meta property=\"og:image:height\" content=\"866\" \/>\n\t<meta property=\"og:image:type\" content=\"image\/jpeg\" \/>\n<meta name=\"author\" content=\"Reda\u00e7\u00e3o Portal MF\" \/>\n<meta name=\"twitter:card\" content=\"summary_large_image\" \/>\n<meta name=\"twitter:creator\" content=\"@https:\/\/x.com\/portalmfoficial\" \/>\n<meta name=\"twitter:label1\" content=\"Escrito por\" \/>\n\t<meta name=\"twitter:data1\" content=\"Reda\u00e7\u00e3o Portal MF\" \/>\n\t<meta name=\"twitter:label2\" content=\"Est. tempo de leitura\" \/>\n\t<meta name=\"twitter:data2\" content=\"2 minutos\" \/>\n<script type=\"application\/ld+json\" class=\"yoast-schema-graph\">{\"@context\":\"https:\/\/schema.org\",\"@graph\":[{\"@type\":\"WebPage\",\"@id\":\"https:\/\/portalmf.com.br\/index.php\/2024\/02\/23\/prefeitura-alinha-plano-de-acao-para-distribuicao-de-racao-animal-na-zona-rural\/\",\"url\":\"https:\/\/portalmf.com.br\/index.php\/2024\/02\/23\/prefeitura-alinha-plano-de-acao-para-distribuicao-de-racao-animal-na-zona-rural\/\",\"name\":\"Prefeitura alinha plano de a\u00e7\u00e3o para distribui\u00e7\u00e3o de ra\u00e7\u00e3o animal na zona rural - Portal MF\",\"isPartOf\":{\"@id\":\"https:\/\/portalmf.com.br\/#website\"},\"primaryImageOfPage\":{\"@id\":\"https:\/\/portalmf.com.br\/index.php\/2024\/02\/23\/prefeitura-alinha-plano-de-acao-para-distribuicao-de-racao-animal-na-zona-rural\/#primaryimage\"},\"image\":{\"@id\":\"https:\/\/portalmf.com.br\/index.php\/2024\/02\/23\/prefeitura-alinha-plano-de-acao-para-distribuicao-de-racao-animal-na-zona-rural\/#primaryimage\"},\"thumbnailUrl\":\"https:\/\/portalmf.com.br\/wp-content\/uploads\/2024\/02\/Reuniao-com-agentes-distritais-Foto-Danielly-Cerqueira-1.jpg\",\"datePublished\":\"2024-02-23T20:37:07+00:00\",\"dateModified\":\"2024-02-23T20:37:08+00:00\",\"author\":{\"@id\":\"https:\/\/portalmf.com.br\/#\/schema\/person\/9ec101baf56233e53520c26de5d6f6f0\"},\"breadcrumb\":{\"@id\":\"https:\/\/portalmf.com.br\/index.php\/2024\/02\/23\/prefeitura-alinha-plano-de-acao-para-distribuicao-de-racao-animal-na-zona-rural\/#breadcrumb\"},\"inLanguage\":\"pt-BR\",\"potentialAction\":[{\"@type\":\"ReadAction\",\"target\":[\"https:\/\/portalmf.com.br\/index.php\/2024\/02\/23\/prefeitura-alinha-plano-de-acao-para-distribuicao-de-racao-animal-na-zona-rural\/\"]}]},{\"@type\":\"ImageObject\",\"inLanguage\":\"pt-BR\",\"@id\":\"https:\/\/portalmf.com.br\/index.php\/2024\/02\/23\/prefeitura-alinha-plano-de-acao-para-distribuicao-de-racao-animal-na-zona-rural\/#primaryimage\",\"url\":\"https:\/\/portalmf.com.br\/wp-content\/uploads\/2024\/02\/Reuniao-com-agentes-distritais-Foto-Danielly-Cerqueira-1.jpg\",\"contentUrl\":\"https:\/\/portalmf.com.br\/wp-content\/uploads\/2024\/02\/Reuniao-com-agentes-distritais-Foto-Danielly-Cerqueira-1.jpg\",\"width\":1299,\"height\":866},{\"@type\":\"BreadcrumbList\",\"@id\":\"https:\/\/portalmf.com.br\/index.php\/2024\/02\/23\/prefeitura-alinha-plano-de-acao-para-distribuicao-de-racao-animal-na-zona-rural\/#breadcrumb\",\"itemListElement\":[{\"@type\":\"ListItem\",\"position\":1,\"name\":\"In\u00edcio\",\"item\":\"https:\/\/portalmf.com.br\/\"},{\"@type\":\"ListItem\",\"position\":2,\"name\":\"Prefeitura alinha plano de a\u00e7\u00e3o para distribui\u00e7\u00e3o de ra\u00e7\u00e3o animal na zona rural\"}]},{\"@type\":\"WebSite\",\"@id\":\"https:\/\/portalmf.com.br\/#website\",\"url\":\"https:\/\/portalmf.com.br\/\",\"name\":\"Portal MF\",\"description\":\"Voc\u00ea conectado com a informa\u00e7\u00e3o\",\"potentialAction\":[{\"@type\":\"SearchAction\",\"target\":{\"@type\":\"EntryPoint\",\"urlTemplate\":\"https:\/\/portalmf.com.br\/?s={search_term_string}\"},\"query-input\":\"required name=search_term_string\"}],\"inLanguage\":\"pt-BR\"},{\"@type\":\"Person\",\"@id\":\"https:\/\/portalmf.com.br\/#\/schema\/person\/9ec101baf56233e53520c26de5d6f6f0\",\"name\":\"Reda\u00e7\u00e3o Portal MF\",\"image\":{\"@type\":\"ImageObject\",\"inLanguage\":\"pt-BR\",\"@id\":\"https:\/\/portalmf.com.br\/#\/schema\/person\/image\/\",\"url\":\"https:\/\/secure.gravatar.com\/avatar\/41b9aaeb2100835f7c64362330f74c7f?s=96&d=mm&r=g\",\"contentUrl\":\"https:\/\/secure.gravatar.com\/avatar\/41b9aaeb2100835f7c64362330f74c7f?s=96&d=mm&r=g\",\"caption\":\"Reda\u00e7\u00e3o Portal MF\"},\"description\":\"Sejam bem-vindos o portal de informa\u00e7\u00f5es de entretenimento de Feira de Santana, desde 2006 realiza coberturas dos principais eventos com entrevistas exclusivas com as principais personalidades mundiais. Fique conectado tamb\u00e9m nas redes sociais.\",\"sameAs\":[\"http:\/\/www.portalmf.com.br\/\",\"https:\/\/www.facebook.com\/portalmfoficial\",\"https:\/\/www.instagram.com\/portalmf\/\",\"https:\/\/x.com\/https:\/\/x.com\/portalmfoficial\",\"https:\/\/www.youtube.com\/@portalmfoficial\"],\"url\":\"https:\/\/portalmf.com.br\/index.php\/author\/junior\/\"}]}<\/script>\n<!-- \/ Yoast SEO plugin. -->","yoast_head_json":{"title":"Prefeitura alinha plano de a\u00e7\u00e3o para distribui\u00e7\u00e3o de ra\u00e7\u00e3o animal na zona rural - Portal MF","robots":{"index":"index","follow":"follow","max-snippet":"max-snippet:-1","max-image-preview":"max-image-preview:large","max-video-preview":"max-video-preview:-1"},"canonical":"https:\/\/portalmf.com.br\/index.php\/2024\/02\/23\/prefeitura-alinha-plano-de-acao-para-distribuicao-de-racao-animal-na-zona-rural\/","og_locale":"pt_BR","og_type":"article","og_title":"Prefeitura alinha plano de a\u00e7\u00e3o para distribui\u00e7\u00e3o de ra\u00e7\u00e3o animal na zona rural - Portal MF","og_description":"Nesta quinta-feira (22), o secret\u00e1rio de Agricultura, Recursos H\u00eddricos e Desenvolvimento Rural, Alexandre Monteiro, se reuniu com os agentes distritais para alinhar o plano de a\u00e7\u00e3o visando a distribui\u00e7\u00e3o de ra\u00e7\u00e3o animal aos trabalhadores rurais da zona rural de Feira de Santana. A Prefeitura, atrav\u00e9s da Secretaria de Agricultura, far\u00e1 no m\u00eas de mar\u00e7o a [&hellip;]","og_url":"https:\/\/portalmf.com.br\/index.php\/2024\/02\/23\/prefeitura-alinha-plano-de-acao-para-distribuicao-de-racao-animal-na-zona-rural\/","og_site_name":"Portal MF","article_author":"https:\/\/www.facebook.com\/portalmfoficial","article_published_time":"2024-02-23T20:37:07+00:00","article_modified_time":"2024-02-23T20:37:08+00:00","og_image":[{"width":1299,"height":866,"url":"https:\/\/portalmf.com.br\/wp-content\/uploads\/2024\/02\/Reuniao-com-agentes-distritais-Foto-Danielly-Cerqueira-1.jpg","type":"image\/jpeg"}],"author":"Reda\u00e7\u00e3o Portal MF","twitter_card":"summary_large_image","twitter_creator":"@https:\/\/x.com\/portalmfoficial","twitter_misc":{"Escrito por":"Reda\u00e7\u00e3o Portal MF","Est. tempo de leitura":"2 minutos"},"schema":{"@context":"https:\/\/schema.org","@graph":[{"@type":"WebPage","@id":"https:\/\/portalmf.com.br\/index.php\/2024\/02\/23\/prefeitura-alinha-plano-de-acao-para-distribuicao-de-racao-animal-na-zona-rural\/","url":"https:\/\/portalmf.com.br\/index.php\/2024\/02\/23\/prefeitura-alinha-plano-de-acao-para-distribuicao-de-racao-animal-na-zona-rural\/","name":"Prefeitura alinha plano de a\u00e7\u00e3o para distribui\u00e7\u00e3o de ra\u00e7\u00e3o animal na zona rural - Portal MF","isPartOf":{"@id":"https:\/\/portalmf.com.br\/#website"},"primaryImageOfPage":{"@id":"https:\/\/portalmf.com.br\/index.php\/2024\/02\/23\/prefeitura-alinha-plano-de-acao-para-distribuicao-de-racao-animal-na-zona-rural\/#primaryimage"},"image":{"@id":"https:\/\/portalmf.com.br\/index.php\/2024\/02\/23\/prefeitura-alinha-plano-de-acao-para-distribuicao-de-racao-animal-na-zona-rural\/#primaryimage"},"thumbnailUrl":"https:\/\/portalmf.com.br\/wp-content\/uploads\/2024\/02\/Reuniao-com-agentes-distritais-Foto-Danielly-Cerqueira-1.jpg","datePublished":"2024-02-23T20:37:07+00:00","dateModified":"2024-02-23T20:37:08+00:00","author":{"@id":"https:\/\/portalmf.com.br\/#\/schema\/person\/9ec101baf56233e53520c26de5d6f6f0"},"breadcrumb":{"@id":"https:\/\/portalmf.com.br\/index.php\/2024\/02\/23\/prefeitura-alinha-plano-de-acao-para-distribuicao-de-racao-animal-na-zona-rural\/#breadcrumb"},"inLanguage":"pt-BR","potentialAction":[{"@type":"ReadAction","target":["https:\/\/portalmf.com.br\/index.php\/2024\/02\/23\/prefeitura-alinha-plano-de-acao-para-distribuicao-de-racao-animal-na-zona-rural\/"]}]},{"@type":"ImageObject","inLanguage":"pt-BR","@id":"https:\/\/portalmf.com.br\/index.php\/2024\/02\/23\/prefeitura-alinha-plano-de-acao-para-distribuicao-de-racao-animal-na-zona-rural\/#primaryimage","url":"https:\/\/portalmf.com.br\/wp-content\/uploads\/2024\/02\/Reuniao-com-agentes-distritais-Foto-Danielly-Cerqueira-1.jpg","contentUrl":"https:\/\/portalmf.com.br\/wp-content\/uploads\/2024\/02\/Reuniao-com-agentes-distritais-Foto-Danielly-Cerqueira-1.jpg","width":1299,"height":866},{"@type":"BreadcrumbList","@id":"https:\/\/portalmf.com.br\/index.php\/2024\/02\/23\/prefeitura-alinha-plano-de-acao-para-distribuicao-de-racao-animal-na-zona-rural\/#breadcrumb","itemListElement":[{"@type":"ListItem","position":1,"name":"In\u00edcio","item":"https:\/\/portalmf.com.br\/"},{"@type":"ListItem","position":2,"name":"Prefeitura alinha plano de a\u00e7\u00e3o para distribui\u00e7\u00e3o de ra\u00e7\u00e3o animal na zona rural"}]},{"@type":"WebSite","@id":"https:\/\/portalmf.com.br\/#website","url":"https:\/\/portalmf.com.br\/","name":"Portal MF","description":"Voc\u00ea conectado com a informa\u00e7\u00e3o","potentialAction":[{"@type":"SearchAction","target":{"@type":"EntryPoint","urlTemplate":"https:\/\/portalmf.com.br\/?s={search_term_string}"},"query-input":"required name=search_term_string"}],"inLanguage":"pt-BR"},{"@type":"Person","@id":"https:\/\/portalmf.com.br\/#\/schema\/person\/9ec101baf56233e53520c26de5d6f6f0","name":"Reda\u00e7\u00e3o Portal MF","image":{"@type":"ImageObject","inLanguage":"pt-BR","@id":"https:\/\/portalmf.com.br\/#\/schema\/person\/image\/","url":"https:\/\/secure.gravatar.com\/avatar\/41b9aaeb2100835f7c64362330f74c7f?s=96&d=mm&r=g","contentUrl":"https:\/\/secure.gravatar.com\/avatar\/41b9aaeb2100835f7c64362330f74c7f?s=96&d=mm&r=g","caption":"Reda\u00e7\u00e3o Portal MF"},"description":"Sejam bem-vindos o portal de informa\u00e7\u00f5es de entretenimento de Feira de Santana, desde 2006 realiza coberturas dos principais eventos com entrevistas exclusivas com as principais personalidades mundiais. Fique conectado tamb\u00e9m nas redes sociais.","sameAs":["http:\/\/www.portalmf.com.br\/","https:\/\/www.facebook.com\/portalmfoficial","https:\/\/www.instagram.com\/portalmf\/","https:\/\/x.com\/https:\/\/x.com\/portalmfoficial","https:\/\/www.youtube.com\/@portalmfoficial"],"url":"https:\/\/portalmf.com.br\/index.php\/author\/junior\/"}]}},"_links":{"self":[{"href":"https:\/\/portalmf.com.br\/index.php\/wp-json\/wp\/v2\/posts\/24088"}],"collection":[{"href":"https:\/\/portalmf.com.br\/index.php\/wp-json\/wp\/v2\/posts"}],"about":[{"href":"https:\/\/portalmf.com.br\/index.php\/wp-json\/wp\/v2\/types\/post"}],"author":[{"embeddable":true,"href":"https:\/\/portalmf.com.br\/index.php\/wp-json\/wp\/v2\/users\/3"}],"replies":[{"embeddable":true,"href":"https:\/\/portalmf.com.br\/index.php\/wp-json\/wp\/v2\/comments?post=24088"}],"version-history":[{"count":1,"href":"https:\/\/portalmf.com.br\/index.php\/wp-json\/wp\/v2\/posts\/24088\/revisions"}],"predecessor-version":[{"id":24090,"href":"https:\/\/portalmf.com.br\/index.php\/wp-json\/wp\/v2\/posts\/24088\/revisions\/24090"}],"wp:featuredmedia":[{"embeddable":true,"href":"https:\/\/portalmf.com.br\/index.php\/wp-json\/wp\/v2\/media\/24089"}],"wp:attachment":[{"href":"https:\/\/portalmf.com.br\/index.php\/wp-json\/wp\/v2\/media?parent=24088"}],"wp:term":[{"taxonomy":"category","embeddable":true,"href":"https:\/\/portalmf.com.br\/index.php\/wp-json\/wp\/v2\/categories?post=24088"},{"taxonomy":"post_tag","embeddable":true,"href":"https:\/\/portalmf.com.br\/index.php\/wp-json\/wp\/v2\/tags?post=24088"}],"curies":[{"name":"wp","href":"https:\/\/api.w.org\/{rel}","templated":true}]}}