{"id":2405,"date":"2022-08-01T15:44:56","date_gmt":"2022-08-01T18:44:56","guid":{"rendered":"http:\/\/portalmf.com.br\/?p=2405"},"modified":"2022-08-01T15:44:57","modified_gmt":"2022-08-01T18:44:57","slug":"kart-love-grava-dvd-em-salvador-neste-sabado-06","status":"publish","type":"post","link":"https:\/\/portalmf.com.br\/index.php\/2022\/08\/01\/kart-love-grava-dvd-em-salvador-neste-sabado-06\/","title":{"rendered":"Kart Love grava DVD em Salvador neste s\u00e1bado (06)"},"content":{"rendered":"\n<p>O Kart Love vai gravar seu novo DVD neste s\u00e1bado, dia 06 de agosto, durante o show na festa \u201c10 Horas de Arrocha\u201d e a expectativa \u00e9 enorme!<\/p>\n\n\n\n<p>O evento ser\u00e1 no Parque de Exposi\u00e7\u00f5es, em Salvador, e \u00e9 um dos mais aguardados do ano. O material audiovisual ser\u00e1 uma grande colet\u00e2nea do projeto \u201cBa\u00fa do Love\u201d, que chega assim ao volume 5, com m\u00fasicas consagradas, interpretadas tanto pelo pr\u00f3prio Kart Love quanto por outros grandes artistas nacionais.<\/p>\n\n\n\n<p>&#8220;Vai ser incr\u00edvel! O repert\u00f3rio est\u00e1 especial, a banda est\u00e1 toda ensaiada e quero que o p\u00fablico aproveite o momento para se divertir muito, para arrochar, sofrer e sorrir&#8221;, antecipa Kart Love.<\/p>\n","protected":false},"excerpt":{"rendered":"<p>O Kart Love vai gravar seu novo DVD neste s\u00e1bado, dia 06 de agosto, durante o show na festa \u201c10 Horas de Arrocha\u201d e a expectativa \u00e9 enorme! O evento ser\u00e1 no Parque de Exposi\u00e7\u00f5es, em Salvador, e \u00e9 um dos mais aguardados do ano. O material audiovisual ser\u00e1 uma grande colet\u00e2nea do projeto \u201cBa\u00fa [&hellip;]<\/p>\n","protected":false},"author":2,"featured_media":2406,"comment_status":"open","ping_status":"open","sticky":false,"template":"","format":"standard","meta":{"_monsterinsights_skip_tracking":false,"_monsterinsights_sitenote_active":false,"_monsterinsights_sitenote_note":"","_monsterinsights_sitenote_category":0,"footnotes":""},"categories":[45,36],"tags":[],"yoast_head":"<!-- This site is optimized with the Yoast SEO plugin v22.9 - https:\/\/yoast.com\/wordpress\/plugins\/seo\/ -->\n<title>Kart Love grava DVD em Salvador neste s\u00e1bado (06) - Portal MF<\/title>\n<meta name=\"robots\" content=\"index, follow, max-snippet:-1, max-image-preview:large, max-video-preview:-1\" \/>\n<link rel=\"canonical\" href=\"https:\/\/portalmf.com.br\/index.php\/2022\/08\/01\/kart-love-grava-dvd-em-salvador-neste-sabado-06\/\" \/>\n<meta property=\"og:locale\" content=\"pt_BR\" \/>\n<meta property=\"og:type\" content=\"article\" \/>\n<meta property=\"og:title\" content=\"Kart Love grava DVD em Salvador neste s\u00e1bado (06) - Portal MF\" \/>\n<meta property=\"og:description\" content=\"O Kart Love vai gravar seu novo DVD neste s\u00e1bado, dia 06 de agosto, durante o show na festa \u201c10 Horas de Arrocha\u201d e a expectativa \u00e9 enorme! O evento ser\u00e1 no Parque de Exposi\u00e7\u00f5es, em Salvador, e \u00e9 um dos mais aguardados do ano. O material audiovisual ser\u00e1 uma grande colet\u00e2nea do projeto \u201cBa\u00fa [&hellip;]\" \/>\n<meta property=\"og:url\" content=\"https:\/\/portalmf.com.br\/index.php\/2022\/08\/01\/kart-love-grava-dvd-em-salvador-neste-sabado-06\/\" \/>\n<meta property=\"og:site_name\" content=\"Portal MF\" \/>\n<meta property=\"article:author\" content=\"reginaldojrfsa\" \/>\n<meta property=\"article:published_time\" content=\"2022-08-01T18:44:56+00:00\" \/>\n<meta property=\"article:modified_time\" content=\"2022-08-01T18:44:57+00:00\" \/>\n<meta property=\"og:image\" content=\"https:\/\/portalmf.com.br\/wp-content\/uploads\/2022\/08\/WhatsApp-Image-2022-08-01-at-09.15.52.jpeg\" \/>\n\t<meta property=\"og:image:width\" content=\"599\" \/>\n\t<meta property=\"og:image:height\" content=\"426\" \/>\n\t<meta property=\"og:image:type\" content=\"image\/jpeg\" \/>\n<meta name=\"author\" content=\"Reginaldo J\u00fanior\" \/>\n<meta name=\"twitter:card\" content=\"summary_large_image\" \/>\n<meta name=\"twitter:creator\" content=\"@reginaldojrmf\" \/>\n<meta name=\"twitter:label1\" content=\"Escrito por\" \/>\n\t<meta name=\"twitter:data1\" content=\"Reginaldo J\u00fanior\" \/>\n\t<meta name=\"twitter:label2\" content=\"Est. tempo de leitura\" \/>\n\t<meta name=\"twitter:data2\" content=\"1 minuto\" \/>\n<script type=\"application\/ld+json\" class=\"yoast-schema-graph\">{\"@context\":\"https:\/\/schema.org\",\"@graph\":[{\"@type\":\"WebPage\",\"@id\":\"https:\/\/portalmf.com.br\/index.php\/2022\/08\/01\/kart-love-grava-dvd-em-salvador-neste-sabado-06\/\",\"url\":\"https:\/\/portalmf.com.br\/index.php\/2022\/08\/01\/kart-love-grava-dvd-em-salvador-neste-sabado-06\/\",\"name\":\"Kart Love grava DVD em Salvador neste s\u00e1bado (06) - Portal MF\",\"isPartOf\":{\"@id\":\"https:\/\/portalmf.com.br\/#website\"},\"primaryImageOfPage\":{\"@id\":\"https:\/\/portalmf.com.br\/index.php\/2022\/08\/01\/kart-love-grava-dvd-em-salvador-neste-sabado-06\/#primaryimage\"},\"image\":{\"@id\":\"https:\/\/portalmf.com.br\/index.php\/2022\/08\/01\/kart-love-grava-dvd-em-salvador-neste-sabado-06\/#primaryimage\"},\"thumbnailUrl\":\"https:\/\/portalmf.com.br\/wp-content\/uploads\/2022\/08\/WhatsApp-Image-2022-08-01-at-09.15.52.jpeg\",\"datePublished\":\"2022-08-01T18:44:56+00:00\",\"dateModified\":\"2022-08-01T18:44:57+00:00\",\"author\":{\"@id\":\"https:\/\/portalmf.com.br\/#\/schema\/person\/11c82086fe8abc05a19147e964587285\"},\"breadcrumb\":{\"@id\":\"https:\/\/portalmf.com.br\/index.php\/2022\/08\/01\/kart-love-grava-dvd-em-salvador-neste-sabado-06\/#breadcrumb\"},\"inLanguage\":\"pt-BR\",\"potentialAction\":[{\"@type\":\"ReadAction\",\"target\":[\"https:\/\/portalmf.com.br\/index.php\/2022\/08\/01\/kart-love-grava-dvd-em-salvador-neste-sabado-06\/\"]}]},{\"@type\":\"ImageObject\",\"inLanguage\":\"pt-BR\",\"@id\":\"https:\/\/portalmf.com.br\/index.php\/2022\/08\/01\/kart-love-grava-dvd-em-salvador-neste-sabado-06\/#primaryimage\",\"url\":\"https:\/\/portalmf.com.br\/wp-content\/uploads\/2022\/08\/WhatsApp-Image-2022-08-01-at-09.15.52.jpeg\",\"contentUrl\":\"https:\/\/portalmf.com.br\/wp-content\/uploads\/2022\/08\/WhatsApp-Image-2022-08-01-at-09.15.52.jpeg\",\"width\":599,\"height\":426},{\"@type\":\"BreadcrumbList\",\"@id\":\"https:\/\/portalmf.com.br\/index.php\/2022\/08\/01\/kart-love-grava-dvd-em-salvador-neste-sabado-06\/#breadcrumb\",\"itemListElement\":[{\"@type\":\"ListItem\",\"position\":1,\"name\":\"In\u00edcio\",\"item\":\"https:\/\/portalmf.com.br\/\"},{\"@type\":\"ListItem\",\"position\":2,\"name\":\"Kart Love grava DVD em Salvador neste s\u00e1bado (06)\"}]},{\"@type\":\"WebSite\",\"@id\":\"https:\/\/portalmf.com.br\/#website\",\"url\":\"https:\/\/portalmf.com.br\/\",\"name\":\"Portal MF\",\"description\":\"Voc\u00ea conectado com a informa\u00e7\u00e3o\",\"potentialAction\":[{\"@type\":\"SearchAction\",\"target\":{\"@type\":\"EntryPoint\",\"urlTemplate\":\"https:\/\/portalmf.com.br\/?s={search_term_string}\"},\"query-input\":\"required name=search_term_string\"}],\"inLanguage\":\"pt-BR\"},{\"@type\":\"Person\",\"@id\":\"https:\/\/portalmf.com.br\/#\/schema\/person\/11c82086fe8abc05a19147e964587285\",\"name\":\"Reginaldo J\u00fanior\",\"image\":{\"@type\":\"ImageObject\",\"inLanguage\":\"pt-BR\",\"@id\":\"https:\/\/portalmf.com.br\/#\/schema\/person\/image\/\",\"url\":\"https:\/\/secure.gravatar.com\/avatar\/32a3c797cd0ac47cc53b8644c62776f9?s=96&d=mm&r=g\",\"contentUrl\":\"https:\/\/secure.gravatar.com\/avatar\/32a3c797cd0ac47cc53b8644c62776f9?s=96&d=mm&r=g\",\"caption\":\"Reginaldo J\u00fanior\"},\"description\":\"Jornalista e idealizador Portal MF\",\"sameAs\":[\"https:\/\/portalmf.com.br\/index.php\/author\/reginaldojr\/\",\"reginaldojrfsa\",\"reginaldojuniormf\",\"https:\/\/x.com\/reginaldojrmf\"],\"url\":\"https:\/\/portalmf.com.br\/index.php\/author\/reginaldojr\/\"}]}<\/script>\n<!-- \/ Yoast SEO plugin. -->","yoast_head_json":{"title":"Kart Love grava DVD em Salvador neste s\u00e1bado (06) - Portal MF","robots":{"index":"index","follow":"follow","max-snippet":"max-snippet:-1","max-image-preview":"max-image-preview:large","max-video-preview":"max-video-preview:-1"},"canonical":"https:\/\/portalmf.com.br\/index.php\/2022\/08\/01\/kart-love-grava-dvd-em-salvador-neste-sabado-06\/","og_locale":"pt_BR","og_type":"article","og_title":"Kart Love grava DVD em Salvador neste s\u00e1bado (06) - Portal MF","og_description":"O Kart Love vai gravar seu novo DVD neste s\u00e1bado, dia 06 de agosto, durante o show na festa \u201c10 Horas de Arrocha\u201d e a expectativa \u00e9 enorme! O evento ser\u00e1 no Parque de Exposi\u00e7\u00f5es, em Salvador, e \u00e9 um dos mais aguardados do ano. O material audiovisual ser\u00e1 uma grande colet\u00e2nea do projeto \u201cBa\u00fa [&hellip;]","og_url":"https:\/\/portalmf.com.br\/index.php\/2022\/08\/01\/kart-love-grava-dvd-em-salvador-neste-sabado-06\/","og_site_name":"Portal MF","article_author":"reginaldojrfsa","article_published_time":"2022-08-01T18:44:56+00:00","article_modified_time":"2022-08-01T18:44:57+00:00","og_image":[{"width":599,"height":426,"url":"https:\/\/portalmf.com.br\/wp-content\/uploads\/2022\/08\/WhatsApp-Image-2022-08-01-at-09.15.52.jpeg","type":"image\/jpeg"}],"author":"Reginaldo J\u00fanior","twitter_card":"summary_large_image","twitter_creator":"@reginaldojrmf","twitter_misc":{"Escrito por":"Reginaldo J\u00fanior","Est. tempo de leitura":"1 minuto"},"schema":{"@context":"https:\/\/schema.org","@graph":[{"@type":"WebPage","@id":"https:\/\/portalmf.com.br\/index.php\/2022\/08\/01\/kart-love-grava-dvd-em-salvador-neste-sabado-06\/","url":"https:\/\/portalmf.com.br\/index.php\/2022\/08\/01\/kart-love-grava-dvd-em-salvador-neste-sabado-06\/","name":"Kart Love grava DVD em Salvador neste s\u00e1bado (06) - Portal MF","isPartOf":{"@id":"https:\/\/portalmf.com.br\/#website"},"primaryImageOfPage":{"@id":"https:\/\/portalmf.com.br\/index.php\/2022\/08\/01\/kart-love-grava-dvd-em-salvador-neste-sabado-06\/#primaryimage"},"image":{"@id":"https:\/\/portalmf.com.br\/index.php\/2022\/08\/01\/kart-love-grava-dvd-em-salvador-neste-sabado-06\/#primaryimage"},"thumbnailUrl":"https:\/\/portalmf.com.br\/wp-content\/uploads\/2022\/08\/WhatsApp-Image-2022-08-01-at-09.15.52.jpeg","datePublished":"2022-08-01T18:44:56+00:00","dateModified":"2022-08-01T18:44:57+00:00","author":{"@id":"https:\/\/portalmf.com.br\/#\/schema\/person\/11c82086fe8abc05a19147e964587285"},"breadcrumb":{"@id":"https:\/\/portalmf.com.br\/index.php\/2022\/08\/01\/kart-love-grava-dvd-em-salvador-neste-sabado-06\/#breadcrumb"},"inLanguage":"pt-BR","potentialAction":[{"@type":"ReadAction","target":["https:\/\/portalmf.com.br\/index.php\/2022\/08\/01\/kart-love-grava-dvd-em-salvador-neste-sabado-06\/"]}]},{"@type":"ImageObject","inLanguage":"pt-BR","@id":"https:\/\/portalmf.com.br\/index.php\/2022\/08\/01\/kart-love-grava-dvd-em-salvador-neste-sabado-06\/#primaryimage","url":"https:\/\/portalmf.com.br\/wp-content\/uploads\/2022\/08\/WhatsApp-Image-2022-08-01-at-09.15.52.jpeg","contentUrl":"https:\/\/portalmf.com.br\/wp-content\/uploads\/2022\/08\/WhatsApp-Image-2022-08-01-at-09.15.52.jpeg","width":599,"height":426},{"@type":"BreadcrumbList","@id":"https:\/\/portalmf.com.br\/index.php\/2022\/08\/01\/kart-love-grava-dvd-em-salvador-neste-sabado-06\/#breadcrumb","itemListElement":[{"@type":"ListItem","position":1,"name":"In\u00edcio","item":"https:\/\/portalmf.com.br\/"},{"@type":"ListItem","position":2,"name":"Kart Love grava DVD em Salvador neste s\u00e1bado (06)"}]},{"@type":"WebSite","@id":"https:\/\/portalmf.com.br\/#website","url":"https:\/\/portalmf.com.br\/","name":"Portal MF","description":"Voc\u00ea conectado com a informa\u00e7\u00e3o","potentialAction":[{"@type":"SearchAction","target":{"@type":"EntryPoint","urlTemplate":"https:\/\/portalmf.com.br\/?s={search_term_string}"},"query-input":"required name=search_term_string"}],"inLanguage":"pt-BR"},{"@type":"Person","@id":"https:\/\/portalmf.com.br\/#\/schema\/person\/11c82086fe8abc05a19147e964587285","name":"Reginaldo J\u00fanior","image":{"@type":"ImageObject","inLanguage":"pt-BR","@id":"https:\/\/portalmf.com.br\/#\/schema\/person\/image\/","url":"https:\/\/secure.gravatar.com\/avatar\/32a3c797cd0ac47cc53b8644c62776f9?s=96&d=mm&r=g","contentUrl":"https:\/\/secure.gravatar.com\/avatar\/32a3c797cd0ac47cc53b8644c62776f9?s=96&d=mm&r=g","caption":"Reginaldo J\u00fanior"},"description":"Jornalista e idealizador Portal MF","sameAs":["https:\/\/portalmf.com.br\/index.php\/author\/reginaldojr\/","reginaldojrfsa","reginaldojuniormf","https:\/\/x.com\/reginaldojrmf"],"url":"https:\/\/portalmf.com.br\/index.php\/author\/reginaldojr\/"}]}},"_links":{"self":[{"href":"https:\/\/portalmf.com.br\/index.php\/wp-json\/wp\/v2\/posts\/2405"}],"collection":[{"href":"https:\/\/portalmf.com.br\/index.php\/wp-json\/wp\/v2\/posts"}],"about":[{"href":"https:\/\/portalmf.com.br\/index.php\/wp-json\/wp\/v2\/types\/post"}],"author":[{"embeddable":true,"href":"https:\/\/portalmf.com.br\/index.php\/wp-json\/wp\/v2\/users\/2"}],"replies":[{"embeddable":true,"href":"https:\/\/portalmf.com.br\/index.php\/wp-json\/wp\/v2\/comments?post=2405"}],"version-history":[{"count":1,"href":"https:\/\/portalmf.com.br\/index.php\/wp-json\/wp\/v2\/posts\/2405\/revisions"}],"predecessor-version":[{"id":2407,"href":"https:\/\/portalmf.com.br\/index.php\/wp-json\/wp\/v2\/posts\/2405\/revisions\/2407"}],"wp:featuredmedia":[{"embeddable":true,"href":"https:\/\/portalmf.com.br\/index.php\/wp-json\/wp\/v2\/media\/2406"}],"wp:attachment":[{"href":"https:\/\/portalmf.com.br\/index.php\/wp-json\/wp\/v2\/media?parent=2405"}],"wp:term":[{"taxonomy":"category","embeddable":true,"href":"https:\/\/portalmf.com.br\/index.php\/wp-json\/wp\/v2\/categories?post=2405"},{"taxonomy":"post_tag","embeddable":true,"href":"https:\/\/portalmf.com.br\/index.php\/wp-json\/wp\/v2\/tags?post=2405"}],"curies":[{"name":"wp","href":"https:\/\/api.w.org\/{rel}","templated":true}]}}