{"id":24047,"date":"2024-02-22T17:22:33","date_gmt":"2024-02-22T20:22:33","guid":{"rendered":"https:\/\/portalmf.com.br\/?p=24047"},"modified":"2024-02-22T17:22:34","modified_gmt":"2024-02-22T20:22:34","slug":"feira-alcanca-a-marca-de-1-700-criancas-vacinadas-contra-a-dengue","status":"publish","type":"post","link":"https:\/\/portalmf.com.br\/index.php\/2024\/02\/22\/feira-alcanca-a-marca-de-1-700-criancas-vacinadas-contra-a-dengue\/","title":{"rendered":"Feira alcan\u00e7a a marca de 1.700 crian\u00e7as vacinadas contra a dengue"},"content":{"rendered":"\n<p>Nessa quarta-feira (21), a Secretaria Municipal de Sa\u00fade (SMS) vacinou 434 crian\u00e7as contra a dengue nas Unidades B\u00e1sicas de Sa\u00fade (UBSs), Unidades de Sa\u00fade da Fam\u00edlia (USFs) e tamb\u00e9m no audit\u00f3rio da pr\u00f3pria SMS.<\/p>\n\n\n\n<p>Desde o in\u00edcio da campanha de imuniza\u00e7\u00e3o, em 15 de fevereiro, 1.758 crian\u00e7as, com idades entre 10 e 14 anos, foram imunizadas. A vacina\u00e7\u00e3o continua nesta quinta-feira (22), com os postos de vacina\u00e7\u00e3o mantidos nas UBSs, USFs e no audit\u00f3rio da SMS.<\/p>\n\n\n\n<p>\u00c9 importante ressaltar que para receber as doses, os pais ou respons\u00e1veis devem comparecer munidos de documento de identidade, cart\u00e3o SUS e a caderneta de vacina\u00e7\u00e3o da crian\u00e7a, garantindo assim um registro preciso das vacinas recebidas.<\/p>\n\n\n\n<p>Com informa\u00e7\u00f5es da Secom<\/p>\n","protected":false},"excerpt":{"rendered":"<p>Nessa quarta-feira (21), a Secretaria Municipal de Sa\u00fade (SMS) vacinou 434 crian\u00e7as contra a dengue nas Unidades B\u00e1sicas de Sa\u00fade (UBSs), Unidades de Sa\u00fade da Fam\u00edlia (USFs) e tamb\u00e9m no audit\u00f3rio da pr\u00f3pria SMS. Desde o in\u00edcio da campanha de imuniza\u00e7\u00e3o, em 15 de fevereiro, 1.758 crian\u00e7as, com idades entre 10 e 14 anos, foram [&hellip;]<\/p>\n","protected":false},"author":3,"featured_media":24048,"comment_status":"open","ping_status":"open","sticky":false,"template":"","format":"standard","meta":{"_monsterinsights_skip_tracking":false,"_monsterinsights_sitenote_active":false,"_monsterinsights_sitenote_note":"","_monsterinsights_sitenote_category":0,"footnotes":""},"categories":[34],"tags":[],"yoast_head":"<!-- This site is optimized with the Yoast SEO plugin v22.9 - https:\/\/yoast.com\/wordpress\/plugins\/seo\/ -->\n<title>Feira alcan\u00e7a a marca de 1.700 crian\u00e7as vacinadas contra a dengue - Portal MF<\/title>\n<meta name=\"robots\" content=\"index, follow, max-snippet:-1, max-image-preview:large, max-video-preview:-1\" \/>\n<link rel=\"canonical\" href=\"https:\/\/portalmf.com.br\/index.php\/2024\/02\/22\/feira-alcanca-a-marca-de-1-700-criancas-vacinadas-contra-a-dengue\/\" \/>\n<meta property=\"og:locale\" content=\"pt_BR\" \/>\n<meta property=\"og:type\" content=\"article\" \/>\n<meta property=\"og:title\" content=\"Feira alcan\u00e7a a marca de 1.700 crian\u00e7as vacinadas contra a dengue - Portal MF\" \/>\n<meta property=\"og:description\" content=\"Nessa quarta-feira (21), a Secretaria Municipal de Sa\u00fade (SMS) vacinou 434 crian\u00e7as contra a dengue nas Unidades B\u00e1sicas de Sa\u00fade (UBSs), Unidades de Sa\u00fade da Fam\u00edlia (USFs) e tamb\u00e9m no audit\u00f3rio da pr\u00f3pria SMS. Desde o in\u00edcio da campanha de imuniza\u00e7\u00e3o, em 15 de fevereiro, 1.758 crian\u00e7as, com idades entre 10 e 14 anos, foram [&hellip;]\" \/>\n<meta property=\"og:url\" content=\"https:\/\/portalmf.com.br\/index.php\/2024\/02\/22\/feira-alcanca-a-marca-de-1-700-criancas-vacinadas-contra-a-dengue\/\" \/>\n<meta property=\"og:site_name\" content=\"Portal MF\" \/>\n<meta property=\"article:author\" content=\"https:\/\/www.facebook.com\/portalmfoficial\" \/>\n<meta property=\"article:published_time\" content=\"2024-02-22T20:22:33+00:00\" \/>\n<meta property=\"article:modified_time\" content=\"2024-02-22T20:22:34+00:00\" \/>\n<meta property=\"og:image\" content=\"https:\/\/portalmf.com.br\/wp-content\/uploads\/2024\/02\/Feira-alcanca-a-marca-de-1.700-criancas-vacinadas-contra-a-dengue.jpg\" \/>\n\t<meta property=\"og:image:width\" content=\"1306\" \/>\n\t<meta property=\"og:image:height\" content=\"660\" \/>\n\t<meta property=\"og:image:type\" content=\"image\/jpeg\" \/>\n<meta name=\"author\" content=\"Reda\u00e7\u00e3o Portal MF\" \/>\n<meta name=\"twitter:card\" content=\"summary_large_image\" \/>\n<meta name=\"twitter:creator\" content=\"@https:\/\/x.com\/portalmfoficial\" \/>\n<meta name=\"twitter:label1\" content=\"Escrito por\" \/>\n\t<meta name=\"twitter:data1\" content=\"Reda\u00e7\u00e3o Portal MF\" \/>\n\t<meta name=\"twitter:label2\" content=\"Est. tempo de leitura\" \/>\n\t<meta name=\"twitter:data2\" content=\"1 minuto\" \/>\n<script type=\"application\/ld+json\" class=\"yoast-schema-graph\">{\"@context\":\"https:\/\/schema.org\",\"@graph\":[{\"@type\":\"WebPage\",\"@id\":\"https:\/\/portalmf.com.br\/index.php\/2024\/02\/22\/feira-alcanca-a-marca-de-1-700-criancas-vacinadas-contra-a-dengue\/\",\"url\":\"https:\/\/portalmf.com.br\/index.php\/2024\/02\/22\/feira-alcanca-a-marca-de-1-700-criancas-vacinadas-contra-a-dengue\/\",\"name\":\"Feira alcan\u00e7a a marca de 1.700 crian\u00e7as vacinadas contra a dengue - Portal MF\",\"isPartOf\":{\"@id\":\"https:\/\/portalmf.com.br\/#website\"},\"primaryImageOfPage\":{\"@id\":\"https:\/\/portalmf.com.br\/index.php\/2024\/02\/22\/feira-alcanca-a-marca-de-1-700-criancas-vacinadas-contra-a-dengue\/#primaryimage\"},\"image\":{\"@id\":\"https:\/\/portalmf.com.br\/index.php\/2024\/02\/22\/feira-alcanca-a-marca-de-1-700-criancas-vacinadas-contra-a-dengue\/#primaryimage\"},\"thumbnailUrl\":\"https:\/\/portalmf.com.br\/wp-content\/uploads\/2024\/02\/Feira-alcanca-a-marca-de-1.700-criancas-vacinadas-contra-a-dengue.jpg\",\"datePublished\":\"2024-02-22T20:22:33+00:00\",\"dateModified\":\"2024-02-22T20:22:34+00:00\",\"author\":{\"@id\":\"https:\/\/portalmf.com.br\/#\/schema\/person\/9ec101baf56233e53520c26de5d6f6f0\"},\"breadcrumb\":{\"@id\":\"https:\/\/portalmf.com.br\/index.php\/2024\/02\/22\/feira-alcanca-a-marca-de-1-700-criancas-vacinadas-contra-a-dengue\/#breadcrumb\"},\"inLanguage\":\"pt-BR\",\"potentialAction\":[{\"@type\":\"ReadAction\",\"target\":[\"https:\/\/portalmf.com.br\/index.php\/2024\/02\/22\/feira-alcanca-a-marca-de-1-700-criancas-vacinadas-contra-a-dengue\/\"]}]},{\"@type\":\"ImageObject\",\"inLanguage\":\"pt-BR\",\"@id\":\"https:\/\/portalmf.com.br\/index.php\/2024\/02\/22\/feira-alcanca-a-marca-de-1-700-criancas-vacinadas-contra-a-dengue\/#primaryimage\",\"url\":\"https:\/\/portalmf.com.br\/wp-content\/uploads\/2024\/02\/Feira-alcanca-a-marca-de-1.700-criancas-vacinadas-contra-a-dengue.jpg\",\"contentUrl\":\"https:\/\/portalmf.com.br\/wp-content\/uploads\/2024\/02\/Feira-alcanca-a-marca-de-1.700-criancas-vacinadas-contra-a-dengue.jpg\",\"width\":1306,\"height\":660},{\"@type\":\"BreadcrumbList\",\"@id\":\"https:\/\/portalmf.com.br\/index.php\/2024\/02\/22\/feira-alcanca-a-marca-de-1-700-criancas-vacinadas-contra-a-dengue\/#breadcrumb\",\"itemListElement\":[{\"@type\":\"ListItem\",\"position\":1,\"name\":\"In\u00edcio\",\"item\":\"https:\/\/portalmf.com.br\/\"},{\"@type\":\"ListItem\",\"position\":2,\"name\":\"Feira alcan\u00e7a a marca de 1.700 crian\u00e7as vacinadas contra a dengue\"}]},{\"@type\":\"WebSite\",\"@id\":\"https:\/\/portalmf.com.br\/#website\",\"url\":\"https:\/\/portalmf.com.br\/\",\"name\":\"Portal MF\",\"description\":\"Voc\u00ea conectado com a informa\u00e7\u00e3o\",\"potentialAction\":[{\"@type\":\"SearchAction\",\"target\":{\"@type\":\"EntryPoint\",\"urlTemplate\":\"https:\/\/portalmf.com.br\/?s={search_term_string}\"},\"query-input\":\"required name=search_term_string\"}],\"inLanguage\":\"pt-BR\"},{\"@type\":\"Person\",\"@id\":\"https:\/\/portalmf.com.br\/#\/schema\/person\/9ec101baf56233e53520c26de5d6f6f0\",\"name\":\"Reda\u00e7\u00e3o Portal MF\",\"image\":{\"@type\":\"ImageObject\",\"inLanguage\":\"pt-BR\",\"@id\":\"https:\/\/portalmf.com.br\/#\/schema\/person\/image\/\",\"url\":\"https:\/\/secure.gravatar.com\/avatar\/41b9aaeb2100835f7c64362330f74c7f?s=96&d=mm&r=g\",\"contentUrl\":\"https:\/\/secure.gravatar.com\/avatar\/41b9aaeb2100835f7c64362330f74c7f?s=96&d=mm&r=g\",\"caption\":\"Reda\u00e7\u00e3o Portal MF\"},\"description\":\"Sejam bem-vindos o portal de informa\u00e7\u00f5es de entretenimento de Feira de Santana, desde 2006 realiza coberturas dos principais eventos com entrevistas exclusivas com as principais personalidades mundiais. Fique conectado tamb\u00e9m nas redes sociais.\",\"sameAs\":[\"http:\/\/www.portalmf.com.br\/\",\"https:\/\/www.facebook.com\/portalmfoficial\",\"https:\/\/www.instagram.com\/portalmf\/\",\"https:\/\/x.com\/https:\/\/x.com\/portalmfoficial\",\"https:\/\/www.youtube.com\/@portalmfoficial\"],\"url\":\"https:\/\/portalmf.com.br\/index.php\/author\/junior\/\"}]}<\/script>\n<!-- \/ Yoast SEO plugin. -->","yoast_head_json":{"title":"Feira alcan\u00e7a a marca de 1.700 crian\u00e7as vacinadas contra a dengue - Portal MF","robots":{"index":"index","follow":"follow","max-snippet":"max-snippet:-1","max-image-preview":"max-image-preview:large","max-video-preview":"max-video-preview:-1"},"canonical":"https:\/\/portalmf.com.br\/index.php\/2024\/02\/22\/feira-alcanca-a-marca-de-1-700-criancas-vacinadas-contra-a-dengue\/","og_locale":"pt_BR","og_type":"article","og_title":"Feira alcan\u00e7a a marca de 1.700 crian\u00e7as vacinadas contra a dengue - Portal MF","og_description":"Nessa quarta-feira (21), a Secretaria Municipal de Sa\u00fade (SMS) vacinou 434 crian\u00e7as contra a dengue nas Unidades B\u00e1sicas de Sa\u00fade (UBSs), Unidades de Sa\u00fade da Fam\u00edlia (USFs) e tamb\u00e9m no audit\u00f3rio da pr\u00f3pria SMS. Desde o in\u00edcio da campanha de imuniza\u00e7\u00e3o, em 15 de fevereiro, 1.758 crian\u00e7as, com idades entre 10 e 14 anos, foram [&hellip;]","og_url":"https:\/\/portalmf.com.br\/index.php\/2024\/02\/22\/feira-alcanca-a-marca-de-1-700-criancas-vacinadas-contra-a-dengue\/","og_site_name":"Portal MF","article_author":"https:\/\/www.facebook.com\/portalmfoficial","article_published_time":"2024-02-22T20:22:33+00:00","article_modified_time":"2024-02-22T20:22:34+00:00","og_image":[{"width":1306,"height":660,"url":"https:\/\/portalmf.com.br\/wp-content\/uploads\/2024\/02\/Feira-alcanca-a-marca-de-1.700-criancas-vacinadas-contra-a-dengue.jpg","type":"image\/jpeg"}],"author":"Reda\u00e7\u00e3o Portal MF","twitter_card":"summary_large_image","twitter_creator":"@https:\/\/x.com\/portalmfoficial","twitter_misc":{"Escrito por":"Reda\u00e7\u00e3o Portal MF","Est. tempo de leitura":"1 minuto"},"schema":{"@context":"https:\/\/schema.org","@graph":[{"@type":"WebPage","@id":"https:\/\/portalmf.com.br\/index.php\/2024\/02\/22\/feira-alcanca-a-marca-de-1-700-criancas-vacinadas-contra-a-dengue\/","url":"https:\/\/portalmf.com.br\/index.php\/2024\/02\/22\/feira-alcanca-a-marca-de-1-700-criancas-vacinadas-contra-a-dengue\/","name":"Feira alcan\u00e7a a marca de 1.700 crian\u00e7as vacinadas contra a dengue - Portal MF","isPartOf":{"@id":"https:\/\/portalmf.com.br\/#website"},"primaryImageOfPage":{"@id":"https:\/\/portalmf.com.br\/index.php\/2024\/02\/22\/feira-alcanca-a-marca-de-1-700-criancas-vacinadas-contra-a-dengue\/#primaryimage"},"image":{"@id":"https:\/\/portalmf.com.br\/index.php\/2024\/02\/22\/feira-alcanca-a-marca-de-1-700-criancas-vacinadas-contra-a-dengue\/#primaryimage"},"thumbnailUrl":"https:\/\/portalmf.com.br\/wp-content\/uploads\/2024\/02\/Feira-alcanca-a-marca-de-1.700-criancas-vacinadas-contra-a-dengue.jpg","datePublished":"2024-02-22T20:22:33+00:00","dateModified":"2024-02-22T20:22:34+00:00","author":{"@id":"https:\/\/portalmf.com.br\/#\/schema\/person\/9ec101baf56233e53520c26de5d6f6f0"},"breadcrumb":{"@id":"https:\/\/portalmf.com.br\/index.php\/2024\/02\/22\/feira-alcanca-a-marca-de-1-700-criancas-vacinadas-contra-a-dengue\/#breadcrumb"},"inLanguage":"pt-BR","potentialAction":[{"@type":"ReadAction","target":["https:\/\/portalmf.com.br\/index.php\/2024\/02\/22\/feira-alcanca-a-marca-de-1-700-criancas-vacinadas-contra-a-dengue\/"]}]},{"@type":"ImageObject","inLanguage":"pt-BR","@id":"https:\/\/portalmf.com.br\/index.php\/2024\/02\/22\/feira-alcanca-a-marca-de-1-700-criancas-vacinadas-contra-a-dengue\/#primaryimage","url":"https:\/\/portalmf.com.br\/wp-content\/uploads\/2024\/02\/Feira-alcanca-a-marca-de-1.700-criancas-vacinadas-contra-a-dengue.jpg","contentUrl":"https:\/\/portalmf.com.br\/wp-content\/uploads\/2024\/02\/Feira-alcanca-a-marca-de-1.700-criancas-vacinadas-contra-a-dengue.jpg","width":1306,"height":660},{"@type":"BreadcrumbList","@id":"https:\/\/portalmf.com.br\/index.php\/2024\/02\/22\/feira-alcanca-a-marca-de-1-700-criancas-vacinadas-contra-a-dengue\/#breadcrumb","itemListElement":[{"@type":"ListItem","position":1,"name":"In\u00edcio","item":"https:\/\/portalmf.com.br\/"},{"@type":"ListItem","position":2,"name":"Feira alcan\u00e7a a marca de 1.700 crian\u00e7as vacinadas contra a dengue"}]},{"@type":"WebSite","@id":"https:\/\/portalmf.com.br\/#website","url":"https:\/\/portalmf.com.br\/","name":"Portal MF","description":"Voc\u00ea conectado com a informa\u00e7\u00e3o","potentialAction":[{"@type":"SearchAction","target":{"@type":"EntryPoint","urlTemplate":"https:\/\/portalmf.com.br\/?s={search_term_string}"},"query-input":"required name=search_term_string"}],"inLanguage":"pt-BR"},{"@type":"Person","@id":"https:\/\/portalmf.com.br\/#\/schema\/person\/9ec101baf56233e53520c26de5d6f6f0","name":"Reda\u00e7\u00e3o Portal MF","image":{"@type":"ImageObject","inLanguage":"pt-BR","@id":"https:\/\/portalmf.com.br\/#\/schema\/person\/image\/","url":"https:\/\/secure.gravatar.com\/avatar\/41b9aaeb2100835f7c64362330f74c7f?s=96&d=mm&r=g","contentUrl":"https:\/\/secure.gravatar.com\/avatar\/41b9aaeb2100835f7c64362330f74c7f?s=96&d=mm&r=g","caption":"Reda\u00e7\u00e3o Portal MF"},"description":"Sejam bem-vindos o portal de informa\u00e7\u00f5es de entretenimento de Feira de Santana, desde 2006 realiza coberturas dos principais eventos com entrevistas exclusivas com as principais personalidades mundiais. Fique conectado tamb\u00e9m nas redes sociais.","sameAs":["http:\/\/www.portalmf.com.br\/","https:\/\/www.facebook.com\/portalmfoficial","https:\/\/www.instagram.com\/portalmf\/","https:\/\/x.com\/https:\/\/x.com\/portalmfoficial","https:\/\/www.youtube.com\/@portalmfoficial"],"url":"https:\/\/portalmf.com.br\/index.php\/author\/junior\/"}]}},"_links":{"self":[{"href":"https:\/\/portalmf.com.br\/index.php\/wp-json\/wp\/v2\/posts\/24047"}],"collection":[{"href":"https:\/\/portalmf.com.br\/index.php\/wp-json\/wp\/v2\/posts"}],"about":[{"href":"https:\/\/portalmf.com.br\/index.php\/wp-json\/wp\/v2\/types\/post"}],"author":[{"embeddable":true,"href":"https:\/\/portalmf.com.br\/index.php\/wp-json\/wp\/v2\/users\/3"}],"replies":[{"embeddable":true,"href":"https:\/\/portalmf.com.br\/index.php\/wp-json\/wp\/v2\/comments?post=24047"}],"version-history":[{"count":1,"href":"https:\/\/portalmf.com.br\/index.php\/wp-json\/wp\/v2\/posts\/24047\/revisions"}],"predecessor-version":[{"id":24049,"href":"https:\/\/portalmf.com.br\/index.php\/wp-json\/wp\/v2\/posts\/24047\/revisions\/24049"}],"wp:featuredmedia":[{"embeddable":true,"href":"https:\/\/portalmf.com.br\/index.php\/wp-json\/wp\/v2\/media\/24048"}],"wp:attachment":[{"href":"https:\/\/portalmf.com.br\/index.php\/wp-json\/wp\/v2\/media?parent=24047"}],"wp:term":[{"taxonomy":"category","embeddable":true,"href":"https:\/\/portalmf.com.br\/index.php\/wp-json\/wp\/v2\/categories?post=24047"},{"taxonomy":"post_tag","embeddable":true,"href":"https:\/\/portalmf.com.br\/index.php\/wp-json\/wp\/v2\/tags?post=24047"}],"curies":[{"name":"wp","href":"https:\/\/api.w.org\/{rel}","templated":true}]}}