{"id":24038,"date":"2024-02-22T17:03:56","date_gmt":"2024-02-22T20:03:56","guid":{"rendered":"https:\/\/portalmf.com.br\/?p=24038"},"modified":"2024-02-22T17:03:58","modified_gmt":"2024-02-22T20:03:58","slug":"novo-hospital-regional-de-alagoinhas-sera-construido-pelo-governo-do-estado","status":"publish","type":"post","link":"https:\/\/portalmf.com.br\/index.php\/2024\/02\/22\/novo-hospital-regional-de-alagoinhas-sera-construido-pelo-governo-do-estado\/","title":{"rendered":"Novo Hospital Regional de Alagoinhas ser\u00e1 constru\u00eddo pelo Governo do Estado"},"content":{"rendered":"\n<p>A regi\u00e3o de Alagoinhas est\u00e1 prestes a ganhar um novo marco na \u00e1rea da sa\u00fade. Nesta quinta-feira (22), durante sua visita ao munic\u00edpio, o governador Jer\u00f4nimo Rodrigues assinou a ordem de servi\u00e7o para o in\u00edcio das obras de constru\u00e7\u00e3o do t\u00e3o aguardado Hospital Regional.<\/p>\n\n\n\n<p>Com um investimento de mais de R$ 161 milh\u00f5es, o equipamento ter\u00e1 180 leitos, sendo 30 de unidade de terapia intensiva (UTI), distribu\u00eddos em especialidades como cl\u00ednica geral, sa\u00fade mental, neurologia, cardiologia e oncologia. Haver\u00e1 atendimento adulto e pedi\u00e1trico.<\/p>\n\n\n\n<p>O projeto, que est\u00e1 previsto para ser conclu\u00eddo em maio de 2025, contempla uma \u00e1rea de mais de 80 mil metros quadrados \u2013 sendo 23.262,09 m\u00b2 de \u00e1rea constru\u00edda -, localizada, estrategicamente, na Rodovia BR-110. A unidade vai funcionar como refer\u00eancia para 33 munic\u00edpios de toda a regi\u00e3o, oferecendo servi\u00e7os em alta complexidade nas \u00e1reas de neurologia, neurocirurgia e oncologia, al\u00e9m de assist\u00eancia cardiovascular. Estima-se que o hospital realizar\u00e1 cerca de 1.800 interna\u00e7\u00f5es por m\u00eas e 21 mil atendimentos ambulatoriais.<\/p>\n\n\n\n<figure class=\"wp-block-image size-full\"><img fetchpriority=\"high\" decoding=\"async\" width=\"696\" height=\"392\" src=\"https:\/\/portalmf.com.br\/wp-content\/uploads\/2024\/02\/image-32.png\" alt=\"\" class=\"wp-image-24041\" srcset=\"https:\/\/portalmf.com.br\/wp-content\/uploads\/2024\/02\/image-32.png 696w, https:\/\/portalmf.com.br\/wp-content\/uploads\/2024\/02\/image-32-300x169.png 300w\" sizes=\"(max-width: 696px) 100vw, 696px\" \/><figcaption class=\"wp-element-caption\"><strong><strong><br>Foto: Mateus Pereira\/GOVBA<\/strong><\/strong><\/figcaption><\/figure>\n\n\n\n<p><em>\u201c\u00c9 um hospital com servi\u00e7os mais complexos, que a gente sabe que acumulam na vida da gente. Ent\u00e3o, isso coincide justamente com o interesse da regi\u00e3o e com a pol\u00edtica nossa de enfrentar o tema da regula\u00e7\u00e3o, para que as pessoas possam, em curto tempo, dentro da necessidade delas, poder fazer seus exames, fazer seu tratamento, tomar sua medica\u00e7\u00e3o\u201d,<\/em> afirmou o governador.<\/p>\n\n\n\n<figure class=\"wp-block-image size-large\"><img decoding=\"async\" src=\"https:\/\/www.comunicacao.ba.gov.br\/wp-content\/uploads\/2024\/02\/Fotos-Mateus-PereiraGOVBA-1-4-900x639.jpeg\" alt=\"\"\/><figcaption class=\"wp-element-caption\"><em><strong>Foto: Mateus Pereira\/GOVBA<\/strong><\/em><\/figcaption><\/figure>\n\n\n\n<p>De acordo com a secret\u00e1ria da Sa\u00fade, Roberta Santana, o hospital atender\u00e1 tanto demandas espont\u00e2neas quanto referenciadas pela Central de Regula\u00e7\u00e3o de Urg\u00eancias do Samu Regional de Alagoinhas e de Ribeira do Pombal, al\u00e9m da Central Estadual de Regula\u00e7\u00e3o (CER). \u201cA cria\u00e7\u00e3o deste hospital \u00e9 crucial para evitar que a popula\u00e7\u00e3o da regi\u00e3o precise se deslocar em busca de atendimento, garantindo acesso facilitado e eficiente aos servi\u00e7os de sa\u00fade necess\u00e1rios\u201d, destacou.<\/p>\n\n\n\n<p><strong>Feira de Sa\u00fade<\/strong><\/p>\n\n\n\n<p>Durante a visita a Alagoinhas, o governador tamb\u00e9m visitou a feira Sa\u00fade Mais Perto, promovida pela Secretaria de Sa\u00fade (Sesab) em parceria com as Volunt\u00e1rias Sociais da Bahia (VSBA). O evento, que acontece at\u00e9 sexta-feira (23), est\u00e1 sendo realizado no Est\u00e1dio Municipal Ant\u00f4nio de Figueiredo Carneiro (Carneir\u00e3o), das 8h \u00e0s 17h.<\/p>\n\n\n\n<p>No local, a popula\u00e7\u00e3o tem acesso a consultas de oftalmologia com rastreio, limpeza de lentes e cirurgia de catarata, cirurgia de h\u00e9rnia, ves\u00edcula e histerectomia, dentista com tratamento completo, exames de laborat\u00f3rio, ultrassom, eletrocardiograma, preventivo, avalia\u00e7\u00e3o nutricional, imuniza\u00e7\u00e3o e testagem r\u00e1pida, al\u00e9m de servi\u00e7os do SAC M\u00f3vel (emiss\u00e3o de primeira e segunda via de RG e certificado de antecedentes criminais).<\/p>\n\n\n\n<figure class=\"wp-block-image size-full\"><img decoding=\"async\" width=\"900\" height=\"600\" src=\"https:\/\/portalmf.com.br\/wp-content\/uploads\/2024\/02\/image-30.png\" alt=\"\" class=\"wp-image-24039\" srcset=\"https:\/\/portalmf.com.br\/wp-content\/uploads\/2024\/02\/image-30.png 900w, https:\/\/portalmf.com.br\/wp-content\/uploads\/2024\/02\/image-30-300x200.png 300w, https:\/\/portalmf.com.br\/wp-content\/uploads\/2024\/02\/image-30-768x512.png 768w, https:\/\/portalmf.com.br\/wp-content\/uploads\/2024\/02\/image-30-696x464.png 696w\" sizes=\"(max-width: 900px) 100vw, 900px\" \/><figcaption class=\"wp-element-caption\"><strong><em>Foto: Mateus Pereira\/GOVBA<\/em><\/strong><\/figcaption><\/figure>\n\n\n\n<p>\u201cA gente v\u00ea uma feira dessa acontecer aqui, em Alagoinhas, para a regi\u00e3o inteira. Ultrapassaremos 10 mil atendimentos, com certeza. As pessoas sabem que podem confiar, que \u00e9 a sa\u00fade mais perto. Essa parceria acontece para isso, para a gente poder dar conta\u201d, comemorou Jer\u00f4nimo.<\/p>\n\n\n\n<p><strong>Outras a\u00e7\u00f5es<\/strong><\/p>\n\n\n\n<p>Com um investimento somado de mais de R$ 17 milh\u00f5es, foram entregues, ainda, a pavimenta\u00e7\u00e3o em pista dupla nos trechos de acesso vi\u00e1rio \u00e0 cidade, pela Avenida Murilo Cavalcanti, que abrange uma extens\u00e3o de 2,70 km, e a pavimenta\u00e7\u00e3o asf\u00e1ltica no entorno do mercado. As requalifica\u00e7\u00f5es vi\u00e1rias n\u00e3o apenas melhoram a infraestrutura da regi\u00e3o, mas, tamb\u00e9m, fomentam a atividade econ\u00f4mica local, beneficiando agricultores e consumidores.<\/p>\n\n\n\n<figure class=\"wp-block-image size-full\"><img decoding=\"async\" width=\"900\" height=\"600\" src=\"https:\/\/portalmf.com.br\/wp-content\/uploads\/2024\/02\/image-31.png\" alt=\"\" class=\"wp-image-24040\" srcset=\"https:\/\/portalmf.com.br\/wp-content\/uploads\/2024\/02\/image-31.png 900w, https:\/\/portalmf.com.br\/wp-content\/uploads\/2024\/02\/image-31-300x200.png 300w, https:\/\/portalmf.com.br\/wp-content\/uploads\/2024\/02\/image-31-768x512.png 768w, https:\/\/portalmf.com.br\/wp-content\/uploads\/2024\/02\/image-31-696x464.png 696w\" sizes=\"(max-width: 900px) 100vw, 900px\" \/><figcaption class=\"wp-element-caption\"><em><strong>Foto: Mateus Pereira\/GOVBA<\/strong><\/em><\/figcaption><\/figure>\n\n\n\n<p><a href=\"https:\/\/www.comunicacao.ba.gov.br\/wp-content\/uploads\/2024\/02\/Fotos-Mateus-PereiraGOVBA-8-1.jpeg\"><\/a>A visita do governador tamb\u00e9m contemplou a autoriza\u00e7\u00e3o de novos investimentos em infraestrutura vi\u00e1ria, como a pavimenta\u00e7\u00e3o nos trechos de entroncamentos com a BR-110, nas comunidades de Port\u00f5es e Estrada do Caminhoneiro. Al\u00e9m disso, foi autorizado o projeto para pavimenta\u00e7\u00e3o em rodovia de acesso, no trecho entre Miguel Velho e Jorro, a moderniza\u00e7\u00e3o do sistema de ilumina\u00e7\u00e3o p\u00fablica na avenida Murilo Cavalcanti e a complementa\u00e7\u00e3o da Area externa do Est\u00e1dio Municipal.<\/p>\n\n\n\n<p>Entre outras a\u00e7\u00f5es realizadas em Alagoinhas, destacam-se a inaugura\u00e7\u00e3o do Galp\u00e3o de Frutas no Mercado Municipal e a entrega de 200 barracas para serem utilizadas no espa\u00e7o e na feira municipal da cidade.<\/p>\n\n\n\n<p><a href=\"https:\/\/www.comunicacao.ba.gov.br\/wp-content\/uploads\/2024\/02\/Fotos-Mateus-PereiraGOVBA-1-4.jpeg\"><\/a><\/p>\n","protected":false},"excerpt":{"rendered":"<p>A regi\u00e3o de Alagoinhas est\u00e1 prestes a ganhar um novo marco na \u00e1rea da sa\u00fade. Nesta quinta-feira (22), durante sua visita ao munic\u00edpio, o governador Jer\u00f4nimo Rodrigues assinou a ordem de servi\u00e7o para o in\u00edcio das obras de constru\u00e7\u00e3o do t\u00e3o aguardado Hospital Regional. Com um investimento de mais de R$ 161 milh\u00f5es, o equipamento [&hellip;]<\/p>\n","protected":false},"author":3,"featured_media":24042,"comment_status":"open","ping_status":"open","sticky":false,"template":"","format":"standard","meta":{"_monsterinsights_skip_tracking":false,"_monsterinsights_sitenote_active":false,"_monsterinsights_sitenote_note":"","_monsterinsights_sitenote_category":0,"footnotes":""},"categories":[34],"tags":[],"yoast_head":"<!-- This site is optimized with the Yoast SEO plugin v22.9 - https:\/\/yoast.com\/wordpress\/plugins\/seo\/ -->\n<title>Novo Hospital Regional de Alagoinhas ser\u00e1 constru\u00eddo pelo Governo do Estado - Portal MF<\/title>\n<meta name=\"robots\" content=\"index, follow, max-snippet:-1, max-image-preview:large, max-video-preview:-1\" \/>\n<link rel=\"canonical\" href=\"https:\/\/portalmf.com.br\/index.php\/2024\/02\/22\/novo-hospital-regional-de-alagoinhas-sera-construido-pelo-governo-do-estado\/\" \/>\n<meta property=\"og:locale\" content=\"pt_BR\" \/>\n<meta property=\"og:type\" content=\"article\" \/>\n<meta property=\"og:title\" content=\"Novo Hospital Regional de Alagoinhas ser\u00e1 constru\u00eddo pelo Governo do Estado - Portal MF\" \/>\n<meta property=\"og:description\" content=\"A regi\u00e3o de Alagoinhas est\u00e1 prestes a ganhar um novo marco na \u00e1rea da sa\u00fade. Nesta quinta-feira (22), durante sua visita ao munic\u00edpio, o governador Jer\u00f4nimo Rodrigues assinou a ordem de servi\u00e7o para o in\u00edcio das obras de constru\u00e7\u00e3o do t\u00e3o aguardado Hospital Regional. Com um investimento de mais de R$ 161 milh\u00f5es, o equipamento [&hellip;]\" \/>\n<meta property=\"og:url\" content=\"https:\/\/portalmf.com.br\/index.php\/2024\/02\/22\/novo-hospital-regional-de-alagoinhas-sera-construido-pelo-governo-do-estado\/\" \/>\n<meta property=\"og:site_name\" content=\"Portal MF\" \/>\n<meta property=\"article:author\" content=\"https:\/\/www.facebook.com\/portalmfoficial\" \/>\n<meta property=\"article:published_time\" content=\"2024-02-22T20:03:56+00:00\" \/>\n<meta property=\"article:modified_time\" content=\"2024-02-22T20:03:58+00:00\" \/>\n<meta property=\"og:image\" content=\"https:\/\/portalmf.com.br\/wp-content\/uploads\/2024\/02\/Fotos-Mateus-PereiraGOVBA-2-5-900x600-1.jpeg\" \/>\n\t<meta property=\"og:image:width\" content=\"900\" \/>\n\t<meta property=\"og:image:height\" content=\"600\" \/>\n\t<meta property=\"og:image:type\" content=\"image\/jpeg\" \/>\n<meta name=\"author\" content=\"Reda\u00e7\u00e3o Portal MF\" \/>\n<meta name=\"twitter:card\" content=\"summary_large_image\" \/>\n<meta name=\"twitter:creator\" content=\"@https:\/\/x.com\/portalmfoficial\" \/>\n<meta name=\"twitter:label1\" content=\"Escrito por\" \/>\n\t<meta name=\"twitter:data1\" content=\"Reda\u00e7\u00e3o Portal MF\" \/>\n\t<meta name=\"twitter:label2\" content=\"Est. tempo de leitura\" \/>\n\t<meta name=\"twitter:data2\" content=\"5 minutos\" \/>\n<script type=\"application\/ld+json\" class=\"yoast-schema-graph\">{\"@context\":\"https:\/\/schema.org\",\"@graph\":[{\"@type\":\"WebPage\",\"@id\":\"https:\/\/portalmf.com.br\/index.php\/2024\/02\/22\/novo-hospital-regional-de-alagoinhas-sera-construido-pelo-governo-do-estado\/\",\"url\":\"https:\/\/portalmf.com.br\/index.php\/2024\/02\/22\/novo-hospital-regional-de-alagoinhas-sera-construido-pelo-governo-do-estado\/\",\"name\":\"Novo Hospital Regional de Alagoinhas ser\u00e1 constru\u00eddo pelo Governo do Estado - Portal MF\",\"isPartOf\":{\"@id\":\"https:\/\/portalmf.com.br\/#website\"},\"primaryImageOfPage\":{\"@id\":\"https:\/\/portalmf.com.br\/index.php\/2024\/02\/22\/novo-hospital-regional-de-alagoinhas-sera-construido-pelo-governo-do-estado\/#primaryimage\"},\"image\":{\"@id\":\"https:\/\/portalmf.com.br\/index.php\/2024\/02\/22\/novo-hospital-regional-de-alagoinhas-sera-construido-pelo-governo-do-estado\/#primaryimage\"},\"thumbnailUrl\":\"https:\/\/portalmf.com.br\/wp-content\/uploads\/2024\/02\/Fotos-Mateus-PereiraGOVBA-2-5-900x600-1.jpeg\",\"datePublished\":\"2024-02-22T20:03:56+00:00\",\"dateModified\":\"2024-02-22T20:03:58+00:00\",\"author\":{\"@id\":\"https:\/\/portalmf.com.br\/#\/schema\/person\/9ec101baf56233e53520c26de5d6f6f0\"},\"breadcrumb\":{\"@id\":\"https:\/\/portalmf.com.br\/index.php\/2024\/02\/22\/novo-hospital-regional-de-alagoinhas-sera-construido-pelo-governo-do-estado\/#breadcrumb\"},\"inLanguage\":\"pt-BR\",\"potentialAction\":[{\"@type\":\"ReadAction\",\"target\":[\"https:\/\/portalmf.com.br\/index.php\/2024\/02\/22\/novo-hospital-regional-de-alagoinhas-sera-construido-pelo-governo-do-estado\/\"]}]},{\"@type\":\"ImageObject\",\"inLanguage\":\"pt-BR\",\"@id\":\"https:\/\/portalmf.com.br\/index.php\/2024\/02\/22\/novo-hospital-regional-de-alagoinhas-sera-construido-pelo-governo-do-estado\/#primaryimage\",\"url\":\"https:\/\/portalmf.com.br\/wp-content\/uploads\/2024\/02\/Fotos-Mateus-PereiraGOVBA-2-5-900x600-1.jpeg\",\"contentUrl\":\"https:\/\/portalmf.com.br\/wp-content\/uploads\/2024\/02\/Fotos-Mateus-PereiraGOVBA-2-5-900x600-1.jpeg\",\"width\":900,\"height\":600,\"caption\":\"Foto: Mateus Pereira\/GOVBA\"},{\"@type\":\"BreadcrumbList\",\"@id\":\"https:\/\/portalmf.com.br\/index.php\/2024\/02\/22\/novo-hospital-regional-de-alagoinhas-sera-construido-pelo-governo-do-estado\/#breadcrumb\",\"itemListElement\":[{\"@type\":\"ListItem\",\"position\":1,\"name\":\"In\u00edcio\",\"item\":\"https:\/\/portalmf.com.br\/\"},{\"@type\":\"ListItem\",\"position\":2,\"name\":\"Novo Hospital Regional de Alagoinhas ser\u00e1 constru\u00eddo pelo Governo do Estado\"}]},{\"@type\":\"WebSite\",\"@id\":\"https:\/\/portalmf.com.br\/#website\",\"url\":\"https:\/\/portalmf.com.br\/\",\"name\":\"Portal MF\",\"description\":\"Voc\u00ea conectado com a informa\u00e7\u00e3o\",\"potentialAction\":[{\"@type\":\"SearchAction\",\"target\":{\"@type\":\"EntryPoint\",\"urlTemplate\":\"https:\/\/portalmf.com.br\/?s={search_term_string}\"},\"query-input\":\"required name=search_term_string\"}],\"inLanguage\":\"pt-BR\"},{\"@type\":\"Person\",\"@id\":\"https:\/\/portalmf.com.br\/#\/schema\/person\/9ec101baf56233e53520c26de5d6f6f0\",\"name\":\"Reda\u00e7\u00e3o Portal MF\",\"image\":{\"@type\":\"ImageObject\",\"inLanguage\":\"pt-BR\",\"@id\":\"https:\/\/portalmf.com.br\/#\/schema\/person\/image\/\",\"url\":\"https:\/\/secure.gravatar.com\/avatar\/41b9aaeb2100835f7c64362330f74c7f?s=96&d=mm&r=g\",\"contentUrl\":\"https:\/\/secure.gravatar.com\/avatar\/41b9aaeb2100835f7c64362330f74c7f?s=96&d=mm&r=g\",\"caption\":\"Reda\u00e7\u00e3o Portal MF\"},\"description\":\"Sejam bem-vindos o portal de informa\u00e7\u00f5es de entretenimento de Feira de Santana, desde 2006 realiza coberturas dos principais eventos com entrevistas exclusivas com as principais personalidades mundiais. Fique conectado tamb\u00e9m nas redes sociais.\",\"sameAs\":[\"http:\/\/www.portalmf.com.br\/\",\"https:\/\/www.facebook.com\/portalmfoficial\",\"https:\/\/www.instagram.com\/portalmf\/\",\"https:\/\/x.com\/https:\/\/x.com\/portalmfoficial\",\"https:\/\/www.youtube.com\/@portalmfoficial\"],\"url\":\"https:\/\/portalmf.com.br\/index.php\/author\/junior\/\"}]}<\/script>\n<!-- \/ Yoast SEO plugin. -->","yoast_head_json":{"title":"Novo Hospital Regional de Alagoinhas ser\u00e1 constru\u00eddo pelo Governo do Estado - Portal MF","robots":{"index":"index","follow":"follow","max-snippet":"max-snippet:-1","max-image-preview":"max-image-preview:large","max-video-preview":"max-video-preview:-1"},"canonical":"https:\/\/portalmf.com.br\/index.php\/2024\/02\/22\/novo-hospital-regional-de-alagoinhas-sera-construido-pelo-governo-do-estado\/","og_locale":"pt_BR","og_type":"article","og_title":"Novo Hospital Regional de Alagoinhas ser\u00e1 constru\u00eddo pelo Governo do Estado - Portal MF","og_description":"A regi\u00e3o de Alagoinhas est\u00e1 prestes a ganhar um novo marco na \u00e1rea da sa\u00fade. Nesta quinta-feira (22), durante sua visita ao munic\u00edpio, o governador Jer\u00f4nimo Rodrigues assinou a ordem de servi\u00e7o para o in\u00edcio das obras de constru\u00e7\u00e3o do t\u00e3o aguardado Hospital Regional. Com um investimento de mais de R$ 161 milh\u00f5es, o equipamento [&hellip;]","og_url":"https:\/\/portalmf.com.br\/index.php\/2024\/02\/22\/novo-hospital-regional-de-alagoinhas-sera-construido-pelo-governo-do-estado\/","og_site_name":"Portal MF","article_author":"https:\/\/www.facebook.com\/portalmfoficial","article_published_time":"2024-02-22T20:03:56+00:00","article_modified_time":"2024-02-22T20:03:58+00:00","og_image":[{"width":900,"height":600,"url":"https:\/\/portalmf.com.br\/wp-content\/uploads\/2024\/02\/Fotos-Mateus-PereiraGOVBA-2-5-900x600-1.jpeg","type":"image\/jpeg"}],"author":"Reda\u00e7\u00e3o Portal MF","twitter_card":"summary_large_image","twitter_creator":"@https:\/\/x.com\/portalmfoficial","twitter_misc":{"Escrito por":"Reda\u00e7\u00e3o Portal MF","Est. tempo de leitura":"5 minutos"},"schema":{"@context":"https:\/\/schema.org","@graph":[{"@type":"WebPage","@id":"https:\/\/portalmf.com.br\/index.php\/2024\/02\/22\/novo-hospital-regional-de-alagoinhas-sera-construido-pelo-governo-do-estado\/","url":"https:\/\/portalmf.com.br\/index.php\/2024\/02\/22\/novo-hospital-regional-de-alagoinhas-sera-construido-pelo-governo-do-estado\/","name":"Novo Hospital Regional de Alagoinhas ser\u00e1 constru\u00eddo pelo Governo do Estado - Portal MF","isPartOf":{"@id":"https:\/\/portalmf.com.br\/#website"},"primaryImageOfPage":{"@id":"https:\/\/portalmf.com.br\/index.php\/2024\/02\/22\/novo-hospital-regional-de-alagoinhas-sera-construido-pelo-governo-do-estado\/#primaryimage"},"image":{"@id":"https:\/\/portalmf.com.br\/index.php\/2024\/02\/22\/novo-hospital-regional-de-alagoinhas-sera-construido-pelo-governo-do-estado\/#primaryimage"},"thumbnailUrl":"https:\/\/portalmf.com.br\/wp-content\/uploads\/2024\/02\/Fotos-Mateus-PereiraGOVBA-2-5-900x600-1.jpeg","datePublished":"2024-02-22T20:03:56+00:00","dateModified":"2024-02-22T20:03:58+00:00","author":{"@id":"https:\/\/portalmf.com.br\/#\/schema\/person\/9ec101baf56233e53520c26de5d6f6f0"},"breadcrumb":{"@id":"https:\/\/portalmf.com.br\/index.php\/2024\/02\/22\/novo-hospital-regional-de-alagoinhas-sera-construido-pelo-governo-do-estado\/#breadcrumb"},"inLanguage":"pt-BR","potentialAction":[{"@type":"ReadAction","target":["https:\/\/portalmf.com.br\/index.php\/2024\/02\/22\/novo-hospital-regional-de-alagoinhas-sera-construido-pelo-governo-do-estado\/"]}]},{"@type":"ImageObject","inLanguage":"pt-BR","@id":"https:\/\/portalmf.com.br\/index.php\/2024\/02\/22\/novo-hospital-regional-de-alagoinhas-sera-construido-pelo-governo-do-estado\/#primaryimage","url":"https:\/\/portalmf.com.br\/wp-content\/uploads\/2024\/02\/Fotos-Mateus-PereiraGOVBA-2-5-900x600-1.jpeg","contentUrl":"https:\/\/portalmf.com.br\/wp-content\/uploads\/2024\/02\/Fotos-Mateus-PereiraGOVBA-2-5-900x600-1.jpeg","width":900,"height":600,"caption":"Foto: Mateus Pereira\/GOVBA"},{"@type":"BreadcrumbList","@id":"https:\/\/portalmf.com.br\/index.php\/2024\/02\/22\/novo-hospital-regional-de-alagoinhas-sera-construido-pelo-governo-do-estado\/#breadcrumb","itemListElement":[{"@type":"ListItem","position":1,"name":"In\u00edcio","item":"https:\/\/portalmf.com.br\/"},{"@type":"ListItem","position":2,"name":"Novo Hospital Regional de Alagoinhas ser\u00e1 constru\u00eddo pelo Governo do Estado"}]},{"@type":"WebSite","@id":"https:\/\/portalmf.com.br\/#website","url":"https:\/\/portalmf.com.br\/","name":"Portal MF","description":"Voc\u00ea conectado com a informa\u00e7\u00e3o","potentialAction":[{"@type":"SearchAction","target":{"@type":"EntryPoint","urlTemplate":"https:\/\/portalmf.com.br\/?s={search_term_string}"},"query-input":"required name=search_term_string"}],"inLanguage":"pt-BR"},{"@type":"Person","@id":"https:\/\/portalmf.com.br\/#\/schema\/person\/9ec101baf56233e53520c26de5d6f6f0","name":"Reda\u00e7\u00e3o Portal MF","image":{"@type":"ImageObject","inLanguage":"pt-BR","@id":"https:\/\/portalmf.com.br\/#\/schema\/person\/image\/","url":"https:\/\/secure.gravatar.com\/avatar\/41b9aaeb2100835f7c64362330f74c7f?s=96&d=mm&r=g","contentUrl":"https:\/\/secure.gravatar.com\/avatar\/41b9aaeb2100835f7c64362330f74c7f?s=96&d=mm&r=g","caption":"Reda\u00e7\u00e3o Portal MF"},"description":"Sejam bem-vindos o portal de informa\u00e7\u00f5es de entretenimento de Feira de Santana, desde 2006 realiza coberturas dos principais eventos com entrevistas exclusivas com as principais personalidades mundiais. Fique conectado tamb\u00e9m nas redes sociais.","sameAs":["http:\/\/www.portalmf.com.br\/","https:\/\/www.facebook.com\/portalmfoficial","https:\/\/www.instagram.com\/portalmf\/","https:\/\/x.com\/https:\/\/x.com\/portalmfoficial","https:\/\/www.youtube.com\/@portalmfoficial"],"url":"https:\/\/portalmf.com.br\/index.php\/author\/junior\/"}]}},"_links":{"self":[{"href":"https:\/\/portalmf.com.br\/index.php\/wp-json\/wp\/v2\/posts\/24038"}],"collection":[{"href":"https:\/\/portalmf.com.br\/index.php\/wp-json\/wp\/v2\/posts"}],"about":[{"href":"https:\/\/portalmf.com.br\/index.php\/wp-json\/wp\/v2\/types\/post"}],"author":[{"embeddable":true,"href":"https:\/\/portalmf.com.br\/index.php\/wp-json\/wp\/v2\/users\/3"}],"replies":[{"embeddable":true,"href":"https:\/\/portalmf.com.br\/index.php\/wp-json\/wp\/v2\/comments?post=24038"}],"version-history":[{"count":1,"href":"https:\/\/portalmf.com.br\/index.php\/wp-json\/wp\/v2\/posts\/24038\/revisions"}],"predecessor-version":[{"id":24043,"href":"https:\/\/portalmf.com.br\/index.php\/wp-json\/wp\/v2\/posts\/24038\/revisions\/24043"}],"wp:featuredmedia":[{"embeddable":true,"href":"https:\/\/portalmf.com.br\/index.php\/wp-json\/wp\/v2\/media\/24042"}],"wp:attachment":[{"href":"https:\/\/portalmf.com.br\/index.php\/wp-json\/wp\/v2\/media?parent=24038"}],"wp:term":[{"taxonomy":"category","embeddable":true,"href":"https:\/\/portalmf.com.br\/index.php\/wp-json\/wp\/v2\/categories?post=24038"},{"taxonomy":"post_tag","embeddable":true,"href":"https:\/\/portalmf.com.br\/index.php\/wp-json\/wp\/v2\/tags?post=24038"}],"curies":[{"name":"wp","href":"https:\/\/api.w.org\/{rel}","templated":true}]}}