{"id":23996,"date":"2024-02-20T17:43:31","date_gmt":"2024-02-20T20:43:31","guid":{"rendered":"https:\/\/portalmf.com.br\/?p=23996"},"modified":"2024-02-21T17:45:35","modified_gmt":"2024-02-21T20:45:35","slug":"lancamento-da-revista-nova-bahia-destaca-avancos-da-gestao-estadual","status":"publish","type":"post","link":"https:\/\/portalmf.com.br\/index.php\/2024\/02\/20\/lancamento-da-revista-nova-bahia-destaca-avancos-da-gestao-estadual\/","title":{"rendered":"Lan\u00e7amento da Revista Nova Bahia destaca avan\u00e7os da gest\u00e3o estadual"},"content":{"rendered":"\n<p>Os principais investimentos, entregas e realiza\u00e7\u00f5es do primeiro ano da gest\u00e3o liderada pelo governador Jer\u00f4nimo Rodrigues s\u00e3o destaques da primeira edi\u00e7\u00e3o da Revista Nova Bahia, lan\u00e7ada nesta ter\u00e7a-feira (20), durante um evento na Sala do Coro do Teatro Castro Alves (TCA), em Salvador. O governador, acompanhado pelo secret\u00e1rio estadual de Comunica\u00e7\u00e3o, Andr\u00e9 Curvello, e outras autoridades, participou da solenidade de lan\u00e7amento.<\/p>\n\n\n\n<p>A publica\u00e7\u00e3o, com 366 p\u00e1ginas, aborda 36 temas relacionados aos principais investimentos, entregas e a\u00e7\u00f5es realizadas pelo Governo do Estado, no ano de 2023, em \u00e1reas como seguran\u00e7a p\u00fablica, sa\u00fade, educa\u00e7\u00e3o, desenvolvimento econ\u00f4mico e redu\u00e7\u00e3o das desigualdades econ\u00f4micas e sociais. Trata-se de um documento hist\u00f3rico que se estabelece como instrumento de consulta e amplia a transpar\u00eancia das informa\u00e7\u00f5es. A Revista Nova Bahia est\u00e1 dispon\u00edvel em vers\u00e3o digital.<\/p>\n\n\n\n<p>\u201cA revista \u00e9 uma refer\u00eancia do que foi feito de um ano para o outro. \u00c9 um balan\u00e7o, um relat\u00f3rio recheado de imagens, dados e n\u00fameros. Al\u00e9m disso, serve tamb\u00e9m para a gente fazer uma an\u00e1lise do que falta fazer\u201d, afirmou o governador Jer\u00f4nimo Rodrigues.<\/p>\n\n\n\n<p>A Nova Bahia, que d\u00e1 nome \u00e0 publica\u00e7\u00e3o, retrata o presente e o futuro do estado tra\u00e7ados pela nova gest\u00e3o e caracterizados por uma perspectiva de desenvolvimento inclusivo e sustent\u00e1vel, que alinha crescimento econ\u00f4mico, preserva\u00e7\u00e3o ambiental e oportunidades para todos os baianos. \u00c9 a Bahia que j\u00e1 est\u00e1 sendo refer\u00eancia para todo o Brasil, se destacando na gera\u00e7\u00e3o de energias renov\u00e1veis, criando empregos, oferecendo oportunidades e cuidando de gente.<\/p>\n\n\n\n<p>Sob a lideran\u00e7a da Secretaria de Comunica\u00e7\u00e3o (Secom), a produ\u00e7\u00e3o da revista \u00e9 resultado de um trabalho conjunto, que contou com a colabora\u00e7\u00e3o de jornalistas e rep\u00f3rteres fotogr\u00e1ficos de todas as assessorias das secretarias e \u00f3rg\u00e3os do Estado, al\u00e9m de profissionais de design gr\u00e1fico e t\u00e9cnicos do Governo.<\/p>\n\n\n\n<p>Andr\u00e9 Curvello, titular da Secom, enfatiza que a revista desempenha um papel crucial na presta\u00e7\u00e3o de contas \u00e0 sociedade. \u201cEsta publica\u00e7\u00e3o n\u00e3o s\u00f3 mostra os avan\u00e7os do primeiro ano da gest\u00e3o estadual, mas tamb\u00e9m reitera o compromisso do Estado em manter uma comunica\u00e7\u00e3o transparente e acess\u00edvel, permitindo que os cidad\u00e3os acompanhem de perto as a\u00e7\u00f5es e investimentos para o desenvolvimento e bem-estar de todos os baianos\u201d.<\/p>\n\n\n\n<p><strong>Um novo momento<\/strong><\/p>\n\n\n\n<p>A Revista Nova Bahia \u00e9 um importante espa\u00e7o para consulta e acompanhamento das a\u00e7\u00f5es e iniciativas do governo estadual, trazendo dados e entrevistas com gestores das principais pastas do governo. O conte\u00fado mostra investimentos em Seguran\u00e7a P\u00fablica e nas novas unidades escolares de tempo integral, assim como informa\u00e7\u00f5es sobre o planejamento da \u00e1rea da sa\u00fade, este que contempla R$ 10 bilh\u00f5es de recursos somente em obras f\u00edsicas.<\/p>\n\n\n\n<p>\u201cFizemos um dos maiores investimentos dos \u00faltimos tempos na sa\u00fade, com uma forte amplia\u00e7\u00e3o da rede de atendimento oncol\u00f3gico. E, no ano 2024, \u00e9 grande a expectativa de superar o investimento aplicado em 2023. Temos entregas importantes, como os hospitais Ortop\u00e9dico e Costa das Baleias. Assim, fechamos um ciclo de implanta\u00e7\u00e3o da alta complexidade no interior do estado\u201d, afirmou a secret\u00e1ria da Sa\u00fade, Roberta Santana.<\/p>\n\n\n\n<p>No conte\u00fado, um resumo das diversas iniciativas em andamento, como a instala\u00e7\u00e3o da primeira f\u00e1brica brasileira de am\u00f4nia e hidrog\u00eanio verdes (H2V) em escala industrial no Brasil; a chegada da BYD em solo baiano; e o destaque do estado no ranking nacional da produ\u00e7\u00e3o energ\u00e9tica nas fontes e\u00f3lica e solar.<\/p>\n\n\n\n<p>Dados de 2023 tamb\u00e9m mostram investimentos como os R$ 200 milh\u00f5es em aeroportos ou aer\u00f3dromos em todo o estado, e a mobilidade urbana de Salvador, com a amplia\u00e7\u00e3o na linha 1 do Metr\u00f4. Na Agropecu\u00e1ria, a publica\u00e7\u00e3o mostra que o setor \u00e9 destaque por empregar tr\u00eas de cada dez trabalhadores formais do estado; assim como o saneamento b\u00e1sico e a infraestrutura h\u00eddrica, que tamb\u00e9m colaboraram para o desenvolvimento econ\u00f4mico e a sa\u00fade da popula\u00e7\u00e3o baiana.<\/p>\n\n\n\n<p><strong>Combate \u00e0 dengue<\/strong><\/p>\n\n\n\n<p>Durante o evento de lan\u00e7amento, a Secretaria de Educa\u00e7\u00e3o promoveu uma a\u00e7\u00e3o cultural de conscientiza\u00e7\u00e3o sobre a vital import\u00e2ncia do combate cont\u00ednuo ao mosquito transmissor da Dengue, Zika e Chikungunya. A esquete chamada \u201cSai pra l\u00e1 com esse Zum-zum-zum\u201d, abordou aborda de a preven\u00e7\u00e3o contra o mosquito Aedes Aegypti, transmissor das doen\u00e7as. A esquete destaca a import\u00e2ncia de eliminar criadouros de mosquitos e promove a conscientiza\u00e7\u00e3o atrav\u00e9s de di\u00e1logos e m\u00fasica de rap.<\/p>\n\n\n\n<p><strong><em>Rep\u00f3rter T\u00e1cio Santos\/GOVBA<\/em><\/strong><\/p>\n","protected":false},"excerpt":{"rendered":"<p>Os principais investimentos, entregas e realiza\u00e7\u00f5es do primeiro ano da gest\u00e3o liderada pelo governador Jer\u00f4nimo Rodrigues s\u00e3o destaques da primeira edi\u00e7\u00e3o da Revista Nova Bahia, lan\u00e7ada nesta ter\u00e7a-feira (20), durante um evento na Sala do Coro do Teatro Castro Alves (TCA), em Salvador. O governador, acompanhado pelo secret\u00e1rio estadual de Comunica\u00e7\u00e3o, Andr\u00e9 Curvello, e outras [&hellip;]<\/p>\n","protected":false},"author":3,"featured_media":23997,"comment_status":"open","ping_status":"open","sticky":false,"template":"","format":"standard","meta":{"_monsterinsights_skip_tracking":false,"_monsterinsights_sitenote_active":false,"_monsterinsights_sitenote_note":"","_monsterinsights_sitenote_category":0,"footnotes":""},"categories":[34],"tags":[],"yoast_head":"<!-- This site is optimized with the Yoast SEO plugin v22.9 - https:\/\/yoast.com\/wordpress\/plugins\/seo\/ -->\n<title>Lan\u00e7amento da Revista Nova Bahia destaca avan\u00e7os da gest\u00e3o estadual - Portal MF<\/title>\n<meta name=\"robots\" content=\"index, follow, max-snippet:-1, max-image-preview:large, max-video-preview:-1\" \/>\n<link rel=\"canonical\" href=\"https:\/\/portalmf.com.br\/index.php\/2024\/02\/20\/lancamento-da-revista-nova-bahia-destaca-avancos-da-gestao-estadual\/\" \/>\n<meta property=\"og:locale\" content=\"pt_BR\" \/>\n<meta property=\"og:type\" content=\"article\" \/>\n<meta property=\"og:title\" content=\"Lan\u00e7amento da Revista Nova Bahia destaca avan\u00e7os da gest\u00e3o estadual - Portal MF\" \/>\n<meta property=\"og:description\" content=\"Os principais investimentos, entregas e realiza\u00e7\u00f5es do primeiro ano da gest\u00e3o liderada pelo governador Jer\u00f4nimo Rodrigues s\u00e3o destaques da primeira edi\u00e7\u00e3o da Revista Nova Bahia, lan\u00e7ada nesta ter\u00e7a-feira (20), durante um evento na Sala do Coro do Teatro Castro Alves (TCA), em Salvador. O governador, acompanhado pelo secret\u00e1rio estadual de Comunica\u00e7\u00e3o, Andr\u00e9 Curvello, e outras [&hellip;]\" \/>\n<meta property=\"og:url\" content=\"https:\/\/portalmf.com.br\/index.php\/2024\/02\/20\/lancamento-da-revista-nova-bahia-destaca-avancos-da-gestao-estadual\/\" \/>\n<meta property=\"og:site_name\" content=\"Portal MF\" \/>\n<meta property=\"article:author\" content=\"https:\/\/www.facebook.com\/portalmfoficial\" \/>\n<meta property=\"article:published_time\" content=\"2024-02-20T20:43:31+00:00\" \/>\n<meta property=\"article:modified_time\" content=\"2024-02-21T20:45:35+00:00\" \/>\n<meta property=\"og:image\" content=\"https:\/\/portalmf.com.br\/wp-content\/uploads\/2024\/02\/53542222963_cddc355e8f_o-696x424-1.jpg\" \/>\n\t<meta property=\"og:image:width\" content=\"696\" \/>\n\t<meta property=\"og:image:height\" content=\"424\" \/>\n\t<meta property=\"og:image:type\" content=\"image\/jpeg\" \/>\n<meta name=\"author\" content=\"Reda\u00e7\u00e3o Portal MF\" \/>\n<meta name=\"twitter:card\" content=\"summary_large_image\" \/>\n<meta name=\"twitter:creator\" content=\"@https:\/\/x.com\/portalmfoficial\" \/>\n<meta name=\"twitter:label1\" content=\"Escrito por\" \/>\n\t<meta name=\"twitter:data1\" content=\"Reda\u00e7\u00e3o Portal MF\" \/>\n\t<meta name=\"twitter:label2\" content=\"Est. tempo de leitura\" \/>\n\t<meta name=\"twitter:data2\" content=\"5 minutos\" \/>\n<script type=\"application\/ld+json\" class=\"yoast-schema-graph\">{\"@context\":\"https:\/\/schema.org\",\"@graph\":[{\"@type\":\"WebPage\",\"@id\":\"https:\/\/portalmf.com.br\/index.php\/2024\/02\/20\/lancamento-da-revista-nova-bahia-destaca-avancos-da-gestao-estadual\/\",\"url\":\"https:\/\/portalmf.com.br\/index.php\/2024\/02\/20\/lancamento-da-revista-nova-bahia-destaca-avancos-da-gestao-estadual\/\",\"name\":\"Lan\u00e7amento da Revista Nova Bahia destaca avan\u00e7os da gest\u00e3o estadual - Portal MF\",\"isPartOf\":{\"@id\":\"https:\/\/portalmf.com.br\/#website\"},\"primaryImageOfPage\":{\"@id\":\"https:\/\/portalmf.com.br\/index.php\/2024\/02\/20\/lancamento-da-revista-nova-bahia-destaca-avancos-da-gestao-estadual\/#primaryimage\"},\"image\":{\"@id\":\"https:\/\/portalmf.com.br\/index.php\/2024\/02\/20\/lancamento-da-revista-nova-bahia-destaca-avancos-da-gestao-estadual\/#primaryimage\"},\"thumbnailUrl\":\"https:\/\/portalmf.com.br\/wp-content\/uploads\/2024\/02\/53542222963_cddc355e8f_o-696x424-1.jpg\",\"datePublished\":\"2024-02-20T20:43:31+00:00\",\"dateModified\":\"2024-02-21T20:45:35+00:00\",\"author\":{\"@id\":\"https:\/\/portalmf.com.br\/#\/schema\/person\/9ec101baf56233e53520c26de5d6f6f0\"},\"breadcrumb\":{\"@id\":\"https:\/\/portalmf.com.br\/index.php\/2024\/02\/20\/lancamento-da-revista-nova-bahia-destaca-avancos-da-gestao-estadual\/#breadcrumb\"},\"inLanguage\":\"pt-BR\",\"potentialAction\":[{\"@type\":\"ReadAction\",\"target\":[\"https:\/\/portalmf.com.br\/index.php\/2024\/02\/20\/lancamento-da-revista-nova-bahia-destaca-avancos-da-gestao-estadual\/\"]}]},{\"@type\":\"ImageObject\",\"inLanguage\":\"pt-BR\",\"@id\":\"https:\/\/portalmf.com.br\/index.php\/2024\/02\/20\/lancamento-da-revista-nova-bahia-destaca-avancos-da-gestao-estadual\/#primaryimage\",\"url\":\"https:\/\/portalmf.com.br\/wp-content\/uploads\/2024\/02\/53542222963_cddc355e8f_o-696x424-1.jpg\",\"contentUrl\":\"https:\/\/portalmf.com.br\/wp-content\/uploads\/2024\/02\/53542222963_cddc355e8f_o-696x424-1.jpg\",\"width\":696,\"height\":424},{\"@type\":\"BreadcrumbList\",\"@id\":\"https:\/\/portalmf.com.br\/index.php\/2024\/02\/20\/lancamento-da-revista-nova-bahia-destaca-avancos-da-gestao-estadual\/#breadcrumb\",\"itemListElement\":[{\"@type\":\"ListItem\",\"position\":1,\"name\":\"In\u00edcio\",\"item\":\"https:\/\/portalmf.com.br\/\"},{\"@type\":\"ListItem\",\"position\":2,\"name\":\"Lan\u00e7amento da Revista Nova Bahia destaca avan\u00e7os da gest\u00e3o estadual\"}]},{\"@type\":\"WebSite\",\"@id\":\"https:\/\/portalmf.com.br\/#website\",\"url\":\"https:\/\/portalmf.com.br\/\",\"name\":\"Portal MF\",\"description\":\"Voc\u00ea conectado com a informa\u00e7\u00e3o\",\"potentialAction\":[{\"@type\":\"SearchAction\",\"target\":{\"@type\":\"EntryPoint\",\"urlTemplate\":\"https:\/\/portalmf.com.br\/?s={search_term_string}\"},\"query-input\":\"required name=search_term_string\"}],\"inLanguage\":\"pt-BR\"},{\"@type\":\"Person\",\"@id\":\"https:\/\/portalmf.com.br\/#\/schema\/person\/9ec101baf56233e53520c26de5d6f6f0\",\"name\":\"Reda\u00e7\u00e3o Portal MF\",\"image\":{\"@type\":\"ImageObject\",\"inLanguage\":\"pt-BR\",\"@id\":\"https:\/\/portalmf.com.br\/#\/schema\/person\/image\/\",\"url\":\"https:\/\/secure.gravatar.com\/avatar\/41b9aaeb2100835f7c64362330f74c7f?s=96&d=mm&r=g\",\"contentUrl\":\"https:\/\/secure.gravatar.com\/avatar\/41b9aaeb2100835f7c64362330f74c7f?s=96&d=mm&r=g\",\"caption\":\"Reda\u00e7\u00e3o Portal MF\"},\"description\":\"Sejam bem-vindos o portal de informa\u00e7\u00f5es de entretenimento de Feira de Santana, desde 2006 realiza coberturas dos principais eventos com entrevistas exclusivas com as principais personalidades mundiais. Fique conectado tamb\u00e9m nas redes sociais.\",\"sameAs\":[\"http:\/\/www.portalmf.com.br\/\",\"https:\/\/www.facebook.com\/portalmfoficial\",\"https:\/\/www.instagram.com\/portalmf\/\",\"https:\/\/x.com\/https:\/\/x.com\/portalmfoficial\",\"https:\/\/www.youtube.com\/@portalmfoficial\"],\"url\":\"https:\/\/portalmf.com.br\/index.php\/author\/junior\/\"}]}<\/script>\n<!-- \/ Yoast SEO plugin. -->","yoast_head_json":{"title":"Lan\u00e7amento da Revista Nova Bahia destaca avan\u00e7os da gest\u00e3o estadual - Portal MF","robots":{"index":"index","follow":"follow","max-snippet":"max-snippet:-1","max-image-preview":"max-image-preview:large","max-video-preview":"max-video-preview:-1"},"canonical":"https:\/\/portalmf.com.br\/index.php\/2024\/02\/20\/lancamento-da-revista-nova-bahia-destaca-avancos-da-gestao-estadual\/","og_locale":"pt_BR","og_type":"article","og_title":"Lan\u00e7amento da Revista Nova Bahia destaca avan\u00e7os da gest\u00e3o estadual - Portal MF","og_description":"Os principais investimentos, entregas e realiza\u00e7\u00f5es do primeiro ano da gest\u00e3o liderada pelo governador Jer\u00f4nimo Rodrigues s\u00e3o destaques da primeira edi\u00e7\u00e3o da Revista Nova Bahia, lan\u00e7ada nesta ter\u00e7a-feira (20), durante um evento na Sala do Coro do Teatro Castro Alves (TCA), em Salvador. O governador, acompanhado pelo secret\u00e1rio estadual de Comunica\u00e7\u00e3o, Andr\u00e9 Curvello, e outras [&hellip;]","og_url":"https:\/\/portalmf.com.br\/index.php\/2024\/02\/20\/lancamento-da-revista-nova-bahia-destaca-avancos-da-gestao-estadual\/","og_site_name":"Portal MF","article_author":"https:\/\/www.facebook.com\/portalmfoficial","article_published_time":"2024-02-20T20:43:31+00:00","article_modified_time":"2024-02-21T20:45:35+00:00","og_image":[{"width":696,"height":424,"url":"https:\/\/portalmf.com.br\/wp-content\/uploads\/2024\/02\/53542222963_cddc355e8f_o-696x424-1.jpg","type":"image\/jpeg"}],"author":"Reda\u00e7\u00e3o Portal MF","twitter_card":"summary_large_image","twitter_creator":"@https:\/\/x.com\/portalmfoficial","twitter_misc":{"Escrito por":"Reda\u00e7\u00e3o Portal MF","Est. tempo de leitura":"5 minutos"},"schema":{"@context":"https:\/\/schema.org","@graph":[{"@type":"WebPage","@id":"https:\/\/portalmf.com.br\/index.php\/2024\/02\/20\/lancamento-da-revista-nova-bahia-destaca-avancos-da-gestao-estadual\/","url":"https:\/\/portalmf.com.br\/index.php\/2024\/02\/20\/lancamento-da-revista-nova-bahia-destaca-avancos-da-gestao-estadual\/","name":"Lan\u00e7amento da Revista Nova Bahia destaca avan\u00e7os da gest\u00e3o estadual - Portal MF","isPartOf":{"@id":"https:\/\/portalmf.com.br\/#website"},"primaryImageOfPage":{"@id":"https:\/\/portalmf.com.br\/index.php\/2024\/02\/20\/lancamento-da-revista-nova-bahia-destaca-avancos-da-gestao-estadual\/#primaryimage"},"image":{"@id":"https:\/\/portalmf.com.br\/index.php\/2024\/02\/20\/lancamento-da-revista-nova-bahia-destaca-avancos-da-gestao-estadual\/#primaryimage"},"thumbnailUrl":"https:\/\/portalmf.com.br\/wp-content\/uploads\/2024\/02\/53542222963_cddc355e8f_o-696x424-1.jpg","datePublished":"2024-02-20T20:43:31+00:00","dateModified":"2024-02-21T20:45:35+00:00","author":{"@id":"https:\/\/portalmf.com.br\/#\/schema\/person\/9ec101baf56233e53520c26de5d6f6f0"},"breadcrumb":{"@id":"https:\/\/portalmf.com.br\/index.php\/2024\/02\/20\/lancamento-da-revista-nova-bahia-destaca-avancos-da-gestao-estadual\/#breadcrumb"},"inLanguage":"pt-BR","potentialAction":[{"@type":"ReadAction","target":["https:\/\/portalmf.com.br\/index.php\/2024\/02\/20\/lancamento-da-revista-nova-bahia-destaca-avancos-da-gestao-estadual\/"]}]},{"@type":"ImageObject","inLanguage":"pt-BR","@id":"https:\/\/portalmf.com.br\/index.php\/2024\/02\/20\/lancamento-da-revista-nova-bahia-destaca-avancos-da-gestao-estadual\/#primaryimage","url":"https:\/\/portalmf.com.br\/wp-content\/uploads\/2024\/02\/53542222963_cddc355e8f_o-696x424-1.jpg","contentUrl":"https:\/\/portalmf.com.br\/wp-content\/uploads\/2024\/02\/53542222963_cddc355e8f_o-696x424-1.jpg","width":696,"height":424},{"@type":"BreadcrumbList","@id":"https:\/\/portalmf.com.br\/index.php\/2024\/02\/20\/lancamento-da-revista-nova-bahia-destaca-avancos-da-gestao-estadual\/#breadcrumb","itemListElement":[{"@type":"ListItem","position":1,"name":"In\u00edcio","item":"https:\/\/portalmf.com.br\/"},{"@type":"ListItem","position":2,"name":"Lan\u00e7amento da Revista Nova Bahia destaca avan\u00e7os da gest\u00e3o estadual"}]},{"@type":"WebSite","@id":"https:\/\/portalmf.com.br\/#website","url":"https:\/\/portalmf.com.br\/","name":"Portal MF","description":"Voc\u00ea conectado com a informa\u00e7\u00e3o","potentialAction":[{"@type":"SearchAction","target":{"@type":"EntryPoint","urlTemplate":"https:\/\/portalmf.com.br\/?s={search_term_string}"},"query-input":"required name=search_term_string"}],"inLanguage":"pt-BR"},{"@type":"Person","@id":"https:\/\/portalmf.com.br\/#\/schema\/person\/9ec101baf56233e53520c26de5d6f6f0","name":"Reda\u00e7\u00e3o Portal MF","image":{"@type":"ImageObject","inLanguage":"pt-BR","@id":"https:\/\/portalmf.com.br\/#\/schema\/person\/image\/","url":"https:\/\/secure.gravatar.com\/avatar\/41b9aaeb2100835f7c64362330f74c7f?s=96&d=mm&r=g","contentUrl":"https:\/\/secure.gravatar.com\/avatar\/41b9aaeb2100835f7c64362330f74c7f?s=96&d=mm&r=g","caption":"Reda\u00e7\u00e3o Portal MF"},"description":"Sejam bem-vindos o portal de informa\u00e7\u00f5es de entretenimento de Feira de Santana, desde 2006 realiza coberturas dos principais eventos com entrevistas exclusivas com as principais personalidades mundiais. Fique conectado tamb\u00e9m nas redes sociais.","sameAs":["http:\/\/www.portalmf.com.br\/","https:\/\/www.facebook.com\/portalmfoficial","https:\/\/www.instagram.com\/portalmf\/","https:\/\/x.com\/https:\/\/x.com\/portalmfoficial","https:\/\/www.youtube.com\/@portalmfoficial"],"url":"https:\/\/portalmf.com.br\/index.php\/author\/junior\/"}]}},"_links":{"self":[{"href":"https:\/\/portalmf.com.br\/index.php\/wp-json\/wp\/v2\/posts\/23996"}],"collection":[{"href":"https:\/\/portalmf.com.br\/index.php\/wp-json\/wp\/v2\/posts"}],"about":[{"href":"https:\/\/portalmf.com.br\/index.php\/wp-json\/wp\/v2\/types\/post"}],"author":[{"embeddable":true,"href":"https:\/\/portalmf.com.br\/index.php\/wp-json\/wp\/v2\/users\/3"}],"replies":[{"embeddable":true,"href":"https:\/\/portalmf.com.br\/index.php\/wp-json\/wp\/v2\/comments?post=23996"}],"version-history":[{"count":1,"href":"https:\/\/portalmf.com.br\/index.php\/wp-json\/wp\/v2\/posts\/23996\/revisions"}],"predecessor-version":[{"id":23998,"href":"https:\/\/portalmf.com.br\/index.php\/wp-json\/wp\/v2\/posts\/23996\/revisions\/23998"}],"wp:featuredmedia":[{"embeddable":true,"href":"https:\/\/portalmf.com.br\/index.php\/wp-json\/wp\/v2\/media\/23997"}],"wp:attachment":[{"href":"https:\/\/portalmf.com.br\/index.php\/wp-json\/wp\/v2\/media?parent=23996"}],"wp:term":[{"taxonomy":"category","embeddable":true,"href":"https:\/\/portalmf.com.br\/index.php\/wp-json\/wp\/v2\/categories?post=23996"},{"taxonomy":"post_tag","embeddable":true,"href":"https:\/\/portalmf.com.br\/index.php\/wp-json\/wp\/v2\/tags?post=23996"}],"curies":[{"name":"wp","href":"https:\/\/api.w.org\/{rel}","templated":true}]}}