{"id":23989,"date":"2024-02-21T17:41:06","date_gmt":"2024-02-21T20:41:06","guid":{"rendered":"https:\/\/portalmf.com.br\/?p=23989"},"modified":"2024-02-21T17:41:08","modified_gmt":"2024-02-21T20:41:08","slug":"escolas-estaduais-terao-r-410-milhoes-destinados-para-a-alimentacao-escolar-em-2024","status":"publish","type":"post","link":"https:\/\/portalmf.com.br\/index.php\/2024\/02\/21\/escolas-estaduais-terao-r-410-milhoes-destinados-para-a-alimentacao-escolar-em-2024\/","title":{"rendered":"Escolas estaduais ter\u00e3o R$ 410 milh\u00f5es destinados para a alimenta\u00e7\u00e3o escolar, em 2024"},"content":{"rendered":"\n<p>O refor\u00e7o na alimenta\u00e7\u00e3o escolar tem sido uma prioridade do Governo da Bahia. Tanto \u00e9 que o Estado ir\u00e1 destinar, neste ano letivo, R$ R$ 318 milh\u00f5es do seu or\u00e7amento para o Programa de Alimenta\u00e7\u00e3o Escolar. Por meio desta iniciativa, s\u00e3o ofertadas 30 milh\u00f5es de refei\u00e7\u00f5es, por m\u00eas, em 1.082 escolas estaduais e 674 anexos. Diariamente, s\u00e3o servidas cinco alimenta\u00e7\u00f5es, desde o caf\u00e9 da manh\u00e3 at\u00e9 a ceia, para garantir a seguran\u00e7a alimentar dos estudantes, bem como contribuir para a aprendizagem e a sua perman\u00eancia na escola.<\/p>\n\n\n\n<p>Outros R$ 92 milh\u00f5es s\u00e3o oriundos do Programa Nacional de Alimenta\u00e7\u00e3o Escolar (Pnae), do Governo Federal. No somat\u00f3rio, a Bahia ter\u00e1, em 2024, R$ 410 milh\u00f5es para este fim. \u00a0<\/p>\n\n\n\n<p>Executado pela Secretaria da Educa\u00e7\u00e3o do Estado (SEC), o Programa Alimenta\u00e7\u00e3o Escolar visa contribuir para o crescimento, o desenvolvimento, a aprendizagem, o rendimento escolar e a forma\u00e7\u00e3o de h\u00e1bitos alimentares saud\u00e1veis. A a\u00e7\u00e3o se d\u00e1 em parceria com a Agricultura Familiar e o card\u00e1pio regionalizado, feito por nutricionistas, considera as diferentes culturas nos 27 Territ\u00f3rios de Identidade da Bahia.<\/p>\n\n\n\n<p>Por decis\u00e3o do Governo do Estado, a partir deste ano, 100% do valor repassado pelo Pnae deve ser investido na compra direta de produtos da Agricultura Familiar. Isso representa um avan\u00e7o em rela\u00e7\u00e3o \u00e0 lei nacional, que prev\u00ea que, pelo menos, 30% dos recursos deste programa sejam utilizados na Agricultura Familiar.<\/p>\n\n\n\n<p>O superintendente de Planejamento Operacional da Rede Escolar da SEC, Ricardo Costa, destaca que a alimenta\u00e7\u00e3o escolar \u00e9 um dos pilares para o fortalecimento da Educa\u00e7\u00e3o e funciona como um instrumento de apoio aos alunos para a sua perman\u00eancia na escola, levando-se em conta que 60% desse p\u00fablico se encontram em vulnerabilidade social: \u201co nosso programa apresenta dois vieses extremamente importantes: o primeiro \u00e9 o de garantir alimenta\u00e7\u00e3o saud\u00e1vel para nossos estudantes com at\u00e9 cinco ofertas de refei\u00e7\u00f5es\/dia e, como segundo aspecto, n\u00e3o menos significativo, a manuten\u00e7\u00e3o do nosso estudante em sala de aula, evitando a evas\u00e3o escolar\u201d.<\/p>\n\n\n\n<p>Diante deste cen\u00e1rio, ainda conforme o gestor, o Governo do Estado n\u00e3o tem poupado esfor\u00e7os visando garantir o investimento necess\u00e1rio para tornar realidade essa pol\u00edtica: \u201ccontamos com um corpo de profissionais em Nutri\u00e7\u00e3o preocupados em promover um card\u00e1pio mais regionalizado poss\u00edvel, a fim de que esteja garantida a cultura, o gosto e os sabores locais\u201d.<\/p>\n\n\n\n<figure class=\"wp-block-image size-full\"><img fetchpriority=\"high\" decoding=\"async\" width=\"900\" height=\"600\" src=\"https:\/\/portalmf.com.br\/wp-content\/uploads\/2024\/02\/image-25.png\" alt=\"\" class=\"wp-image-23990\" srcset=\"https:\/\/portalmf.com.br\/wp-content\/uploads\/2024\/02\/image-25.png 900w, https:\/\/portalmf.com.br\/wp-content\/uploads\/2024\/02\/image-25-300x200.png 300w, https:\/\/portalmf.com.br\/wp-content\/uploads\/2024\/02\/image-25-768x512.png 768w, https:\/\/portalmf.com.br\/wp-content\/uploads\/2024\/02\/image-25-696x464.png 696w\" sizes=\"(max-width: 900px) 100vw, 900px\" \/><figcaption class=\"wp-element-caption\"><em><strong>Foto: Pedro Moraes\/GOVBA<\/strong><\/em><\/figcaption><\/figure>\n\n\n\n<p><strong>Seguran\u00e7a nutricional<\/strong><\/p>\n\n\n\n<p>A aquisi\u00e7\u00e3o de alimentos da Agricultura Familiar \u00e9 um fator importante para a seguran\u00e7a nutricional da alimenta\u00e7\u00e3o escolar, pois garante uma nutri\u00e7\u00e3o adequada e contribui para movimentar as cadeias produtivas e a economia em toda a Bahia. \u201cTemos como grandes aliados os produtos da Agricultura Familiar, que s\u00e3o g\u00eaneros da terra, ali cultivados e comercializados, que, por sua vez, trazem a for\u00e7a do homem do campo para dentro das nossas unidades escolares. Alimenta\u00e7\u00e3o escolar \u00e9 e ser\u00e1 uma grande for\u00e7a de transforma\u00e7\u00e3o social no nosso Estado\u201d, ressalta Ricardo Costa. Para que os estudantes recebam uma alimenta\u00e7\u00e3o de qualidade e balanceada em valores nutricionais, a SEC, al\u00e9m de contar com uma equipe de nutricionistas, realiza, durante todo o ano, a capacita\u00e7\u00e3o das merendeiras e da equipe t\u00e9cnica envolvida com o preparo das refei\u00e7\u00f5es, seguindo as recomenda\u00e7\u00f5es do Pnae.<\/p>\n\n\n\n<p><strong><em>Fonte: Ascom\/SEC<\/em><\/strong><\/p>\n","protected":false},"excerpt":{"rendered":"<p>O refor\u00e7o na alimenta\u00e7\u00e3o escolar tem sido uma prioridade do Governo da Bahia. Tanto \u00e9 que o Estado ir\u00e1 destinar, neste ano letivo, R$ R$ 318 milh\u00f5es do seu or\u00e7amento para o Programa de Alimenta\u00e7\u00e3o Escolar. Por meio desta iniciativa, s\u00e3o ofertadas 30 milh\u00f5es de refei\u00e7\u00f5es, por m\u00eas, em 1.082 escolas estaduais e 674 anexos. [&hellip;]<\/p>\n","protected":false},"author":3,"featured_media":23991,"comment_status":"open","ping_status":"open","sticky":false,"template":"","format":"standard","meta":{"_monsterinsights_skip_tracking":false,"_monsterinsights_sitenote_active":false,"_monsterinsights_sitenote_note":"","_monsterinsights_sitenote_category":0,"footnotes":""},"categories":[34],"tags":[],"yoast_head":"<!-- This site is optimized with the Yoast SEO plugin v22.9 - https:\/\/yoast.com\/wordpress\/plugins\/seo\/ -->\n<title>Escolas estaduais ter\u00e3o R$ 410 milh\u00f5es destinados para a alimenta\u00e7\u00e3o escolar, em 2024 - Portal MF<\/title>\n<meta name=\"robots\" content=\"index, follow, max-snippet:-1, max-image-preview:large, max-video-preview:-1\" \/>\n<link rel=\"canonical\" href=\"https:\/\/portalmf.com.br\/index.php\/2024\/02\/21\/escolas-estaduais-terao-r-410-milhoes-destinados-para-a-alimentacao-escolar-em-2024\/\" \/>\n<meta property=\"og:locale\" content=\"pt_BR\" \/>\n<meta property=\"og:type\" content=\"article\" \/>\n<meta property=\"og:title\" content=\"Escolas estaduais ter\u00e3o R$ 410 milh\u00f5es destinados para a alimenta\u00e7\u00e3o escolar, em 2024 - Portal MF\" \/>\n<meta property=\"og:description\" content=\"O refor\u00e7o na alimenta\u00e7\u00e3o escolar tem sido uma prioridade do Governo da Bahia. Tanto \u00e9 que o Estado ir\u00e1 destinar, neste ano letivo, R$ R$ 318 milh\u00f5es do seu or\u00e7amento para o Programa de Alimenta\u00e7\u00e3o Escolar. Por meio desta iniciativa, s\u00e3o ofertadas 30 milh\u00f5es de refei\u00e7\u00f5es, por m\u00eas, em 1.082 escolas estaduais e 674 anexos. [&hellip;]\" \/>\n<meta property=\"og:url\" content=\"https:\/\/portalmf.com.br\/index.php\/2024\/02\/21\/escolas-estaduais-terao-r-410-milhoes-destinados-para-a-alimentacao-escolar-em-2024\/\" \/>\n<meta property=\"og:site_name\" content=\"Portal MF\" \/>\n<meta property=\"article:author\" content=\"https:\/\/www.facebook.com\/portalmfoficial\" \/>\n<meta property=\"article:published_time\" content=\"2024-02-21T20:41:06+00:00\" \/>\n<meta property=\"article:modified_time\" content=\"2024-02-21T20:41:08+00:00\" \/>\n<meta property=\"og:image\" content=\"https:\/\/portalmf.com.br\/wp-content\/uploads\/2024\/02\/Alimentacao-Escolar-Col-Est.-Edvaldo-Flores-em-Santana-Foto-Pedro-Moraes-5-696x464-1.jpg\" \/>\n\t<meta property=\"og:image:width\" content=\"696\" \/>\n\t<meta property=\"og:image:height\" content=\"464\" \/>\n\t<meta property=\"og:image:type\" content=\"image\/jpeg\" \/>\n<meta name=\"author\" content=\"Reda\u00e7\u00e3o Portal MF\" \/>\n<meta name=\"twitter:card\" content=\"summary_large_image\" \/>\n<meta name=\"twitter:creator\" content=\"@https:\/\/x.com\/portalmfoficial\" \/>\n<meta name=\"twitter:label1\" content=\"Escrito por\" \/>\n\t<meta name=\"twitter:data1\" content=\"Reda\u00e7\u00e3o Portal MF\" \/>\n\t<meta name=\"twitter:label2\" content=\"Est. tempo de leitura\" \/>\n\t<meta name=\"twitter:data2\" content=\"4 minutos\" \/>\n<script type=\"application\/ld+json\" class=\"yoast-schema-graph\">{\"@context\":\"https:\/\/schema.org\",\"@graph\":[{\"@type\":\"WebPage\",\"@id\":\"https:\/\/portalmf.com.br\/index.php\/2024\/02\/21\/escolas-estaduais-terao-r-410-milhoes-destinados-para-a-alimentacao-escolar-em-2024\/\",\"url\":\"https:\/\/portalmf.com.br\/index.php\/2024\/02\/21\/escolas-estaduais-terao-r-410-milhoes-destinados-para-a-alimentacao-escolar-em-2024\/\",\"name\":\"Escolas estaduais ter\u00e3o R$ 410 milh\u00f5es destinados para a alimenta\u00e7\u00e3o escolar, em 2024 - Portal MF\",\"isPartOf\":{\"@id\":\"https:\/\/portalmf.com.br\/#website\"},\"primaryImageOfPage\":{\"@id\":\"https:\/\/portalmf.com.br\/index.php\/2024\/02\/21\/escolas-estaduais-terao-r-410-milhoes-destinados-para-a-alimentacao-escolar-em-2024\/#primaryimage\"},\"image\":{\"@id\":\"https:\/\/portalmf.com.br\/index.php\/2024\/02\/21\/escolas-estaduais-terao-r-410-milhoes-destinados-para-a-alimentacao-escolar-em-2024\/#primaryimage\"},\"thumbnailUrl\":\"https:\/\/portalmf.com.br\/wp-content\/uploads\/2024\/02\/Alimentacao-Escolar-Col-Est.-Edvaldo-Flores-em-Santana-Foto-Pedro-Moraes-5-696x464-1.jpg\",\"datePublished\":\"2024-02-21T20:41:06+00:00\",\"dateModified\":\"2024-02-21T20:41:08+00:00\",\"author\":{\"@id\":\"https:\/\/portalmf.com.br\/#\/schema\/person\/9ec101baf56233e53520c26de5d6f6f0\"},\"breadcrumb\":{\"@id\":\"https:\/\/portalmf.com.br\/index.php\/2024\/02\/21\/escolas-estaduais-terao-r-410-milhoes-destinados-para-a-alimentacao-escolar-em-2024\/#breadcrumb\"},\"inLanguage\":\"pt-BR\",\"potentialAction\":[{\"@type\":\"ReadAction\",\"target\":[\"https:\/\/portalmf.com.br\/index.php\/2024\/02\/21\/escolas-estaduais-terao-r-410-milhoes-destinados-para-a-alimentacao-escolar-em-2024\/\"]}]},{\"@type\":\"ImageObject\",\"inLanguage\":\"pt-BR\",\"@id\":\"https:\/\/portalmf.com.br\/index.php\/2024\/02\/21\/escolas-estaduais-terao-r-410-milhoes-destinados-para-a-alimentacao-escolar-em-2024\/#primaryimage\",\"url\":\"https:\/\/portalmf.com.br\/wp-content\/uploads\/2024\/02\/Alimentacao-Escolar-Col-Est.-Edvaldo-Flores-em-Santana-Foto-Pedro-Moraes-5-696x464-1.jpg\",\"contentUrl\":\"https:\/\/portalmf.com.br\/wp-content\/uploads\/2024\/02\/Alimentacao-Escolar-Col-Est.-Edvaldo-Flores-em-Santana-Foto-Pedro-Moraes-5-696x464-1.jpg\",\"width\":696,\"height\":464},{\"@type\":\"BreadcrumbList\",\"@id\":\"https:\/\/portalmf.com.br\/index.php\/2024\/02\/21\/escolas-estaduais-terao-r-410-milhoes-destinados-para-a-alimentacao-escolar-em-2024\/#breadcrumb\",\"itemListElement\":[{\"@type\":\"ListItem\",\"position\":1,\"name\":\"In\u00edcio\",\"item\":\"https:\/\/portalmf.com.br\/\"},{\"@type\":\"ListItem\",\"position\":2,\"name\":\"Escolas estaduais ter\u00e3o R$ 410 milh\u00f5es destinados para a alimenta\u00e7\u00e3o escolar, em 2024\"}]},{\"@type\":\"WebSite\",\"@id\":\"https:\/\/portalmf.com.br\/#website\",\"url\":\"https:\/\/portalmf.com.br\/\",\"name\":\"Portal MF\",\"description\":\"Voc\u00ea conectado com a informa\u00e7\u00e3o\",\"potentialAction\":[{\"@type\":\"SearchAction\",\"target\":{\"@type\":\"EntryPoint\",\"urlTemplate\":\"https:\/\/portalmf.com.br\/?s={search_term_string}\"},\"query-input\":\"required name=search_term_string\"}],\"inLanguage\":\"pt-BR\"},{\"@type\":\"Person\",\"@id\":\"https:\/\/portalmf.com.br\/#\/schema\/person\/9ec101baf56233e53520c26de5d6f6f0\",\"name\":\"Reda\u00e7\u00e3o Portal MF\",\"image\":{\"@type\":\"ImageObject\",\"inLanguage\":\"pt-BR\",\"@id\":\"https:\/\/portalmf.com.br\/#\/schema\/person\/image\/\",\"url\":\"https:\/\/secure.gravatar.com\/avatar\/41b9aaeb2100835f7c64362330f74c7f?s=96&d=mm&r=g\",\"contentUrl\":\"https:\/\/secure.gravatar.com\/avatar\/41b9aaeb2100835f7c64362330f74c7f?s=96&d=mm&r=g\",\"caption\":\"Reda\u00e7\u00e3o Portal MF\"},\"description\":\"Sejam bem-vindos o portal de informa\u00e7\u00f5es de entretenimento de Feira de Santana, desde 2006 realiza coberturas dos principais eventos com entrevistas exclusivas com as principais personalidades mundiais. Fique conectado tamb\u00e9m nas redes sociais.\",\"sameAs\":[\"http:\/\/www.portalmf.com.br\/\",\"https:\/\/www.facebook.com\/portalmfoficial\",\"https:\/\/www.instagram.com\/portalmf\/\",\"https:\/\/x.com\/https:\/\/x.com\/portalmfoficial\",\"https:\/\/www.youtube.com\/@portalmfoficial\"],\"url\":\"https:\/\/portalmf.com.br\/index.php\/author\/junior\/\"}]}<\/script>\n<!-- \/ Yoast SEO plugin. -->","yoast_head_json":{"title":"Escolas estaduais ter\u00e3o R$ 410 milh\u00f5es destinados para a alimenta\u00e7\u00e3o escolar, em 2024 - Portal MF","robots":{"index":"index","follow":"follow","max-snippet":"max-snippet:-1","max-image-preview":"max-image-preview:large","max-video-preview":"max-video-preview:-1"},"canonical":"https:\/\/portalmf.com.br\/index.php\/2024\/02\/21\/escolas-estaduais-terao-r-410-milhoes-destinados-para-a-alimentacao-escolar-em-2024\/","og_locale":"pt_BR","og_type":"article","og_title":"Escolas estaduais ter\u00e3o R$ 410 milh\u00f5es destinados para a alimenta\u00e7\u00e3o escolar, em 2024 - Portal MF","og_description":"O refor\u00e7o na alimenta\u00e7\u00e3o escolar tem sido uma prioridade do Governo da Bahia. Tanto \u00e9 que o Estado ir\u00e1 destinar, neste ano letivo, R$ R$ 318 milh\u00f5es do seu or\u00e7amento para o Programa de Alimenta\u00e7\u00e3o Escolar. Por meio desta iniciativa, s\u00e3o ofertadas 30 milh\u00f5es de refei\u00e7\u00f5es, por m\u00eas, em 1.082 escolas estaduais e 674 anexos. [&hellip;]","og_url":"https:\/\/portalmf.com.br\/index.php\/2024\/02\/21\/escolas-estaduais-terao-r-410-milhoes-destinados-para-a-alimentacao-escolar-em-2024\/","og_site_name":"Portal MF","article_author":"https:\/\/www.facebook.com\/portalmfoficial","article_published_time":"2024-02-21T20:41:06+00:00","article_modified_time":"2024-02-21T20:41:08+00:00","og_image":[{"width":696,"height":464,"url":"https:\/\/portalmf.com.br\/wp-content\/uploads\/2024\/02\/Alimentacao-Escolar-Col-Est.-Edvaldo-Flores-em-Santana-Foto-Pedro-Moraes-5-696x464-1.jpg","type":"image\/jpeg"}],"author":"Reda\u00e7\u00e3o Portal MF","twitter_card":"summary_large_image","twitter_creator":"@https:\/\/x.com\/portalmfoficial","twitter_misc":{"Escrito por":"Reda\u00e7\u00e3o Portal MF","Est. tempo de leitura":"4 minutos"},"schema":{"@context":"https:\/\/schema.org","@graph":[{"@type":"WebPage","@id":"https:\/\/portalmf.com.br\/index.php\/2024\/02\/21\/escolas-estaduais-terao-r-410-milhoes-destinados-para-a-alimentacao-escolar-em-2024\/","url":"https:\/\/portalmf.com.br\/index.php\/2024\/02\/21\/escolas-estaduais-terao-r-410-milhoes-destinados-para-a-alimentacao-escolar-em-2024\/","name":"Escolas estaduais ter\u00e3o R$ 410 milh\u00f5es destinados para a alimenta\u00e7\u00e3o escolar, em 2024 - Portal MF","isPartOf":{"@id":"https:\/\/portalmf.com.br\/#website"},"primaryImageOfPage":{"@id":"https:\/\/portalmf.com.br\/index.php\/2024\/02\/21\/escolas-estaduais-terao-r-410-milhoes-destinados-para-a-alimentacao-escolar-em-2024\/#primaryimage"},"image":{"@id":"https:\/\/portalmf.com.br\/index.php\/2024\/02\/21\/escolas-estaduais-terao-r-410-milhoes-destinados-para-a-alimentacao-escolar-em-2024\/#primaryimage"},"thumbnailUrl":"https:\/\/portalmf.com.br\/wp-content\/uploads\/2024\/02\/Alimentacao-Escolar-Col-Est.-Edvaldo-Flores-em-Santana-Foto-Pedro-Moraes-5-696x464-1.jpg","datePublished":"2024-02-21T20:41:06+00:00","dateModified":"2024-02-21T20:41:08+00:00","author":{"@id":"https:\/\/portalmf.com.br\/#\/schema\/person\/9ec101baf56233e53520c26de5d6f6f0"},"breadcrumb":{"@id":"https:\/\/portalmf.com.br\/index.php\/2024\/02\/21\/escolas-estaduais-terao-r-410-milhoes-destinados-para-a-alimentacao-escolar-em-2024\/#breadcrumb"},"inLanguage":"pt-BR","potentialAction":[{"@type":"ReadAction","target":["https:\/\/portalmf.com.br\/index.php\/2024\/02\/21\/escolas-estaduais-terao-r-410-milhoes-destinados-para-a-alimentacao-escolar-em-2024\/"]}]},{"@type":"ImageObject","inLanguage":"pt-BR","@id":"https:\/\/portalmf.com.br\/index.php\/2024\/02\/21\/escolas-estaduais-terao-r-410-milhoes-destinados-para-a-alimentacao-escolar-em-2024\/#primaryimage","url":"https:\/\/portalmf.com.br\/wp-content\/uploads\/2024\/02\/Alimentacao-Escolar-Col-Est.-Edvaldo-Flores-em-Santana-Foto-Pedro-Moraes-5-696x464-1.jpg","contentUrl":"https:\/\/portalmf.com.br\/wp-content\/uploads\/2024\/02\/Alimentacao-Escolar-Col-Est.-Edvaldo-Flores-em-Santana-Foto-Pedro-Moraes-5-696x464-1.jpg","width":696,"height":464},{"@type":"BreadcrumbList","@id":"https:\/\/portalmf.com.br\/index.php\/2024\/02\/21\/escolas-estaduais-terao-r-410-milhoes-destinados-para-a-alimentacao-escolar-em-2024\/#breadcrumb","itemListElement":[{"@type":"ListItem","position":1,"name":"In\u00edcio","item":"https:\/\/portalmf.com.br\/"},{"@type":"ListItem","position":2,"name":"Escolas estaduais ter\u00e3o R$ 410 milh\u00f5es destinados para a alimenta\u00e7\u00e3o escolar, em 2024"}]},{"@type":"WebSite","@id":"https:\/\/portalmf.com.br\/#website","url":"https:\/\/portalmf.com.br\/","name":"Portal MF","description":"Voc\u00ea conectado com a informa\u00e7\u00e3o","potentialAction":[{"@type":"SearchAction","target":{"@type":"EntryPoint","urlTemplate":"https:\/\/portalmf.com.br\/?s={search_term_string}"},"query-input":"required name=search_term_string"}],"inLanguage":"pt-BR"},{"@type":"Person","@id":"https:\/\/portalmf.com.br\/#\/schema\/person\/9ec101baf56233e53520c26de5d6f6f0","name":"Reda\u00e7\u00e3o Portal MF","image":{"@type":"ImageObject","inLanguage":"pt-BR","@id":"https:\/\/portalmf.com.br\/#\/schema\/person\/image\/","url":"https:\/\/secure.gravatar.com\/avatar\/41b9aaeb2100835f7c64362330f74c7f?s=96&d=mm&r=g","contentUrl":"https:\/\/secure.gravatar.com\/avatar\/41b9aaeb2100835f7c64362330f74c7f?s=96&d=mm&r=g","caption":"Reda\u00e7\u00e3o Portal MF"},"description":"Sejam bem-vindos o portal de informa\u00e7\u00f5es de entretenimento de Feira de Santana, desde 2006 realiza coberturas dos principais eventos com entrevistas exclusivas com as principais personalidades mundiais. Fique conectado tamb\u00e9m nas redes sociais.","sameAs":["http:\/\/www.portalmf.com.br\/","https:\/\/www.facebook.com\/portalmfoficial","https:\/\/www.instagram.com\/portalmf\/","https:\/\/x.com\/https:\/\/x.com\/portalmfoficial","https:\/\/www.youtube.com\/@portalmfoficial"],"url":"https:\/\/portalmf.com.br\/index.php\/author\/junior\/"}]}},"_links":{"self":[{"href":"https:\/\/portalmf.com.br\/index.php\/wp-json\/wp\/v2\/posts\/23989"}],"collection":[{"href":"https:\/\/portalmf.com.br\/index.php\/wp-json\/wp\/v2\/posts"}],"about":[{"href":"https:\/\/portalmf.com.br\/index.php\/wp-json\/wp\/v2\/types\/post"}],"author":[{"embeddable":true,"href":"https:\/\/portalmf.com.br\/index.php\/wp-json\/wp\/v2\/users\/3"}],"replies":[{"embeddable":true,"href":"https:\/\/portalmf.com.br\/index.php\/wp-json\/wp\/v2\/comments?post=23989"}],"version-history":[{"count":1,"href":"https:\/\/portalmf.com.br\/index.php\/wp-json\/wp\/v2\/posts\/23989\/revisions"}],"predecessor-version":[{"id":23992,"href":"https:\/\/portalmf.com.br\/index.php\/wp-json\/wp\/v2\/posts\/23989\/revisions\/23992"}],"wp:featuredmedia":[{"embeddable":true,"href":"https:\/\/portalmf.com.br\/index.php\/wp-json\/wp\/v2\/media\/23991"}],"wp:attachment":[{"href":"https:\/\/portalmf.com.br\/index.php\/wp-json\/wp\/v2\/media?parent=23989"}],"wp:term":[{"taxonomy":"category","embeddable":true,"href":"https:\/\/portalmf.com.br\/index.php\/wp-json\/wp\/v2\/categories?post=23989"},{"taxonomy":"post_tag","embeddable":true,"href":"https:\/\/portalmf.com.br\/index.php\/wp-json\/wp\/v2\/tags?post=23989"}],"curies":[{"name":"wp","href":"https:\/\/api.w.org\/{rel}","templated":true}]}}