{"id":23987,"date":"2024-02-21T17:36:42","date_gmt":"2024-02-21T20:36:42","guid":{"rendered":"https:\/\/portalmf.com.br\/?p=23987"},"modified":"2024-02-21T17:36:42","modified_gmt":"2024-02-21T20:36:42","slug":"publicado-decreto-de-situacao-de-emergencia-por-conta-das-chuvas-em-feira","status":"publish","type":"post","link":"https:\/\/portalmf.com.br\/index.php\/2024\/02\/21\/publicado-decreto-de-situacao-de-emergencia-por-conta-das-chuvas-em-feira\/","title":{"rendered":"Publicado decreto de Situa\u00e7\u00e3o de Emerg\u00eancia por conta das chuvas em Feira"},"content":{"rendered":"\n<p>A Prefeitura de Feira de Santana, por meio do decreto n\u00ba 13.251, publicado em edi\u00e7\u00e3o extra do Di\u00e1rio Oficial Eletr\u00f4nico do Munic\u00edpio nesta quarta-feira (21), declarou Situa\u00e7\u00e3o de Emerg\u00eancia em \u00e1reas do munic\u00edpio afetadas por uma tempestade local convectiva. Esta medida, conforme portaria n\u00ba 260\/2022 MDR, visa responder aos danos causados pelas fortes chuvas que atingiram a regi\u00e3o no dia 20 de fevereiro de 2024.<\/p>\n\n\n\n<p>O prefeito Colbert Martins da Silva Filho, embasado em suas atribui\u00e7\u00f5es legais conferidas pela Lei Org\u00e2nica Municipal e pela legisla\u00e7\u00e3o federal pertinente, destaca a necessidade urgente de mobiliza\u00e7\u00e3o para lidar com os desdobramentos desse desastre natural.<\/p>\n\n\n\n<p>O relat\u00f3rio preliminar emitido pela Coordenadoria Municipal de Prote\u00e7\u00e3o e Defesa Civil indica danos materiais, ambientais e preju\u00edzos econ\u00f4micos e sociais significativos decorrentes das chuvas. A situa\u00e7\u00e3o de anormalidade, agravada pelas chuvas intensas, demanda uma resposta imediata por parte do poder p\u00fablico.<\/p>\n\n\n\n<p>O decreto autoriza a mobiliza\u00e7\u00e3o de todos os \u00f3rg\u00e3os municipais para atuarem sob a coordena\u00e7\u00e3o da COMPDEC (Coordena\u00e7\u00e3o Municipal de Prote\u00e7\u00e3o e Defesa Civil), nas a\u00e7\u00f5es de resposta ao desastre e reabilita\u00e7\u00e3o do cen\u00e1rio e reconstru\u00e7\u00e3o. Al\u00e9m disso, permite a convoca\u00e7\u00e3o de volunt\u00e1rios e a realiza\u00e7\u00e3o de campanhas de arrecada\u00e7\u00e3o de recursos junto \u00e0 comunidade para facilitar as a\u00e7\u00f5es de assist\u00eancia \u00e0 popula\u00e7\u00e3o afetada.<\/p>\n\n\n\n<p>Em conformidade com a Constitui\u00e7\u00e3o Federal e legisla\u00e7\u00e3o pertinente, o decreto autoriza tamb\u00e9m medidas como a penetra\u00e7\u00e3o em resid\u00eancias para prestar socorro e o uso de propriedade particular em casos de iminente perigo p\u00fablico, assegurando a indeniza\u00e7\u00e3o posterior aos propriet\u00e1rios.<\/p>\n\n\n\n<p>O documento prev\u00ea o in\u00edcio de processos de desapropria\u00e7\u00e3o por utilidade p\u00fablica de propriedades localizadas em \u00e1reas de risco intensificado de desastre, visando garantir a seguran\u00e7a da popula\u00e7\u00e3o. Al\u00e9m disso, dispensa a licita\u00e7\u00e3o nos casos de emerg\u00eancia ou calamidade p\u00fablica, quando caracterizada a urg\u00eancia de atendimento da situa\u00e7\u00e3o.<\/p>\n\n\n\n<p>Este decreto tem validade por 180 dias e entra em vigor na data de sua publica\u00e7\u00e3o, buscando garantir uma resposta r\u00e1pida e eficaz \u00e0s necessidades emergenciais decorrentes das chuvas que assolam Feira de Santana.<\/p>\n\n\n\n<p>Com informa\u00e7\u00f5es da Secom<\/p>\n","protected":false},"excerpt":{"rendered":"<p>A Prefeitura de Feira de Santana, por meio do decreto n\u00ba 13.251, publicado em edi\u00e7\u00e3o extra do Di\u00e1rio Oficial Eletr\u00f4nico do Munic\u00edpio nesta quarta-feira (21), declarou Situa\u00e7\u00e3o de Emerg\u00eancia em \u00e1reas do munic\u00edpio afetadas por uma tempestade local convectiva. Esta medida, conforme portaria n\u00ba 260\/2022 MDR, visa responder aos danos causados pelas fortes chuvas que [&hellip;]<\/p>\n","protected":false},"author":3,"featured_media":23980,"comment_status":"open","ping_status":"open","sticky":false,"template":"","format":"standard","meta":{"_monsterinsights_skip_tracking":false,"_monsterinsights_sitenote_active":false,"_monsterinsights_sitenote_note":"","_monsterinsights_sitenote_category":0,"footnotes":""},"categories":[34],"tags":[],"yoast_head":"<!-- This site is optimized with the Yoast SEO plugin v22.9 - https:\/\/yoast.com\/wordpress\/plugins\/seo\/ -->\n<title>Publicado decreto de Situa\u00e7\u00e3o de Emerg\u00eancia por conta das chuvas em Feira - Portal MF<\/title>\n<meta name=\"robots\" content=\"index, follow, max-snippet:-1, max-image-preview:large, max-video-preview:-1\" \/>\n<link rel=\"canonical\" href=\"https:\/\/portalmf.com.br\/index.php\/2024\/02\/21\/publicado-decreto-de-situacao-de-emergencia-por-conta-das-chuvas-em-feira\/\" \/>\n<meta property=\"og:locale\" content=\"pt_BR\" \/>\n<meta property=\"og:type\" content=\"article\" \/>\n<meta property=\"og:title\" content=\"Publicado decreto de Situa\u00e7\u00e3o de Emerg\u00eancia por conta das chuvas em Feira - Portal MF\" \/>\n<meta property=\"og:description\" content=\"A Prefeitura de Feira de Santana, por meio do decreto n\u00ba 13.251, publicado em edi\u00e7\u00e3o extra do Di\u00e1rio Oficial Eletr\u00f4nico do Munic\u00edpio nesta quarta-feira (21), declarou Situa\u00e7\u00e3o de Emerg\u00eancia em \u00e1reas do munic\u00edpio afetadas por uma tempestade local convectiva. Esta medida, conforme portaria n\u00ba 260\/2022 MDR, visa responder aos danos causados pelas fortes chuvas que [&hellip;]\" \/>\n<meta property=\"og:url\" content=\"https:\/\/portalmf.com.br\/index.php\/2024\/02\/21\/publicado-decreto-de-situacao-de-emergencia-por-conta-das-chuvas-em-feira\/\" \/>\n<meta property=\"og:site_name\" content=\"Portal MF\" \/>\n<meta property=\"article:author\" content=\"https:\/\/www.facebook.com\/portalmfoficial\" \/>\n<meta property=\"article:published_time\" content=\"2024-02-21T20:36:42+00:00\" \/>\n<meta property=\"og:image\" content=\"https:\/\/portalmf.com.br\/wp-content\/uploads\/2024\/02\/Comite-de-Crise-em-alerta-em-decorrencia-das-fortes-chuvas-desta-terca.jpg\" \/>\n\t<meta property=\"og:image:width\" content=\"1306\" \/>\n\t<meta property=\"og:image:height\" content=\"714\" \/>\n\t<meta property=\"og:image:type\" content=\"image\/jpeg\" \/>\n<meta name=\"author\" content=\"Reda\u00e7\u00e3o Portal MF\" \/>\n<meta name=\"twitter:card\" content=\"summary_large_image\" \/>\n<meta name=\"twitter:creator\" content=\"@https:\/\/x.com\/portalmfoficial\" \/>\n<meta name=\"twitter:label1\" content=\"Escrito por\" \/>\n\t<meta name=\"twitter:data1\" content=\"Reda\u00e7\u00e3o Portal MF\" \/>\n\t<meta name=\"twitter:label2\" content=\"Est. tempo de leitura\" \/>\n\t<meta name=\"twitter:data2\" content=\"3 minutos\" \/>\n<script type=\"application\/ld+json\" class=\"yoast-schema-graph\">{\"@context\":\"https:\/\/schema.org\",\"@graph\":[{\"@type\":\"WebPage\",\"@id\":\"https:\/\/portalmf.com.br\/index.php\/2024\/02\/21\/publicado-decreto-de-situacao-de-emergencia-por-conta-das-chuvas-em-feira\/\",\"url\":\"https:\/\/portalmf.com.br\/index.php\/2024\/02\/21\/publicado-decreto-de-situacao-de-emergencia-por-conta-das-chuvas-em-feira\/\",\"name\":\"Publicado decreto de Situa\u00e7\u00e3o de Emerg\u00eancia por conta das chuvas em Feira - Portal MF\",\"isPartOf\":{\"@id\":\"https:\/\/portalmf.com.br\/#website\"},\"primaryImageOfPage\":{\"@id\":\"https:\/\/portalmf.com.br\/index.php\/2024\/02\/21\/publicado-decreto-de-situacao-de-emergencia-por-conta-das-chuvas-em-feira\/#primaryimage\"},\"image\":{\"@id\":\"https:\/\/portalmf.com.br\/index.php\/2024\/02\/21\/publicado-decreto-de-situacao-de-emergencia-por-conta-das-chuvas-em-feira\/#primaryimage\"},\"thumbnailUrl\":\"https:\/\/portalmf.com.br\/wp-content\/uploads\/2024\/02\/Comite-de-Crise-em-alerta-em-decorrencia-das-fortes-chuvas-desta-terca.jpg\",\"datePublished\":\"2024-02-21T20:36:42+00:00\",\"dateModified\":\"2024-02-21T20:36:42+00:00\",\"author\":{\"@id\":\"https:\/\/portalmf.com.br\/#\/schema\/person\/9ec101baf56233e53520c26de5d6f6f0\"},\"breadcrumb\":{\"@id\":\"https:\/\/portalmf.com.br\/index.php\/2024\/02\/21\/publicado-decreto-de-situacao-de-emergencia-por-conta-das-chuvas-em-feira\/#breadcrumb\"},\"inLanguage\":\"pt-BR\",\"potentialAction\":[{\"@type\":\"ReadAction\",\"target\":[\"https:\/\/portalmf.com.br\/index.php\/2024\/02\/21\/publicado-decreto-de-situacao-de-emergencia-por-conta-das-chuvas-em-feira\/\"]}]},{\"@type\":\"ImageObject\",\"inLanguage\":\"pt-BR\",\"@id\":\"https:\/\/portalmf.com.br\/index.php\/2024\/02\/21\/publicado-decreto-de-situacao-de-emergencia-por-conta-das-chuvas-em-feira\/#primaryimage\",\"url\":\"https:\/\/portalmf.com.br\/wp-content\/uploads\/2024\/02\/Comite-de-Crise-em-alerta-em-decorrencia-das-fortes-chuvas-desta-terca.jpg\",\"contentUrl\":\"https:\/\/portalmf.com.br\/wp-content\/uploads\/2024\/02\/Comite-de-Crise-em-alerta-em-decorrencia-das-fortes-chuvas-desta-terca.jpg\",\"width\":1306,\"height\":714},{\"@type\":\"BreadcrumbList\",\"@id\":\"https:\/\/portalmf.com.br\/index.php\/2024\/02\/21\/publicado-decreto-de-situacao-de-emergencia-por-conta-das-chuvas-em-feira\/#breadcrumb\",\"itemListElement\":[{\"@type\":\"ListItem\",\"position\":1,\"name\":\"In\u00edcio\",\"item\":\"https:\/\/portalmf.com.br\/\"},{\"@type\":\"ListItem\",\"position\":2,\"name\":\"Publicado decreto de Situa\u00e7\u00e3o de Emerg\u00eancia por conta das chuvas em Feira\"}]},{\"@type\":\"WebSite\",\"@id\":\"https:\/\/portalmf.com.br\/#website\",\"url\":\"https:\/\/portalmf.com.br\/\",\"name\":\"Portal MF\",\"description\":\"Voc\u00ea conectado com a informa\u00e7\u00e3o\",\"potentialAction\":[{\"@type\":\"SearchAction\",\"target\":{\"@type\":\"EntryPoint\",\"urlTemplate\":\"https:\/\/portalmf.com.br\/?s={search_term_string}\"},\"query-input\":\"required name=search_term_string\"}],\"inLanguage\":\"pt-BR\"},{\"@type\":\"Person\",\"@id\":\"https:\/\/portalmf.com.br\/#\/schema\/person\/9ec101baf56233e53520c26de5d6f6f0\",\"name\":\"Reda\u00e7\u00e3o Portal MF\",\"image\":{\"@type\":\"ImageObject\",\"inLanguage\":\"pt-BR\",\"@id\":\"https:\/\/portalmf.com.br\/#\/schema\/person\/image\/\",\"url\":\"https:\/\/secure.gravatar.com\/avatar\/41b9aaeb2100835f7c64362330f74c7f?s=96&d=mm&r=g\",\"contentUrl\":\"https:\/\/secure.gravatar.com\/avatar\/41b9aaeb2100835f7c64362330f74c7f?s=96&d=mm&r=g\",\"caption\":\"Reda\u00e7\u00e3o Portal MF\"},\"description\":\"Sejam bem-vindos o portal de informa\u00e7\u00f5es de entretenimento de Feira de Santana, desde 2006 realiza coberturas dos principais eventos com entrevistas exclusivas com as principais personalidades mundiais. Fique conectado tamb\u00e9m nas redes sociais.\",\"sameAs\":[\"http:\/\/www.portalmf.com.br\/\",\"https:\/\/www.facebook.com\/portalmfoficial\",\"https:\/\/www.instagram.com\/portalmf\/\",\"https:\/\/x.com\/https:\/\/x.com\/portalmfoficial\",\"https:\/\/www.youtube.com\/@portalmfoficial\"],\"url\":\"https:\/\/portalmf.com.br\/index.php\/author\/junior\/\"}]}<\/script>\n<!-- \/ Yoast SEO plugin. -->","yoast_head_json":{"title":"Publicado decreto de Situa\u00e7\u00e3o de Emerg\u00eancia por conta das chuvas em Feira - Portal MF","robots":{"index":"index","follow":"follow","max-snippet":"max-snippet:-1","max-image-preview":"max-image-preview:large","max-video-preview":"max-video-preview:-1"},"canonical":"https:\/\/portalmf.com.br\/index.php\/2024\/02\/21\/publicado-decreto-de-situacao-de-emergencia-por-conta-das-chuvas-em-feira\/","og_locale":"pt_BR","og_type":"article","og_title":"Publicado decreto de Situa\u00e7\u00e3o de Emerg\u00eancia por conta das chuvas em Feira - Portal MF","og_description":"A Prefeitura de Feira de Santana, por meio do decreto n\u00ba 13.251, publicado em edi\u00e7\u00e3o extra do Di\u00e1rio Oficial Eletr\u00f4nico do Munic\u00edpio nesta quarta-feira (21), declarou Situa\u00e7\u00e3o de Emerg\u00eancia em \u00e1reas do munic\u00edpio afetadas por uma tempestade local convectiva. Esta medida, conforme portaria n\u00ba 260\/2022 MDR, visa responder aos danos causados pelas fortes chuvas que [&hellip;]","og_url":"https:\/\/portalmf.com.br\/index.php\/2024\/02\/21\/publicado-decreto-de-situacao-de-emergencia-por-conta-das-chuvas-em-feira\/","og_site_name":"Portal MF","article_author":"https:\/\/www.facebook.com\/portalmfoficial","article_published_time":"2024-02-21T20:36:42+00:00","og_image":[{"width":1306,"height":714,"url":"https:\/\/portalmf.com.br\/wp-content\/uploads\/2024\/02\/Comite-de-Crise-em-alerta-em-decorrencia-das-fortes-chuvas-desta-terca.jpg","type":"image\/jpeg"}],"author":"Reda\u00e7\u00e3o Portal MF","twitter_card":"summary_large_image","twitter_creator":"@https:\/\/x.com\/portalmfoficial","twitter_misc":{"Escrito por":"Reda\u00e7\u00e3o Portal MF","Est. tempo de leitura":"3 minutos"},"schema":{"@context":"https:\/\/schema.org","@graph":[{"@type":"WebPage","@id":"https:\/\/portalmf.com.br\/index.php\/2024\/02\/21\/publicado-decreto-de-situacao-de-emergencia-por-conta-das-chuvas-em-feira\/","url":"https:\/\/portalmf.com.br\/index.php\/2024\/02\/21\/publicado-decreto-de-situacao-de-emergencia-por-conta-das-chuvas-em-feira\/","name":"Publicado decreto de Situa\u00e7\u00e3o de Emerg\u00eancia por conta das chuvas em Feira - Portal MF","isPartOf":{"@id":"https:\/\/portalmf.com.br\/#website"},"primaryImageOfPage":{"@id":"https:\/\/portalmf.com.br\/index.php\/2024\/02\/21\/publicado-decreto-de-situacao-de-emergencia-por-conta-das-chuvas-em-feira\/#primaryimage"},"image":{"@id":"https:\/\/portalmf.com.br\/index.php\/2024\/02\/21\/publicado-decreto-de-situacao-de-emergencia-por-conta-das-chuvas-em-feira\/#primaryimage"},"thumbnailUrl":"https:\/\/portalmf.com.br\/wp-content\/uploads\/2024\/02\/Comite-de-Crise-em-alerta-em-decorrencia-das-fortes-chuvas-desta-terca.jpg","datePublished":"2024-02-21T20:36:42+00:00","dateModified":"2024-02-21T20:36:42+00:00","author":{"@id":"https:\/\/portalmf.com.br\/#\/schema\/person\/9ec101baf56233e53520c26de5d6f6f0"},"breadcrumb":{"@id":"https:\/\/portalmf.com.br\/index.php\/2024\/02\/21\/publicado-decreto-de-situacao-de-emergencia-por-conta-das-chuvas-em-feira\/#breadcrumb"},"inLanguage":"pt-BR","potentialAction":[{"@type":"ReadAction","target":["https:\/\/portalmf.com.br\/index.php\/2024\/02\/21\/publicado-decreto-de-situacao-de-emergencia-por-conta-das-chuvas-em-feira\/"]}]},{"@type":"ImageObject","inLanguage":"pt-BR","@id":"https:\/\/portalmf.com.br\/index.php\/2024\/02\/21\/publicado-decreto-de-situacao-de-emergencia-por-conta-das-chuvas-em-feira\/#primaryimage","url":"https:\/\/portalmf.com.br\/wp-content\/uploads\/2024\/02\/Comite-de-Crise-em-alerta-em-decorrencia-das-fortes-chuvas-desta-terca.jpg","contentUrl":"https:\/\/portalmf.com.br\/wp-content\/uploads\/2024\/02\/Comite-de-Crise-em-alerta-em-decorrencia-das-fortes-chuvas-desta-terca.jpg","width":1306,"height":714},{"@type":"BreadcrumbList","@id":"https:\/\/portalmf.com.br\/index.php\/2024\/02\/21\/publicado-decreto-de-situacao-de-emergencia-por-conta-das-chuvas-em-feira\/#breadcrumb","itemListElement":[{"@type":"ListItem","position":1,"name":"In\u00edcio","item":"https:\/\/portalmf.com.br\/"},{"@type":"ListItem","position":2,"name":"Publicado decreto de Situa\u00e7\u00e3o de Emerg\u00eancia por conta das chuvas em Feira"}]},{"@type":"WebSite","@id":"https:\/\/portalmf.com.br\/#website","url":"https:\/\/portalmf.com.br\/","name":"Portal MF","description":"Voc\u00ea conectado com a informa\u00e7\u00e3o","potentialAction":[{"@type":"SearchAction","target":{"@type":"EntryPoint","urlTemplate":"https:\/\/portalmf.com.br\/?s={search_term_string}"},"query-input":"required name=search_term_string"}],"inLanguage":"pt-BR"},{"@type":"Person","@id":"https:\/\/portalmf.com.br\/#\/schema\/person\/9ec101baf56233e53520c26de5d6f6f0","name":"Reda\u00e7\u00e3o Portal MF","image":{"@type":"ImageObject","inLanguage":"pt-BR","@id":"https:\/\/portalmf.com.br\/#\/schema\/person\/image\/","url":"https:\/\/secure.gravatar.com\/avatar\/41b9aaeb2100835f7c64362330f74c7f?s=96&d=mm&r=g","contentUrl":"https:\/\/secure.gravatar.com\/avatar\/41b9aaeb2100835f7c64362330f74c7f?s=96&d=mm&r=g","caption":"Reda\u00e7\u00e3o Portal MF"},"description":"Sejam bem-vindos o portal de informa\u00e7\u00f5es de entretenimento de Feira de Santana, desde 2006 realiza coberturas dos principais eventos com entrevistas exclusivas com as principais personalidades mundiais. Fique conectado tamb\u00e9m nas redes sociais.","sameAs":["http:\/\/www.portalmf.com.br\/","https:\/\/www.facebook.com\/portalmfoficial","https:\/\/www.instagram.com\/portalmf\/","https:\/\/x.com\/https:\/\/x.com\/portalmfoficial","https:\/\/www.youtube.com\/@portalmfoficial"],"url":"https:\/\/portalmf.com.br\/index.php\/author\/junior\/"}]}},"_links":{"self":[{"href":"https:\/\/portalmf.com.br\/index.php\/wp-json\/wp\/v2\/posts\/23987"}],"collection":[{"href":"https:\/\/portalmf.com.br\/index.php\/wp-json\/wp\/v2\/posts"}],"about":[{"href":"https:\/\/portalmf.com.br\/index.php\/wp-json\/wp\/v2\/types\/post"}],"author":[{"embeddable":true,"href":"https:\/\/portalmf.com.br\/index.php\/wp-json\/wp\/v2\/users\/3"}],"replies":[{"embeddable":true,"href":"https:\/\/portalmf.com.br\/index.php\/wp-json\/wp\/v2\/comments?post=23987"}],"version-history":[{"count":1,"href":"https:\/\/portalmf.com.br\/index.php\/wp-json\/wp\/v2\/posts\/23987\/revisions"}],"predecessor-version":[{"id":23988,"href":"https:\/\/portalmf.com.br\/index.php\/wp-json\/wp\/v2\/posts\/23987\/revisions\/23988"}],"wp:featuredmedia":[{"embeddable":true,"href":"https:\/\/portalmf.com.br\/index.php\/wp-json\/wp\/v2\/media\/23980"}],"wp:attachment":[{"href":"https:\/\/portalmf.com.br\/index.php\/wp-json\/wp\/v2\/media?parent=23987"}],"wp:term":[{"taxonomy":"category","embeddable":true,"href":"https:\/\/portalmf.com.br\/index.php\/wp-json\/wp\/v2\/categories?post=23987"},{"taxonomy":"post_tag","embeddable":true,"href":"https:\/\/portalmf.com.br\/index.php\/wp-json\/wp\/v2\/tags?post=23987"}],"curies":[{"name":"wp","href":"https:\/\/api.w.org\/{rel}","templated":true}]}}