{"id":23979,"date":"2024-02-20T17:29:28","date_gmt":"2024-02-20T20:29:28","guid":{"rendered":"https:\/\/portalmf.com.br\/?p=23979"},"modified":"2024-02-21T17:30:40","modified_gmt":"2024-02-21T20:30:40","slug":"comite-de-crise-em-alerta-em-decorrencia-das-fortes-chuvas-desta-terca","status":"publish","type":"post","link":"https:\/\/portalmf.com.br\/index.php\/2024\/02\/20\/comite-de-crise-em-alerta-em-decorrencia-das-fortes-chuvas-desta-terca\/","title":{"rendered":"Comit\u00ea de Crise em alerta em decorr\u00eancia das fortes chuvas desta ter\u00e7a"},"content":{"rendered":"\n<p>Fortes chuvas ca\u00edram no munic\u00edpio no in\u00edcio da tarde desta ter\u00e7a-feira (20). Diversos pontos de alagamento foram registrados devido o volume intenso das \u00e1guas, a exemplo da avenida Get\u00falio Vargas, al\u00e9m de outros pontos da cidade. Conforme informa\u00e7\u00f5es do Comit\u00ea de Gerenciamento de Crise da Prefeitura, foram registrados 42mm no intervalo de uma hora.&nbsp;<\/p>\n\n\n\n<p>Diante desse cen\u00e1rio, o prefeito Colbert Filho recomenda que a popula\u00e7\u00e3o fique em casa nesse momento. Os condutores de ve\u00edculos tamb\u00e9m devem redobrar a aten\u00e7\u00e3o para evitar acidentes.&nbsp;<\/p>\n\n\n\n<p><em>&#8220;Quem n\u00e3o precisa sair, por favor permane\u00e7a em casa. H\u00e1 problemas grandes de drenagem em alguns pontos, a exemplo da avenida Get\u00falio Vargas, no trecho entre a Maria Quit\u00e9ria e o Banco do Brasil&#8221;<\/em>, alerta o prefeito.\u00a0<\/p>\n\n\n\n<p>Todas as secretarias municipais e \u00f3rg\u00e3os que integram o Comit\u00ea de Gerenciamento de Crise da Prefeitura est\u00e3o de prontid\u00e3o para atuar em eventuais ocorr\u00eancias.\u00a0<\/p>\n\n\n\n<p>Com informa\u00e7\u00f5es da Secom<\/p>\n","protected":false},"excerpt":{"rendered":"<p>Fortes chuvas ca\u00edram no munic\u00edpio no in\u00edcio da tarde desta ter\u00e7a-feira (20). Diversos pontos de alagamento foram registrados devido o volume intenso das \u00e1guas, a exemplo da avenida Get\u00falio Vargas, al\u00e9m de outros pontos da cidade. Conforme informa\u00e7\u00f5es do Comit\u00ea de Gerenciamento de Crise da Prefeitura, foram registrados 42mm no intervalo de uma hora.&nbsp; Diante [&hellip;]<\/p>\n","protected":false},"author":3,"featured_media":23980,"comment_status":"open","ping_status":"open","sticky":false,"template":"","format":"standard","meta":{"_monsterinsights_skip_tracking":false,"_monsterinsights_sitenote_active":false,"_monsterinsights_sitenote_note":"","_monsterinsights_sitenote_category":0,"footnotes":""},"categories":[34],"tags":[],"yoast_head":"<!-- This site is optimized with the Yoast SEO plugin v22.9 - https:\/\/yoast.com\/wordpress\/plugins\/seo\/ -->\n<title>Comit\u00ea de Crise em alerta em decorr\u00eancia das fortes chuvas desta ter\u00e7a - Portal MF<\/title>\n<meta name=\"robots\" content=\"index, follow, max-snippet:-1, max-image-preview:large, max-video-preview:-1\" \/>\n<link rel=\"canonical\" href=\"https:\/\/portalmf.com.br\/index.php\/2024\/02\/20\/comite-de-crise-em-alerta-em-decorrencia-das-fortes-chuvas-desta-terca\/\" \/>\n<meta property=\"og:locale\" content=\"pt_BR\" \/>\n<meta property=\"og:type\" content=\"article\" \/>\n<meta property=\"og:title\" content=\"Comit\u00ea de Crise em alerta em decorr\u00eancia das fortes chuvas desta ter\u00e7a - Portal MF\" \/>\n<meta property=\"og:description\" content=\"Fortes chuvas ca\u00edram no munic\u00edpio no in\u00edcio da tarde desta ter\u00e7a-feira (20). Diversos pontos de alagamento foram registrados devido o volume intenso das \u00e1guas, a exemplo da avenida Get\u00falio Vargas, al\u00e9m de outros pontos da cidade. Conforme informa\u00e7\u00f5es do Comit\u00ea de Gerenciamento de Crise da Prefeitura, foram registrados 42mm no intervalo de uma hora.&nbsp; Diante [&hellip;]\" \/>\n<meta property=\"og:url\" content=\"https:\/\/portalmf.com.br\/index.php\/2024\/02\/20\/comite-de-crise-em-alerta-em-decorrencia-das-fortes-chuvas-desta-terca\/\" \/>\n<meta property=\"og:site_name\" content=\"Portal MF\" \/>\n<meta property=\"article:author\" content=\"https:\/\/www.facebook.com\/portalmfoficial\" \/>\n<meta property=\"article:published_time\" content=\"2024-02-20T20:29:28+00:00\" \/>\n<meta property=\"article:modified_time\" content=\"2024-02-21T20:30:40+00:00\" \/>\n<meta property=\"og:image\" content=\"https:\/\/portalmf.com.br\/wp-content\/uploads\/2024\/02\/Comite-de-Crise-em-alerta-em-decorrencia-das-fortes-chuvas-desta-terca.jpg\" \/>\n\t<meta property=\"og:image:width\" content=\"1306\" \/>\n\t<meta property=\"og:image:height\" content=\"714\" \/>\n\t<meta property=\"og:image:type\" content=\"image\/jpeg\" \/>\n<meta name=\"author\" content=\"Reda\u00e7\u00e3o Portal MF\" \/>\n<meta name=\"twitter:card\" content=\"summary_large_image\" \/>\n<meta name=\"twitter:creator\" content=\"@https:\/\/x.com\/portalmfoficial\" \/>\n<meta name=\"twitter:label1\" content=\"Escrito por\" \/>\n\t<meta name=\"twitter:data1\" content=\"Reda\u00e7\u00e3o Portal MF\" \/>\n\t<meta name=\"twitter:label2\" content=\"Est. tempo de leitura\" \/>\n\t<meta name=\"twitter:data2\" content=\"2 minutos\" \/>\n<script type=\"application\/ld+json\" class=\"yoast-schema-graph\">{\"@context\":\"https:\/\/schema.org\",\"@graph\":[{\"@type\":\"WebPage\",\"@id\":\"https:\/\/portalmf.com.br\/index.php\/2024\/02\/20\/comite-de-crise-em-alerta-em-decorrencia-das-fortes-chuvas-desta-terca\/\",\"url\":\"https:\/\/portalmf.com.br\/index.php\/2024\/02\/20\/comite-de-crise-em-alerta-em-decorrencia-das-fortes-chuvas-desta-terca\/\",\"name\":\"Comit\u00ea de Crise em alerta em decorr\u00eancia das fortes chuvas desta ter\u00e7a - Portal MF\",\"isPartOf\":{\"@id\":\"https:\/\/portalmf.com.br\/#website\"},\"primaryImageOfPage\":{\"@id\":\"https:\/\/portalmf.com.br\/index.php\/2024\/02\/20\/comite-de-crise-em-alerta-em-decorrencia-das-fortes-chuvas-desta-terca\/#primaryimage\"},\"image\":{\"@id\":\"https:\/\/portalmf.com.br\/index.php\/2024\/02\/20\/comite-de-crise-em-alerta-em-decorrencia-das-fortes-chuvas-desta-terca\/#primaryimage\"},\"thumbnailUrl\":\"https:\/\/portalmf.com.br\/wp-content\/uploads\/2024\/02\/Comite-de-Crise-em-alerta-em-decorrencia-das-fortes-chuvas-desta-terca.jpg\",\"datePublished\":\"2024-02-20T20:29:28+00:00\",\"dateModified\":\"2024-02-21T20:30:40+00:00\",\"author\":{\"@id\":\"https:\/\/portalmf.com.br\/#\/schema\/person\/9ec101baf56233e53520c26de5d6f6f0\"},\"breadcrumb\":{\"@id\":\"https:\/\/portalmf.com.br\/index.php\/2024\/02\/20\/comite-de-crise-em-alerta-em-decorrencia-das-fortes-chuvas-desta-terca\/#breadcrumb\"},\"inLanguage\":\"pt-BR\",\"potentialAction\":[{\"@type\":\"ReadAction\",\"target\":[\"https:\/\/portalmf.com.br\/index.php\/2024\/02\/20\/comite-de-crise-em-alerta-em-decorrencia-das-fortes-chuvas-desta-terca\/\"]}]},{\"@type\":\"ImageObject\",\"inLanguage\":\"pt-BR\",\"@id\":\"https:\/\/portalmf.com.br\/index.php\/2024\/02\/20\/comite-de-crise-em-alerta-em-decorrencia-das-fortes-chuvas-desta-terca\/#primaryimage\",\"url\":\"https:\/\/portalmf.com.br\/wp-content\/uploads\/2024\/02\/Comite-de-Crise-em-alerta-em-decorrencia-das-fortes-chuvas-desta-terca.jpg\",\"contentUrl\":\"https:\/\/portalmf.com.br\/wp-content\/uploads\/2024\/02\/Comite-de-Crise-em-alerta-em-decorrencia-das-fortes-chuvas-desta-terca.jpg\",\"width\":1306,\"height\":714},{\"@type\":\"BreadcrumbList\",\"@id\":\"https:\/\/portalmf.com.br\/index.php\/2024\/02\/20\/comite-de-crise-em-alerta-em-decorrencia-das-fortes-chuvas-desta-terca\/#breadcrumb\",\"itemListElement\":[{\"@type\":\"ListItem\",\"position\":1,\"name\":\"In\u00edcio\",\"item\":\"https:\/\/portalmf.com.br\/\"},{\"@type\":\"ListItem\",\"position\":2,\"name\":\"Comit\u00ea de Crise em alerta em decorr\u00eancia das fortes chuvas desta ter\u00e7a\"}]},{\"@type\":\"WebSite\",\"@id\":\"https:\/\/portalmf.com.br\/#website\",\"url\":\"https:\/\/portalmf.com.br\/\",\"name\":\"Portal MF\",\"description\":\"Voc\u00ea conectado com a informa\u00e7\u00e3o\",\"potentialAction\":[{\"@type\":\"SearchAction\",\"target\":{\"@type\":\"EntryPoint\",\"urlTemplate\":\"https:\/\/portalmf.com.br\/?s={search_term_string}\"},\"query-input\":\"required name=search_term_string\"}],\"inLanguage\":\"pt-BR\"},{\"@type\":\"Person\",\"@id\":\"https:\/\/portalmf.com.br\/#\/schema\/person\/9ec101baf56233e53520c26de5d6f6f0\",\"name\":\"Reda\u00e7\u00e3o Portal MF\",\"image\":{\"@type\":\"ImageObject\",\"inLanguage\":\"pt-BR\",\"@id\":\"https:\/\/portalmf.com.br\/#\/schema\/person\/image\/\",\"url\":\"https:\/\/secure.gravatar.com\/avatar\/41b9aaeb2100835f7c64362330f74c7f?s=96&d=mm&r=g\",\"contentUrl\":\"https:\/\/secure.gravatar.com\/avatar\/41b9aaeb2100835f7c64362330f74c7f?s=96&d=mm&r=g\",\"caption\":\"Reda\u00e7\u00e3o Portal MF\"},\"description\":\"Sejam bem-vindos o portal de informa\u00e7\u00f5es de entretenimento de Feira de Santana, desde 2006 realiza coberturas dos principais eventos com entrevistas exclusivas com as principais personalidades mundiais. Fique conectado tamb\u00e9m nas redes sociais.\",\"sameAs\":[\"http:\/\/www.portalmf.com.br\/\",\"https:\/\/www.facebook.com\/portalmfoficial\",\"https:\/\/www.instagram.com\/portalmf\/\",\"https:\/\/x.com\/https:\/\/x.com\/portalmfoficial\",\"https:\/\/www.youtube.com\/@portalmfoficial\"],\"url\":\"https:\/\/portalmf.com.br\/index.php\/author\/junior\/\"}]}<\/script>\n<!-- \/ Yoast SEO plugin. -->","yoast_head_json":{"title":"Comit\u00ea de Crise em alerta em decorr\u00eancia das fortes chuvas desta ter\u00e7a - Portal MF","robots":{"index":"index","follow":"follow","max-snippet":"max-snippet:-1","max-image-preview":"max-image-preview:large","max-video-preview":"max-video-preview:-1"},"canonical":"https:\/\/portalmf.com.br\/index.php\/2024\/02\/20\/comite-de-crise-em-alerta-em-decorrencia-das-fortes-chuvas-desta-terca\/","og_locale":"pt_BR","og_type":"article","og_title":"Comit\u00ea de Crise em alerta em decorr\u00eancia das fortes chuvas desta ter\u00e7a - Portal MF","og_description":"Fortes chuvas ca\u00edram no munic\u00edpio no in\u00edcio da tarde desta ter\u00e7a-feira (20). Diversos pontos de alagamento foram registrados devido o volume intenso das \u00e1guas, a exemplo da avenida Get\u00falio Vargas, al\u00e9m de outros pontos da cidade. Conforme informa\u00e7\u00f5es do Comit\u00ea de Gerenciamento de Crise da Prefeitura, foram registrados 42mm no intervalo de uma hora.&nbsp; Diante [&hellip;]","og_url":"https:\/\/portalmf.com.br\/index.php\/2024\/02\/20\/comite-de-crise-em-alerta-em-decorrencia-das-fortes-chuvas-desta-terca\/","og_site_name":"Portal MF","article_author":"https:\/\/www.facebook.com\/portalmfoficial","article_published_time":"2024-02-20T20:29:28+00:00","article_modified_time":"2024-02-21T20:30:40+00:00","og_image":[{"width":1306,"height":714,"url":"https:\/\/portalmf.com.br\/wp-content\/uploads\/2024\/02\/Comite-de-Crise-em-alerta-em-decorrencia-das-fortes-chuvas-desta-terca.jpg","type":"image\/jpeg"}],"author":"Reda\u00e7\u00e3o Portal MF","twitter_card":"summary_large_image","twitter_creator":"@https:\/\/x.com\/portalmfoficial","twitter_misc":{"Escrito por":"Reda\u00e7\u00e3o Portal MF","Est. tempo de leitura":"2 minutos"},"schema":{"@context":"https:\/\/schema.org","@graph":[{"@type":"WebPage","@id":"https:\/\/portalmf.com.br\/index.php\/2024\/02\/20\/comite-de-crise-em-alerta-em-decorrencia-das-fortes-chuvas-desta-terca\/","url":"https:\/\/portalmf.com.br\/index.php\/2024\/02\/20\/comite-de-crise-em-alerta-em-decorrencia-das-fortes-chuvas-desta-terca\/","name":"Comit\u00ea de Crise em alerta em decorr\u00eancia das fortes chuvas desta ter\u00e7a - Portal MF","isPartOf":{"@id":"https:\/\/portalmf.com.br\/#website"},"primaryImageOfPage":{"@id":"https:\/\/portalmf.com.br\/index.php\/2024\/02\/20\/comite-de-crise-em-alerta-em-decorrencia-das-fortes-chuvas-desta-terca\/#primaryimage"},"image":{"@id":"https:\/\/portalmf.com.br\/index.php\/2024\/02\/20\/comite-de-crise-em-alerta-em-decorrencia-das-fortes-chuvas-desta-terca\/#primaryimage"},"thumbnailUrl":"https:\/\/portalmf.com.br\/wp-content\/uploads\/2024\/02\/Comite-de-Crise-em-alerta-em-decorrencia-das-fortes-chuvas-desta-terca.jpg","datePublished":"2024-02-20T20:29:28+00:00","dateModified":"2024-02-21T20:30:40+00:00","author":{"@id":"https:\/\/portalmf.com.br\/#\/schema\/person\/9ec101baf56233e53520c26de5d6f6f0"},"breadcrumb":{"@id":"https:\/\/portalmf.com.br\/index.php\/2024\/02\/20\/comite-de-crise-em-alerta-em-decorrencia-das-fortes-chuvas-desta-terca\/#breadcrumb"},"inLanguage":"pt-BR","potentialAction":[{"@type":"ReadAction","target":["https:\/\/portalmf.com.br\/index.php\/2024\/02\/20\/comite-de-crise-em-alerta-em-decorrencia-das-fortes-chuvas-desta-terca\/"]}]},{"@type":"ImageObject","inLanguage":"pt-BR","@id":"https:\/\/portalmf.com.br\/index.php\/2024\/02\/20\/comite-de-crise-em-alerta-em-decorrencia-das-fortes-chuvas-desta-terca\/#primaryimage","url":"https:\/\/portalmf.com.br\/wp-content\/uploads\/2024\/02\/Comite-de-Crise-em-alerta-em-decorrencia-das-fortes-chuvas-desta-terca.jpg","contentUrl":"https:\/\/portalmf.com.br\/wp-content\/uploads\/2024\/02\/Comite-de-Crise-em-alerta-em-decorrencia-das-fortes-chuvas-desta-terca.jpg","width":1306,"height":714},{"@type":"BreadcrumbList","@id":"https:\/\/portalmf.com.br\/index.php\/2024\/02\/20\/comite-de-crise-em-alerta-em-decorrencia-das-fortes-chuvas-desta-terca\/#breadcrumb","itemListElement":[{"@type":"ListItem","position":1,"name":"In\u00edcio","item":"https:\/\/portalmf.com.br\/"},{"@type":"ListItem","position":2,"name":"Comit\u00ea de Crise em alerta em decorr\u00eancia das fortes chuvas desta ter\u00e7a"}]},{"@type":"WebSite","@id":"https:\/\/portalmf.com.br\/#website","url":"https:\/\/portalmf.com.br\/","name":"Portal MF","description":"Voc\u00ea conectado com a informa\u00e7\u00e3o","potentialAction":[{"@type":"SearchAction","target":{"@type":"EntryPoint","urlTemplate":"https:\/\/portalmf.com.br\/?s={search_term_string}"},"query-input":"required name=search_term_string"}],"inLanguage":"pt-BR"},{"@type":"Person","@id":"https:\/\/portalmf.com.br\/#\/schema\/person\/9ec101baf56233e53520c26de5d6f6f0","name":"Reda\u00e7\u00e3o Portal MF","image":{"@type":"ImageObject","inLanguage":"pt-BR","@id":"https:\/\/portalmf.com.br\/#\/schema\/person\/image\/","url":"https:\/\/secure.gravatar.com\/avatar\/41b9aaeb2100835f7c64362330f74c7f?s=96&d=mm&r=g","contentUrl":"https:\/\/secure.gravatar.com\/avatar\/41b9aaeb2100835f7c64362330f74c7f?s=96&d=mm&r=g","caption":"Reda\u00e7\u00e3o Portal MF"},"description":"Sejam bem-vindos o portal de informa\u00e7\u00f5es de entretenimento de Feira de Santana, desde 2006 realiza coberturas dos principais eventos com entrevistas exclusivas com as principais personalidades mundiais. Fique conectado tamb\u00e9m nas redes sociais.","sameAs":["http:\/\/www.portalmf.com.br\/","https:\/\/www.facebook.com\/portalmfoficial","https:\/\/www.instagram.com\/portalmf\/","https:\/\/x.com\/https:\/\/x.com\/portalmfoficial","https:\/\/www.youtube.com\/@portalmfoficial"],"url":"https:\/\/portalmf.com.br\/index.php\/author\/junior\/"}]}},"_links":{"self":[{"href":"https:\/\/portalmf.com.br\/index.php\/wp-json\/wp\/v2\/posts\/23979"}],"collection":[{"href":"https:\/\/portalmf.com.br\/index.php\/wp-json\/wp\/v2\/posts"}],"about":[{"href":"https:\/\/portalmf.com.br\/index.php\/wp-json\/wp\/v2\/types\/post"}],"author":[{"embeddable":true,"href":"https:\/\/portalmf.com.br\/index.php\/wp-json\/wp\/v2\/users\/3"}],"replies":[{"embeddable":true,"href":"https:\/\/portalmf.com.br\/index.php\/wp-json\/wp\/v2\/comments?post=23979"}],"version-history":[{"count":1,"href":"https:\/\/portalmf.com.br\/index.php\/wp-json\/wp\/v2\/posts\/23979\/revisions"}],"predecessor-version":[{"id":23981,"href":"https:\/\/portalmf.com.br\/index.php\/wp-json\/wp\/v2\/posts\/23979\/revisions\/23981"}],"wp:featuredmedia":[{"embeddable":true,"href":"https:\/\/portalmf.com.br\/index.php\/wp-json\/wp\/v2\/media\/23980"}],"wp:attachment":[{"href":"https:\/\/portalmf.com.br\/index.php\/wp-json\/wp\/v2\/media?parent=23979"}],"wp:term":[{"taxonomy":"category","embeddable":true,"href":"https:\/\/portalmf.com.br\/index.php\/wp-json\/wp\/v2\/categories?post=23979"},{"taxonomy":"post_tag","embeddable":true,"href":"https:\/\/portalmf.com.br\/index.php\/wp-json\/wp\/v2\/tags?post=23979"}],"curies":[{"name":"wp","href":"https:\/\/api.w.org\/{rel}","templated":true}]}}