{"id":23973,"date":"2024-02-21T17:22:37","date_gmt":"2024-02-21T20:22:37","guid":{"rendered":"https:\/\/portalmf.com.br\/?p=23973"},"modified":"2024-02-21T17:22:37","modified_gmt":"2024-02-21T20:22:37","slug":"arimateia-diz-estar-a-disposicao-para-disputar-a-prefeitura-de-feira","status":"publish","type":"post","link":"https:\/\/portalmf.com.br\/index.php\/2024\/02\/21\/arimateia-diz-estar-a-disposicao-para-disputar-a-prefeitura-de-feira\/","title":{"rendered":"Arimateia diz estar \u201c\u00e0 disposi\u00e7\u00e3o\u201d para disputar a Prefeitura de Feira"},"content":{"rendered":"\n<p>O deputado estadual Jos\u00e9 de Arimateia (Republicanos) anunciou, ontem (20), que mant\u00e9m o seu nome \u00e0 disposi\u00e7\u00e3o do partido e da popula\u00e7\u00e3o para ser pr\u00e9-candidato na disputa da Prefeitura de Feira de Santana nas elei\u00e7\u00f5es de 2024. O discurso do parlamentar ocorreu, na tribuna, na reabertura dos trabalhos da Assembleia Legislativa da Bahia (ALBA). Ele est\u00e1 no 5\u00ba mandato na Casa.<\/p>\n\n\n\n<p><em>\u201cEste ano \u00e9 de elei\u00e7\u00f5es municipais, e a minha querida cidade de Feira espera que o deputado Arimateia seja candidato. Estou \u00e0 disposi\u00e7\u00e3o do povo, at\u00e9 porque em 2020 fiquei em 3\u00ba lugar para prefeito em meio a nove candidatos. O meu nome continua \u00e0 disposi\u00e7\u00e3o da popula\u00e7\u00e3o feirense\u201d, <\/em>pontuou.<\/p>\n\n\n\n<p><strong>Jos\u00e9 de Arimateia |<\/strong> Em 1998, ele foi eleito deputado estadual pela primeira vez. Em 2004, em Feira de Santana, foi o vereador mais votado da legenda. Em 2008, foi reeleito para o 2\u00ba mandato na C\u00e2mara Municipal. Em 2011, retornou \u00e0 ALBA com 56.896 votos. No ano de 2014, foi reconduzido para o 3\u00ba mandato com 81.097 sufr\u00e1gios. Em 2018, foi reeleito com 65.946 votos. J\u00e1 na \u00faltima elei\u00e7\u00e3o, o republicano conquistou 78 mil votos para o seu 5\u00ba mandato.<\/p>\n\n\n\n<p>Atualmente, o legislador \u00e9 presidente das Frentes Parlamentares em Defesa dos Direitos da Pessoa Idosa, e do Bem-Estar Animal e Seguran\u00e7a Ambiental, vice-presidente da Comiss\u00e3o de Sa\u00fade e Saneamento, e titular da Comiss\u00e3o de Meio Ambiente. Na Casa do Povo, defende veementemente as bandeiras da sa\u00fade, do idoso, da causa animal e do meio-ambiente.<\/p>\n","protected":false},"excerpt":{"rendered":"<p>O deputado estadual Jos\u00e9 de Arimateia (Republicanos) anunciou, ontem (20), que mant\u00e9m o seu nome \u00e0 disposi\u00e7\u00e3o do partido e da popula\u00e7\u00e3o para ser pr\u00e9-candidato na disputa da Prefeitura de Feira de Santana nas elei\u00e7\u00f5es de 2024. O discurso do parlamentar ocorreu, na tribuna, na reabertura dos trabalhos da Assembleia Legislativa da Bahia (ALBA). Ele [&hellip;]<\/p>\n","protected":false},"author":3,"featured_media":23974,"comment_status":"open","ping_status":"open","sticky":false,"template":"","format":"standard","meta":{"_monsterinsights_skip_tracking":false,"_monsterinsights_sitenote_active":false,"_monsterinsights_sitenote_note":"","_monsterinsights_sitenote_category":0,"footnotes":""},"categories":[301,34],"tags":[],"yoast_head":"<!-- This site is optimized with the Yoast SEO plugin v22.9 - https:\/\/yoast.com\/wordpress\/plugins\/seo\/ -->\n<title>Arimateia diz estar \u201c\u00e0 disposi\u00e7\u00e3o\u201d para disputar a Prefeitura de Feira - Portal MF<\/title>\n<meta name=\"robots\" content=\"index, follow, max-snippet:-1, max-image-preview:large, max-video-preview:-1\" \/>\n<link rel=\"canonical\" href=\"https:\/\/portalmf.com.br\/index.php\/2024\/02\/21\/arimateia-diz-estar-a-disposicao-para-disputar-a-prefeitura-de-feira\/\" \/>\n<meta property=\"og:locale\" content=\"pt_BR\" \/>\n<meta property=\"og:type\" content=\"article\" \/>\n<meta property=\"og:title\" content=\"Arimateia diz estar \u201c\u00e0 disposi\u00e7\u00e3o\u201d para disputar a Prefeitura de Feira - Portal MF\" \/>\n<meta property=\"og:description\" content=\"O deputado estadual Jos\u00e9 de Arimateia (Republicanos) anunciou, ontem (20), que mant\u00e9m o seu nome \u00e0 disposi\u00e7\u00e3o do partido e da popula\u00e7\u00e3o para ser pr\u00e9-candidato na disputa da Prefeitura de Feira de Santana nas elei\u00e7\u00f5es de 2024. O discurso do parlamentar ocorreu, na tribuna, na reabertura dos trabalhos da Assembleia Legislativa da Bahia (ALBA). Ele [&hellip;]\" \/>\n<meta property=\"og:url\" content=\"https:\/\/portalmf.com.br\/index.php\/2024\/02\/21\/arimateia-diz-estar-a-disposicao-para-disputar-a-prefeitura-de-feira\/\" \/>\n<meta property=\"og:site_name\" content=\"Portal MF\" \/>\n<meta property=\"article:author\" content=\"https:\/\/www.facebook.com\/portalmfoficial\" \/>\n<meta property=\"article:published_time\" content=\"2024-02-21T20:22:37+00:00\" \/>\n<meta property=\"og:image\" content=\"https:\/\/portalmf.com.br\/wp-content\/uploads\/2024\/02\/jose-de-arimateia.jpeg\" \/>\n\t<meta property=\"og:image:width\" content=\"677\" \/>\n\t<meta property=\"og:image:height\" content=\"543\" \/>\n\t<meta property=\"og:image:type\" content=\"image\/jpeg\" \/>\n<meta name=\"author\" content=\"Reda\u00e7\u00e3o Portal MF\" \/>\n<meta name=\"twitter:card\" content=\"summary_large_image\" \/>\n<meta name=\"twitter:creator\" content=\"@https:\/\/x.com\/portalmfoficial\" \/>\n<meta name=\"twitter:label1\" content=\"Escrito por\" \/>\n\t<meta name=\"twitter:data1\" content=\"Reda\u00e7\u00e3o Portal MF\" \/>\n\t<meta name=\"twitter:label2\" content=\"Est. tempo de leitura\" \/>\n\t<meta name=\"twitter:data2\" content=\"2 minutos\" \/>\n<script type=\"application\/ld+json\" class=\"yoast-schema-graph\">{\"@context\":\"https:\/\/schema.org\",\"@graph\":[{\"@type\":\"WebPage\",\"@id\":\"https:\/\/portalmf.com.br\/index.php\/2024\/02\/21\/arimateia-diz-estar-a-disposicao-para-disputar-a-prefeitura-de-feira\/\",\"url\":\"https:\/\/portalmf.com.br\/index.php\/2024\/02\/21\/arimateia-diz-estar-a-disposicao-para-disputar-a-prefeitura-de-feira\/\",\"name\":\"Arimateia diz estar \u201c\u00e0 disposi\u00e7\u00e3o\u201d para disputar a Prefeitura de Feira - Portal MF\",\"isPartOf\":{\"@id\":\"https:\/\/portalmf.com.br\/#website\"},\"primaryImageOfPage\":{\"@id\":\"https:\/\/portalmf.com.br\/index.php\/2024\/02\/21\/arimateia-diz-estar-a-disposicao-para-disputar-a-prefeitura-de-feira\/#primaryimage\"},\"image\":{\"@id\":\"https:\/\/portalmf.com.br\/index.php\/2024\/02\/21\/arimateia-diz-estar-a-disposicao-para-disputar-a-prefeitura-de-feira\/#primaryimage\"},\"thumbnailUrl\":\"https:\/\/portalmf.com.br\/wp-content\/uploads\/2024\/02\/jose-de-arimateia.jpeg\",\"datePublished\":\"2024-02-21T20:22:37+00:00\",\"dateModified\":\"2024-02-21T20:22:37+00:00\",\"author\":{\"@id\":\"https:\/\/portalmf.com.br\/#\/schema\/person\/9ec101baf56233e53520c26de5d6f6f0\"},\"breadcrumb\":{\"@id\":\"https:\/\/portalmf.com.br\/index.php\/2024\/02\/21\/arimateia-diz-estar-a-disposicao-para-disputar-a-prefeitura-de-feira\/#breadcrumb\"},\"inLanguage\":\"pt-BR\",\"potentialAction\":[{\"@type\":\"ReadAction\",\"target\":[\"https:\/\/portalmf.com.br\/index.php\/2024\/02\/21\/arimateia-diz-estar-a-disposicao-para-disputar-a-prefeitura-de-feira\/\"]}]},{\"@type\":\"ImageObject\",\"inLanguage\":\"pt-BR\",\"@id\":\"https:\/\/portalmf.com.br\/index.php\/2024\/02\/21\/arimateia-diz-estar-a-disposicao-para-disputar-a-prefeitura-de-feira\/#primaryimage\",\"url\":\"https:\/\/portalmf.com.br\/wp-content\/uploads\/2024\/02\/jose-de-arimateia.jpeg\",\"contentUrl\":\"https:\/\/portalmf.com.br\/wp-content\/uploads\/2024\/02\/jose-de-arimateia.jpeg\",\"width\":677,\"height\":543},{\"@type\":\"BreadcrumbList\",\"@id\":\"https:\/\/portalmf.com.br\/index.php\/2024\/02\/21\/arimateia-diz-estar-a-disposicao-para-disputar-a-prefeitura-de-feira\/#breadcrumb\",\"itemListElement\":[{\"@type\":\"ListItem\",\"position\":1,\"name\":\"In\u00edcio\",\"item\":\"https:\/\/portalmf.com.br\/\"},{\"@type\":\"ListItem\",\"position\":2,\"name\":\"Arimateia diz estar \u201c\u00e0 disposi\u00e7\u00e3o\u201d para disputar a Prefeitura de Feira\"}]},{\"@type\":\"WebSite\",\"@id\":\"https:\/\/portalmf.com.br\/#website\",\"url\":\"https:\/\/portalmf.com.br\/\",\"name\":\"Portal MF\",\"description\":\"Voc\u00ea conectado com a informa\u00e7\u00e3o\",\"potentialAction\":[{\"@type\":\"SearchAction\",\"target\":{\"@type\":\"EntryPoint\",\"urlTemplate\":\"https:\/\/portalmf.com.br\/?s={search_term_string}\"},\"query-input\":\"required name=search_term_string\"}],\"inLanguage\":\"pt-BR\"},{\"@type\":\"Person\",\"@id\":\"https:\/\/portalmf.com.br\/#\/schema\/person\/9ec101baf56233e53520c26de5d6f6f0\",\"name\":\"Reda\u00e7\u00e3o Portal MF\",\"image\":{\"@type\":\"ImageObject\",\"inLanguage\":\"pt-BR\",\"@id\":\"https:\/\/portalmf.com.br\/#\/schema\/person\/image\/\",\"url\":\"https:\/\/secure.gravatar.com\/avatar\/41b9aaeb2100835f7c64362330f74c7f?s=96&d=mm&r=g\",\"contentUrl\":\"https:\/\/secure.gravatar.com\/avatar\/41b9aaeb2100835f7c64362330f74c7f?s=96&d=mm&r=g\",\"caption\":\"Reda\u00e7\u00e3o Portal MF\"},\"description\":\"Sejam bem-vindos o portal de informa\u00e7\u00f5es de entretenimento de Feira de Santana, desde 2006 realiza coberturas dos principais eventos com entrevistas exclusivas com as principais personalidades mundiais. Fique conectado tamb\u00e9m nas redes sociais.\",\"sameAs\":[\"http:\/\/www.portalmf.com.br\/\",\"https:\/\/www.facebook.com\/portalmfoficial\",\"https:\/\/www.instagram.com\/portalmf\/\",\"https:\/\/x.com\/https:\/\/x.com\/portalmfoficial\",\"https:\/\/www.youtube.com\/@portalmfoficial\"],\"url\":\"https:\/\/portalmf.com.br\/index.php\/author\/junior\/\"}]}<\/script>\n<!-- \/ Yoast SEO plugin. -->","yoast_head_json":{"title":"Arimateia diz estar \u201c\u00e0 disposi\u00e7\u00e3o\u201d para disputar a Prefeitura de Feira - Portal MF","robots":{"index":"index","follow":"follow","max-snippet":"max-snippet:-1","max-image-preview":"max-image-preview:large","max-video-preview":"max-video-preview:-1"},"canonical":"https:\/\/portalmf.com.br\/index.php\/2024\/02\/21\/arimateia-diz-estar-a-disposicao-para-disputar-a-prefeitura-de-feira\/","og_locale":"pt_BR","og_type":"article","og_title":"Arimateia diz estar \u201c\u00e0 disposi\u00e7\u00e3o\u201d para disputar a Prefeitura de Feira - Portal MF","og_description":"O deputado estadual Jos\u00e9 de Arimateia (Republicanos) anunciou, ontem (20), que mant\u00e9m o seu nome \u00e0 disposi\u00e7\u00e3o do partido e da popula\u00e7\u00e3o para ser pr\u00e9-candidato na disputa da Prefeitura de Feira de Santana nas elei\u00e7\u00f5es de 2024. O discurso do parlamentar ocorreu, na tribuna, na reabertura dos trabalhos da Assembleia Legislativa da Bahia (ALBA). Ele [&hellip;]","og_url":"https:\/\/portalmf.com.br\/index.php\/2024\/02\/21\/arimateia-diz-estar-a-disposicao-para-disputar-a-prefeitura-de-feira\/","og_site_name":"Portal MF","article_author":"https:\/\/www.facebook.com\/portalmfoficial","article_published_time":"2024-02-21T20:22:37+00:00","og_image":[{"width":677,"height":543,"url":"https:\/\/portalmf.com.br\/wp-content\/uploads\/2024\/02\/jose-de-arimateia.jpeg","type":"image\/jpeg"}],"author":"Reda\u00e7\u00e3o Portal MF","twitter_card":"summary_large_image","twitter_creator":"@https:\/\/x.com\/portalmfoficial","twitter_misc":{"Escrito por":"Reda\u00e7\u00e3o Portal MF","Est. tempo de leitura":"2 minutos"},"schema":{"@context":"https:\/\/schema.org","@graph":[{"@type":"WebPage","@id":"https:\/\/portalmf.com.br\/index.php\/2024\/02\/21\/arimateia-diz-estar-a-disposicao-para-disputar-a-prefeitura-de-feira\/","url":"https:\/\/portalmf.com.br\/index.php\/2024\/02\/21\/arimateia-diz-estar-a-disposicao-para-disputar-a-prefeitura-de-feira\/","name":"Arimateia diz estar \u201c\u00e0 disposi\u00e7\u00e3o\u201d para disputar a Prefeitura de Feira - Portal MF","isPartOf":{"@id":"https:\/\/portalmf.com.br\/#website"},"primaryImageOfPage":{"@id":"https:\/\/portalmf.com.br\/index.php\/2024\/02\/21\/arimateia-diz-estar-a-disposicao-para-disputar-a-prefeitura-de-feira\/#primaryimage"},"image":{"@id":"https:\/\/portalmf.com.br\/index.php\/2024\/02\/21\/arimateia-diz-estar-a-disposicao-para-disputar-a-prefeitura-de-feira\/#primaryimage"},"thumbnailUrl":"https:\/\/portalmf.com.br\/wp-content\/uploads\/2024\/02\/jose-de-arimateia.jpeg","datePublished":"2024-02-21T20:22:37+00:00","dateModified":"2024-02-21T20:22:37+00:00","author":{"@id":"https:\/\/portalmf.com.br\/#\/schema\/person\/9ec101baf56233e53520c26de5d6f6f0"},"breadcrumb":{"@id":"https:\/\/portalmf.com.br\/index.php\/2024\/02\/21\/arimateia-diz-estar-a-disposicao-para-disputar-a-prefeitura-de-feira\/#breadcrumb"},"inLanguage":"pt-BR","potentialAction":[{"@type":"ReadAction","target":["https:\/\/portalmf.com.br\/index.php\/2024\/02\/21\/arimateia-diz-estar-a-disposicao-para-disputar-a-prefeitura-de-feira\/"]}]},{"@type":"ImageObject","inLanguage":"pt-BR","@id":"https:\/\/portalmf.com.br\/index.php\/2024\/02\/21\/arimateia-diz-estar-a-disposicao-para-disputar-a-prefeitura-de-feira\/#primaryimage","url":"https:\/\/portalmf.com.br\/wp-content\/uploads\/2024\/02\/jose-de-arimateia.jpeg","contentUrl":"https:\/\/portalmf.com.br\/wp-content\/uploads\/2024\/02\/jose-de-arimateia.jpeg","width":677,"height":543},{"@type":"BreadcrumbList","@id":"https:\/\/portalmf.com.br\/index.php\/2024\/02\/21\/arimateia-diz-estar-a-disposicao-para-disputar-a-prefeitura-de-feira\/#breadcrumb","itemListElement":[{"@type":"ListItem","position":1,"name":"In\u00edcio","item":"https:\/\/portalmf.com.br\/"},{"@type":"ListItem","position":2,"name":"Arimateia diz estar \u201c\u00e0 disposi\u00e7\u00e3o\u201d para disputar a Prefeitura de Feira"}]},{"@type":"WebSite","@id":"https:\/\/portalmf.com.br\/#website","url":"https:\/\/portalmf.com.br\/","name":"Portal MF","description":"Voc\u00ea conectado com a informa\u00e7\u00e3o","potentialAction":[{"@type":"SearchAction","target":{"@type":"EntryPoint","urlTemplate":"https:\/\/portalmf.com.br\/?s={search_term_string}"},"query-input":"required name=search_term_string"}],"inLanguage":"pt-BR"},{"@type":"Person","@id":"https:\/\/portalmf.com.br\/#\/schema\/person\/9ec101baf56233e53520c26de5d6f6f0","name":"Reda\u00e7\u00e3o Portal MF","image":{"@type":"ImageObject","inLanguage":"pt-BR","@id":"https:\/\/portalmf.com.br\/#\/schema\/person\/image\/","url":"https:\/\/secure.gravatar.com\/avatar\/41b9aaeb2100835f7c64362330f74c7f?s=96&d=mm&r=g","contentUrl":"https:\/\/secure.gravatar.com\/avatar\/41b9aaeb2100835f7c64362330f74c7f?s=96&d=mm&r=g","caption":"Reda\u00e7\u00e3o Portal MF"},"description":"Sejam bem-vindos o portal de informa\u00e7\u00f5es de entretenimento de Feira de Santana, desde 2006 realiza coberturas dos principais eventos com entrevistas exclusivas com as principais personalidades mundiais. Fique conectado tamb\u00e9m nas redes sociais.","sameAs":["http:\/\/www.portalmf.com.br\/","https:\/\/www.facebook.com\/portalmfoficial","https:\/\/www.instagram.com\/portalmf\/","https:\/\/x.com\/https:\/\/x.com\/portalmfoficial","https:\/\/www.youtube.com\/@portalmfoficial"],"url":"https:\/\/portalmf.com.br\/index.php\/author\/junior\/"}]}},"_links":{"self":[{"href":"https:\/\/portalmf.com.br\/index.php\/wp-json\/wp\/v2\/posts\/23973"}],"collection":[{"href":"https:\/\/portalmf.com.br\/index.php\/wp-json\/wp\/v2\/posts"}],"about":[{"href":"https:\/\/portalmf.com.br\/index.php\/wp-json\/wp\/v2\/types\/post"}],"author":[{"embeddable":true,"href":"https:\/\/portalmf.com.br\/index.php\/wp-json\/wp\/v2\/users\/3"}],"replies":[{"embeddable":true,"href":"https:\/\/portalmf.com.br\/index.php\/wp-json\/wp\/v2\/comments?post=23973"}],"version-history":[{"count":1,"href":"https:\/\/portalmf.com.br\/index.php\/wp-json\/wp\/v2\/posts\/23973\/revisions"}],"predecessor-version":[{"id":23975,"href":"https:\/\/portalmf.com.br\/index.php\/wp-json\/wp\/v2\/posts\/23973\/revisions\/23975"}],"wp:featuredmedia":[{"embeddable":true,"href":"https:\/\/portalmf.com.br\/index.php\/wp-json\/wp\/v2\/media\/23974"}],"wp:attachment":[{"href":"https:\/\/portalmf.com.br\/index.php\/wp-json\/wp\/v2\/media?parent=23973"}],"wp:term":[{"taxonomy":"category","embeddable":true,"href":"https:\/\/portalmf.com.br\/index.php\/wp-json\/wp\/v2\/categories?post=23973"},{"taxonomy":"post_tag","embeddable":true,"href":"https:\/\/portalmf.com.br\/index.php\/wp-json\/wp\/v2\/tags?post=23973"}],"curies":[{"name":"wp","href":"https:\/\/api.w.org\/{rel}","templated":true}]}}