{"id":2394,"date":"2022-08-01T15:25:00","date_gmt":"2022-08-01T18:25:00","guid":{"rendered":"http:\/\/portalmf.com.br\/?p=2394"},"modified":"2022-08-01T16:35:29","modified_gmt":"2022-08-01T19:35:29","slug":"cantor-tiri-faz-show-em-homenagem-a-gal-costa-na-sala-do-coro-do-tca","status":"publish","type":"post","link":"https:\/\/portalmf.com.br\/index.php\/2022\/08\/01\/cantor-tiri-faz-show-em-homenagem-a-gal-costa-na-sala-do-coro-do-tca\/","title":{"rendered":"Cantor Tiri faz show em homenagem a Gal Costa na Sala do Coro do TCA"},"content":{"rendered":"\n<p>Uma das maiores divas da m\u00fasica popular brasileira ser\u00e1 reverenciada pelo cantor baiano Tiri, que apresenta no dia 16 de agosto, na Sala do Coro do Teatro Castro Alves, o show Tiri canta Gal, interpretando can\u00e7\u00f5es que se popularizaram na voz de Gal Costa. Os ingressos custam R$60 reais a inteira e R$30 a meia-entrada e podem ser adquiridos atrav\u00e9s do Sympla.<\/p>\n\n\n\n<p>Ao comando do viol\u00e3o, Tiri estar\u00e1 acompanhado dos m\u00fasicos Lu\u00e3 Almeida, nos teclados, Vanessa Melo na clarineta e back vocal, Tiago Nunes na percuss\u00e3o e bateria e Alexandre Vieira no baixo e contrabaixo. Samuca Sobral assina a dire\u00e7\u00e3o musical do espet\u00e1culo. O show na Sala do Coro ainda contar\u00e1 com cen\u00e1rio e ilumina\u00e7\u00e3o especiais assinadas pelo cen\u00f3grafo Igor Liberato e o figurino de Daniel Pituba.<\/p>\n\n\n\n<p>No repert\u00f3rio, Tiri far\u00e1 um apanhado dos 56 anos de carreira de Gal com cl\u00e1ssicos como Sorte (Celso Fonseca), Corcovado (Jo\u00e3o Gilberto) e Folhetim (Chico Buarque), al\u00e9m de can\u00e7\u00f5es que o cantor e compositor se identifica, como &#8220;Qual \u00e9, baiana&#8221;, m\u00fasica de Caetano Veloso gravada por Gal em 1978 para o disco \u00c1gua Viva.<\/p>\n\n\n\n<p>&#8220;Essa ideia de fazer um show em homenagem a Gal vem num momento especial da minha carreira. Apesar de ter um trabalho autoral acontecendo, eu gosto muito de fazer releituras e cantar can\u00e7\u00f5es que marcaram \u00e9pocas. E quando se fala de Gal, se fala de uma das maiores int\u00e9rpretes do Brasil, que eterniza as letras que ela se prop\u00f5e a cantar, e me identifico muito com esse lado int\u00e9rprete dela. Homenagear essa artista foi grandiosa em outros tempos e segue sendo para a nova gera\u00e7\u00e3o ser\u00e1 uma honra&#8221;, disse.<\/p>\n\n\n\n<p>Eleita como uma das maiores vozes brasileiras pela revista Rolling Stones Brasil, Gal Costa segue em atividade se apresentando com sua turn\u00ea &#8220;V\u00e1rias Pontas de uma Estrela&#8221;. Aos 76 anos, a musa tropicalista \u00e9 uma grande incentivadora dos jovens artistas, com um trabalho recente de regrava\u00e7\u00f5es com cantores da nova gera\u00e7\u00e3o como convidados.<\/p>\n\n\n\n<p>Tiri canta Gal tem dire\u00e7\u00e3o musical de Samuca Cabral e \u00e9 produzido pela Mafu\u00e1 Produ\u00e7\u00f5es.<\/p>\n\n\n\n<p>Servi\u00e7o:<\/p>\n\n\n\n<p>O qu\u00ea: Tiri canta Gal<br>Onde: Sala do Coro do Teatro Castro Alves &#8211; Pra\u00e7a Dois de Julho, s\/n &#8211; Campo Grande, Salvador\/BA<br>Quando: 16 de agosto de 2022<br>Ingressos:<br>1\u00ba lote &#8211; Meia R$ 30 \/ Inteira R$ 60<br>2\u00ba lote &#8211; Meia R$ 35 \/ Inteira R$ 70<br>3\u00ba lote &#8211; Meia R$ 40 \/ Inteira R$ 80<br>Vendas: <a href=\"https:\/\/www.sympla.com.br\/evento\/preview\/fbf94056e50e0821d2a70cdb7d2827b5\">https:\/\/www.sympla.com.br\/evento\/preview\/fbf94056e50e0821d2a70cdb7d2827b5<\/a> Sympla<br>Classifica\u00e7\u00e3o: 16 anos<\/p>\n","protected":false},"excerpt":{"rendered":"<p>Uma das maiores divas da m\u00fasica popular brasileira ser\u00e1 reverenciada pelo cantor baiano Tiri, que apresenta no dia 16 de agosto, na Sala do Coro do Teatro Castro Alves, o show Tiri canta Gal, interpretando can\u00e7\u00f5es que se popularizaram na voz de Gal Costa. Os ingressos custam R$60 reais a inteira e R$30 a meia-entrada [&hellip;]<\/p>\n","protected":false},"author":2,"featured_media":2395,"comment_status":"open","ping_status":"open","sticky":false,"template":"","format":"standard","meta":{"_monsterinsights_skip_tracking":false,"_monsterinsights_sitenote_active":false,"_monsterinsights_sitenote_note":"","_monsterinsights_sitenote_category":0,"footnotes":""},"categories":[40],"tags":[],"yoast_head":"<!-- This site is optimized with the Yoast SEO plugin v22.9 - https:\/\/yoast.com\/wordpress\/plugins\/seo\/ -->\n<title>Cantor Tiri faz show em homenagem a Gal Costa na Sala do Coro do TCA - Portal MF<\/title>\n<meta name=\"robots\" content=\"index, follow, max-snippet:-1, max-image-preview:large, max-video-preview:-1\" \/>\n<link rel=\"canonical\" href=\"https:\/\/portalmf.com.br\/index.php\/2022\/08\/01\/cantor-tiri-faz-show-em-homenagem-a-gal-costa-na-sala-do-coro-do-tca\/\" \/>\n<meta property=\"og:locale\" content=\"pt_BR\" \/>\n<meta property=\"og:type\" content=\"article\" \/>\n<meta property=\"og:title\" content=\"Cantor Tiri faz show em homenagem a Gal Costa na Sala do Coro do TCA - Portal MF\" \/>\n<meta property=\"og:description\" content=\"Uma das maiores divas da m\u00fasica popular brasileira ser\u00e1 reverenciada pelo cantor baiano Tiri, que apresenta no dia 16 de agosto, na Sala do Coro do Teatro Castro Alves, o show Tiri canta Gal, interpretando can\u00e7\u00f5es que se popularizaram na voz de Gal Costa. Os ingressos custam R$60 reais a inteira e R$30 a meia-entrada [&hellip;]\" \/>\n<meta property=\"og:url\" content=\"https:\/\/portalmf.com.br\/index.php\/2022\/08\/01\/cantor-tiri-faz-show-em-homenagem-a-gal-costa-na-sala-do-coro-do-tca\/\" \/>\n<meta property=\"og:site_name\" content=\"Portal MF\" \/>\n<meta property=\"article:author\" content=\"reginaldojrfsa\" \/>\n<meta property=\"article:published_time\" content=\"2022-08-01T18:25:00+00:00\" \/>\n<meta property=\"article:modified_time\" content=\"2022-08-01T19:35:29+00:00\" \/>\n<meta property=\"og:image\" content=\"https:\/\/portalmf.com.br\/wp-content\/uploads\/2022\/08\/WhatsApp-Image-2022-08-01-at-09.53.36.jpeg\" \/>\n\t<meta property=\"og:image:width\" content=\"828\" \/>\n\t<meta property=\"og:image:height\" content=\"1127\" \/>\n\t<meta property=\"og:image:type\" content=\"image\/jpeg\" \/>\n<meta name=\"author\" content=\"Reginaldo J\u00fanior\" \/>\n<meta name=\"twitter:card\" content=\"summary_large_image\" \/>\n<meta name=\"twitter:creator\" content=\"@reginaldojrmf\" \/>\n<meta name=\"twitter:label1\" content=\"Escrito por\" \/>\n\t<meta name=\"twitter:data1\" content=\"Reginaldo J\u00fanior\" \/>\n\t<meta name=\"twitter:label2\" content=\"Est. tempo de leitura\" \/>\n\t<meta name=\"twitter:data2\" content=\"2 minutos\" \/>\n<script type=\"application\/ld+json\" class=\"yoast-schema-graph\">{\"@context\":\"https:\/\/schema.org\",\"@graph\":[{\"@type\":\"WebPage\",\"@id\":\"https:\/\/portalmf.com.br\/index.php\/2022\/08\/01\/cantor-tiri-faz-show-em-homenagem-a-gal-costa-na-sala-do-coro-do-tca\/\",\"url\":\"https:\/\/portalmf.com.br\/index.php\/2022\/08\/01\/cantor-tiri-faz-show-em-homenagem-a-gal-costa-na-sala-do-coro-do-tca\/\",\"name\":\"Cantor Tiri faz show em homenagem a Gal Costa na Sala do Coro do TCA - Portal MF\",\"isPartOf\":{\"@id\":\"https:\/\/portalmf.com.br\/#website\"},\"primaryImageOfPage\":{\"@id\":\"https:\/\/portalmf.com.br\/index.php\/2022\/08\/01\/cantor-tiri-faz-show-em-homenagem-a-gal-costa-na-sala-do-coro-do-tca\/#primaryimage\"},\"image\":{\"@id\":\"https:\/\/portalmf.com.br\/index.php\/2022\/08\/01\/cantor-tiri-faz-show-em-homenagem-a-gal-costa-na-sala-do-coro-do-tca\/#primaryimage\"},\"thumbnailUrl\":\"https:\/\/portalmf.com.br\/wp-content\/uploads\/2022\/08\/WhatsApp-Image-2022-08-01-at-09.53.36.jpeg\",\"datePublished\":\"2022-08-01T18:25:00+00:00\",\"dateModified\":\"2022-08-01T19:35:29+00:00\",\"author\":{\"@id\":\"https:\/\/portalmf.com.br\/#\/schema\/person\/11c82086fe8abc05a19147e964587285\"},\"breadcrumb\":{\"@id\":\"https:\/\/portalmf.com.br\/index.php\/2022\/08\/01\/cantor-tiri-faz-show-em-homenagem-a-gal-costa-na-sala-do-coro-do-tca\/#breadcrumb\"},\"inLanguage\":\"pt-BR\",\"potentialAction\":[{\"@type\":\"ReadAction\",\"target\":[\"https:\/\/portalmf.com.br\/index.php\/2022\/08\/01\/cantor-tiri-faz-show-em-homenagem-a-gal-costa-na-sala-do-coro-do-tca\/\"]}]},{\"@type\":\"ImageObject\",\"inLanguage\":\"pt-BR\",\"@id\":\"https:\/\/portalmf.com.br\/index.php\/2022\/08\/01\/cantor-tiri-faz-show-em-homenagem-a-gal-costa-na-sala-do-coro-do-tca\/#primaryimage\",\"url\":\"https:\/\/portalmf.com.br\/wp-content\/uploads\/2022\/08\/WhatsApp-Image-2022-08-01-at-09.53.36.jpeg\",\"contentUrl\":\"https:\/\/portalmf.com.br\/wp-content\/uploads\/2022\/08\/WhatsApp-Image-2022-08-01-at-09.53.36.jpeg\",\"width\":828,\"height\":1127},{\"@type\":\"BreadcrumbList\",\"@id\":\"https:\/\/portalmf.com.br\/index.php\/2022\/08\/01\/cantor-tiri-faz-show-em-homenagem-a-gal-costa-na-sala-do-coro-do-tca\/#breadcrumb\",\"itemListElement\":[{\"@type\":\"ListItem\",\"position\":1,\"name\":\"In\u00edcio\",\"item\":\"https:\/\/portalmf.com.br\/\"},{\"@type\":\"ListItem\",\"position\":2,\"name\":\"Cantor Tiri faz show em homenagem a Gal Costa na Sala do Coro do TCA\"}]},{\"@type\":\"WebSite\",\"@id\":\"https:\/\/portalmf.com.br\/#website\",\"url\":\"https:\/\/portalmf.com.br\/\",\"name\":\"Portal MF\",\"description\":\"Voc\u00ea conectado com a informa\u00e7\u00e3o\",\"potentialAction\":[{\"@type\":\"SearchAction\",\"target\":{\"@type\":\"EntryPoint\",\"urlTemplate\":\"https:\/\/portalmf.com.br\/?s={search_term_string}\"},\"query-input\":\"required name=search_term_string\"}],\"inLanguage\":\"pt-BR\"},{\"@type\":\"Person\",\"@id\":\"https:\/\/portalmf.com.br\/#\/schema\/person\/11c82086fe8abc05a19147e964587285\",\"name\":\"Reginaldo J\u00fanior\",\"image\":{\"@type\":\"ImageObject\",\"inLanguage\":\"pt-BR\",\"@id\":\"https:\/\/portalmf.com.br\/#\/schema\/person\/image\/\",\"url\":\"https:\/\/secure.gravatar.com\/avatar\/32a3c797cd0ac47cc53b8644c62776f9?s=96&d=mm&r=g\",\"contentUrl\":\"https:\/\/secure.gravatar.com\/avatar\/32a3c797cd0ac47cc53b8644c62776f9?s=96&d=mm&r=g\",\"caption\":\"Reginaldo J\u00fanior\"},\"description\":\"Jornalista e idealizador Portal MF\",\"sameAs\":[\"https:\/\/portalmf.com.br\/index.php\/author\/reginaldojr\/\",\"reginaldojrfsa\",\"reginaldojuniormf\",\"https:\/\/x.com\/reginaldojrmf\"],\"url\":\"https:\/\/portalmf.com.br\/index.php\/author\/reginaldojr\/\"}]}<\/script>\n<!-- \/ Yoast SEO plugin. -->","yoast_head_json":{"title":"Cantor Tiri faz show em homenagem a Gal Costa na Sala do Coro do TCA - Portal MF","robots":{"index":"index","follow":"follow","max-snippet":"max-snippet:-1","max-image-preview":"max-image-preview:large","max-video-preview":"max-video-preview:-1"},"canonical":"https:\/\/portalmf.com.br\/index.php\/2022\/08\/01\/cantor-tiri-faz-show-em-homenagem-a-gal-costa-na-sala-do-coro-do-tca\/","og_locale":"pt_BR","og_type":"article","og_title":"Cantor Tiri faz show em homenagem a Gal Costa na Sala do Coro do TCA - Portal MF","og_description":"Uma das maiores divas da m\u00fasica popular brasileira ser\u00e1 reverenciada pelo cantor baiano Tiri, que apresenta no dia 16 de agosto, na Sala do Coro do Teatro Castro Alves, o show Tiri canta Gal, interpretando can\u00e7\u00f5es que se popularizaram na voz de Gal Costa. Os ingressos custam R$60 reais a inteira e R$30 a meia-entrada [&hellip;]","og_url":"https:\/\/portalmf.com.br\/index.php\/2022\/08\/01\/cantor-tiri-faz-show-em-homenagem-a-gal-costa-na-sala-do-coro-do-tca\/","og_site_name":"Portal MF","article_author":"reginaldojrfsa","article_published_time":"2022-08-01T18:25:00+00:00","article_modified_time":"2022-08-01T19:35:29+00:00","og_image":[{"width":828,"height":1127,"url":"https:\/\/portalmf.com.br\/wp-content\/uploads\/2022\/08\/WhatsApp-Image-2022-08-01-at-09.53.36.jpeg","type":"image\/jpeg"}],"author":"Reginaldo J\u00fanior","twitter_card":"summary_large_image","twitter_creator":"@reginaldojrmf","twitter_misc":{"Escrito por":"Reginaldo J\u00fanior","Est. tempo de leitura":"2 minutos"},"schema":{"@context":"https:\/\/schema.org","@graph":[{"@type":"WebPage","@id":"https:\/\/portalmf.com.br\/index.php\/2022\/08\/01\/cantor-tiri-faz-show-em-homenagem-a-gal-costa-na-sala-do-coro-do-tca\/","url":"https:\/\/portalmf.com.br\/index.php\/2022\/08\/01\/cantor-tiri-faz-show-em-homenagem-a-gal-costa-na-sala-do-coro-do-tca\/","name":"Cantor Tiri faz show em homenagem a Gal Costa na Sala do Coro do TCA - Portal MF","isPartOf":{"@id":"https:\/\/portalmf.com.br\/#website"},"primaryImageOfPage":{"@id":"https:\/\/portalmf.com.br\/index.php\/2022\/08\/01\/cantor-tiri-faz-show-em-homenagem-a-gal-costa-na-sala-do-coro-do-tca\/#primaryimage"},"image":{"@id":"https:\/\/portalmf.com.br\/index.php\/2022\/08\/01\/cantor-tiri-faz-show-em-homenagem-a-gal-costa-na-sala-do-coro-do-tca\/#primaryimage"},"thumbnailUrl":"https:\/\/portalmf.com.br\/wp-content\/uploads\/2022\/08\/WhatsApp-Image-2022-08-01-at-09.53.36.jpeg","datePublished":"2022-08-01T18:25:00+00:00","dateModified":"2022-08-01T19:35:29+00:00","author":{"@id":"https:\/\/portalmf.com.br\/#\/schema\/person\/11c82086fe8abc05a19147e964587285"},"breadcrumb":{"@id":"https:\/\/portalmf.com.br\/index.php\/2022\/08\/01\/cantor-tiri-faz-show-em-homenagem-a-gal-costa-na-sala-do-coro-do-tca\/#breadcrumb"},"inLanguage":"pt-BR","potentialAction":[{"@type":"ReadAction","target":["https:\/\/portalmf.com.br\/index.php\/2022\/08\/01\/cantor-tiri-faz-show-em-homenagem-a-gal-costa-na-sala-do-coro-do-tca\/"]}]},{"@type":"ImageObject","inLanguage":"pt-BR","@id":"https:\/\/portalmf.com.br\/index.php\/2022\/08\/01\/cantor-tiri-faz-show-em-homenagem-a-gal-costa-na-sala-do-coro-do-tca\/#primaryimage","url":"https:\/\/portalmf.com.br\/wp-content\/uploads\/2022\/08\/WhatsApp-Image-2022-08-01-at-09.53.36.jpeg","contentUrl":"https:\/\/portalmf.com.br\/wp-content\/uploads\/2022\/08\/WhatsApp-Image-2022-08-01-at-09.53.36.jpeg","width":828,"height":1127},{"@type":"BreadcrumbList","@id":"https:\/\/portalmf.com.br\/index.php\/2022\/08\/01\/cantor-tiri-faz-show-em-homenagem-a-gal-costa-na-sala-do-coro-do-tca\/#breadcrumb","itemListElement":[{"@type":"ListItem","position":1,"name":"In\u00edcio","item":"https:\/\/portalmf.com.br\/"},{"@type":"ListItem","position":2,"name":"Cantor Tiri faz show em homenagem a Gal Costa na Sala do Coro do TCA"}]},{"@type":"WebSite","@id":"https:\/\/portalmf.com.br\/#website","url":"https:\/\/portalmf.com.br\/","name":"Portal MF","description":"Voc\u00ea conectado com a informa\u00e7\u00e3o","potentialAction":[{"@type":"SearchAction","target":{"@type":"EntryPoint","urlTemplate":"https:\/\/portalmf.com.br\/?s={search_term_string}"},"query-input":"required name=search_term_string"}],"inLanguage":"pt-BR"},{"@type":"Person","@id":"https:\/\/portalmf.com.br\/#\/schema\/person\/11c82086fe8abc05a19147e964587285","name":"Reginaldo J\u00fanior","image":{"@type":"ImageObject","inLanguage":"pt-BR","@id":"https:\/\/portalmf.com.br\/#\/schema\/person\/image\/","url":"https:\/\/secure.gravatar.com\/avatar\/32a3c797cd0ac47cc53b8644c62776f9?s=96&d=mm&r=g","contentUrl":"https:\/\/secure.gravatar.com\/avatar\/32a3c797cd0ac47cc53b8644c62776f9?s=96&d=mm&r=g","caption":"Reginaldo J\u00fanior"},"description":"Jornalista e idealizador Portal MF","sameAs":["https:\/\/portalmf.com.br\/index.php\/author\/reginaldojr\/","reginaldojrfsa","reginaldojuniormf","https:\/\/x.com\/reginaldojrmf"],"url":"https:\/\/portalmf.com.br\/index.php\/author\/reginaldojr\/"}]}},"_links":{"self":[{"href":"https:\/\/portalmf.com.br\/index.php\/wp-json\/wp\/v2\/posts\/2394"}],"collection":[{"href":"https:\/\/portalmf.com.br\/index.php\/wp-json\/wp\/v2\/posts"}],"about":[{"href":"https:\/\/portalmf.com.br\/index.php\/wp-json\/wp\/v2\/types\/post"}],"author":[{"embeddable":true,"href":"https:\/\/portalmf.com.br\/index.php\/wp-json\/wp\/v2\/users\/2"}],"replies":[{"embeddable":true,"href":"https:\/\/portalmf.com.br\/index.php\/wp-json\/wp\/v2\/comments?post=2394"}],"version-history":[{"count":1,"href":"https:\/\/portalmf.com.br\/index.php\/wp-json\/wp\/v2\/posts\/2394\/revisions"}],"predecessor-version":[{"id":2396,"href":"https:\/\/portalmf.com.br\/index.php\/wp-json\/wp\/v2\/posts\/2394\/revisions\/2396"}],"wp:featuredmedia":[{"embeddable":true,"href":"https:\/\/portalmf.com.br\/index.php\/wp-json\/wp\/v2\/media\/2395"}],"wp:attachment":[{"href":"https:\/\/portalmf.com.br\/index.php\/wp-json\/wp\/v2\/media?parent=2394"}],"wp:term":[{"taxonomy":"category","embeddable":true,"href":"https:\/\/portalmf.com.br\/index.php\/wp-json\/wp\/v2\/categories?post=2394"},{"taxonomy":"post_tag","embeddable":true,"href":"https:\/\/portalmf.com.br\/index.php\/wp-json\/wp\/v2\/tags?post=2394"}],"curies":[{"name":"wp","href":"https:\/\/api.w.org\/{rel}","templated":true}]}}