{"id":23915,"date":"2024-02-16T17:49:25","date_gmt":"2024-02-16T20:49:25","guid":{"rendered":"https:\/\/portalmf.com.br\/?p=23915"},"modified":"2024-02-16T17:49:26","modified_gmt":"2024-02-16T20:49:26","slug":"ze-neto-vai-ganhar-e-vai-ser-candidato-a-reeleicao-diz-presidente-do-pt-bahia","status":"publish","type":"post","link":"https:\/\/portalmf.com.br\/index.php\/2024\/02\/16\/ze-neto-vai-ganhar-e-vai-ser-candidato-a-reeleicao-diz-presidente-do-pt-bahia\/","title":{"rendered":"\u201cZ\u00e9 Neto vai ganhar e vai ser candidato \u00e0 reelei\u00e7\u00e3o\u201d, diz presidente do PT Bahia"},"content":{"rendered":"\n<p>O presidente do Partido dos Trabalhadores da Bahia, \u00c9den Valadares, est\u00e1 confiante na vit\u00f3ria do deputado federal e pr\u00e9-candidato \u00e0 Prefeitura de Feira de Santana nas elei\u00e7\u00f5es municipais deste ano. O dirigente partid\u00e1rio aposta que Z\u00e9 Neto \u00e9 o nome mais preparado para garantir o desenvolvimento econ\u00f4mico e social da cidade e aponta o desgaste do grupo opositor, que n\u00e3o se renova, e teve um recente rompimento com um dos seus grandes apoiadores, o ex-secret\u00e1rio Pablo Roberto.<\/p>\n\n\n\n<p><em>\u201cZ\u00e9 Neto vai ganhar e vai ser candidato \u00e0 reelei\u00e7\u00e3o. E vou dizer porque Z\u00e9 Neto vai ganhar: na elei\u00e7\u00e3o passada voc\u00ea tinha a pandemia, e a pandemia nos impunha um tipo de campanha que favorecia, digamos assim, a Prefeitura ou a turma da direita do que a turma da esquerda. N\u00f3s fazemos campanha coletiva. Como \u00e9 que n\u00f3s fazemos campanha? Com associa\u00e7\u00e3o, com sindicato, reunindo a comunidade. \u00c9 assim que a gente faz campanha, a gente debate projetos em sa\u00eddas coletivas. E um mais mais um \u00e9 sempre mais que dois. Ningu\u00e9m pisa no ombro de ningu\u00e9m. \u00c9 essa a maneira hist\u00f3rica que a esquerda faz campanha\u201d,<\/em> explicou \u00c9den, ao afirmar que essas mobiliza\u00e7\u00f5es ser\u00e3o intensificadas este ano.<\/p>\n\n\n\n<p>O dirigente partid\u00e1rio relembrou ainda que durante a pandemia nas elei\u00e7\u00f5es municipais de 2020 os candidatos a prefeitos, prefeitas e vereadores e vereadores precisavam ir at\u00e9 a porta das casas das pessoas para entender as demandas da popula\u00e7\u00e3o. <em>\u201cE na porta de casa, a demanda n\u00e3o \u00e9 a da rua, a da comunidade, do bairro. Na porta de casa, a demanda \u00e9 de l\u00e1 dentro, \u00e9 o emprego, \u00e9 o botij\u00e3o de g\u00e1s, \u00e9 o colch\u00e3o, \u00e9 a comida, \u00e9 outro tipo de demanda. Ent\u00e3o isso favorecia as prefeituras\u201d,<\/em> disse.<\/p>\n\n\n\n<p>\u00c9den destacou ainda que o instituto da reelei\u00e7\u00e3o, que \u00e9 bem sucedido no Brasil e que tinha Colbert como candidato pela segunda vez consecutiva, favorecia seu nome. Agora, com o fim do segundo mandato do prefeito n\u00e3o poder\u00e1 haver reelei\u00e7\u00e3o. <\/p>\n\n\n\n<p><em>\u201cH\u00e1 um \u00f3bvio cansa\u00e7o daquele grupo ao n\u00e3o conseguir se renovar e apresentar a candidatura do ex-prefeito de dois mandatos atr\u00e1s e j\u00e1 tem uma deflex\u00e3o no grupo porque Pablo, na minha opini\u00e3o, esperava ser escolhido o candidato do grupo. Ele era secret\u00e1rio, apoiou a reelei\u00e7\u00e3o de Colbert, a bancada de vereador dele est\u00e1 apoiando Colbert, e escolhem o ex do ex em vez de escolher o nome novo, e Pablo rompe com o grupo. Ent\u00e3o o cen\u00e1rio \u00e9 outro: n\u00f3s temos o governo Lula e temos o governador que \u00e9 de Feira de Santana\u201d,<\/em> concluiu o presidente estadual.<\/p>\n","protected":false},"excerpt":{"rendered":"<p>O presidente do Partido dos Trabalhadores da Bahia, \u00c9den Valadares, est\u00e1 confiante na vit\u00f3ria do deputado federal e pr\u00e9-candidato \u00e0 Prefeitura de Feira de Santana nas elei\u00e7\u00f5es municipais deste ano. O dirigente partid\u00e1rio aposta que Z\u00e9 Neto \u00e9 o nome mais preparado para garantir o desenvolvimento econ\u00f4mico e social da cidade e aponta o desgaste [&hellip;]<\/p>\n","protected":false},"author":3,"featured_media":23916,"comment_status":"open","ping_status":"open","sticky":false,"template":"","format":"standard","meta":{"_monsterinsights_skip_tracking":false,"_monsterinsights_sitenote_active":false,"_monsterinsights_sitenote_note":"","_monsterinsights_sitenote_category":0,"footnotes":""},"categories":[301,34],"tags":[],"yoast_head":"<!-- This site is optimized with the Yoast SEO plugin v22.9 - https:\/\/yoast.com\/wordpress\/plugins\/seo\/ -->\n<title>\u201cZ\u00e9 Neto vai ganhar e vai ser candidato \u00e0 reelei\u00e7\u00e3o\u201d, diz presidente do PT Bahia - Portal MF<\/title>\n<meta name=\"robots\" content=\"index, follow, max-snippet:-1, max-image-preview:large, max-video-preview:-1\" \/>\n<link rel=\"canonical\" href=\"https:\/\/portalmf.com.br\/index.php\/2024\/02\/16\/ze-neto-vai-ganhar-e-vai-ser-candidato-a-reeleicao-diz-presidente-do-pt-bahia\/\" \/>\n<meta property=\"og:locale\" content=\"pt_BR\" \/>\n<meta property=\"og:type\" content=\"article\" \/>\n<meta property=\"og:title\" content=\"\u201cZ\u00e9 Neto vai ganhar e vai ser candidato \u00e0 reelei\u00e7\u00e3o\u201d, diz presidente do PT Bahia - Portal MF\" \/>\n<meta property=\"og:description\" content=\"O presidente do Partido dos Trabalhadores da Bahia, \u00c9den Valadares, est\u00e1 confiante na vit\u00f3ria do deputado federal e pr\u00e9-candidato \u00e0 Prefeitura de Feira de Santana nas elei\u00e7\u00f5es municipais deste ano. O dirigente partid\u00e1rio aposta que Z\u00e9 Neto \u00e9 o nome mais preparado para garantir o desenvolvimento econ\u00f4mico e social da cidade e aponta o desgaste [&hellip;]\" \/>\n<meta property=\"og:url\" content=\"https:\/\/portalmf.com.br\/index.php\/2024\/02\/16\/ze-neto-vai-ganhar-e-vai-ser-candidato-a-reeleicao-diz-presidente-do-pt-bahia\/\" \/>\n<meta property=\"og:site_name\" content=\"Portal MF\" \/>\n<meta property=\"article:author\" content=\"https:\/\/www.facebook.com\/portalmfoficial\" \/>\n<meta property=\"article:published_time\" content=\"2024-02-16T20:49:25+00:00\" \/>\n<meta property=\"article:modified_time\" content=\"2024-02-16T20:49:26+00:00\" \/>\n<meta property=\"og:image\" content=\"https:\/\/portalmf.com.br\/wp-content\/uploads\/2024\/02\/Ze-Neto-vai-ganhar-e-vai-ser-candidato-a-reeleicao-diz-presidente-do-PT-Bahia.jpeg\" \/>\n\t<meta property=\"og:image:width\" content=\"1033\" \/>\n\t<meta property=\"og:image:height\" content=\"607\" \/>\n\t<meta property=\"og:image:type\" content=\"image\/jpeg\" \/>\n<meta name=\"author\" content=\"Reda\u00e7\u00e3o Portal MF\" \/>\n<meta name=\"twitter:card\" content=\"summary_large_image\" \/>\n<meta name=\"twitter:creator\" content=\"@https:\/\/x.com\/portalmfoficial\" \/>\n<meta name=\"twitter:label1\" content=\"Escrito por\" \/>\n\t<meta name=\"twitter:data1\" content=\"Reda\u00e7\u00e3o Portal MF\" \/>\n\t<meta name=\"twitter:label2\" content=\"Est. tempo de leitura\" \/>\n\t<meta name=\"twitter:data2\" content=\"3 minutos\" \/>\n<script type=\"application\/ld+json\" class=\"yoast-schema-graph\">{\"@context\":\"https:\/\/schema.org\",\"@graph\":[{\"@type\":\"WebPage\",\"@id\":\"https:\/\/portalmf.com.br\/index.php\/2024\/02\/16\/ze-neto-vai-ganhar-e-vai-ser-candidato-a-reeleicao-diz-presidente-do-pt-bahia\/\",\"url\":\"https:\/\/portalmf.com.br\/index.php\/2024\/02\/16\/ze-neto-vai-ganhar-e-vai-ser-candidato-a-reeleicao-diz-presidente-do-pt-bahia\/\",\"name\":\"\u201cZ\u00e9 Neto vai ganhar e vai ser candidato \u00e0 reelei\u00e7\u00e3o\u201d, diz presidente do PT Bahia - Portal MF\",\"isPartOf\":{\"@id\":\"https:\/\/portalmf.com.br\/#website\"},\"primaryImageOfPage\":{\"@id\":\"https:\/\/portalmf.com.br\/index.php\/2024\/02\/16\/ze-neto-vai-ganhar-e-vai-ser-candidato-a-reeleicao-diz-presidente-do-pt-bahia\/#primaryimage\"},\"image\":{\"@id\":\"https:\/\/portalmf.com.br\/index.php\/2024\/02\/16\/ze-neto-vai-ganhar-e-vai-ser-candidato-a-reeleicao-diz-presidente-do-pt-bahia\/#primaryimage\"},\"thumbnailUrl\":\"https:\/\/portalmf.com.br\/wp-content\/uploads\/2024\/02\/Ze-Neto-vai-ganhar-e-vai-ser-candidato-a-reeleicao-diz-presidente-do-PT-Bahia.jpeg\",\"datePublished\":\"2024-02-16T20:49:25+00:00\",\"dateModified\":\"2024-02-16T20:49:26+00:00\",\"author\":{\"@id\":\"https:\/\/portalmf.com.br\/#\/schema\/person\/9ec101baf56233e53520c26de5d6f6f0\"},\"breadcrumb\":{\"@id\":\"https:\/\/portalmf.com.br\/index.php\/2024\/02\/16\/ze-neto-vai-ganhar-e-vai-ser-candidato-a-reeleicao-diz-presidente-do-pt-bahia\/#breadcrumb\"},\"inLanguage\":\"pt-BR\",\"potentialAction\":[{\"@type\":\"ReadAction\",\"target\":[\"https:\/\/portalmf.com.br\/index.php\/2024\/02\/16\/ze-neto-vai-ganhar-e-vai-ser-candidato-a-reeleicao-diz-presidente-do-pt-bahia\/\"]}]},{\"@type\":\"ImageObject\",\"inLanguage\":\"pt-BR\",\"@id\":\"https:\/\/portalmf.com.br\/index.php\/2024\/02\/16\/ze-neto-vai-ganhar-e-vai-ser-candidato-a-reeleicao-diz-presidente-do-pt-bahia\/#primaryimage\",\"url\":\"https:\/\/portalmf.com.br\/wp-content\/uploads\/2024\/02\/Ze-Neto-vai-ganhar-e-vai-ser-candidato-a-reeleicao-diz-presidente-do-PT-Bahia.jpeg\",\"contentUrl\":\"https:\/\/portalmf.com.br\/wp-content\/uploads\/2024\/02\/Ze-Neto-vai-ganhar-e-vai-ser-candidato-a-reeleicao-diz-presidente-do-PT-Bahia.jpeg\",\"width\":1033,\"height\":607},{\"@type\":\"BreadcrumbList\",\"@id\":\"https:\/\/portalmf.com.br\/index.php\/2024\/02\/16\/ze-neto-vai-ganhar-e-vai-ser-candidato-a-reeleicao-diz-presidente-do-pt-bahia\/#breadcrumb\",\"itemListElement\":[{\"@type\":\"ListItem\",\"position\":1,\"name\":\"In\u00edcio\",\"item\":\"https:\/\/portalmf.com.br\/\"},{\"@type\":\"ListItem\",\"position\":2,\"name\":\"\u201cZ\u00e9 Neto vai ganhar e vai ser candidato \u00e0 reelei\u00e7\u00e3o\u201d, diz presidente do PT Bahia\"}]},{\"@type\":\"WebSite\",\"@id\":\"https:\/\/portalmf.com.br\/#website\",\"url\":\"https:\/\/portalmf.com.br\/\",\"name\":\"Portal MF\",\"description\":\"Voc\u00ea conectado com a informa\u00e7\u00e3o\",\"potentialAction\":[{\"@type\":\"SearchAction\",\"target\":{\"@type\":\"EntryPoint\",\"urlTemplate\":\"https:\/\/portalmf.com.br\/?s={search_term_string}\"},\"query-input\":\"required name=search_term_string\"}],\"inLanguage\":\"pt-BR\"},{\"@type\":\"Person\",\"@id\":\"https:\/\/portalmf.com.br\/#\/schema\/person\/9ec101baf56233e53520c26de5d6f6f0\",\"name\":\"Reda\u00e7\u00e3o Portal MF\",\"image\":{\"@type\":\"ImageObject\",\"inLanguage\":\"pt-BR\",\"@id\":\"https:\/\/portalmf.com.br\/#\/schema\/person\/image\/\",\"url\":\"https:\/\/secure.gravatar.com\/avatar\/41b9aaeb2100835f7c64362330f74c7f?s=96&d=mm&r=g\",\"contentUrl\":\"https:\/\/secure.gravatar.com\/avatar\/41b9aaeb2100835f7c64362330f74c7f?s=96&d=mm&r=g\",\"caption\":\"Reda\u00e7\u00e3o Portal MF\"},\"description\":\"Sejam bem-vindos o portal de informa\u00e7\u00f5es de entretenimento de Feira de Santana, desde 2006 realiza coberturas dos principais eventos com entrevistas exclusivas com as principais personalidades mundiais. Fique conectado tamb\u00e9m nas redes sociais.\",\"sameAs\":[\"http:\/\/www.portalmf.com.br\/\",\"https:\/\/www.facebook.com\/portalmfoficial\",\"https:\/\/www.instagram.com\/portalmf\/\",\"https:\/\/x.com\/https:\/\/x.com\/portalmfoficial\",\"https:\/\/www.youtube.com\/@portalmfoficial\"],\"url\":\"https:\/\/portalmf.com.br\/index.php\/author\/junior\/\"}]}<\/script>\n<!-- \/ Yoast SEO plugin. -->","yoast_head_json":{"title":"\u201cZ\u00e9 Neto vai ganhar e vai ser candidato \u00e0 reelei\u00e7\u00e3o\u201d, diz presidente do PT Bahia - Portal MF","robots":{"index":"index","follow":"follow","max-snippet":"max-snippet:-1","max-image-preview":"max-image-preview:large","max-video-preview":"max-video-preview:-1"},"canonical":"https:\/\/portalmf.com.br\/index.php\/2024\/02\/16\/ze-neto-vai-ganhar-e-vai-ser-candidato-a-reeleicao-diz-presidente-do-pt-bahia\/","og_locale":"pt_BR","og_type":"article","og_title":"\u201cZ\u00e9 Neto vai ganhar e vai ser candidato \u00e0 reelei\u00e7\u00e3o\u201d, diz presidente do PT Bahia - Portal MF","og_description":"O presidente do Partido dos Trabalhadores da Bahia, \u00c9den Valadares, est\u00e1 confiante na vit\u00f3ria do deputado federal e pr\u00e9-candidato \u00e0 Prefeitura de Feira de Santana nas elei\u00e7\u00f5es municipais deste ano. O dirigente partid\u00e1rio aposta que Z\u00e9 Neto \u00e9 o nome mais preparado para garantir o desenvolvimento econ\u00f4mico e social da cidade e aponta o desgaste [&hellip;]","og_url":"https:\/\/portalmf.com.br\/index.php\/2024\/02\/16\/ze-neto-vai-ganhar-e-vai-ser-candidato-a-reeleicao-diz-presidente-do-pt-bahia\/","og_site_name":"Portal MF","article_author":"https:\/\/www.facebook.com\/portalmfoficial","article_published_time":"2024-02-16T20:49:25+00:00","article_modified_time":"2024-02-16T20:49:26+00:00","og_image":[{"width":1033,"height":607,"url":"https:\/\/portalmf.com.br\/wp-content\/uploads\/2024\/02\/Ze-Neto-vai-ganhar-e-vai-ser-candidato-a-reeleicao-diz-presidente-do-PT-Bahia.jpeg","type":"image\/jpeg"}],"author":"Reda\u00e7\u00e3o Portal MF","twitter_card":"summary_large_image","twitter_creator":"@https:\/\/x.com\/portalmfoficial","twitter_misc":{"Escrito por":"Reda\u00e7\u00e3o Portal MF","Est. tempo de leitura":"3 minutos"},"schema":{"@context":"https:\/\/schema.org","@graph":[{"@type":"WebPage","@id":"https:\/\/portalmf.com.br\/index.php\/2024\/02\/16\/ze-neto-vai-ganhar-e-vai-ser-candidato-a-reeleicao-diz-presidente-do-pt-bahia\/","url":"https:\/\/portalmf.com.br\/index.php\/2024\/02\/16\/ze-neto-vai-ganhar-e-vai-ser-candidato-a-reeleicao-diz-presidente-do-pt-bahia\/","name":"\u201cZ\u00e9 Neto vai ganhar e vai ser candidato \u00e0 reelei\u00e7\u00e3o\u201d, diz presidente do PT Bahia - Portal MF","isPartOf":{"@id":"https:\/\/portalmf.com.br\/#website"},"primaryImageOfPage":{"@id":"https:\/\/portalmf.com.br\/index.php\/2024\/02\/16\/ze-neto-vai-ganhar-e-vai-ser-candidato-a-reeleicao-diz-presidente-do-pt-bahia\/#primaryimage"},"image":{"@id":"https:\/\/portalmf.com.br\/index.php\/2024\/02\/16\/ze-neto-vai-ganhar-e-vai-ser-candidato-a-reeleicao-diz-presidente-do-pt-bahia\/#primaryimage"},"thumbnailUrl":"https:\/\/portalmf.com.br\/wp-content\/uploads\/2024\/02\/Ze-Neto-vai-ganhar-e-vai-ser-candidato-a-reeleicao-diz-presidente-do-PT-Bahia.jpeg","datePublished":"2024-02-16T20:49:25+00:00","dateModified":"2024-02-16T20:49:26+00:00","author":{"@id":"https:\/\/portalmf.com.br\/#\/schema\/person\/9ec101baf56233e53520c26de5d6f6f0"},"breadcrumb":{"@id":"https:\/\/portalmf.com.br\/index.php\/2024\/02\/16\/ze-neto-vai-ganhar-e-vai-ser-candidato-a-reeleicao-diz-presidente-do-pt-bahia\/#breadcrumb"},"inLanguage":"pt-BR","potentialAction":[{"@type":"ReadAction","target":["https:\/\/portalmf.com.br\/index.php\/2024\/02\/16\/ze-neto-vai-ganhar-e-vai-ser-candidato-a-reeleicao-diz-presidente-do-pt-bahia\/"]}]},{"@type":"ImageObject","inLanguage":"pt-BR","@id":"https:\/\/portalmf.com.br\/index.php\/2024\/02\/16\/ze-neto-vai-ganhar-e-vai-ser-candidato-a-reeleicao-diz-presidente-do-pt-bahia\/#primaryimage","url":"https:\/\/portalmf.com.br\/wp-content\/uploads\/2024\/02\/Ze-Neto-vai-ganhar-e-vai-ser-candidato-a-reeleicao-diz-presidente-do-PT-Bahia.jpeg","contentUrl":"https:\/\/portalmf.com.br\/wp-content\/uploads\/2024\/02\/Ze-Neto-vai-ganhar-e-vai-ser-candidato-a-reeleicao-diz-presidente-do-PT-Bahia.jpeg","width":1033,"height":607},{"@type":"BreadcrumbList","@id":"https:\/\/portalmf.com.br\/index.php\/2024\/02\/16\/ze-neto-vai-ganhar-e-vai-ser-candidato-a-reeleicao-diz-presidente-do-pt-bahia\/#breadcrumb","itemListElement":[{"@type":"ListItem","position":1,"name":"In\u00edcio","item":"https:\/\/portalmf.com.br\/"},{"@type":"ListItem","position":2,"name":"\u201cZ\u00e9 Neto vai ganhar e vai ser candidato \u00e0 reelei\u00e7\u00e3o\u201d, diz presidente do PT Bahia"}]},{"@type":"WebSite","@id":"https:\/\/portalmf.com.br\/#website","url":"https:\/\/portalmf.com.br\/","name":"Portal MF","description":"Voc\u00ea conectado com a informa\u00e7\u00e3o","potentialAction":[{"@type":"SearchAction","target":{"@type":"EntryPoint","urlTemplate":"https:\/\/portalmf.com.br\/?s={search_term_string}"},"query-input":"required name=search_term_string"}],"inLanguage":"pt-BR"},{"@type":"Person","@id":"https:\/\/portalmf.com.br\/#\/schema\/person\/9ec101baf56233e53520c26de5d6f6f0","name":"Reda\u00e7\u00e3o Portal MF","image":{"@type":"ImageObject","inLanguage":"pt-BR","@id":"https:\/\/portalmf.com.br\/#\/schema\/person\/image\/","url":"https:\/\/secure.gravatar.com\/avatar\/41b9aaeb2100835f7c64362330f74c7f?s=96&d=mm&r=g","contentUrl":"https:\/\/secure.gravatar.com\/avatar\/41b9aaeb2100835f7c64362330f74c7f?s=96&d=mm&r=g","caption":"Reda\u00e7\u00e3o Portal MF"},"description":"Sejam bem-vindos o portal de informa\u00e7\u00f5es de entretenimento de Feira de Santana, desde 2006 realiza coberturas dos principais eventos com entrevistas exclusivas com as principais personalidades mundiais. Fique conectado tamb\u00e9m nas redes sociais.","sameAs":["http:\/\/www.portalmf.com.br\/","https:\/\/www.facebook.com\/portalmfoficial","https:\/\/www.instagram.com\/portalmf\/","https:\/\/x.com\/https:\/\/x.com\/portalmfoficial","https:\/\/www.youtube.com\/@portalmfoficial"],"url":"https:\/\/portalmf.com.br\/index.php\/author\/junior\/"}]}},"_links":{"self":[{"href":"https:\/\/portalmf.com.br\/index.php\/wp-json\/wp\/v2\/posts\/23915"}],"collection":[{"href":"https:\/\/portalmf.com.br\/index.php\/wp-json\/wp\/v2\/posts"}],"about":[{"href":"https:\/\/portalmf.com.br\/index.php\/wp-json\/wp\/v2\/types\/post"}],"author":[{"embeddable":true,"href":"https:\/\/portalmf.com.br\/index.php\/wp-json\/wp\/v2\/users\/3"}],"replies":[{"embeddable":true,"href":"https:\/\/portalmf.com.br\/index.php\/wp-json\/wp\/v2\/comments?post=23915"}],"version-history":[{"count":1,"href":"https:\/\/portalmf.com.br\/index.php\/wp-json\/wp\/v2\/posts\/23915\/revisions"}],"predecessor-version":[{"id":23917,"href":"https:\/\/portalmf.com.br\/index.php\/wp-json\/wp\/v2\/posts\/23915\/revisions\/23917"}],"wp:featuredmedia":[{"embeddable":true,"href":"https:\/\/portalmf.com.br\/index.php\/wp-json\/wp\/v2\/media\/23916"}],"wp:attachment":[{"href":"https:\/\/portalmf.com.br\/index.php\/wp-json\/wp\/v2\/media?parent=23915"}],"wp:term":[{"taxonomy":"category","embeddable":true,"href":"https:\/\/portalmf.com.br\/index.php\/wp-json\/wp\/v2\/categories?post=23915"},{"taxonomy":"post_tag","embeddable":true,"href":"https:\/\/portalmf.com.br\/index.php\/wp-json\/wp\/v2\/tags?post=23915"}],"curies":[{"name":"wp","href":"https:\/\/api.w.org\/{rel}","templated":true}]}}