{"id":2388,"date":"2022-08-01T15:29:53","date_gmt":"2022-08-01T18:29:53","guid":{"rendered":"http:\/\/portalmf.com.br\/?p=2388"},"modified":"2022-08-01T15:29:55","modified_gmt":"2022-08-01T18:29:55","slug":"aston-martin-anuncia-contratacao-de-fernando-alonso-para-2023","status":"publish","type":"post","link":"https:\/\/portalmf.com.br\/index.php\/2022\/08\/01\/aston-martin-anuncia-contratacao-de-fernando-alonso-para-2023\/","title":{"rendered":"Aston Martin anuncia contrata\u00e7\u00e3o de Fernando Alonso para 2023"},"content":{"rendered":"\n<p>O piloto Fernando Alonso, bicampe\u00e3o mundial de F\u00f3rmula 1 em 2005 e 2006, deixar\u00e1 a Alpine e correr\u00e1 pela Aston Martin a partir da temporada de 2023.<\/p>\n\n\n\n<p>O espanhol, de 41 anos de idade, vai assumir a vaga deixada pelo tetracampe\u00e3o mundial Sebastian Vettel, que se despedir\u00e1 da categoria no final da atual edi\u00e7\u00e3o do campeonato.<\/p>\n\n\n\n<p>Em um comunicado, a Aston Martin informou que est\u00e1 &#8220;entusiasmada em receber a incr\u00edvel experi\u00eancia de Alonso&#8221;, al\u00e9m de revelar que o contrato do experiente piloto ser\u00e1 v\u00e1lido por &#8220;v\u00e1rios anos&#8221;.<\/p>\n\n\n\n<p>&#8220;A Aston Martin est\u00e1 fazendo de tudo para tentar vencer e, portanto, \u00e9 um dos lugares mais emocionantes para se estar na F1. Ningu\u00e9m na categoria hoje em dia mostra uma vis\u00e3o maior e um compromisso absoluto para ganhar, e isso a torna realmente uma oportunidade estimulante para mim. Ainda tenho fome e ambi\u00e7\u00e3o de lutar para ficar na frente&#8221;, declarou Alonso.<\/p>\n\n\n\n<p>Com passagens por Minardi, Renault, McLaren e Ferrari, Alonso venceu dois campeonatos mundiais de F1 e foi vice-campe\u00e3o em tr\u00eas ocasi\u00f5es. Ap\u00f3s ter deixado a categoria em 2018, o espanhol voltou no ano passado para guiar um dos carros da Alpine, tendo terminado a temporada em 10\u00ba.<\/p>\n\n\n\n<p>Na atual edi\u00e7\u00e3o da F1, Alonso conseguiu somar 41 pontos em 12 corridas disputadas, mas o seu melhor resultado foi um quinto lugar no Grande Pr\u00eamio de Silverstone, na Inglaterra.<\/p>\n\n\n\n<p>Com informa\u00e7\u00f5es do Terra<\/p>\n","protected":false},"excerpt":{"rendered":"<p>O piloto Fernando Alonso, bicampe\u00e3o mundial de F\u00f3rmula 1 em 2005 e 2006, deixar\u00e1 a Alpine e correr\u00e1 pela Aston Martin a partir da temporada de 2023. O espanhol, de 41 anos de idade, vai assumir a vaga deixada pelo tetracampe\u00e3o mundial Sebastian Vettel, que se despedir\u00e1 da categoria no final da atual edi\u00e7\u00e3o do [&hellip;]<\/p>\n","protected":false},"author":2,"featured_media":2389,"comment_status":"open","ping_status":"open","sticky":false,"template":"","format":"standard","meta":{"_monsterinsights_skip_tracking":false,"_monsterinsights_sitenote_active":false,"_monsterinsights_sitenote_note":"","_monsterinsights_sitenote_category":0,"footnotes":""},"categories":[42],"tags":[],"yoast_head":"<!-- This site is optimized with the Yoast SEO plugin v22.9 - https:\/\/yoast.com\/wordpress\/plugins\/seo\/ -->\n<title>Aston Martin anuncia contrata\u00e7\u00e3o de Fernando Alonso para 2023 - Portal MF<\/title>\n<meta name=\"robots\" content=\"index, follow, max-snippet:-1, max-image-preview:large, max-video-preview:-1\" \/>\n<link rel=\"canonical\" href=\"https:\/\/portalmf.com.br\/index.php\/2022\/08\/01\/aston-martin-anuncia-contratacao-de-fernando-alonso-para-2023\/\" \/>\n<meta property=\"og:locale\" content=\"pt_BR\" \/>\n<meta property=\"og:type\" content=\"article\" \/>\n<meta property=\"og:title\" content=\"Aston Martin anuncia contrata\u00e7\u00e3o de Fernando Alonso para 2023 - Portal MF\" \/>\n<meta property=\"og:description\" content=\"O piloto Fernando Alonso, bicampe\u00e3o mundial de F\u00f3rmula 1 em 2005 e 2006, deixar\u00e1 a Alpine e correr\u00e1 pela Aston Martin a partir da temporada de 2023. O espanhol, de 41 anos de idade, vai assumir a vaga deixada pelo tetracampe\u00e3o mundial Sebastian Vettel, que se despedir\u00e1 da categoria no final da atual edi\u00e7\u00e3o do [&hellip;]\" \/>\n<meta property=\"og:url\" content=\"https:\/\/portalmf.com.br\/index.php\/2022\/08\/01\/aston-martin-anuncia-contratacao-de-fernando-alonso-para-2023\/\" \/>\n<meta property=\"og:site_name\" content=\"Portal MF\" \/>\n<meta property=\"article:author\" content=\"reginaldojrfsa\" \/>\n<meta property=\"article:published_time\" content=\"2022-08-01T18:29:53+00:00\" \/>\n<meta property=\"article:modified_time\" content=\"2022-08-01T18:29:55+00:00\" \/>\n<meta property=\"og:image\" content=\"https:\/\/portalmf.com.br\/wp-content\/uploads\/2022\/08\/fernando-alonso-alpine-f1-team.jpg\" \/>\n\t<meta property=\"og:image:width\" content=\"1000\" \/>\n\t<meta property=\"og:image:height\" content=\"667\" \/>\n\t<meta property=\"og:image:type\" content=\"image\/jpeg\" \/>\n<meta name=\"author\" content=\"Reginaldo J\u00fanior\" \/>\n<meta name=\"twitter:card\" content=\"summary_large_image\" \/>\n<meta name=\"twitter:creator\" content=\"@reginaldojrmf\" \/>\n<meta name=\"twitter:label1\" content=\"Escrito por\" \/>\n\t<meta name=\"twitter:data1\" content=\"Reginaldo J\u00fanior\" \/>\n\t<meta name=\"twitter:label2\" content=\"Est. tempo de leitura\" \/>\n\t<meta name=\"twitter:data2\" content=\"1 minuto\" \/>\n<script type=\"application\/ld+json\" class=\"yoast-schema-graph\">{\"@context\":\"https:\/\/schema.org\",\"@graph\":[{\"@type\":\"WebPage\",\"@id\":\"https:\/\/portalmf.com.br\/index.php\/2022\/08\/01\/aston-martin-anuncia-contratacao-de-fernando-alonso-para-2023\/\",\"url\":\"https:\/\/portalmf.com.br\/index.php\/2022\/08\/01\/aston-martin-anuncia-contratacao-de-fernando-alonso-para-2023\/\",\"name\":\"Aston Martin anuncia contrata\u00e7\u00e3o de Fernando Alonso para 2023 - Portal MF\",\"isPartOf\":{\"@id\":\"https:\/\/portalmf.com.br\/#website\"},\"primaryImageOfPage\":{\"@id\":\"https:\/\/portalmf.com.br\/index.php\/2022\/08\/01\/aston-martin-anuncia-contratacao-de-fernando-alonso-para-2023\/#primaryimage\"},\"image\":{\"@id\":\"https:\/\/portalmf.com.br\/index.php\/2022\/08\/01\/aston-martin-anuncia-contratacao-de-fernando-alonso-para-2023\/#primaryimage\"},\"thumbnailUrl\":\"https:\/\/portalmf.com.br\/wp-content\/uploads\/2022\/08\/fernando-alonso-alpine-f1-team.jpg\",\"datePublished\":\"2022-08-01T18:29:53+00:00\",\"dateModified\":\"2022-08-01T18:29:55+00:00\",\"author\":{\"@id\":\"https:\/\/portalmf.com.br\/#\/schema\/person\/11c82086fe8abc05a19147e964587285\"},\"breadcrumb\":{\"@id\":\"https:\/\/portalmf.com.br\/index.php\/2022\/08\/01\/aston-martin-anuncia-contratacao-de-fernando-alonso-para-2023\/#breadcrumb\"},\"inLanguage\":\"pt-BR\",\"potentialAction\":[{\"@type\":\"ReadAction\",\"target\":[\"https:\/\/portalmf.com.br\/index.php\/2022\/08\/01\/aston-martin-anuncia-contratacao-de-fernando-alonso-para-2023\/\"]}]},{\"@type\":\"ImageObject\",\"inLanguage\":\"pt-BR\",\"@id\":\"https:\/\/portalmf.com.br\/index.php\/2022\/08\/01\/aston-martin-anuncia-contratacao-de-fernando-alonso-para-2023\/#primaryimage\",\"url\":\"https:\/\/portalmf.com.br\/wp-content\/uploads\/2022\/08\/fernando-alonso-alpine-f1-team.jpg\",\"contentUrl\":\"https:\/\/portalmf.com.br\/wp-content\/uploads\/2022\/08\/fernando-alonso-alpine-f1-team.jpg\",\"width\":1000,\"height\":667},{\"@type\":\"BreadcrumbList\",\"@id\":\"https:\/\/portalmf.com.br\/index.php\/2022\/08\/01\/aston-martin-anuncia-contratacao-de-fernando-alonso-para-2023\/#breadcrumb\",\"itemListElement\":[{\"@type\":\"ListItem\",\"position\":1,\"name\":\"In\u00edcio\",\"item\":\"https:\/\/portalmf.com.br\/\"},{\"@type\":\"ListItem\",\"position\":2,\"name\":\"Aston Martin anuncia contrata\u00e7\u00e3o de Fernando Alonso para 2023\"}]},{\"@type\":\"WebSite\",\"@id\":\"https:\/\/portalmf.com.br\/#website\",\"url\":\"https:\/\/portalmf.com.br\/\",\"name\":\"Portal MF\",\"description\":\"Voc\u00ea conectado com a informa\u00e7\u00e3o\",\"potentialAction\":[{\"@type\":\"SearchAction\",\"target\":{\"@type\":\"EntryPoint\",\"urlTemplate\":\"https:\/\/portalmf.com.br\/?s={search_term_string}\"},\"query-input\":\"required name=search_term_string\"}],\"inLanguage\":\"pt-BR\"},{\"@type\":\"Person\",\"@id\":\"https:\/\/portalmf.com.br\/#\/schema\/person\/11c82086fe8abc05a19147e964587285\",\"name\":\"Reginaldo J\u00fanior\",\"image\":{\"@type\":\"ImageObject\",\"inLanguage\":\"pt-BR\",\"@id\":\"https:\/\/portalmf.com.br\/#\/schema\/person\/image\/\",\"url\":\"https:\/\/secure.gravatar.com\/avatar\/32a3c797cd0ac47cc53b8644c62776f9?s=96&d=mm&r=g\",\"contentUrl\":\"https:\/\/secure.gravatar.com\/avatar\/32a3c797cd0ac47cc53b8644c62776f9?s=96&d=mm&r=g\",\"caption\":\"Reginaldo J\u00fanior\"},\"description\":\"Jornalista e idealizador Portal MF\",\"sameAs\":[\"https:\/\/portalmf.com.br\/index.php\/author\/reginaldojr\/\",\"reginaldojrfsa\",\"reginaldojuniormf\",\"https:\/\/x.com\/reginaldojrmf\"],\"url\":\"https:\/\/portalmf.com.br\/index.php\/author\/reginaldojr\/\"}]}<\/script>\n<!-- \/ Yoast SEO plugin. -->","yoast_head_json":{"title":"Aston Martin anuncia contrata\u00e7\u00e3o de Fernando Alonso para 2023 - Portal MF","robots":{"index":"index","follow":"follow","max-snippet":"max-snippet:-1","max-image-preview":"max-image-preview:large","max-video-preview":"max-video-preview:-1"},"canonical":"https:\/\/portalmf.com.br\/index.php\/2022\/08\/01\/aston-martin-anuncia-contratacao-de-fernando-alonso-para-2023\/","og_locale":"pt_BR","og_type":"article","og_title":"Aston Martin anuncia contrata\u00e7\u00e3o de Fernando Alonso para 2023 - Portal MF","og_description":"O piloto Fernando Alonso, bicampe\u00e3o mundial de F\u00f3rmula 1 em 2005 e 2006, deixar\u00e1 a Alpine e correr\u00e1 pela Aston Martin a partir da temporada de 2023. O espanhol, de 41 anos de idade, vai assumir a vaga deixada pelo tetracampe\u00e3o mundial Sebastian Vettel, que se despedir\u00e1 da categoria no final da atual edi\u00e7\u00e3o do [&hellip;]","og_url":"https:\/\/portalmf.com.br\/index.php\/2022\/08\/01\/aston-martin-anuncia-contratacao-de-fernando-alonso-para-2023\/","og_site_name":"Portal MF","article_author":"reginaldojrfsa","article_published_time":"2022-08-01T18:29:53+00:00","article_modified_time":"2022-08-01T18:29:55+00:00","og_image":[{"width":1000,"height":667,"url":"https:\/\/portalmf.com.br\/wp-content\/uploads\/2022\/08\/fernando-alonso-alpine-f1-team.jpg","type":"image\/jpeg"}],"author":"Reginaldo J\u00fanior","twitter_card":"summary_large_image","twitter_creator":"@reginaldojrmf","twitter_misc":{"Escrito por":"Reginaldo J\u00fanior","Est. tempo de leitura":"1 minuto"},"schema":{"@context":"https:\/\/schema.org","@graph":[{"@type":"WebPage","@id":"https:\/\/portalmf.com.br\/index.php\/2022\/08\/01\/aston-martin-anuncia-contratacao-de-fernando-alonso-para-2023\/","url":"https:\/\/portalmf.com.br\/index.php\/2022\/08\/01\/aston-martin-anuncia-contratacao-de-fernando-alonso-para-2023\/","name":"Aston Martin anuncia contrata\u00e7\u00e3o de Fernando Alonso para 2023 - Portal MF","isPartOf":{"@id":"https:\/\/portalmf.com.br\/#website"},"primaryImageOfPage":{"@id":"https:\/\/portalmf.com.br\/index.php\/2022\/08\/01\/aston-martin-anuncia-contratacao-de-fernando-alonso-para-2023\/#primaryimage"},"image":{"@id":"https:\/\/portalmf.com.br\/index.php\/2022\/08\/01\/aston-martin-anuncia-contratacao-de-fernando-alonso-para-2023\/#primaryimage"},"thumbnailUrl":"https:\/\/portalmf.com.br\/wp-content\/uploads\/2022\/08\/fernando-alonso-alpine-f1-team.jpg","datePublished":"2022-08-01T18:29:53+00:00","dateModified":"2022-08-01T18:29:55+00:00","author":{"@id":"https:\/\/portalmf.com.br\/#\/schema\/person\/11c82086fe8abc05a19147e964587285"},"breadcrumb":{"@id":"https:\/\/portalmf.com.br\/index.php\/2022\/08\/01\/aston-martin-anuncia-contratacao-de-fernando-alonso-para-2023\/#breadcrumb"},"inLanguage":"pt-BR","potentialAction":[{"@type":"ReadAction","target":["https:\/\/portalmf.com.br\/index.php\/2022\/08\/01\/aston-martin-anuncia-contratacao-de-fernando-alonso-para-2023\/"]}]},{"@type":"ImageObject","inLanguage":"pt-BR","@id":"https:\/\/portalmf.com.br\/index.php\/2022\/08\/01\/aston-martin-anuncia-contratacao-de-fernando-alonso-para-2023\/#primaryimage","url":"https:\/\/portalmf.com.br\/wp-content\/uploads\/2022\/08\/fernando-alonso-alpine-f1-team.jpg","contentUrl":"https:\/\/portalmf.com.br\/wp-content\/uploads\/2022\/08\/fernando-alonso-alpine-f1-team.jpg","width":1000,"height":667},{"@type":"BreadcrumbList","@id":"https:\/\/portalmf.com.br\/index.php\/2022\/08\/01\/aston-martin-anuncia-contratacao-de-fernando-alonso-para-2023\/#breadcrumb","itemListElement":[{"@type":"ListItem","position":1,"name":"In\u00edcio","item":"https:\/\/portalmf.com.br\/"},{"@type":"ListItem","position":2,"name":"Aston Martin anuncia contrata\u00e7\u00e3o de Fernando Alonso para 2023"}]},{"@type":"WebSite","@id":"https:\/\/portalmf.com.br\/#website","url":"https:\/\/portalmf.com.br\/","name":"Portal MF","description":"Voc\u00ea conectado com a informa\u00e7\u00e3o","potentialAction":[{"@type":"SearchAction","target":{"@type":"EntryPoint","urlTemplate":"https:\/\/portalmf.com.br\/?s={search_term_string}"},"query-input":"required name=search_term_string"}],"inLanguage":"pt-BR"},{"@type":"Person","@id":"https:\/\/portalmf.com.br\/#\/schema\/person\/11c82086fe8abc05a19147e964587285","name":"Reginaldo J\u00fanior","image":{"@type":"ImageObject","inLanguage":"pt-BR","@id":"https:\/\/portalmf.com.br\/#\/schema\/person\/image\/","url":"https:\/\/secure.gravatar.com\/avatar\/32a3c797cd0ac47cc53b8644c62776f9?s=96&d=mm&r=g","contentUrl":"https:\/\/secure.gravatar.com\/avatar\/32a3c797cd0ac47cc53b8644c62776f9?s=96&d=mm&r=g","caption":"Reginaldo J\u00fanior"},"description":"Jornalista e idealizador Portal MF","sameAs":["https:\/\/portalmf.com.br\/index.php\/author\/reginaldojr\/","reginaldojrfsa","reginaldojuniormf","https:\/\/x.com\/reginaldojrmf"],"url":"https:\/\/portalmf.com.br\/index.php\/author\/reginaldojr\/"}]}},"_links":{"self":[{"href":"https:\/\/portalmf.com.br\/index.php\/wp-json\/wp\/v2\/posts\/2388"}],"collection":[{"href":"https:\/\/portalmf.com.br\/index.php\/wp-json\/wp\/v2\/posts"}],"about":[{"href":"https:\/\/portalmf.com.br\/index.php\/wp-json\/wp\/v2\/types\/post"}],"author":[{"embeddable":true,"href":"https:\/\/portalmf.com.br\/index.php\/wp-json\/wp\/v2\/users\/2"}],"replies":[{"embeddable":true,"href":"https:\/\/portalmf.com.br\/index.php\/wp-json\/wp\/v2\/comments?post=2388"}],"version-history":[{"count":1,"href":"https:\/\/portalmf.com.br\/index.php\/wp-json\/wp\/v2\/posts\/2388\/revisions"}],"predecessor-version":[{"id":2390,"href":"https:\/\/portalmf.com.br\/index.php\/wp-json\/wp\/v2\/posts\/2388\/revisions\/2390"}],"wp:featuredmedia":[{"embeddable":true,"href":"https:\/\/portalmf.com.br\/index.php\/wp-json\/wp\/v2\/media\/2389"}],"wp:attachment":[{"href":"https:\/\/portalmf.com.br\/index.php\/wp-json\/wp\/v2\/media?parent=2388"}],"wp:term":[{"taxonomy":"category","embeddable":true,"href":"https:\/\/portalmf.com.br\/index.php\/wp-json\/wp\/v2\/categories?post=2388"},{"taxonomy":"post_tag","embeddable":true,"href":"https:\/\/portalmf.com.br\/index.php\/wp-json\/wp\/v2\/tags?post=2388"}],"curies":[{"name":"wp","href":"https:\/\/api.w.org\/{rel}","templated":true}]}}