{"id":2382,"date":"2022-08-01T15:22:22","date_gmt":"2022-08-01T18:22:22","guid":{"rendered":"http:\/\/portalmf.com.br\/?p=2382"},"modified":"2022-08-01T15:22:24","modified_gmt":"2022-08-01T18:22:24","slug":"athletico-pr-se-manifesta-sobre-caso-de-racismo-em-jogo-contra-o-sao-paulo-veja-pronunciamento","status":"publish","type":"post","link":"https:\/\/portalmf.com.br\/index.php\/2022\/08\/01\/athletico-pr-se-manifesta-sobre-caso-de-racismo-em-jogo-contra-o-sao-paulo-veja-pronunciamento\/","title":{"rendered":"Athletico-PR se manifesta sobre caso de racismo em jogo contra o S\u00e3o Paulo; veja pronunciamento"},"content":{"rendered":"\n<p>O Athletico-PR se manifestou na manh\u00e3 desta segunda-feira sobre o suposto caso de racismo ocorrido neste domingo, no jogo contra o S\u00e3o Paulo. O Tricolor Paulista alegou que um funcion\u00e1rio e torcedores do clube foram v\u00edtimas da agress\u00e3o na Arena da Baixada, em Cuitiba.<\/p>\n\n\n\n<p>Em nota, o Furac\u00e3o repudiou o ato e prometeu adotar medidas para identificar os agressores. O time paranaense ainda se comprometeu a fornecer imagens do est\u00e1dio para a apura\u00e7\u00e3o do ocorrido.<\/p>\n\n\n\n<p>No domingo, o S\u00e3o Paulo informou que o funcion\u00e1rio j\u00e1 havia registrado Boletim de Ocorr\u00eancia e recebeu o suporte necess\u00e1rio. O suposto ataque teria acontecido logo ap\u00f3s o goleiro Felipe Alves ter defendido o p\u00eanalti cobrado por Thiago Heleno, no in\u00edcio do segundo tempo.<\/p>\n\n\n\n<p>Em campo, o Athletico venceu por 1 a 0, com gol de Vitor Bueno, e subiu para a quarta coloca\u00e7\u00e3o do&nbsp;Campeonato Brasileiro. J\u00e1 o Tricolor ficou estacionado em 10\u00ba lugar, com 26 pontos.<\/p>\n\n\n\n<p>Confira abaixo o comunicado divulgado pelo Athletico-PR:<\/p>\n\n\n\n<p><em>&#8220;O CAP tomou conhecimento sobre as acusa\u00e7\u00f5es de racismo na partida diante do S\u00e3o Paulo. O clube j\u00e1 est\u00e1 adotando medidas para identificar o que foi objeto de acusa\u00e7\u00e3o e compromete-se a fornecer as imagens que tem do est\u00e1dio para apura\u00e7\u00e3o do ocorrido pelas autoridades competentes.<\/em><\/p>\n\n\n\n<p><em>O Athletico Paranaense novamente vem manifestar publicamente que repudia veementemente quaisquer atos de racismo e reitera que n\u00e3o tolera e nunca tolerar\u00e1 comportamentos racistas dentro da institui\u00e7\u00e3o&#8221;.<\/em><\/p>\n\n\n\n<p>Com informa\u00e7\u00f5es da Gazeta Esportiva<\/p>\n","protected":false},"excerpt":{"rendered":"<p>O Athletico-PR se manifestou na manh\u00e3 desta segunda-feira sobre o suposto caso de racismo ocorrido neste domingo, no jogo contra o S\u00e3o Paulo. O Tricolor Paulista alegou que um funcion\u00e1rio e torcedores do clube foram v\u00edtimas da agress\u00e3o na Arena da Baixada, em Cuitiba. Em nota, o Furac\u00e3o repudiou o ato e prometeu adotar medidas [&hellip;]<\/p>\n","protected":false},"author":2,"featured_media":2383,"comment_status":"open","ping_status":"open","sticky":false,"template":"","format":"standard","meta":{"_monsterinsights_skip_tracking":false,"_monsterinsights_sitenote_active":false,"_monsterinsights_sitenote_note":"","_monsterinsights_sitenote_category":0,"footnotes":""},"categories":[42],"tags":[],"yoast_head":"<!-- This site is optimized with the Yoast SEO plugin v22.9 - https:\/\/yoast.com\/wordpress\/plugins\/seo\/ -->\n<title>Athletico-PR se manifesta sobre caso de racismo em jogo contra o S\u00e3o Paulo; veja pronunciamento - Portal MF<\/title>\n<meta name=\"robots\" content=\"index, follow, max-snippet:-1, max-image-preview:large, max-video-preview:-1\" \/>\n<link rel=\"canonical\" href=\"https:\/\/portalmf.com.br\/index.php\/2022\/08\/01\/athletico-pr-se-manifesta-sobre-caso-de-racismo-em-jogo-contra-o-sao-paulo-veja-pronunciamento\/\" \/>\n<meta property=\"og:locale\" content=\"pt_BR\" \/>\n<meta property=\"og:type\" content=\"article\" \/>\n<meta property=\"og:title\" content=\"Athletico-PR se manifesta sobre caso de racismo em jogo contra o S\u00e3o Paulo; veja pronunciamento - Portal MF\" \/>\n<meta property=\"og:description\" content=\"O Athletico-PR se manifestou na manh\u00e3 desta segunda-feira sobre o suposto caso de racismo ocorrido neste domingo, no jogo contra o S\u00e3o Paulo. O Tricolor Paulista alegou que um funcion\u00e1rio e torcedores do clube foram v\u00edtimas da agress\u00e3o na Arena da Baixada, em Cuitiba. Em nota, o Furac\u00e3o repudiou o ato e prometeu adotar medidas [&hellip;]\" \/>\n<meta property=\"og:url\" content=\"https:\/\/portalmf.com.br\/index.php\/2022\/08\/01\/athletico-pr-se-manifesta-sobre-caso-de-racismo-em-jogo-contra-o-sao-paulo-veja-pronunciamento\/\" \/>\n<meta property=\"og:site_name\" content=\"Portal MF\" \/>\n<meta property=\"article:author\" content=\"reginaldojrfsa\" \/>\n<meta property=\"article:published_time\" content=\"2022-08-01T18:22:22+00:00\" \/>\n<meta property=\"article:modified_time\" content=\"2022-08-01T18:22:24+00:00\" \/>\n<meta property=\"og:image\" content=\"https:\/\/portalmf.com.br\/wp-content\/uploads\/2022\/08\/sp5.jpg\" \/>\n\t<meta property=\"og:image:width\" content=\"800\" \/>\n\t<meta property=\"og:image:height\" content=\"515\" \/>\n\t<meta property=\"og:image:type\" content=\"image\/jpeg\" \/>\n<meta name=\"author\" content=\"Reginaldo J\u00fanior\" \/>\n<meta name=\"twitter:card\" content=\"summary_large_image\" \/>\n<meta name=\"twitter:creator\" content=\"@reginaldojrmf\" \/>\n<meta name=\"twitter:label1\" content=\"Escrito por\" \/>\n\t<meta name=\"twitter:data1\" content=\"Reginaldo J\u00fanior\" \/>\n\t<meta name=\"twitter:label2\" content=\"Est. tempo de leitura\" \/>\n\t<meta name=\"twitter:data2\" content=\"1 minuto\" \/>\n<script type=\"application\/ld+json\" class=\"yoast-schema-graph\">{\"@context\":\"https:\/\/schema.org\",\"@graph\":[{\"@type\":\"WebPage\",\"@id\":\"https:\/\/portalmf.com.br\/index.php\/2022\/08\/01\/athletico-pr-se-manifesta-sobre-caso-de-racismo-em-jogo-contra-o-sao-paulo-veja-pronunciamento\/\",\"url\":\"https:\/\/portalmf.com.br\/index.php\/2022\/08\/01\/athletico-pr-se-manifesta-sobre-caso-de-racismo-em-jogo-contra-o-sao-paulo-veja-pronunciamento\/\",\"name\":\"Athletico-PR se manifesta sobre caso de racismo em jogo contra o S\u00e3o Paulo; veja pronunciamento - Portal MF\",\"isPartOf\":{\"@id\":\"https:\/\/portalmf.com.br\/#website\"},\"primaryImageOfPage\":{\"@id\":\"https:\/\/portalmf.com.br\/index.php\/2022\/08\/01\/athletico-pr-se-manifesta-sobre-caso-de-racismo-em-jogo-contra-o-sao-paulo-veja-pronunciamento\/#primaryimage\"},\"image\":{\"@id\":\"https:\/\/portalmf.com.br\/index.php\/2022\/08\/01\/athletico-pr-se-manifesta-sobre-caso-de-racismo-em-jogo-contra-o-sao-paulo-veja-pronunciamento\/#primaryimage\"},\"thumbnailUrl\":\"https:\/\/portalmf.com.br\/wp-content\/uploads\/2022\/08\/sp5.jpg\",\"datePublished\":\"2022-08-01T18:22:22+00:00\",\"dateModified\":\"2022-08-01T18:22:24+00:00\",\"author\":{\"@id\":\"https:\/\/portalmf.com.br\/#\/schema\/person\/11c82086fe8abc05a19147e964587285\"},\"breadcrumb\":{\"@id\":\"https:\/\/portalmf.com.br\/index.php\/2022\/08\/01\/athletico-pr-se-manifesta-sobre-caso-de-racismo-em-jogo-contra-o-sao-paulo-veja-pronunciamento\/#breadcrumb\"},\"inLanguage\":\"pt-BR\",\"potentialAction\":[{\"@type\":\"ReadAction\",\"target\":[\"https:\/\/portalmf.com.br\/index.php\/2022\/08\/01\/athletico-pr-se-manifesta-sobre-caso-de-racismo-em-jogo-contra-o-sao-paulo-veja-pronunciamento\/\"]}]},{\"@type\":\"ImageObject\",\"inLanguage\":\"pt-BR\",\"@id\":\"https:\/\/portalmf.com.br\/index.php\/2022\/08\/01\/athletico-pr-se-manifesta-sobre-caso-de-racismo-em-jogo-contra-o-sao-paulo-veja-pronunciamento\/#primaryimage\",\"url\":\"https:\/\/portalmf.com.br\/wp-content\/uploads\/2022\/08\/sp5.jpg\",\"contentUrl\":\"https:\/\/portalmf.com.br\/wp-content\/uploads\/2022\/08\/sp5.jpg\",\"width\":800,\"height\":515},{\"@type\":\"BreadcrumbList\",\"@id\":\"https:\/\/portalmf.com.br\/index.php\/2022\/08\/01\/athletico-pr-se-manifesta-sobre-caso-de-racismo-em-jogo-contra-o-sao-paulo-veja-pronunciamento\/#breadcrumb\",\"itemListElement\":[{\"@type\":\"ListItem\",\"position\":1,\"name\":\"In\u00edcio\",\"item\":\"https:\/\/portalmf.com.br\/\"},{\"@type\":\"ListItem\",\"position\":2,\"name\":\"Athletico-PR se manifesta sobre caso de racismo em jogo contra o S\u00e3o Paulo; veja pronunciamento\"}]},{\"@type\":\"WebSite\",\"@id\":\"https:\/\/portalmf.com.br\/#website\",\"url\":\"https:\/\/portalmf.com.br\/\",\"name\":\"Portal MF\",\"description\":\"Voc\u00ea conectado com a informa\u00e7\u00e3o\",\"potentialAction\":[{\"@type\":\"SearchAction\",\"target\":{\"@type\":\"EntryPoint\",\"urlTemplate\":\"https:\/\/portalmf.com.br\/?s={search_term_string}\"},\"query-input\":\"required name=search_term_string\"}],\"inLanguage\":\"pt-BR\"},{\"@type\":\"Person\",\"@id\":\"https:\/\/portalmf.com.br\/#\/schema\/person\/11c82086fe8abc05a19147e964587285\",\"name\":\"Reginaldo J\u00fanior\",\"image\":{\"@type\":\"ImageObject\",\"inLanguage\":\"pt-BR\",\"@id\":\"https:\/\/portalmf.com.br\/#\/schema\/person\/image\/\",\"url\":\"https:\/\/secure.gravatar.com\/avatar\/32a3c797cd0ac47cc53b8644c62776f9?s=96&d=mm&r=g\",\"contentUrl\":\"https:\/\/secure.gravatar.com\/avatar\/32a3c797cd0ac47cc53b8644c62776f9?s=96&d=mm&r=g\",\"caption\":\"Reginaldo J\u00fanior\"},\"description\":\"Jornalista e idealizador Portal MF\",\"sameAs\":[\"https:\/\/portalmf.com.br\/index.php\/author\/reginaldojr\/\",\"reginaldojrfsa\",\"reginaldojuniormf\",\"https:\/\/x.com\/reginaldojrmf\"],\"url\":\"https:\/\/portalmf.com.br\/index.php\/author\/reginaldojr\/\"}]}<\/script>\n<!-- \/ Yoast SEO plugin. -->","yoast_head_json":{"title":"Athletico-PR se manifesta sobre caso de racismo em jogo contra o S\u00e3o Paulo; veja pronunciamento - Portal MF","robots":{"index":"index","follow":"follow","max-snippet":"max-snippet:-1","max-image-preview":"max-image-preview:large","max-video-preview":"max-video-preview:-1"},"canonical":"https:\/\/portalmf.com.br\/index.php\/2022\/08\/01\/athletico-pr-se-manifesta-sobre-caso-de-racismo-em-jogo-contra-o-sao-paulo-veja-pronunciamento\/","og_locale":"pt_BR","og_type":"article","og_title":"Athletico-PR se manifesta sobre caso de racismo em jogo contra o S\u00e3o Paulo; veja pronunciamento - Portal MF","og_description":"O Athletico-PR se manifestou na manh\u00e3 desta segunda-feira sobre o suposto caso de racismo ocorrido neste domingo, no jogo contra o S\u00e3o Paulo. O Tricolor Paulista alegou que um funcion\u00e1rio e torcedores do clube foram v\u00edtimas da agress\u00e3o na Arena da Baixada, em Cuitiba. Em nota, o Furac\u00e3o repudiou o ato e prometeu adotar medidas [&hellip;]","og_url":"https:\/\/portalmf.com.br\/index.php\/2022\/08\/01\/athletico-pr-se-manifesta-sobre-caso-de-racismo-em-jogo-contra-o-sao-paulo-veja-pronunciamento\/","og_site_name":"Portal MF","article_author":"reginaldojrfsa","article_published_time":"2022-08-01T18:22:22+00:00","article_modified_time":"2022-08-01T18:22:24+00:00","og_image":[{"width":800,"height":515,"url":"https:\/\/portalmf.com.br\/wp-content\/uploads\/2022\/08\/sp5.jpg","type":"image\/jpeg"}],"author":"Reginaldo J\u00fanior","twitter_card":"summary_large_image","twitter_creator":"@reginaldojrmf","twitter_misc":{"Escrito por":"Reginaldo J\u00fanior","Est. tempo de leitura":"1 minuto"},"schema":{"@context":"https:\/\/schema.org","@graph":[{"@type":"WebPage","@id":"https:\/\/portalmf.com.br\/index.php\/2022\/08\/01\/athletico-pr-se-manifesta-sobre-caso-de-racismo-em-jogo-contra-o-sao-paulo-veja-pronunciamento\/","url":"https:\/\/portalmf.com.br\/index.php\/2022\/08\/01\/athletico-pr-se-manifesta-sobre-caso-de-racismo-em-jogo-contra-o-sao-paulo-veja-pronunciamento\/","name":"Athletico-PR se manifesta sobre caso de racismo em jogo contra o S\u00e3o Paulo; veja pronunciamento - Portal MF","isPartOf":{"@id":"https:\/\/portalmf.com.br\/#website"},"primaryImageOfPage":{"@id":"https:\/\/portalmf.com.br\/index.php\/2022\/08\/01\/athletico-pr-se-manifesta-sobre-caso-de-racismo-em-jogo-contra-o-sao-paulo-veja-pronunciamento\/#primaryimage"},"image":{"@id":"https:\/\/portalmf.com.br\/index.php\/2022\/08\/01\/athletico-pr-se-manifesta-sobre-caso-de-racismo-em-jogo-contra-o-sao-paulo-veja-pronunciamento\/#primaryimage"},"thumbnailUrl":"https:\/\/portalmf.com.br\/wp-content\/uploads\/2022\/08\/sp5.jpg","datePublished":"2022-08-01T18:22:22+00:00","dateModified":"2022-08-01T18:22:24+00:00","author":{"@id":"https:\/\/portalmf.com.br\/#\/schema\/person\/11c82086fe8abc05a19147e964587285"},"breadcrumb":{"@id":"https:\/\/portalmf.com.br\/index.php\/2022\/08\/01\/athletico-pr-se-manifesta-sobre-caso-de-racismo-em-jogo-contra-o-sao-paulo-veja-pronunciamento\/#breadcrumb"},"inLanguage":"pt-BR","potentialAction":[{"@type":"ReadAction","target":["https:\/\/portalmf.com.br\/index.php\/2022\/08\/01\/athletico-pr-se-manifesta-sobre-caso-de-racismo-em-jogo-contra-o-sao-paulo-veja-pronunciamento\/"]}]},{"@type":"ImageObject","inLanguage":"pt-BR","@id":"https:\/\/portalmf.com.br\/index.php\/2022\/08\/01\/athletico-pr-se-manifesta-sobre-caso-de-racismo-em-jogo-contra-o-sao-paulo-veja-pronunciamento\/#primaryimage","url":"https:\/\/portalmf.com.br\/wp-content\/uploads\/2022\/08\/sp5.jpg","contentUrl":"https:\/\/portalmf.com.br\/wp-content\/uploads\/2022\/08\/sp5.jpg","width":800,"height":515},{"@type":"BreadcrumbList","@id":"https:\/\/portalmf.com.br\/index.php\/2022\/08\/01\/athletico-pr-se-manifesta-sobre-caso-de-racismo-em-jogo-contra-o-sao-paulo-veja-pronunciamento\/#breadcrumb","itemListElement":[{"@type":"ListItem","position":1,"name":"In\u00edcio","item":"https:\/\/portalmf.com.br\/"},{"@type":"ListItem","position":2,"name":"Athletico-PR se manifesta sobre caso de racismo em jogo contra o S\u00e3o Paulo; veja pronunciamento"}]},{"@type":"WebSite","@id":"https:\/\/portalmf.com.br\/#website","url":"https:\/\/portalmf.com.br\/","name":"Portal MF","description":"Voc\u00ea conectado com a informa\u00e7\u00e3o","potentialAction":[{"@type":"SearchAction","target":{"@type":"EntryPoint","urlTemplate":"https:\/\/portalmf.com.br\/?s={search_term_string}"},"query-input":"required name=search_term_string"}],"inLanguage":"pt-BR"},{"@type":"Person","@id":"https:\/\/portalmf.com.br\/#\/schema\/person\/11c82086fe8abc05a19147e964587285","name":"Reginaldo J\u00fanior","image":{"@type":"ImageObject","inLanguage":"pt-BR","@id":"https:\/\/portalmf.com.br\/#\/schema\/person\/image\/","url":"https:\/\/secure.gravatar.com\/avatar\/32a3c797cd0ac47cc53b8644c62776f9?s=96&d=mm&r=g","contentUrl":"https:\/\/secure.gravatar.com\/avatar\/32a3c797cd0ac47cc53b8644c62776f9?s=96&d=mm&r=g","caption":"Reginaldo J\u00fanior"},"description":"Jornalista e idealizador Portal MF","sameAs":["https:\/\/portalmf.com.br\/index.php\/author\/reginaldojr\/","reginaldojrfsa","reginaldojuniormf","https:\/\/x.com\/reginaldojrmf"],"url":"https:\/\/portalmf.com.br\/index.php\/author\/reginaldojr\/"}]}},"_links":{"self":[{"href":"https:\/\/portalmf.com.br\/index.php\/wp-json\/wp\/v2\/posts\/2382"}],"collection":[{"href":"https:\/\/portalmf.com.br\/index.php\/wp-json\/wp\/v2\/posts"}],"about":[{"href":"https:\/\/portalmf.com.br\/index.php\/wp-json\/wp\/v2\/types\/post"}],"author":[{"embeddable":true,"href":"https:\/\/portalmf.com.br\/index.php\/wp-json\/wp\/v2\/users\/2"}],"replies":[{"embeddable":true,"href":"https:\/\/portalmf.com.br\/index.php\/wp-json\/wp\/v2\/comments?post=2382"}],"version-history":[{"count":1,"href":"https:\/\/portalmf.com.br\/index.php\/wp-json\/wp\/v2\/posts\/2382\/revisions"}],"predecessor-version":[{"id":2384,"href":"https:\/\/portalmf.com.br\/index.php\/wp-json\/wp\/v2\/posts\/2382\/revisions\/2384"}],"wp:featuredmedia":[{"embeddable":true,"href":"https:\/\/portalmf.com.br\/index.php\/wp-json\/wp\/v2\/media\/2383"}],"wp:attachment":[{"href":"https:\/\/portalmf.com.br\/index.php\/wp-json\/wp\/v2\/media?parent=2382"}],"wp:term":[{"taxonomy":"category","embeddable":true,"href":"https:\/\/portalmf.com.br\/index.php\/wp-json\/wp\/v2\/categories?post=2382"},{"taxonomy":"post_tag","embeddable":true,"href":"https:\/\/portalmf.com.br\/index.php\/wp-json\/wp\/v2\/tags?post=2382"}],"curies":[{"name":"wp","href":"https:\/\/api.w.org\/{rel}","templated":true}]}}