{"id":2372,"date":"2022-08-01T15:12:48","date_gmt":"2022-08-01T18:12:48","guid":{"rendered":"http:\/\/portalmf.com.br\/?p=2372"},"modified":"2022-08-01T15:12:50","modified_gmt":"2022-08-01T18:12:50","slug":"luciano-bivar-anuncia-desistencia-de-candidatura-a-presidencia-da-republica","status":"publish","type":"post","link":"https:\/\/portalmf.com.br\/index.php\/2022\/08\/01\/luciano-bivar-anuncia-desistencia-de-candidatura-a-presidencia-da-republica\/","title":{"rendered":"Luciano Bivar anuncia desist\u00eancia de candidatura \u00e0 Presid\u00eancia da Rep\u00fablica\u00a0"},"content":{"rendered":"\n<p>O deputado federal e presidente nacional do Uni\u00e3o Brasil, Luciano Bivar, anunciou neste domingo (31) que desistiu de concorrer \u00e0 Presid\u00eancia da Rep\u00fablica. A oficializa\u00e7\u00e3o da chapa estava marcada para a sexta-feira (5), mas, em conven\u00e7\u00e3o do partido no Recife, cidade natal de Bivar, ele anunciou a desist\u00eancia.<\/p>\n\n\n\n<p>Ainda no evento, Bivar anunciou que a senadora pelo Mato Grosso do Sul,&nbsp;Soraya Thronicke, ser\u00e1 a candidata do partido ao Pal\u00e1cio do Planalto. \u201cQuero parabenizar meu Senado Federal, na pessoa da senadora Soraya Thronicke, que em breve estar\u00e1 em Pernambuco se apresentando como alternativa para nosso pa\u00eds\u201d, afirmou.<\/p>\n\n\n\n<p>O nome dela tem sido defendido por l\u00edderes do partido como forma de equalizar gastos do Fundo Eleitoral \u2013 j\u00e1 que a legisla\u00e7\u00e3o atual imp\u00f5e uma cota m\u00ednima de gastos para a candidatura de mulheres.<\/p>\n\n\n\n<p>Bivar disse, ainda, que \u00e9 preciso defender a democracia e falou que esse foi um dos prop\u00f3sitos para a cria\u00e7\u00e3o do Uni\u00e3o Brasil, com a uni\u00e3o do PSL e DEM.<\/p>\n\n\n\n<p>\u201cEu tenho absoluta convic\u00e7\u00e3o de que n\u00f3s queremos o que o Uni\u00e3o Brasil pretende. Dois partidos que fundiram-se para dar seguran\u00e7a pol\u00edtica, seguran\u00e7a institucional ao pa\u00eds. Porque eu talvez seja um dos poucos aqui que vivi um momento delicado quando era estudante da faculdade de direito. A gente precisa, antes de tudo, preservar nossa democracia, a liberdade de tantos jovens que querem realmente prestar seu trabalho e intelig\u00eancia em desenvolvimento do nosso pa\u00eds\u201d, declarou.<\/p>\n\n\n\n<p>O an\u00fancio da desist\u00eancia ocorreu no mesmo evento em que o Uni\u00e3o Brasil oficializou a candidatura do ex-prefeito de Petrolina Miguel Coelho (Uni\u00e3o) ao governo de Pernambuco. O ato ocorreu no Clube Internacional, na Madalena, na Zona Oeste.<\/p>\n\n\n\n<p>A desist\u00eancia de Bivar havia sido&nbsp;antecipada pelo colunista Gerson Camarotti. Ao blog, dirigentes do partido contaram que o presidente nacional do Uni\u00e3o se queixava de um poss\u00edvel &#8220;abandono&#8221; nos palanques estaduais, embora soubesse que sua candidatura estava sendo prevista apenas para marcar posi\u00e7\u00e3o \u2013 sem qualquer compromisso de apoio real nas bases.<\/p>\n\n\n\n<p>Bivar&nbsp;n\u00e3o pontuou na \u00faltima pesquisa Datafolha&nbsp;que mediu as inten\u00e7\u00f5es de voto para presidente de Rep\u00fablica.<\/p>\n\n\n\n<p>O empres\u00e1rio Luciano Bivar tem 77 anos. Formado em Direito, fez p\u00f3s-gradua\u00e7\u00e3o em Educa\u00e7\u00e3o Financeira em Illinois, nos Estados Unidos. Bivar est\u00e1 no seu terceiro mandato como deputado federal por Pernambuco. Foi eleito pela primeira vez em 1998. Antes, em 1994, participou da funda\u00e7\u00e3o do PSL, partido que presidiu at\u00e9 a cria\u00e7\u00e3o do Uni\u00e3o Brasil.<\/p>\n\n\n\n<p>Bivar tamb\u00e9m foi presidente do Sport, tendo deixado o cargo em 2013 para se candidatar a deputado federal.<\/p>\n\n\n\n<p>O Uni\u00e3o Brasil \u00e9 um partido criado em outubro de 2021 como resultado da fus\u00e3o entre PSL e DEM. O presidente Jair Bolsonaro, que agora tenta a reelei\u00e7\u00e3o pelo PL, chegou ao poder filiado ao PSL. Ele deixou a legenda em novembro de 2019 ap\u00f3s uma s\u00e9rie de desentendimentos com Bivar.<\/p>\n\n\n\n<p>A crise entre Bivar e Bolsonaro se tornou p\u00fablica em outubro de 2019, quando o presidente se dirigiu a um apoiador e pediu para ele &#8220;esquecer&#8221; o partido, argumentando que Bivar estava &#8220;queimado para caramba&#8221;.<\/p>\n\n\n\n<p>A sa\u00edda de Bolsonaro do PSL desencadeou uma crise no extinto partido, dividindo as alas ligadas a ele e a Bivar.<\/p>\n\n\n\n<p>O Uni\u00e3o Brasil tem a maior bancada no Congresso e, por isso, \u00e9 o partido que vai receber o maior valor de Fundo Eleitoral nas elei\u00e7\u00f5es deste ano:&nbsp;R$ 782,5 milh\u00f5es, bem como um dos maiores tempos de TV nas propagandas eleitorais. A distribui\u00e7\u00e3o leva em conta o n\u00famero de candidatos eleitos pelo partido na \u00faltima elei\u00e7\u00e3o.<\/p>\n\n\n\n<p>Por isso, o apoio do partido tem sido disputado pelos candidatos ao Planalto. O pr\u00f3prio ex-presidente Lula (PT), candidato \u00e0 presid\u00eancia,&nbsp;articulou a desist\u00eancia de Bivar.<\/p>\n\n\n\n<p>Com informa\u00e7\u00f5es do G1<\/p>\n","protected":false},"excerpt":{"rendered":"<p>O deputado federal e presidente nacional do Uni\u00e3o Brasil, Luciano Bivar, anunciou neste domingo (31) que desistiu de concorrer \u00e0 Presid\u00eancia da Rep\u00fablica. A oficializa\u00e7\u00e3o da chapa estava marcada para a sexta-feira (5), mas, em conven\u00e7\u00e3o do partido no Recife, cidade natal de Bivar, ele anunciou a desist\u00eancia. Ainda no evento, Bivar anunciou que a [&hellip;]<\/p>\n","protected":false},"author":2,"featured_media":2373,"comment_status":"open","ping_status":"open","sticky":false,"template":"","format":"standard","meta":{"_monsterinsights_skip_tracking":false,"_monsterinsights_sitenote_active":false,"_monsterinsights_sitenote_note":"","_monsterinsights_sitenote_category":0,"footnotes":""},"categories":[34],"tags":[],"yoast_head":"<!-- This site is optimized with the Yoast SEO plugin v22.9 - https:\/\/yoast.com\/wordpress\/plugins\/seo\/ -->\n<title>Luciano Bivar anuncia desist\u00eancia de candidatura \u00e0 Presid\u00eancia da Rep\u00fablica\u00a0 - Portal MF<\/title>\n<meta name=\"robots\" content=\"index, follow, max-snippet:-1, max-image-preview:large, max-video-preview:-1\" \/>\n<link rel=\"canonical\" href=\"https:\/\/portalmf.com.br\/index.php\/2022\/08\/01\/luciano-bivar-anuncia-desistencia-de-candidatura-a-presidencia-da-republica\/\" \/>\n<meta property=\"og:locale\" content=\"pt_BR\" \/>\n<meta property=\"og:type\" content=\"article\" \/>\n<meta property=\"og:title\" content=\"Luciano Bivar anuncia desist\u00eancia de candidatura \u00e0 Presid\u00eancia da Rep\u00fablica\u00a0 - Portal MF\" \/>\n<meta property=\"og:description\" content=\"O deputado federal e presidente nacional do Uni\u00e3o Brasil, Luciano Bivar, anunciou neste domingo (31) que desistiu de concorrer \u00e0 Presid\u00eancia da Rep\u00fablica. A oficializa\u00e7\u00e3o da chapa estava marcada para a sexta-feira (5), mas, em conven\u00e7\u00e3o do partido no Recife, cidade natal de Bivar, ele anunciou a desist\u00eancia. Ainda no evento, Bivar anunciou que a [&hellip;]\" \/>\n<meta property=\"og:url\" content=\"https:\/\/portalmf.com.br\/index.php\/2022\/08\/01\/luciano-bivar-anuncia-desistencia-de-candidatura-a-presidencia-da-republica\/\" \/>\n<meta property=\"og:site_name\" content=\"Portal MF\" \/>\n<meta property=\"article:author\" content=\"reginaldojrfsa\" \/>\n<meta property=\"article:published_time\" content=\"2022-08-01T18:12:48+00:00\" \/>\n<meta property=\"article:modified_time\" content=\"2022-08-01T18:12:50+00:00\" \/>\n<meta property=\"og:image\" content=\"https:\/\/portalmf.com.br\/wp-content\/uploads\/2022\/08\/FY7ladAXgAEyuTF.jpg\" \/>\n\t<meta property=\"og:image:width\" content=\"1600\" \/>\n\t<meta property=\"og:image:height\" content=\"1066\" \/>\n\t<meta property=\"og:image:type\" content=\"image\/jpeg\" \/>\n<meta name=\"author\" content=\"Reginaldo J\u00fanior\" \/>\n<meta name=\"twitter:card\" content=\"summary_large_image\" \/>\n<meta name=\"twitter:creator\" content=\"@reginaldojrmf\" \/>\n<meta name=\"twitter:label1\" content=\"Escrito por\" \/>\n\t<meta name=\"twitter:data1\" content=\"Reginaldo J\u00fanior\" \/>\n\t<meta name=\"twitter:label2\" content=\"Est. tempo de leitura\" \/>\n\t<meta name=\"twitter:data2\" content=\"3 minutos\" \/>\n<script type=\"application\/ld+json\" class=\"yoast-schema-graph\">{\"@context\":\"https:\/\/schema.org\",\"@graph\":[{\"@type\":\"WebPage\",\"@id\":\"https:\/\/portalmf.com.br\/index.php\/2022\/08\/01\/luciano-bivar-anuncia-desistencia-de-candidatura-a-presidencia-da-republica\/\",\"url\":\"https:\/\/portalmf.com.br\/index.php\/2022\/08\/01\/luciano-bivar-anuncia-desistencia-de-candidatura-a-presidencia-da-republica\/\",\"name\":\"Luciano Bivar anuncia desist\u00eancia de candidatura \u00e0 Presid\u00eancia da Rep\u00fablica\u00a0 - Portal MF\",\"isPartOf\":{\"@id\":\"https:\/\/portalmf.com.br\/#website\"},\"primaryImageOfPage\":{\"@id\":\"https:\/\/portalmf.com.br\/index.php\/2022\/08\/01\/luciano-bivar-anuncia-desistencia-de-candidatura-a-presidencia-da-republica\/#primaryimage\"},\"image\":{\"@id\":\"https:\/\/portalmf.com.br\/index.php\/2022\/08\/01\/luciano-bivar-anuncia-desistencia-de-candidatura-a-presidencia-da-republica\/#primaryimage\"},\"thumbnailUrl\":\"https:\/\/portalmf.com.br\/wp-content\/uploads\/2022\/08\/FY7ladAXgAEyuTF.jpg\",\"datePublished\":\"2022-08-01T18:12:48+00:00\",\"dateModified\":\"2022-08-01T18:12:50+00:00\",\"author\":{\"@id\":\"https:\/\/portalmf.com.br\/#\/schema\/person\/11c82086fe8abc05a19147e964587285\"},\"breadcrumb\":{\"@id\":\"https:\/\/portalmf.com.br\/index.php\/2022\/08\/01\/luciano-bivar-anuncia-desistencia-de-candidatura-a-presidencia-da-republica\/#breadcrumb\"},\"inLanguage\":\"pt-BR\",\"potentialAction\":[{\"@type\":\"ReadAction\",\"target\":[\"https:\/\/portalmf.com.br\/index.php\/2022\/08\/01\/luciano-bivar-anuncia-desistencia-de-candidatura-a-presidencia-da-republica\/\"]}]},{\"@type\":\"ImageObject\",\"inLanguage\":\"pt-BR\",\"@id\":\"https:\/\/portalmf.com.br\/index.php\/2022\/08\/01\/luciano-bivar-anuncia-desistencia-de-candidatura-a-presidencia-da-republica\/#primaryimage\",\"url\":\"https:\/\/portalmf.com.br\/wp-content\/uploads\/2022\/08\/FY7ladAXgAEyuTF.jpg\",\"contentUrl\":\"https:\/\/portalmf.com.br\/wp-content\/uploads\/2022\/08\/FY7ladAXgAEyuTF.jpg\",\"width\":1600,\"height\":1066},{\"@type\":\"BreadcrumbList\",\"@id\":\"https:\/\/portalmf.com.br\/index.php\/2022\/08\/01\/luciano-bivar-anuncia-desistencia-de-candidatura-a-presidencia-da-republica\/#breadcrumb\",\"itemListElement\":[{\"@type\":\"ListItem\",\"position\":1,\"name\":\"In\u00edcio\",\"item\":\"https:\/\/portalmf.com.br\/\"},{\"@type\":\"ListItem\",\"position\":2,\"name\":\"Luciano Bivar anuncia desist\u00eancia de candidatura \u00e0 Presid\u00eancia da Rep\u00fablica\u00a0\"}]},{\"@type\":\"WebSite\",\"@id\":\"https:\/\/portalmf.com.br\/#website\",\"url\":\"https:\/\/portalmf.com.br\/\",\"name\":\"Portal MF\",\"description\":\"Voc\u00ea conectado com a informa\u00e7\u00e3o\",\"potentialAction\":[{\"@type\":\"SearchAction\",\"target\":{\"@type\":\"EntryPoint\",\"urlTemplate\":\"https:\/\/portalmf.com.br\/?s={search_term_string}\"},\"query-input\":\"required name=search_term_string\"}],\"inLanguage\":\"pt-BR\"},{\"@type\":\"Person\",\"@id\":\"https:\/\/portalmf.com.br\/#\/schema\/person\/11c82086fe8abc05a19147e964587285\",\"name\":\"Reginaldo J\u00fanior\",\"image\":{\"@type\":\"ImageObject\",\"inLanguage\":\"pt-BR\",\"@id\":\"https:\/\/portalmf.com.br\/#\/schema\/person\/image\/\",\"url\":\"https:\/\/secure.gravatar.com\/avatar\/32a3c797cd0ac47cc53b8644c62776f9?s=96&d=mm&r=g\",\"contentUrl\":\"https:\/\/secure.gravatar.com\/avatar\/32a3c797cd0ac47cc53b8644c62776f9?s=96&d=mm&r=g\",\"caption\":\"Reginaldo J\u00fanior\"},\"description\":\"Jornalista e idealizador Portal MF\",\"sameAs\":[\"https:\/\/portalmf.com.br\/index.php\/author\/reginaldojr\/\",\"reginaldojrfsa\",\"reginaldojuniormf\",\"https:\/\/x.com\/reginaldojrmf\"],\"url\":\"https:\/\/portalmf.com.br\/index.php\/author\/reginaldojr\/\"}]}<\/script>\n<!-- \/ Yoast SEO plugin. -->","yoast_head_json":{"title":"Luciano Bivar anuncia desist\u00eancia de candidatura \u00e0 Presid\u00eancia da Rep\u00fablica\u00a0 - Portal MF","robots":{"index":"index","follow":"follow","max-snippet":"max-snippet:-1","max-image-preview":"max-image-preview:large","max-video-preview":"max-video-preview:-1"},"canonical":"https:\/\/portalmf.com.br\/index.php\/2022\/08\/01\/luciano-bivar-anuncia-desistencia-de-candidatura-a-presidencia-da-republica\/","og_locale":"pt_BR","og_type":"article","og_title":"Luciano Bivar anuncia desist\u00eancia de candidatura \u00e0 Presid\u00eancia da Rep\u00fablica\u00a0 - Portal MF","og_description":"O deputado federal e presidente nacional do Uni\u00e3o Brasil, Luciano Bivar, anunciou neste domingo (31) que desistiu de concorrer \u00e0 Presid\u00eancia da Rep\u00fablica. A oficializa\u00e7\u00e3o da chapa estava marcada para a sexta-feira (5), mas, em conven\u00e7\u00e3o do partido no Recife, cidade natal de Bivar, ele anunciou a desist\u00eancia. Ainda no evento, Bivar anunciou que a [&hellip;]","og_url":"https:\/\/portalmf.com.br\/index.php\/2022\/08\/01\/luciano-bivar-anuncia-desistencia-de-candidatura-a-presidencia-da-republica\/","og_site_name":"Portal MF","article_author":"reginaldojrfsa","article_published_time":"2022-08-01T18:12:48+00:00","article_modified_time":"2022-08-01T18:12:50+00:00","og_image":[{"width":1600,"height":1066,"url":"https:\/\/portalmf.com.br\/wp-content\/uploads\/2022\/08\/FY7ladAXgAEyuTF.jpg","type":"image\/jpeg"}],"author":"Reginaldo J\u00fanior","twitter_card":"summary_large_image","twitter_creator":"@reginaldojrmf","twitter_misc":{"Escrito por":"Reginaldo J\u00fanior","Est. tempo de leitura":"3 minutos"},"schema":{"@context":"https:\/\/schema.org","@graph":[{"@type":"WebPage","@id":"https:\/\/portalmf.com.br\/index.php\/2022\/08\/01\/luciano-bivar-anuncia-desistencia-de-candidatura-a-presidencia-da-republica\/","url":"https:\/\/portalmf.com.br\/index.php\/2022\/08\/01\/luciano-bivar-anuncia-desistencia-de-candidatura-a-presidencia-da-republica\/","name":"Luciano Bivar anuncia desist\u00eancia de candidatura \u00e0 Presid\u00eancia da Rep\u00fablica\u00a0 - Portal MF","isPartOf":{"@id":"https:\/\/portalmf.com.br\/#website"},"primaryImageOfPage":{"@id":"https:\/\/portalmf.com.br\/index.php\/2022\/08\/01\/luciano-bivar-anuncia-desistencia-de-candidatura-a-presidencia-da-republica\/#primaryimage"},"image":{"@id":"https:\/\/portalmf.com.br\/index.php\/2022\/08\/01\/luciano-bivar-anuncia-desistencia-de-candidatura-a-presidencia-da-republica\/#primaryimage"},"thumbnailUrl":"https:\/\/portalmf.com.br\/wp-content\/uploads\/2022\/08\/FY7ladAXgAEyuTF.jpg","datePublished":"2022-08-01T18:12:48+00:00","dateModified":"2022-08-01T18:12:50+00:00","author":{"@id":"https:\/\/portalmf.com.br\/#\/schema\/person\/11c82086fe8abc05a19147e964587285"},"breadcrumb":{"@id":"https:\/\/portalmf.com.br\/index.php\/2022\/08\/01\/luciano-bivar-anuncia-desistencia-de-candidatura-a-presidencia-da-republica\/#breadcrumb"},"inLanguage":"pt-BR","potentialAction":[{"@type":"ReadAction","target":["https:\/\/portalmf.com.br\/index.php\/2022\/08\/01\/luciano-bivar-anuncia-desistencia-de-candidatura-a-presidencia-da-republica\/"]}]},{"@type":"ImageObject","inLanguage":"pt-BR","@id":"https:\/\/portalmf.com.br\/index.php\/2022\/08\/01\/luciano-bivar-anuncia-desistencia-de-candidatura-a-presidencia-da-republica\/#primaryimage","url":"https:\/\/portalmf.com.br\/wp-content\/uploads\/2022\/08\/FY7ladAXgAEyuTF.jpg","contentUrl":"https:\/\/portalmf.com.br\/wp-content\/uploads\/2022\/08\/FY7ladAXgAEyuTF.jpg","width":1600,"height":1066},{"@type":"BreadcrumbList","@id":"https:\/\/portalmf.com.br\/index.php\/2022\/08\/01\/luciano-bivar-anuncia-desistencia-de-candidatura-a-presidencia-da-republica\/#breadcrumb","itemListElement":[{"@type":"ListItem","position":1,"name":"In\u00edcio","item":"https:\/\/portalmf.com.br\/"},{"@type":"ListItem","position":2,"name":"Luciano Bivar anuncia desist\u00eancia de candidatura \u00e0 Presid\u00eancia da Rep\u00fablica\u00a0"}]},{"@type":"WebSite","@id":"https:\/\/portalmf.com.br\/#website","url":"https:\/\/portalmf.com.br\/","name":"Portal MF","description":"Voc\u00ea conectado com a informa\u00e7\u00e3o","potentialAction":[{"@type":"SearchAction","target":{"@type":"EntryPoint","urlTemplate":"https:\/\/portalmf.com.br\/?s={search_term_string}"},"query-input":"required name=search_term_string"}],"inLanguage":"pt-BR"},{"@type":"Person","@id":"https:\/\/portalmf.com.br\/#\/schema\/person\/11c82086fe8abc05a19147e964587285","name":"Reginaldo J\u00fanior","image":{"@type":"ImageObject","inLanguage":"pt-BR","@id":"https:\/\/portalmf.com.br\/#\/schema\/person\/image\/","url":"https:\/\/secure.gravatar.com\/avatar\/32a3c797cd0ac47cc53b8644c62776f9?s=96&d=mm&r=g","contentUrl":"https:\/\/secure.gravatar.com\/avatar\/32a3c797cd0ac47cc53b8644c62776f9?s=96&d=mm&r=g","caption":"Reginaldo J\u00fanior"},"description":"Jornalista e idealizador Portal MF","sameAs":["https:\/\/portalmf.com.br\/index.php\/author\/reginaldojr\/","reginaldojrfsa","reginaldojuniormf","https:\/\/x.com\/reginaldojrmf"],"url":"https:\/\/portalmf.com.br\/index.php\/author\/reginaldojr\/"}]}},"_links":{"self":[{"href":"https:\/\/portalmf.com.br\/index.php\/wp-json\/wp\/v2\/posts\/2372"}],"collection":[{"href":"https:\/\/portalmf.com.br\/index.php\/wp-json\/wp\/v2\/posts"}],"about":[{"href":"https:\/\/portalmf.com.br\/index.php\/wp-json\/wp\/v2\/types\/post"}],"author":[{"embeddable":true,"href":"https:\/\/portalmf.com.br\/index.php\/wp-json\/wp\/v2\/users\/2"}],"replies":[{"embeddable":true,"href":"https:\/\/portalmf.com.br\/index.php\/wp-json\/wp\/v2\/comments?post=2372"}],"version-history":[{"count":1,"href":"https:\/\/portalmf.com.br\/index.php\/wp-json\/wp\/v2\/posts\/2372\/revisions"}],"predecessor-version":[{"id":2374,"href":"https:\/\/portalmf.com.br\/index.php\/wp-json\/wp\/v2\/posts\/2372\/revisions\/2374"}],"wp:featuredmedia":[{"embeddable":true,"href":"https:\/\/portalmf.com.br\/index.php\/wp-json\/wp\/v2\/media\/2373"}],"wp:attachment":[{"href":"https:\/\/portalmf.com.br\/index.php\/wp-json\/wp\/v2\/media?parent=2372"}],"wp:term":[{"taxonomy":"category","embeddable":true,"href":"https:\/\/portalmf.com.br\/index.php\/wp-json\/wp\/v2\/categories?post=2372"},{"taxonomy":"post_tag","embeddable":true,"href":"https:\/\/portalmf.com.br\/index.php\/wp-json\/wp\/v2\/tags?post=2372"}],"curies":[{"name":"wp","href":"https:\/\/api.w.org\/{rel}","templated":true}]}}