{"id":2369,"date":"2022-08-01T15:03:14","date_gmt":"2022-08-01T18:03:14","guid":{"rendered":"http:\/\/portalmf.com.br\/?p=2369"},"modified":"2022-08-01T15:03:15","modified_gmt":"2022-08-01T18:03:15","slug":"em-convencao-jeronimo-destaca-capacidade-de-transformar-a-vida-das-pessoas-e-garantir-oportunidades","status":"publish","type":"post","link":"https:\/\/portalmf.com.br\/index.php\/2022\/08\/01\/em-convencao-jeronimo-destaca-capacidade-de-transformar-a-vida-das-pessoas-e-garantir-oportunidades\/","title":{"rendered":"Em conven\u00e7\u00e3o, Jer\u00f4nimo destaca capacidade de transformar a vida das pessoas e garantir oportunidades"},"content":{"rendered":"\n<p>\u201cTenho experi\u00eancia de gest\u00e3o de 20 anos e o que pesa na decis\u00e3o do eleitor para escolher o pr\u00f3ximo governador \u00e9 a capacidade de fazer e transformar a vida das pessoas dando a elas oportunidades\u201d, afirma o candidato a governador da Bahia pelo PT, Jer\u00f4nimo Rodrigues, durante a conven\u00e7\u00e3o deste s\u00e1bado (30), que referendou seu nome ao lado de Geraldo J\u00fanior (MDB) a vice e Otto Alencar (PSD) a Senador da Rep\u00fablica, consolidando o time de Lula na Bahia.<\/p>\n\n\n\n<p>Em um discurso emocionado para um p\u00fablico de 50 mil pessoas no Parque de Exposi\u00e7\u00f5es, em Salvador, Jer\u00f4nimo disse que a Bahia e o Brasil n\u00e3o podem marchar para tr\u00e1s. \u201cA dificuldade que a gente passou, o povo pobre desse pa\u00eds, sem a oportunidade de ter uma casa decente, uma casa com energia e um prato com comida na mesa. Ach\u00e1vamos que j\u00e1 era do passado, mas a fome voltou ao pa\u00eds. N\u00e3o podemos aceitar que o Brasil continue no mapa da fome. A volta de Lula \u00e9 a volta da esperan\u00e7a, do emprego, do Minha Casa, Minha Vida e de projetos estruturantes do PAC\u201d, afirma o candidato a governador da Bahia.<\/p>\n\n\n\n<p>Jer\u00f4nimo Rodrigues (PT) ainda se comprometeu a, junto com Lula, construir a Ponte Salvador &#8211; Ilha de Itaparica, concluir a ferrovia Oeste-Leste e outros projetos estruturantes para a Bahia. \u201cEu que liderei um programa de qualifica\u00e7\u00e3o de escolas, tive orgulho de lan\u00e7ar editais, dar ordens de servi\u00e7o e fazer entregas. Eu n\u00e3o tive acesso a uma escola com refeit\u00f3rio, a uma escola com teatro, campo e laborat\u00f3rio. E agora eu fui, junto com Rui [Costa], implantar uma escola de qualidade\u201d, ressalta o candidato ao governo da Bahia.<\/p>\n\n\n\n<p>O ex-presidente Lula, em v\u00eddeo, reafirmou para milhares de pessoas que seu candidato na Bahia \u00e9 Jer\u00f4nimo Rodrigues. \u201cAqui na Bahia eu tenho candidato e meu candidato \u00e9 o companheiro Jer\u00f4nimo. E eu quero terminar dizendo que o povo baiano junto com o povo brasileiro, com a alegria que voc\u00eas demonstram na fisionomia, a gente vai derrotar o \u00f3dio e a gente vai trazer amor, a gente vai derrotar as armas e a gente vai trazer um livro, a gente vai trazer cultura com biblioteca porque somente com educa\u00e7\u00e3o \u00e9 que esse pa\u00eds se transformar\u00e1 numa grande na\u00e7\u00e3o\u201d, afirma Lula.<\/p>\n\n\n\n<p><strong>Perfil<\/strong><\/p>\n\n\n\n<p>Ao liderar as pastas estaduais de Desenvolvimento Rural e Educa\u00e7\u00e3o no governo Rui Costa, Jer\u00f4nimo Rodrigues (PT) implantou agroind\u00fastrias beneficiando mais de 700 mil pequenos produtores rurais, gerando renda para cerca de 3 milh\u00f5es de baianos. Na \u00e1rea de educa\u00e7\u00e3o criou os programas Primeiro Emprego, o Partiu Est\u00e1gio e a maior a\u00e7\u00e3o de Educa\u00e7\u00e3o Profissionalizante da hist\u00f3ria da Bahia. \u201cEu sei cuidar das pessoas e serei o governador que vai fortalecer a economia da Bahia. Estamos prontos para avan\u00e7ar ainda mais. Onde o Rui e o Wagner n\u00e3o conseguiram chegar, eu farei mais hospitais e estradas\u201d, finaliza.<\/p>\n\n\n\n<p>O candidato a governador da Bahia atuou no executivo estadual nas pastas de Ci\u00eancia e Tecnologia e Planejamento, al\u00e9m de uma posi\u00e7\u00e3o de destaque no Minist\u00e9rio de Desenvolvimento Agr\u00e1rio.<\/p>\n","protected":false},"excerpt":{"rendered":"<p>\u201cTenho experi\u00eancia de gest\u00e3o de 20 anos e o que pesa na decis\u00e3o do eleitor para escolher o pr\u00f3ximo governador \u00e9 a capacidade de fazer e transformar a vida das pessoas dando a elas oportunidades\u201d, afirma o candidato a governador da Bahia pelo PT, Jer\u00f4nimo Rodrigues, durante a conven\u00e7\u00e3o deste s\u00e1bado (30), que referendou seu [&hellip;]<\/p>\n","protected":false},"author":2,"featured_media":2370,"comment_status":"open","ping_status":"open","sticky":false,"template":"","format":"standard","meta":{"_monsterinsights_skip_tracking":false,"_monsterinsights_sitenote_active":false,"_monsterinsights_sitenote_note":"","_monsterinsights_sitenote_category":0,"footnotes":""},"categories":[34],"tags":[],"yoast_head":"<!-- This site is optimized with the Yoast SEO plugin v22.9 - https:\/\/yoast.com\/wordpress\/plugins\/seo\/ -->\n<title>Em conven\u00e7\u00e3o, Jer\u00f4nimo destaca capacidade de transformar a vida das pessoas e garantir oportunidades - Portal MF<\/title>\n<meta name=\"robots\" content=\"index, follow, max-snippet:-1, max-image-preview:large, max-video-preview:-1\" \/>\n<link rel=\"canonical\" href=\"https:\/\/portalmf.com.br\/index.php\/2022\/08\/01\/em-convencao-jeronimo-destaca-capacidade-de-transformar-a-vida-das-pessoas-e-garantir-oportunidades\/\" \/>\n<meta property=\"og:locale\" content=\"pt_BR\" \/>\n<meta property=\"og:type\" content=\"article\" \/>\n<meta property=\"og:title\" content=\"Em conven\u00e7\u00e3o, Jer\u00f4nimo destaca capacidade de transformar a vida das pessoas e garantir oportunidades - Portal MF\" \/>\n<meta property=\"og:description\" content=\"\u201cTenho experi\u00eancia de gest\u00e3o de 20 anos e o que pesa na decis\u00e3o do eleitor para escolher o pr\u00f3ximo governador \u00e9 a capacidade de fazer e transformar a vida das pessoas dando a elas oportunidades\u201d, afirma o candidato a governador da Bahia pelo PT, Jer\u00f4nimo Rodrigues, durante a conven\u00e7\u00e3o deste s\u00e1bado (30), que referendou seu [&hellip;]\" \/>\n<meta property=\"og:url\" content=\"https:\/\/portalmf.com.br\/index.php\/2022\/08\/01\/em-convencao-jeronimo-destaca-capacidade-de-transformar-a-vida-das-pessoas-e-garantir-oportunidades\/\" \/>\n<meta property=\"og:site_name\" content=\"Portal MF\" \/>\n<meta property=\"article:author\" content=\"reginaldojrfsa\" \/>\n<meta property=\"article:published_time\" content=\"2022-08-01T18:03:14+00:00\" \/>\n<meta property=\"article:modified_time\" content=\"2022-08-01T18:03:15+00:00\" \/>\n<meta property=\"og:image\" content=\"https:\/\/portalmf.com.br\/wp-content\/uploads\/2022\/08\/WhatsApp-Image-2022-07-30-at-15.09.58.jpeg\" \/>\n\t<meta property=\"og:image:width\" content=\"1280\" \/>\n\t<meta property=\"og:image:height\" content=\"853\" \/>\n\t<meta property=\"og:image:type\" content=\"image\/jpeg\" \/>\n<meta name=\"author\" content=\"Reginaldo J\u00fanior\" \/>\n<meta name=\"twitter:card\" content=\"summary_large_image\" \/>\n<meta name=\"twitter:creator\" content=\"@reginaldojrmf\" \/>\n<meta name=\"twitter:label1\" content=\"Escrito por\" \/>\n\t<meta name=\"twitter:data1\" content=\"Reginaldo J\u00fanior\" \/>\n\t<meta name=\"twitter:label2\" content=\"Est. tempo de leitura\" \/>\n\t<meta name=\"twitter:data2\" content=\"3 minutos\" \/>\n<script type=\"application\/ld+json\" class=\"yoast-schema-graph\">{\"@context\":\"https:\/\/schema.org\",\"@graph\":[{\"@type\":\"WebPage\",\"@id\":\"https:\/\/portalmf.com.br\/index.php\/2022\/08\/01\/em-convencao-jeronimo-destaca-capacidade-de-transformar-a-vida-das-pessoas-e-garantir-oportunidades\/\",\"url\":\"https:\/\/portalmf.com.br\/index.php\/2022\/08\/01\/em-convencao-jeronimo-destaca-capacidade-de-transformar-a-vida-das-pessoas-e-garantir-oportunidades\/\",\"name\":\"Em conven\u00e7\u00e3o, Jer\u00f4nimo destaca capacidade de transformar a vida das pessoas e garantir oportunidades - Portal MF\",\"isPartOf\":{\"@id\":\"https:\/\/portalmf.com.br\/#website\"},\"primaryImageOfPage\":{\"@id\":\"https:\/\/portalmf.com.br\/index.php\/2022\/08\/01\/em-convencao-jeronimo-destaca-capacidade-de-transformar-a-vida-das-pessoas-e-garantir-oportunidades\/#primaryimage\"},\"image\":{\"@id\":\"https:\/\/portalmf.com.br\/index.php\/2022\/08\/01\/em-convencao-jeronimo-destaca-capacidade-de-transformar-a-vida-das-pessoas-e-garantir-oportunidades\/#primaryimage\"},\"thumbnailUrl\":\"https:\/\/portalmf.com.br\/wp-content\/uploads\/2022\/08\/WhatsApp-Image-2022-07-30-at-15.09.58.jpeg\",\"datePublished\":\"2022-08-01T18:03:14+00:00\",\"dateModified\":\"2022-08-01T18:03:15+00:00\",\"author\":{\"@id\":\"https:\/\/portalmf.com.br\/#\/schema\/person\/11c82086fe8abc05a19147e964587285\"},\"breadcrumb\":{\"@id\":\"https:\/\/portalmf.com.br\/index.php\/2022\/08\/01\/em-convencao-jeronimo-destaca-capacidade-de-transformar-a-vida-das-pessoas-e-garantir-oportunidades\/#breadcrumb\"},\"inLanguage\":\"pt-BR\",\"potentialAction\":[{\"@type\":\"ReadAction\",\"target\":[\"https:\/\/portalmf.com.br\/index.php\/2022\/08\/01\/em-convencao-jeronimo-destaca-capacidade-de-transformar-a-vida-das-pessoas-e-garantir-oportunidades\/\"]}]},{\"@type\":\"ImageObject\",\"inLanguage\":\"pt-BR\",\"@id\":\"https:\/\/portalmf.com.br\/index.php\/2022\/08\/01\/em-convencao-jeronimo-destaca-capacidade-de-transformar-a-vida-das-pessoas-e-garantir-oportunidades\/#primaryimage\",\"url\":\"https:\/\/portalmf.com.br\/wp-content\/uploads\/2022\/08\/WhatsApp-Image-2022-07-30-at-15.09.58.jpeg\",\"contentUrl\":\"https:\/\/portalmf.com.br\/wp-content\/uploads\/2022\/08\/WhatsApp-Image-2022-07-30-at-15.09.58.jpeg\",\"width\":1280,\"height\":853,\"caption\":\"Foto: Ulisses Dumas\/Divulga\u00e7\u00e3o\"},{\"@type\":\"BreadcrumbList\",\"@id\":\"https:\/\/portalmf.com.br\/index.php\/2022\/08\/01\/em-convencao-jeronimo-destaca-capacidade-de-transformar-a-vida-das-pessoas-e-garantir-oportunidades\/#breadcrumb\",\"itemListElement\":[{\"@type\":\"ListItem\",\"position\":1,\"name\":\"In\u00edcio\",\"item\":\"https:\/\/portalmf.com.br\/\"},{\"@type\":\"ListItem\",\"position\":2,\"name\":\"Em conven\u00e7\u00e3o, Jer\u00f4nimo destaca capacidade de transformar a vida das pessoas e garantir oportunidades\"}]},{\"@type\":\"WebSite\",\"@id\":\"https:\/\/portalmf.com.br\/#website\",\"url\":\"https:\/\/portalmf.com.br\/\",\"name\":\"Portal MF\",\"description\":\"Voc\u00ea conectado com a informa\u00e7\u00e3o\",\"potentialAction\":[{\"@type\":\"SearchAction\",\"target\":{\"@type\":\"EntryPoint\",\"urlTemplate\":\"https:\/\/portalmf.com.br\/?s={search_term_string}\"},\"query-input\":\"required name=search_term_string\"}],\"inLanguage\":\"pt-BR\"},{\"@type\":\"Person\",\"@id\":\"https:\/\/portalmf.com.br\/#\/schema\/person\/11c82086fe8abc05a19147e964587285\",\"name\":\"Reginaldo J\u00fanior\",\"image\":{\"@type\":\"ImageObject\",\"inLanguage\":\"pt-BR\",\"@id\":\"https:\/\/portalmf.com.br\/#\/schema\/person\/image\/\",\"url\":\"https:\/\/secure.gravatar.com\/avatar\/32a3c797cd0ac47cc53b8644c62776f9?s=96&d=mm&r=g\",\"contentUrl\":\"https:\/\/secure.gravatar.com\/avatar\/32a3c797cd0ac47cc53b8644c62776f9?s=96&d=mm&r=g\",\"caption\":\"Reginaldo J\u00fanior\"},\"description\":\"Jornalista e idealizador Portal MF\",\"sameAs\":[\"https:\/\/portalmf.com.br\/index.php\/author\/reginaldojr\/\",\"reginaldojrfsa\",\"reginaldojuniormf\",\"https:\/\/x.com\/reginaldojrmf\"],\"url\":\"https:\/\/portalmf.com.br\/index.php\/author\/reginaldojr\/\"}]}<\/script>\n<!-- \/ Yoast SEO plugin. -->","yoast_head_json":{"title":"Em conven\u00e7\u00e3o, Jer\u00f4nimo destaca capacidade de transformar a vida das pessoas e garantir oportunidades - Portal MF","robots":{"index":"index","follow":"follow","max-snippet":"max-snippet:-1","max-image-preview":"max-image-preview:large","max-video-preview":"max-video-preview:-1"},"canonical":"https:\/\/portalmf.com.br\/index.php\/2022\/08\/01\/em-convencao-jeronimo-destaca-capacidade-de-transformar-a-vida-das-pessoas-e-garantir-oportunidades\/","og_locale":"pt_BR","og_type":"article","og_title":"Em conven\u00e7\u00e3o, Jer\u00f4nimo destaca capacidade de transformar a vida das pessoas e garantir oportunidades - Portal MF","og_description":"\u201cTenho experi\u00eancia de gest\u00e3o de 20 anos e o que pesa na decis\u00e3o do eleitor para escolher o pr\u00f3ximo governador \u00e9 a capacidade de fazer e transformar a vida das pessoas dando a elas oportunidades\u201d, afirma o candidato a governador da Bahia pelo PT, Jer\u00f4nimo Rodrigues, durante a conven\u00e7\u00e3o deste s\u00e1bado (30), que referendou seu [&hellip;]","og_url":"https:\/\/portalmf.com.br\/index.php\/2022\/08\/01\/em-convencao-jeronimo-destaca-capacidade-de-transformar-a-vida-das-pessoas-e-garantir-oportunidades\/","og_site_name":"Portal MF","article_author":"reginaldojrfsa","article_published_time":"2022-08-01T18:03:14+00:00","article_modified_time":"2022-08-01T18:03:15+00:00","og_image":[{"width":1280,"height":853,"url":"https:\/\/portalmf.com.br\/wp-content\/uploads\/2022\/08\/WhatsApp-Image-2022-07-30-at-15.09.58.jpeg","type":"image\/jpeg"}],"author":"Reginaldo J\u00fanior","twitter_card":"summary_large_image","twitter_creator":"@reginaldojrmf","twitter_misc":{"Escrito por":"Reginaldo J\u00fanior","Est. tempo de leitura":"3 minutos"},"schema":{"@context":"https:\/\/schema.org","@graph":[{"@type":"WebPage","@id":"https:\/\/portalmf.com.br\/index.php\/2022\/08\/01\/em-convencao-jeronimo-destaca-capacidade-de-transformar-a-vida-das-pessoas-e-garantir-oportunidades\/","url":"https:\/\/portalmf.com.br\/index.php\/2022\/08\/01\/em-convencao-jeronimo-destaca-capacidade-de-transformar-a-vida-das-pessoas-e-garantir-oportunidades\/","name":"Em conven\u00e7\u00e3o, Jer\u00f4nimo destaca capacidade de transformar a vida das pessoas e garantir oportunidades - Portal MF","isPartOf":{"@id":"https:\/\/portalmf.com.br\/#website"},"primaryImageOfPage":{"@id":"https:\/\/portalmf.com.br\/index.php\/2022\/08\/01\/em-convencao-jeronimo-destaca-capacidade-de-transformar-a-vida-das-pessoas-e-garantir-oportunidades\/#primaryimage"},"image":{"@id":"https:\/\/portalmf.com.br\/index.php\/2022\/08\/01\/em-convencao-jeronimo-destaca-capacidade-de-transformar-a-vida-das-pessoas-e-garantir-oportunidades\/#primaryimage"},"thumbnailUrl":"https:\/\/portalmf.com.br\/wp-content\/uploads\/2022\/08\/WhatsApp-Image-2022-07-30-at-15.09.58.jpeg","datePublished":"2022-08-01T18:03:14+00:00","dateModified":"2022-08-01T18:03:15+00:00","author":{"@id":"https:\/\/portalmf.com.br\/#\/schema\/person\/11c82086fe8abc05a19147e964587285"},"breadcrumb":{"@id":"https:\/\/portalmf.com.br\/index.php\/2022\/08\/01\/em-convencao-jeronimo-destaca-capacidade-de-transformar-a-vida-das-pessoas-e-garantir-oportunidades\/#breadcrumb"},"inLanguage":"pt-BR","potentialAction":[{"@type":"ReadAction","target":["https:\/\/portalmf.com.br\/index.php\/2022\/08\/01\/em-convencao-jeronimo-destaca-capacidade-de-transformar-a-vida-das-pessoas-e-garantir-oportunidades\/"]}]},{"@type":"ImageObject","inLanguage":"pt-BR","@id":"https:\/\/portalmf.com.br\/index.php\/2022\/08\/01\/em-convencao-jeronimo-destaca-capacidade-de-transformar-a-vida-das-pessoas-e-garantir-oportunidades\/#primaryimage","url":"https:\/\/portalmf.com.br\/wp-content\/uploads\/2022\/08\/WhatsApp-Image-2022-07-30-at-15.09.58.jpeg","contentUrl":"https:\/\/portalmf.com.br\/wp-content\/uploads\/2022\/08\/WhatsApp-Image-2022-07-30-at-15.09.58.jpeg","width":1280,"height":853,"caption":"Foto: Ulisses Dumas\/Divulga\u00e7\u00e3o"},{"@type":"BreadcrumbList","@id":"https:\/\/portalmf.com.br\/index.php\/2022\/08\/01\/em-convencao-jeronimo-destaca-capacidade-de-transformar-a-vida-das-pessoas-e-garantir-oportunidades\/#breadcrumb","itemListElement":[{"@type":"ListItem","position":1,"name":"In\u00edcio","item":"https:\/\/portalmf.com.br\/"},{"@type":"ListItem","position":2,"name":"Em conven\u00e7\u00e3o, Jer\u00f4nimo destaca capacidade de transformar a vida das pessoas e garantir oportunidades"}]},{"@type":"WebSite","@id":"https:\/\/portalmf.com.br\/#website","url":"https:\/\/portalmf.com.br\/","name":"Portal MF","description":"Voc\u00ea conectado com a informa\u00e7\u00e3o","potentialAction":[{"@type":"SearchAction","target":{"@type":"EntryPoint","urlTemplate":"https:\/\/portalmf.com.br\/?s={search_term_string}"},"query-input":"required name=search_term_string"}],"inLanguage":"pt-BR"},{"@type":"Person","@id":"https:\/\/portalmf.com.br\/#\/schema\/person\/11c82086fe8abc05a19147e964587285","name":"Reginaldo J\u00fanior","image":{"@type":"ImageObject","inLanguage":"pt-BR","@id":"https:\/\/portalmf.com.br\/#\/schema\/person\/image\/","url":"https:\/\/secure.gravatar.com\/avatar\/32a3c797cd0ac47cc53b8644c62776f9?s=96&d=mm&r=g","contentUrl":"https:\/\/secure.gravatar.com\/avatar\/32a3c797cd0ac47cc53b8644c62776f9?s=96&d=mm&r=g","caption":"Reginaldo J\u00fanior"},"description":"Jornalista e idealizador Portal MF","sameAs":["https:\/\/portalmf.com.br\/index.php\/author\/reginaldojr\/","reginaldojrfsa","reginaldojuniormf","https:\/\/x.com\/reginaldojrmf"],"url":"https:\/\/portalmf.com.br\/index.php\/author\/reginaldojr\/"}]}},"_links":{"self":[{"href":"https:\/\/portalmf.com.br\/index.php\/wp-json\/wp\/v2\/posts\/2369"}],"collection":[{"href":"https:\/\/portalmf.com.br\/index.php\/wp-json\/wp\/v2\/posts"}],"about":[{"href":"https:\/\/portalmf.com.br\/index.php\/wp-json\/wp\/v2\/types\/post"}],"author":[{"embeddable":true,"href":"https:\/\/portalmf.com.br\/index.php\/wp-json\/wp\/v2\/users\/2"}],"replies":[{"embeddable":true,"href":"https:\/\/portalmf.com.br\/index.php\/wp-json\/wp\/v2\/comments?post=2369"}],"version-history":[{"count":1,"href":"https:\/\/portalmf.com.br\/index.php\/wp-json\/wp\/v2\/posts\/2369\/revisions"}],"predecessor-version":[{"id":2371,"href":"https:\/\/portalmf.com.br\/index.php\/wp-json\/wp\/v2\/posts\/2369\/revisions\/2371"}],"wp:featuredmedia":[{"embeddable":true,"href":"https:\/\/portalmf.com.br\/index.php\/wp-json\/wp\/v2\/media\/2370"}],"wp:attachment":[{"href":"https:\/\/portalmf.com.br\/index.php\/wp-json\/wp\/v2\/media?parent=2369"}],"wp:term":[{"taxonomy":"category","embeddable":true,"href":"https:\/\/portalmf.com.br\/index.php\/wp-json\/wp\/v2\/categories?post=2369"},{"taxonomy":"post_tag","embeddable":true,"href":"https:\/\/portalmf.com.br\/index.php\/wp-json\/wp\/v2\/tags?post=2369"}],"curies":[{"name":"wp","href":"https:\/\/api.w.org\/{rel}","templated":true}]}}