{"id":2364,"date":"2022-08-01T15:01:00","date_gmt":"2022-08-01T18:01:00","guid":{"rendered":"http:\/\/portalmf.com.br\/?p=2364"},"modified":"2022-08-01T15:01:45","modified_gmt":"2022-08-01T18:01:45","slug":"otto-alencar-e-confirmado-candidato-ao-senado-compromisso-com-o-povo-da-bahia","status":"publish","type":"post","link":"https:\/\/portalmf.com.br\/index.php\/2022\/08\/01\/otto-alencar-e-confirmado-candidato-ao-senado-compromisso-com-o-povo-da-bahia\/","title":{"rendered":"Otto Alencar \u00e9 confirmado candidato ao Senado em coliga\u00e7\u00e3o com o PT"},"content":{"rendered":"\n<p>O senador Otto Alencar (PSD-BA) teve a sua candidatura \u00e0 reelei\u00e7\u00e3o confirmada em conven\u00e7\u00e3o da Chapa Juntos pela Bahia, neste s\u00e1bado (30\/7), realizada no Parque de Exposi\u00e7\u00f5es, em Salvador. Em sua fala, ele destacou com veem\u00eancia o respeito \u00e0s mulheres, defesa dos trabalhadores, da democracia, da vida, luta contra o negacionismo e o total compromisso de continuar o trabalho em sintonia com os anseios do povo baiano para que o Estado possa continuar se desenvolvendo e avan\u00e7ando.<\/p>\n\n\n\n<p>Na conven\u00e7\u00e3o, foram homologados os nomes do ex-prefeito de Ibotirama, Terence Lessa (PT), como primeiro suplente de Otto Alencar e da vereadora de Campo Formoso, Hildinha Menezes (PSD), como a segunda suplente.<\/p>\n\n\n\n<p>A Chapa Juntos pela Bahia \u00e9 encabe\u00e7ada pelo candidato ao governo Jer\u00f4nimo Rodrigues (PT) e vice-governador, Geraldo J\u00fanior (MDB). Tamb\u00e9m foram confirmados, na conven\u00e7\u00e3o, os nomes dos candidatos a deputado federal e estadual nas elei\u00e7\u00f5es deste ano.<\/p>\n\n\n\n<p>\u201cSou municipalista e municipalizei de vez a minha alian\u00e7a com os meus amigos que v\u00e3o caminhar comigo nessa reelei\u00e7\u00e3o. Quero agradecer a Deus todo poderoso por estar com voc\u00eas aqui hoje. A todo o povo que se re\u00fane nessa manh\u00e3. Viemos de metr\u00f4, atravessamos toda a Avenida Paralela. Chegamos aqui com muito entusiasmo, mas sobretudo com muita gratid\u00e3o\u201d, afirmou.<br>\u00a0<br><em>Milhares &#8211;<\/em> A conven\u00e7\u00e3o que homologou os nomes da Chapa Juntos pela Bahia reuniu milhares de pessoas no Parque de Exposi\u00e7\u00f5es. No evento, j\u00e1 candidato \u00e0 reelei\u00e7\u00e3o ao Senado, Otto Alencar, voltou a citar que o Brasil precisa superar o grave momento econ\u00f4mico, social e pol\u00edtico.<br>\u00a0<br>\u201cEstamos atravessando a pior crise institucional, econ\u00f4mica e social. S\u00e3o 10 milh\u00f5es que perderam o emprego com carteira assinada, 39 milh\u00f5es na informalidade, a infla\u00e7\u00e3o na lua, o d\u00f3lar subindo. E, de \u00faltima hora, o presidente da Rep\u00fablica faz um projeto para enganar de novo quem passou mais de dois anos comprando gasolina, g\u00e1s de cozinha e diesel nas alturas\u201d, ressaltou.<br>\u00a0<br>Luta contra carestia &#8211; Otto Alencar destacou a sua luta no Senado para garantir, no in\u00edcio da pandemia, R$ 600,00 de ajuda aos brasileiros necessitados em decorr\u00eancia da crise econ\u00f4mica agravada pelas pol\u00edticas p\u00fablicas adotadas pelo governo do presidente, Jair Bolsonaro.<br>\u00a0<br>\u201cAgora, ele vem de mansinho querer enganar de novo o povo e o povo da Bahia n\u00e3o vai se enganar. Jamais vai se enganar. N\u00f3s lutamos, ao lado de todos nossos amigos para poder dar condi\u00e7\u00e3o na pandemia de ter o aux\u00edlio emergencial de seiscentos reais. Mas o presidente mandou R$ 200,00. N\u00f3s aprovamos, R$ 600,00. Perversamente, ele diminuiu para R$ 300,00 e s\u00f3 agora vieram os R$ 600,00\u201d, disse.<br>\u00a0<br>De acordo com Otto Alencar, n\u00e3o \u00e9 aceit\u00e1vel um Pa\u00eds como o Brasil, um dos maiores produtores de alimentos e gr\u00e3os do mundo, ter milhares de pessoas passando fome\u201d. Segundo ele, eleger o ex-presidente da Rep\u00fablica, Luiz In\u00e1cio Lula da Silva, \u00e9 fundamental para que o Brasil saia do mapa da fome novamente e gere mais emprego e renda.<br>\u00a0<br>\u201cQuem tem trabalho sai da fome porque tem sal\u00e1rio para sustentar a fam\u00edlia\u201d, disse. \u201cVamos juntos, com a for\u00e7a do povo, eleger Lula presidente\u201d, salientou.<br>\u00a0<br>Na conven\u00e7\u00e3o, Otto Alencar destacou ainda sua luta em defesa dos trabalhadores e lembrou que votou contra as reformas da previd\u00eancia e trabalhista, que retiraram direitos fundamentais e penalizaram aposentados, pensionistas e o conjunto da classe trabalhadora.<\/p>\n","protected":false},"excerpt":{"rendered":"<p>O senador Otto Alencar (PSD-BA) teve a sua candidatura \u00e0 reelei\u00e7\u00e3o confirmada em conven\u00e7\u00e3o da Chapa Juntos pela Bahia, neste s\u00e1bado (30\/7), realizada no Parque de Exposi\u00e7\u00f5es, em Salvador. Em sua fala, ele destacou com veem\u00eancia o respeito \u00e0s mulheres, defesa dos trabalhadores, da democracia, da vida, luta contra o negacionismo e o total compromisso [&hellip;]<\/p>\n","protected":false},"author":2,"featured_media":2365,"comment_status":"open","ping_status":"open","sticky":false,"template":"","format":"standard","meta":{"_monsterinsights_skip_tracking":false,"_monsterinsights_sitenote_active":false,"_monsterinsights_sitenote_note":"","_monsterinsights_sitenote_category":0,"footnotes":""},"categories":[34],"tags":[],"yoast_head":"<!-- This site is optimized with the Yoast SEO plugin v22.9 - https:\/\/yoast.com\/wordpress\/plugins\/seo\/ -->\n<title>Otto Alencar \u00e9 confirmado candidato ao Senado em coliga\u00e7\u00e3o com o PT - Portal MF<\/title>\n<meta name=\"robots\" content=\"index, follow, max-snippet:-1, max-image-preview:large, max-video-preview:-1\" \/>\n<link rel=\"canonical\" href=\"https:\/\/portalmf.com.br\/index.php\/2022\/08\/01\/otto-alencar-e-confirmado-candidato-ao-senado-compromisso-com-o-povo-da-bahia\/\" \/>\n<meta property=\"og:locale\" content=\"pt_BR\" \/>\n<meta property=\"og:type\" content=\"article\" \/>\n<meta property=\"og:title\" content=\"Otto Alencar \u00e9 confirmado candidato ao Senado em coliga\u00e7\u00e3o com o PT - Portal MF\" \/>\n<meta property=\"og:description\" content=\"O senador Otto Alencar (PSD-BA) teve a sua candidatura \u00e0 reelei\u00e7\u00e3o confirmada em conven\u00e7\u00e3o da Chapa Juntos pela Bahia, neste s\u00e1bado (30\/7), realizada no Parque de Exposi\u00e7\u00f5es, em Salvador. Em sua fala, ele destacou com veem\u00eancia o respeito \u00e0s mulheres, defesa dos trabalhadores, da democracia, da vida, luta contra o negacionismo e o total compromisso [&hellip;]\" \/>\n<meta property=\"og:url\" content=\"https:\/\/portalmf.com.br\/index.php\/2022\/08\/01\/otto-alencar-e-confirmado-candidato-ao-senado-compromisso-com-o-povo-da-bahia\/\" \/>\n<meta property=\"og:site_name\" content=\"Portal MF\" \/>\n<meta property=\"article:author\" content=\"reginaldojrfsa\" \/>\n<meta property=\"article:published_time\" content=\"2022-08-01T18:01:00+00:00\" \/>\n<meta property=\"article:modified_time\" content=\"2022-08-01T18:01:45+00:00\" \/>\n<meta property=\"og:image\" content=\"https:\/\/portalmf.com.br\/wp-content\/uploads\/2022\/08\/WhatsApp-Image-2022-07-30-at-16.51.56.jpeg\" \/>\n\t<meta property=\"og:image:width\" content=\"1024\" \/>\n\t<meta property=\"og:image:height\" content=\"683\" \/>\n\t<meta property=\"og:image:type\" content=\"image\/jpeg\" \/>\n<meta name=\"author\" content=\"Reginaldo J\u00fanior\" \/>\n<meta name=\"twitter:card\" content=\"summary_large_image\" \/>\n<meta name=\"twitter:creator\" content=\"@reginaldojrmf\" \/>\n<meta name=\"twitter:label1\" content=\"Escrito por\" \/>\n\t<meta name=\"twitter:data1\" content=\"Reginaldo J\u00fanior\" \/>\n\t<meta name=\"twitter:label2\" content=\"Est. tempo de leitura\" \/>\n\t<meta name=\"twitter:data2\" content=\"3 minutos\" \/>\n<script type=\"application\/ld+json\" class=\"yoast-schema-graph\">{\"@context\":\"https:\/\/schema.org\",\"@graph\":[{\"@type\":\"WebPage\",\"@id\":\"https:\/\/portalmf.com.br\/index.php\/2022\/08\/01\/otto-alencar-e-confirmado-candidato-ao-senado-compromisso-com-o-povo-da-bahia\/\",\"url\":\"https:\/\/portalmf.com.br\/index.php\/2022\/08\/01\/otto-alencar-e-confirmado-candidato-ao-senado-compromisso-com-o-povo-da-bahia\/\",\"name\":\"Otto Alencar \u00e9 confirmado candidato ao Senado em coliga\u00e7\u00e3o com o PT - Portal MF\",\"isPartOf\":{\"@id\":\"https:\/\/portalmf.com.br\/#website\"},\"primaryImageOfPage\":{\"@id\":\"https:\/\/portalmf.com.br\/index.php\/2022\/08\/01\/otto-alencar-e-confirmado-candidato-ao-senado-compromisso-com-o-povo-da-bahia\/#primaryimage\"},\"image\":{\"@id\":\"https:\/\/portalmf.com.br\/index.php\/2022\/08\/01\/otto-alencar-e-confirmado-candidato-ao-senado-compromisso-com-o-povo-da-bahia\/#primaryimage\"},\"thumbnailUrl\":\"https:\/\/portalmf.com.br\/wp-content\/uploads\/2022\/08\/WhatsApp-Image-2022-07-30-at-16.51.56.jpeg\",\"datePublished\":\"2022-08-01T18:01:00+00:00\",\"dateModified\":\"2022-08-01T18:01:45+00:00\",\"author\":{\"@id\":\"https:\/\/portalmf.com.br\/#\/schema\/person\/11c82086fe8abc05a19147e964587285\"},\"breadcrumb\":{\"@id\":\"https:\/\/portalmf.com.br\/index.php\/2022\/08\/01\/otto-alencar-e-confirmado-candidato-ao-senado-compromisso-com-o-povo-da-bahia\/#breadcrumb\"},\"inLanguage\":\"pt-BR\",\"potentialAction\":[{\"@type\":\"ReadAction\",\"target\":[\"https:\/\/portalmf.com.br\/index.php\/2022\/08\/01\/otto-alencar-e-confirmado-candidato-ao-senado-compromisso-com-o-povo-da-bahia\/\"]}]},{\"@type\":\"ImageObject\",\"inLanguage\":\"pt-BR\",\"@id\":\"https:\/\/portalmf.com.br\/index.php\/2022\/08\/01\/otto-alencar-e-confirmado-candidato-ao-senado-compromisso-com-o-povo-da-bahia\/#primaryimage\",\"url\":\"https:\/\/portalmf.com.br\/wp-content\/uploads\/2022\/08\/WhatsApp-Image-2022-07-30-at-16.51.56.jpeg\",\"contentUrl\":\"https:\/\/portalmf.com.br\/wp-content\/uploads\/2022\/08\/WhatsApp-Image-2022-07-30-at-16.51.56.jpeg\",\"width\":1024,\"height\":683,\"caption\":\"Fotos: Matheus Souza\/Divulga\u00e7\u00e3o\"},{\"@type\":\"BreadcrumbList\",\"@id\":\"https:\/\/portalmf.com.br\/index.php\/2022\/08\/01\/otto-alencar-e-confirmado-candidato-ao-senado-compromisso-com-o-povo-da-bahia\/#breadcrumb\",\"itemListElement\":[{\"@type\":\"ListItem\",\"position\":1,\"name\":\"In\u00edcio\",\"item\":\"https:\/\/portalmf.com.br\/\"},{\"@type\":\"ListItem\",\"position\":2,\"name\":\"Otto Alencar \u00e9 confirmado candidato ao Senado em coliga\u00e7\u00e3o com o PT\"}]},{\"@type\":\"WebSite\",\"@id\":\"https:\/\/portalmf.com.br\/#website\",\"url\":\"https:\/\/portalmf.com.br\/\",\"name\":\"Portal MF\",\"description\":\"Voc\u00ea conectado com a informa\u00e7\u00e3o\",\"potentialAction\":[{\"@type\":\"SearchAction\",\"target\":{\"@type\":\"EntryPoint\",\"urlTemplate\":\"https:\/\/portalmf.com.br\/?s={search_term_string}\"},\"query-input\":\"required name=search_term_string\"}],\"inLanguage\":\"pt-BR\"},{\"@type\":\"Person\",\"@id\":\"https:\/\/portalmf.com.br\/#\/schema\/person\/11c82086fe8abc05a19147e964587285\",\"name\":\"Reginaldo J\u00fanior\",\"image\":{\"@type\":\"ImageObject\",\"inLanguage\":\"pt-BR\",\"@id\":\"https:\/\/portalmf.com.br\/#\/schema\/person\/image\/\",\"url\":\"https:\/\/secure.gravatar.com\/avatar\/32a3c797cd0ac47cc53b8644c62776f9?s=96&d=mm&r=g\",\"contentUrl\":\"https:\/\/secure.gravatar.com\/avatar\/32a3c797cd0ac47cc53b8644c62776f9?s=96&d=mm&r=g\",\"caption\":\"Reginaldo J\u00fanior\"},\"description\":\"Jornalista e idealizador Portal MF\",\"sameAs\":[\"https:\/\/portalmf.com.br\/index.php\/author\/reginaldojr\/\",\"reginaldojrfsa\",\"reginaldojuniormf\",\"https:\/\/x.com\/reginaldojrmf\"],\"url\":\"https:\/\/portalmf.com.br\/index.php\/author\/reginaldojr\/\"}]}<\/script>\n<!-- \/ Yoast SEO plugin. -->","yoast_head_json":{"title":"Otto Alencar \u00e9 confirmado candidato ao Senado em coliga\u00e7\u00e3o com o PT - Portal MF","robots":{"index":"index","follow":"follow","max-snippet":"max-snippet:-1","max-image-preview":"max-image-preview:large","max-video-preview":"max-video-preview:-1"},"canonical":"https:\/\/portalmf.com.br\/index.php\/2022\/08\/01\/otto-alencar-e-confirmado-candidato-ao-senado-compromisso-com-o-povo-da-bahia\/","og_locale":"pt_BR","og_type":"article","og_title":"Otto Alencar \u00e9 confirmado candidato ao Senado em coliga\u00e7\u00e3o com o PT - Portal MF","og_description":"O senador Otto Alencar (PSD-BA) teve a sua candidatura \u00e0 reelei\u00e7\u00e3o confirmada em conven\u00e7\u00e3o da Chapa Juntos pela Bahia, neste s\u00e1bado (30\/7), realizada no Parque de Exposi\u00e7\u00f5es, em Salvador. Em sua fala, ele destacou com veem\u00eancia o respeito \u00e0s mulheres, defesa dos trabalhadores, da democracia, da vida, luta contra o negacionismo e o total compromisso [&hellip;]","og_url":"https:\/\/portalmf.com.br\/index.php\/2022\/08\/01\/otto-alencar-e-confirmado-candidato-ao-senado-compromisso-com-o-povo-da-bahia\/","og_site_name":"Portal MF","article_author":"reginaldojrfsa","article_published_time":"2022-08-01T18:01:00+00:00","article_modified_time":"2022-08-01T18:01:45+00:00","og_image":[{"width":1024,"height":683,"url":"https:\/\/portalmf.com.br\/wp-content\/uploads\/2022\/08\/WhatsApp-Image-2022-07-30-at-16.51.56.jpeg","type":"image\/jpeg"}],"author":"Reginaldo J\u00fanior","twitter_card":"summary_large_image","twitter_creator":"@reginaldojrmf","twitter_misc":{"Escrito por":"Reginaldo J\u00fanior","Est. tempo de leitura":"3 minutos"},"schema":{"@context":"https:\/\/schema.org","@graph":[{"@type":"WebPage","@id":"https:\/\/portalmf.com.br\/index.php\/2022\/08\/01\/otto-alencar-e-confirmado-candidato-ao-senado-compromisso-com-o-povo-da-bahia\/","url":"https:\/\/portalmf.com.br\/index.php\/2022\/08\/01\/otto-alencar-e-confirmado-candidato-ao-senado-compromisso-com-o-povo-da-bahia\/","name":"Otto Alencar \u00e9 confirmado candidato ao Senado em coliga\u00e7\u00e3o com o PT - Portal MF","isPartOf":{"@id":"https:\/\/portalmf.com.br\/#website"},"primaryImageOfPage":{"@id":"https:\/\/portalmf.com.br\/index.php\/2022\/08\/01\/otto-alencar-e-confirmado-candidato-ao-senado-compromisso-com-o-povo-da-bahia\/#primaryimage"},"image":{"@id":"https:\/\/portalmf.com.br\/index.php\/2022\/08\/01\/otto-alencar-e-confirmado-candidato-ao-senado-compromisso-com-o-povo-da-bahia\/#primaryimage"},"thumbnailUrl":"https:\/\/portalmf.com.br\/wp-content\/uploads\/2022\/08\/WhatsApp-Image-2022-07-30-at-16.51.56.jpeg","datePublished":"2022-08-01T18:01:00+00:00","dateModified":"2022-08-01T18:01:45+00:00","author":{"@id":"https:\/\/portalmf.com.br\/#\/schema\/person\/11c82086fe8abc05a19147e964587285"},"breadcrumb":{"@id":"https:\/\/portalmf.com.br\/index.php\/2022\/08\/01\/otto-alencar-e-confirmado-candidato-ao-senado-compromisso-com-o-povo-da-bahia\/#breadcrumb"},"inLanguage":"pt-BR","potentialAction":[{"@type":"ReadAction","target":["https:\/\/portalmf.com.br\/index.php\/2022\/08\/01\/otto-alencar-e-confirmado-candidato-ao-senado-compromisso-com-o-povo-da-bahia\/"]}]},{"@type":"ImageObject","inLanguage":"pt-BR","@id":"https:\/\/portalmf.com.br\/index.php\/2022\/08\/01\/otto-alencar-e-confirmado-candidato-ao-senado-compromisso-com-o-povo-da-bahia\/#primaryimage","url":"https:\/\/portalmf.com.br\/wp-content\/uploads\/2022\/08\/WhatsApp-Image-2022-07-30-at-16.51.56.jpeg","contentUrl":"https:\/\/portalmf.com.br\/wp-content\/uploads\/2022\/08\/WhatsApp-Image-2022-07-30-at-16.51.56.jpeg","width":1024,"height":683,"caption":"Fotos: Matheus Souza\/Divulga\u00e7\u00e3o"},{"@type":"BreadcrumbList","@id":"https:\/\/portalmf.com.br\/index.php\/2022\/08\/01\/otto-alencar-e-confirmado-candidato-ao-senado-compromisso-com-o-povo-da-bahia\/#breadcrumb","itemListElement":[{"@type":"ListItem","position":1,"name":"In\u00edcio","item":"https:\/\/portalmf.com.br\/"},{"@type":"ListItem","position":2,"name":"Otto Alencar \u00e9 confirmado candidato ao Senado em coliga\u00e7\u00e3o com o PT"}]},{"@type":"WebSite","@id":"https:\/\/portalmf.com.br\/#website","url":"https:\/\/portalmf.com.br\/","name":"Portal MF","description":"Voc\u00ea conectado com a informa\u00e7\u00e3o","potentialAction":[{"@type":"SearchAction","target":{"@type":"EntryPoint","urlTemplate":"https:\/\/portalmf.com.br\/?s={search_term_string}"},"query-input":"required name=search_term_string"}],"inLanguage":"pt-BR"},{"@type":"Person","@id":"https:\/\/portalmf.com.br\/#\/schema\/person\/11c82086fe8abc05a19147e964587285","name":"Reginaldo J\u00fanior","image":{"@type":"ImageObject","inLanguage":"pt-BR","@id":"https:\/\/portalmf.com.br\/#\/schema\/person\/image\/","url":"https:\/\/secure.gravatar.com\/avatar\/32a3c797cd0ac47cc53b8644c62776f9?s=96&d=mm&r=g","contentUrl":"https:\/\/secure.gravatar.com\/avatar\/32a3c797cd0ac47cc53b8644c62776f9?s=96&d=mm&r=g","caption":"Reginaldo J\u00fanior"},"description":"Jornalista e idealizador Portal MF","sameAs":["https:\/\/portalmf.com.br\/index.php\/author\/reginaldojr\/","reginaldojrfsa","reginaldojuniormf","https:\/\/x.com\/reginaldojrmf"],"url":"https:\/\/portalmf.com.br\/index.php\/author\/reginaldojr\/"}]}},"_links":{"self":[{"href":"https:\/\/portalmf.com.br\/index.php\/wp-json\/wp\/v2\/posts\/2364"}],"collection":[{"href":"https:\/\/portalmf.com.br\/index.php\/wp-json\/wp\/v2\/posts"}],"about":[{"href":"https:\/\/portalmf.com.br\/index.php\/wp-json\/wp\/v2\/types\/post"}],"author":[{"embeddable":true,"href":"https:\/\/portalmf.com.br\/index.php\/wp-json\/wp\/v2\/users\/2"}],"replies":[{"embeddable":true,"href":"https:\/\/portalmf.com.br\/index.php\/wp-json\/wp\/v2\/comments?post=2364"}],"version-history":[{"count":3,"href":"https:\/\/portalmf.com.br\/index.php\/wp-json\/wp\/v2\/posts\/2364\/revisions"}],"predecessor-version":[{"id":2368,"href":"https:\/\/portalmf.com.br\/index.php\/wp-json\/wp\/v2\/posts\/2364\/revisions\/2368"}],"wp:featuredmedia":[{"embeddable":true,"href":"https:\/\/portalmf.com.br\/index.php\/wp-json\/wp\/v2\/media\/2365"}],"wp:attachment":[{"href":"https:\/\/portalmf.com.br\/index.php\/wp-json\/wp\/v2\/media?parent=2364"}],"wp:term":[{"taxonomy":"category","embeddable":true,"href":"https:\/\/portalmf.com.br\/index.php\/wp-json\/wp\/v2\/categories?post=2364"},{"taxonomy":"post_tag","embeddable":true,"href":"https:\/\/portalmf.com.br\/index.php\/wp-json\/wp\/v2\/tags?post=2364"}],"curies":[{"name":"wp","href":"https:\/\/api.w.org\/{rel}","templated":true}]}}