{"id":2358,"date":"2022-08-01T12:07:13","date_gmt":"2022-08-01T15:07:13","guid":{"rendered":"http:\/\/portalmf.com.br\/?p=2358"},"modified":"2022-08-01T12:07:14","modified_gmt":"2022-08-01T15:07:14","slug":"a-nossa-convencao-sera-mais-um-passo-na-direcao-da-mudanca-que-a-bahia-tanto-quer-diz-marcelo-guimaraes-filho","status":"publish","type":"post","link":"https:\/\/portalmf.com.br\/index.php\/2022\/08\/01\/a-nossa-convencao-sera-mais-um-passo-na-direcao-da-mudanca-que-a-bahia-tanto-quer-diz-marcelo-guimaraes-filho\/","title":{"rendered":"\u201cA nossa conven\u00e7\u00e3o ser\u00e1 mais um passo na dire\u00e7\u00e3o da mudan\u00e7a que a Bahia tanto quer\u201d, diz Marcelo Guimar\u00e3es Filho"},"content":{"rendered":"\n<p>O pr\u00e9-candidato a deputado federal, Marcelo Guimar\u00e3es Filho (Uni\u00e3o Brasil), tem utilizado suas redes sociais para convidar apoiadores, amigos e lideran\u00e7as pol\u00edticas para a conven\u00e7\u00e3o do partido, programada a pr\u00f3xima sexta-feira, dia 5.<\/p>\n\n\n\n<p>O Uni\u00e3o Brasil vai confirmar, em sua conven\u00e7\u00e3o, o nome do ex-prefeito de Salvador, ACM Neto, para a disputa do Governo da Bahia. Nesse mesmo dia, tamb\u00e9m ser\u00e3o confirmados os nomes de Cac\u00e1 Le\u00e3o (PP), para o Senado, al\u00e9m dos candidatos a deputado federal e estadual. O evento ser\u00e1 no Centro de Conven\u00e7\u00f5es, na Boca do Rio, em Salvador.<\/p>\n\n\n\n<p>Marcelo Guimar\u00e3es Filho tamb\u00e9m tem aproveitado suas viagens pelo interior do estado para convidar as lideran\u00e7as locais. Algumas caravanas, de diferentes regi\u00f5es da Bahia, est\u00e3o se organizando para participar da conven\u00e7\u00e3o.<\/p>\n\n\n\n<p><strong>NOVO RUMO<\/strong><\/p>\n\n\n\n<p>Para o pr\u00e9-candidato, Marcelo Guimar\u00e3es Filho, a conven\u00e7\u00e3o do Uni\u00e3o Brasil, com a confirma\u00e7\u00e3o do nome de ACM Neto como candidato ao Governo da Bahia, atende aos anseios da popula\u00e7\u00e3o baiana.<\/p>\n\n\n\n<p>\u201cA Bahia n\u00e3o suporta mais tantos desmandos. O estado vive h\u00e1 16 anos em uma condi\u00e7\u00e3o de caos. Seja na educa\u00e7\u00e3o, seja na seguran\u00e7a p\u00fablica e pior ainda na sa\u00fade. A nossa conven\u00e7\u00e3o ser\u00e1 mais um passo na dire\u00e7\u00e3o da mudan\u00e7a que a Bahia tanto quer\u201d, disse.<\/p>\n\n\n\n<p>A conven\u00e7\u00e3o do Uni\u00e3o Brasil ter\u00e1 in\u00edcio \u00e0s 9 horas.<\/p>\n","protected":false},"excerpt":{"rendered":"<p>O pr\u00e9-candidato a deputado federal, Marcelo Guimar\u00e3es Filho (Uni\u00e3o Brasil), tem utilizado suas redes sociais para convidar apoiadores, amigos e lideran\u00e7as pol\u00edticas para a conven\u00e7\u00e3o do partido, programada a pr\u00f3xima sexta-feira, dia 5. O Uni\u00e3o Brasil vai confirmar, em sua conven\u00e7\u00e3o, o nome do ex-prefeito de Salvador, ACM Neto, para a disputa do Governo da [&hellip;]<\/p>\n","protected":false},"author":2,"featured_media":2359,"comment_status":"open","ping_status":"open","sticky":false,"template":"","format":"standard","meta":{"_monsterinsights_skip_tracking":false,"_monsterinsights_sitenote_active":false,"_monsterinsights_sitenote_note":"","_monsterinsights_sitenote_category":0,"footnotes":""},"categories":[34],"tags":[],"yoast_head":"<!-- This site is optimized with the Yoast SEO plugin v22.9 - https:\/\/yoast.com\/wordpress\/plugins\/seo\/ -->\n<title>\u201cA nossa conven\u00e7\u00e3o ser\u00e1 mais um passo na dire\u00e7\u00e3o da mudan\u00e7a que a Bahia tanto quer\u201d, diz Marcelo Guimar\u00e3es Filho - Portal MF<\/title>\n<meta name=\"robots\" content=\"index, follow, max-snippet:-1, max-image-preview:large, max-video-preview:-1\" \/>\n<link rel=\"canonical\" href=\"https:\/\/portalmf.com.br\/index.php\/2022\/08\/01\/a-nossa-convencao-sera-mais-um-passo-na-direcao-da-mudanca-que-a-bahia-tanto-quer-diz-marcelo-guimaraes-filho\/\" \/>\n<meta property=\"og:locale\" content=\"pt_BR\" \/>\n<meta property=\"og:type\" content=\"article\" \/>\n<meta property=\"og:title\" content=\"\u201cA nossa conven\u00e7\u00e3o ser\u00e1 mais um passo na dire\u00e7\u00e3o da mudan\u00e7a que a Bahia tanto quer\u201d, diz Marcelo Guimar\u00e3es Filho - Portal MF\" \/>\n<meta property=\"og:description\" content=\"O pr\u00e9-candidato a deputado federal, Marcelo Guimar\u00e3es Filho (Uni\u00e3o Brasil), tem utilizado suas redes sociais para convidar apoiadores, amigos e lideran\u00e7as pol\u00edticas para a conven\u00e7\u00e3o do partido, programada a pr\u00f3xima sexta-feira, dia 5. O Uni\u00e3o Brasil vai confirmar, em sua conven\u00e7\u00e3o, o nome do ex-prefeito de Salvador, ACM Neto, para a disputa do Governo da [&hellip;]\" \/>\n<meta property=\"og:url\" content=\"https:\/\/portalmf.com.br\/index.php\/2022\/08\/01\/a-nossa-convencao-sera-mais-um-passo-na-direcao-da-mudanca-que-a-bahia-tanto-quer-diz-marcelo-guimaraes-filho\/\" \/>\n<meta property=\"og:site_name\" content=\"Portal MF\" \/>\n<meta property=\"article:author\" content=\"reginaldojrfsa\" \/>\n<meta property=\"article:published_time\" content=\"2022-08-01T15:07:13+00:00\" \/>\n<meta property=\"article:modified_time\" content=\"2022-08-01T15:07:14+00:00\" \/>\n<meta property=\"og:image\" content=\"https:\/\/portalmf.com.br\/wp-content\/uploads\/2022\/08\/WhatsApp-Image-2022-08-01-at-11.27.02.jpeg\" \/>\n\t<meta property=\"og:image:width\" content=\"1280\" \/>\n\t<meta property=\"og:image:height\" content=\"853\" \/>\n\t<meta property=\"og:image:type\" content=\"image\/jpeg\" \/>\n<meta name=\"author\" content=\"Reginaldo J\u00fanior\" \/>\n<meta name=\"twitter:card\" content=\"summary_large_image\" \/>\n<meta name=\"twitter:creator\" content=\"@reginaldojrmf\" \/>\n<meta name=\"twitter:label1\" content=\"Escrito por\" \/>\n\t<meta name=\"twitter:data1\" content=\"Reginaldo J\u00fanior\" \/>\n\t<meta name=\"twitter:label2\" content=\"Est. tempo de leitura\" \/>\n\t<meta name=\"twitter:data2\" content=\"1 minuto\" \/>\n<script type=\"application\/ld+json\" class=\"yoast-schema-graph\">{\"@context\":\"https:\/\/schema.org\",\"@graph\":[{\"@type\":\"WebPage\",\"@id\":\"https:\/\/portalmf.com.br\/index.php\/2022\/08\/01\/a-nossa-convencao-sera-mais-um-passo-na-direcao-da-mudanca-que-a-bahia-tanto-quer-diz-marcelo-guimaraes-filho\/\",\"url\":\"https:\/\/portalmf.com.br\/index.php\/2022\/08\/01\/a-nossa-convencao-sera-mais-um-passo-na-direcao-da-mudanca-que-a-bahia-tanto-quer-diz-marcelo-guimaraes-filho\/\",\"name\":\"\u201cA nossa conven\u00e7\u00e3o ser\u00e1 mais um passo na dire\u00e7\u00e3o da mudan\u00e7a que a Bahia tanto quer\u201d, diz Marcelo Guimar\u00e3es Filho - Portal MF\",\"isPartOf\":{\"@id\":\"https:\/\/portalmf.com.br\/#website\"},\"primaryImageOfPage\":{\"@id\":\"https:\/\/portalmf.com.br\/index.php\/2022\/08\/01\/a-nossa-convencao-sera-mais-um-passo-na-direcao-da-mudanca-que-a-bahia-tanto-quer-diz-marcelo-guimaraes-filho\/#primaryimage\"},\"image\":{\"@id\":\"https:\/\/portalmf.com.br\/index.php\/2022\/08\/01\/a-nossa-convencao-sera-mais-um-passo-na-direcao-da-mudanca-que-a-bahia-tanto-quer-diz-marcelo-guimaraes-filho\/#primaryimage\"},\"thumbnailUrl\":\"https:\/\/portalmf.com.br\/wp-content\/uploads\/2022\/08\/WhatsApp-Image-2022-08-01-at-11.27.02.jpeg\",\"datePublished\":\"2022-08-01T15:07:13+00:00\",\"dateModified\":\"2022-08-01T15:07:14+00:00\",\"author\":{\"@id\":\"https:\/\/portalmf.com.br\/#\/schema\/person\/11c82086fe8abc05a19147e964587285\"},\"breadcrumb\":{\"@id\":\"https:\/\/portalmf.com.br\/index.php\/2022\/08\/01\/a-nossa-convencao-sera-mais-um-passo-na-direcao-da-mudanca-que-a-bahia-tanto-quer-diz-marcelo-guimaraes-filho\/#breadcrumb\"},\"inLanguage\":\"pt-BR\",\"potentialAction\":[{\"@type\":\"ReadAction\",\"target\":[\"https:\/\/portalmf.com.br\/index.php\/2022\/08\/01\/a-nossa-convencao-sera-mais-um-passo-na-direcao-da-mudanca-que-a-bahia-tanto-quer-diz-marcelo-guimaraes-filho\/\"]}]},{\"@type\":\"ImageObject\",\"inLanguage\":\"pt-BR\",\"@id\":\"https:\/\/portalmf.com.br\/index.php\/2022\/08\/01\/a-nossa-convencao-sera-mais-um-passo-na-direcao-da-mudanca-que-a-bahia-tanto-quer-diz-marcelo-guimaraes-filho\/#primaryimage\",\"url\":\"https:\/\/portalmf.com.br\/wp-content\/uploads\/2022\/08\/WhatsApp-Image-2022-08-01-at-11.27.02.jpeg\",\"contentUrl\":\"https:\/\/portalmf.com.br\/wp-content\/uploads\/2022\/08\/WhatsApp-Image-2022-08-01-at-11.27.02.jpeg\",\"width\":1280,\"height\":853},{\"@type\":\"BreadcrumbList\",\"@id\":\"https:\/\/portalmf.com.br\/index.php\/2022\/08\/01\/a-nossa-convencao-sera-mais-um-passo-na-direcao-da-mudanca-que-a-bahia-tanto-quer-diz-marcelo-guimaraes-filho\/#breadcrumb\",\"itemListElement\":[{\"@type\":\"ListItem\",\"position\":1,\"name\":\"In\u00edcio\",\"item\":\"https:\/\/portalmf.com.br\/\"},{\"@type\":\"ListItem\",\"position\":2,\"name\":\"\u201cA nossa conven\u00e7\u00e3o ser\u00e1 mais um passo na dire\u00e7\u00e3o da mudan\u00e7a que a Bahia tanto quer\u201d, diz Marcelo Guimar\u00e3es Filho\"}]},{\"@type\":\"WebSite\",\"@id\":\"https:\/\/portalmf.com.br\/#website\",\"url\":\"https:\/\/portalmf.com.br\/\",\"name\":\"Portal MF\",\"description\":\"Voc\u00ea conectado com a informa\u00e7\u00e3o\",\"potentialAction\":[{\"@type\":\"SearchAction\",\"target\":{\"@type\":\"EntryPoint\",\"urlTemplate\":\"https:\/\/portalmf.com.br\/?s={search_term_string}\"},\"query-input\":\"required name=search_term_string\"}],\"inLanguage\":\"pt-BR\"},{\"@type\":\"Person\",\"@id\":\"https:\/\/portalmf.com.br\/#\/schema\/person\/11c82086fe8abc05a19147e964587285\",\"name\":\"Reginaldo J\u00fanior\",\"image\":{\"@type\":\"ImageObject\",\"inLanguage\":\"pt-BR\",\"@id\":\"https:\/\/portalmf.com.br\/#\/schema\/person\/image\/\",\"url\":\"https:\/\/secure.gravatar.com\/avatar\/32a3c797cd0ac47cc53b8644c62776f9?s=96&d=mm&r=g\",\"contentUrl\":\"https:\/\/secure.gravatar.com\/avatar\/32a3c797cd0ac47cc53b8644c62776f9?s=96&d=mm&r=g\",\"caption\":\"Reginaldo J\u00fanior\"},\"description\":\"Jornalista e idealizador Portal MF\",\"sameAs\":[\"https:\/\/portalmf.com.br\/index.php\/author\/reginaldojr\/\",\"reginaldojrfsa\",\"reginaldojuniormf\",\"https:\/\/x.com\/reginaldojrmf\"],\"url\":\"https:\/\/portalmf.com.br\/index.php\/author\/reginaldojr\/\"}]}<\/script>\n<!-- \/ Yoast SEO plugin. -->","yoast_head_json":{"title":"\u201cA nossa conven\u00e7\u00e3o ser\u00e1 mais um passo na dire\u00e7\u00e3o da mudan\u00e7a que a Bahia tanto quer\u201d, diz Marcelo Guimar\u00e3es Filho - Portal MF","robots":{"index":"index","follow":"follow","max-snippet":"max-snippet:-1","max-image-preview":"max-image-preview:large","max-video-preview":"max-video-preview:-1"},"canonical":"https:\/\/portalmf.com.br\/index.php\/2022\/08\/01\/a-nossa-convencao-sera-mais-um-passo-na-direcao-da-mudanca-que-a-bahia-tanto-quer-diz-marcelo-guimaraes-filho\/","og_locale":"pt_BR","og_type":"article","og_title":"\u201cA nossa conven\u00e7\u00e3o ser\u00e1 mais um passo na dire\u00e7\u00e3o da mudan\u00e7a que a Bahia tanto quer\u201d, diz Marcelo Guimar\u00e3es Filho - Portal MF","og_description":"O pr\u00e9-candidato a deputado federal, Marcelo Guimar\u00e3es Filho (Uni\u00e3o Brasil), tem utilizado suas redes sociais para convidar apoiadores, amigos e lideran\u00e7as pol\u00edticas para a conven\u00e7\u00e3o do partido, programada a pr\u00f3xima sexta-feira, dia 5. O Uni\u00e3o Brasil vai confirmar, em sua conven\u00e7\u00e3o, o nome do ex-prefeito de Salvador, ACM Neto, para a disputa do Governo da [&hellip;]","og_url":"https:\/\/portalmf.com.br\/index.php\/2022\/08\/01\/a-nossa-convencao-sera-mais-um-passo-na-direcao-da-mudanca-que-a-bahia-tanto-quer-diz-marcelo-guimaraes-filho\/","og_site_name":"Portal MF","article_author":"reginaldojrfsa","article_published_time":"2022-08-01T15:07:13+00:00","article_modified_time":"2022-08-01T15:07:14+00:00","og_image":[{"width":1280,"height":853,"url":"https:\/\/portalmf.com.br\/wp-content\/uploads\/2022\/08\/WhatsApp-Image-2022-08-01-at-11.27.02.jpeg","type":"image\/jpeg"}],"author":"Reginaldo J\u00fanior","twitter_card":"summary_large_image","twitter_creator":"@reginaldojrmf","twitter_misc":{"Escrito por":"Reginaldo J\u00fanior","Est. tempo de leitura":"1 minuto"},"schema":{"@context":"https:\/\/schema.org","@graph":[{"@type":"WebPage","@id":"https:\/\/portalmf.com.br\/index.php\/2022\/08\/01\/a-nossa-convencao-sera-mais-um-passo-na-direcao-da-mudanca-que-a-bahia-tanto-quer-diz-marcelo-guimaraes-filho\/","url":"https:\/\/portalmf.com.br\/index.php\/2022\/08\/01\/a-nossa-convencao-sera-mais-um-passo-na-direcao-da-mudanca-que-a-bahia-tanto-quer-diz-marcelo-guimaraes-filho\/","name":"\u201cA nossa conven\u00e7\u00e3o ser\u00e1 mais um passo na dire\u00e7\u00e3o da mudan\u00e7a que a Bahia tanto quer\u201d, diz Marcelo Guimar\u00e3es Filho - Portal MF","isPartOf":{"@id":"https:\/\/portalmf.com.br\/#website"},"primaryImageOfPage":{"@id":"https:\/\/portalmf.com.br\/index.php\/2022\/08\/01\/a-nossa-convencao-sera-mais-um-passo-na-direcao-da-mudanca-que-a-bahia-tanto-quer-diz-marcelo-guimaraes-filho\/#primaryimage"},"image":{"@id":"https:\/\/portalmf.com.br\/index.php\/2022\/08\/01\/a-nossa-convencao-sera-mais-um-passo-na-direcao-da-mudanca-que-a-bahia-tanto-quer-diz-marcelo-guimaraes-filho\/#primaryimage"},"thumbnailUrl":"https:\/\/portalmf.com.br\/wp-content\/uploads\/2022\/08\/WhatsApp-Image-2022-08-01-at-11.27.02.jpeg","datePublished":"2022-08-01T15:07:13+00:00","dateModified":"2022-08-01T15:07:14+00:00","author":{"@id":"https:\/\/portalmf.com.br\/#\/schema\/person\/11c82086fe8abc05a19147e964587285"},"breadcrumb":{"@id":"https:\/\/portalmf.com.br\/index.php\/2022\/08\/01\/a-nossa-convencao-sera-mais-um-passo-na-direcao-da-mudanca-que-a-bahia-tanto-quer-diz-marcelo-guimaraes-filho\/#breadcrumb"},"inLanguage":"pt-BR","potentialAction":[{"@type":"ReadAction","target":["https:\/\/portalmf.com.br\/index.php\/2022\/08\/01\/a-nossa-convencao-sera-mais-um-passo-na-direcao-da-mudanca-que-a-bahia-tanto-quer-diz-marcelo-guimaraes-filho\/"]}]},{"@type":"ImageObject","inLanguage":"pt-BR","@id":"https:\/\/portalmf.com.br\/index.php\/2022\/08\/01\/a-nossa-convencao-sera-mais-um-passo-na-direcao-da-mudanca-que-a-bahia-tanto-quer-diz-marcelo-guimaraes-filho\/#primaryimage","url":"https:\/\/portalmf.com.br\/wp-content\/uploads\/2022\/08\/WhatsApp-Image-2022-08-01-at-11.27.02.jpeg","contentUrl":"https:\/\/portalmf.com.br\/wp-content\/uploads\/2022\/08\/WhatsApp-Image-2022-08-01-at-11.27.02.jpeg","width":1280,"height":853},{"@type":"BreadcrumbList","@id":"https:\/\/portalmf.com.br\/index.php\/2022\/08\/01\/a-nossa-convencao-sera-mais-um-passo-na-direcao-da-mudanca-que-a-bahia-tanto-quer-diz-marcelo-guimaraes-filho\/#breadcrumb","itemListElement":[{"@type":"ListItem","position":1,"name":"In\u00edcio","item":"https:\/\/portalmf.com.br\/"},{"@type":"ListItem","position":2,"name":"\u201cA nossa conven\u00e7\u00e3o ser\u00e1 mais um passo na dire\u00e7\u00e3o da mudan\u00e7a que a Bahia tanto quer\u201d, diz Marcelo Guimar\u00e3es Filho"}]},{"@type":"WebSite","@id":"https:\/\/portalmf.com.br\/#website","url":"https:\/\/portalmf.com.br\/","name":"Portal MF","description":"Voc\u00ea conectado com a informa\u00e7\u00e3o","potentialAction":[{"@type":"SearchAction","target":{"@type":"EntryPoint","urlTemplate":"https:\/\/portalmf.com.br\/?s={search_term_string}"},"query-input":"required name=search_term_string"}],"inLanguage":"pt-BR"},{"@type":"Person","@id":"https:\/\/portalmf.com.br\/#\/schema\/person\/11c82086fe8abc05a19147e964587285","name":"Reginaldo J\u00fanior","image":{"@type":"ImageObject","inLanguage":"pt-BR","@id":"https:\/\/portalmf.com.br\/#\/schema\/person\/image\/","url":"https:\/\/secure.gravatar.com\/avatar\/32a3c797cd0ac47cc53b8644c62776f9?s=96&d=mm&r=g","contentUrl":"https:\/\/secure.gravatar.com\/avatar\/32a3c797cd0ac47cc53b8644c62776f9?s=96&d=mm&r=g","caption":"Reginaldo J\u00fanior"},"description":"Jornalista e idealizador Portal MF","sameAs":["https:\/\/portalmf.com.br\/index.php\/author\/reginaldojr\/","reginaldojrfsa","reginaldojuniormf","https:\/\/x.com\/reginaldojrmf"],"url":"https:\/\/portalmf.com.br\/index.php\/author\/reginaldojr\/"}]}},"_links":{"self":[{"href":"https:\/\/portalmf.com.br\/index.php\/wp-json\/wp\/v2\/posts\/2358"}],"collection":[{"href":"https:\/\/portalmf.com.br\/index.php\/wp-json\/wp\/v2\/posts"}],"about":[{"href":"https:\/\/portalmf.com.br\/index.php\/wp-json\/wp\/v2\/types\/post"}],"author":[{"embeddable":true,"href":"https:\/\/portalmf.com.br\/index.php\/wp-json\/wp\/v2\/users\/2"}],"replies":[{"embeddable":true,"href":"https:\/\/portalmf.com.br\/index.php\/wp-json\/wp\/v2\/comments?post=2358"}],"version-history":[{"count":1,"href":"https:\/\/portalmf.com.br\/index.php\/wp-json\/wp\/v2\/posts\/2358\/revisions"}],"predecessor-version":[{"id":2360,"href":"https:\/\/portalmf.com.br\/index.php\/wp-json\/wp\/v2\/posts\/2358\/revisions\/2360"}],"wp:featuredmedia":[{"embeddable":true,"href":"https:\/\/portalmf.com.br\/index.php\/wp-json\/wp\/v2\/media\/2359"}],"wp:attachment":[{"href":"https:\/\/portalmf.com.br\/index.php\/wp-json\/wp\/v2\/media?parent=2358"}],"wp:term":[{"taxonomy":"category","embeddable":true,"href":"https:\/\/portalmf.com.br\/index.php\/wp-json\/wp\/v2\/categories?post=2358"},{"taxonomy":"post_tag","embeddable":true,"href":"https:\/\/portalmf.com.br\/index.php\/wp-json\/wp\/v2\/tags?post=2358"}],"curies":[{"name":"wp","href":"https:\/\/api.w.org\/{rel}","templated":true}]}}