{"id":23578,"date":"2024-02-09T15:46:49","date_gmt":"2024-02-09T18:46:49","guid":{"rendered":"https:\/\/portalmf.com.br\/?p=23578"},"modified":"2024-02-09T15:46:50","modified_gmt":"2024-02-09T18:46:50","slug":"bahia-recebe-as-primeiras-doses-da-vacina-contra-dengue","status":"publish","type":"post","link":"https:\/\/portalmf.com.br\/index.php\/2024\/02\/09\/bahia-recebe-as-primeiras-doses-da-vacina-contra-dengue\/","title":{"rendered":"Bahia recebe as primeiras doses da vacina contra dengue"},"content":{"rendered":"\n<p>A Bahia recebeu, nesta sexta-feira (9), a primeira remessa da vacina contra a dengue. Nesse primeiro momento, as 70.368 mil doses ser\u00e3o destinadas aos munic\u00edpios de Salvador, Lauro de Freitas, Vera Cruz, Madre de Deus, S\u00e3o Francisco do Conde, Itaparica, Candeias, Santo Amaro, S\u00e3o Sebasti\u00e3o do Pass\u00e9 e Saubara.<\/p>\n\n\n\n<p>A previs\u00e3o \u00e9 que a Bahia receba mais 49.740 doses na pr\u00f3xima segunda-feira (12), sendo 32.290 doses para os munic\u00edpios da regi\u00e3o de Feira de Santana e 17.450 para os munic\u00edpios da regi\u00e3o de Cama\u00e7ari. Conforme o Minist\u00e9rio da Sa\u00fade, os munic\u00edpios atendem aos crit\u00e9rios epidemiol\u00f3gicos tendo como base os n\u00fameros de 2023.<\/p>\n\n\n\n<p>Secret\u00e1ria da Sa\u00fade do Estado, Roberta Santana, comemorou a chegada dos imunizantes e ressaltou a necessidade de um trabalho conjunto com a sociedade. &#8220;\u00c9 preciso destacar que a vacina da dengue n\u00e3o \u00e9 solu\u00e7\u00e3o imediata. N\u00f3s temos que trabalhar na preven\u00e7\u00e3o, lembrando que mais de 80% dos focos de dengue est\u00e3o nas resid\u00eancias. O enfrentamento \u00e0 dengue tamb\u00e9m est\u00e1 dentro de casa&#8221;, disse.<\/p>\n\n\n\n<p>Inicialmente, o p\u00fablico-alvo ser\u00e1 composto por crian\u00e7as e adolescentes de 10 a 14 anos, faixa et\u00e1ria que concentra o maior n\u00famero de hospitaliza\u00e7\u00f5es por dengue, ap\u00f3s os idosos, grupo para o qual a vacina n\u00e3o foi liberada pela Ag\u00eancia Nacional de Vigil\u00e2ncia Sanit\u00e1ria (Anvisa).<\/p>\n\n\n\n<p><strong>13 munic\u00edpios em epidemia<\/strong><\/p>\n\n\n\n<p>A Bahia est\u00e1 com 13 munic\u00edpios em epidemia de dengue. \u00c9 o que aponta o levantamento feito no Sistema de Notifica\u00e7\u00e3o de Agravos e Notifica\u00e7\u00f5es (Sinan). Outros oito est\u00e3o em alerta ou sob risco.<\/p>\n\n\n\n<p>Na \u00faltima quinta-feira (8), a secret\u00e1ria da Sa\u00fade do Estado, Roberta Santana, se reuniu com prefeitos e gestores municipais de sa\u00fade de cerca de 70 munic\u00edpios de localidades que encontram-se em aten\u00e7\u00e3o, seja por conta do hist\u00f3rico da doen\u00e7a, seja por ter sofrido com as fortes chuvas do in\u00edcio do ano.<\/p>\n\n\n\n<p>Em sua exposi\u00e7\u00e3o, Roberta Santana falou de temas como a mobiliza\u00e7\u00e3o da comunidade, a distribui\u00e7\u00e3o de materiais informativos e a intensifica\u00e7\u00e3o das campanhas de conscientiza\u00e7\u00e3o. De acordo com a titular da pasta, as a\u00e7\u00f5es de combate ao vetor da dengue iniciadas em 2023 contribu\u00edram para fazer com que a Bahia esteja, neste in\u00edcio de ano, com n\u00fameros menores que o mesmo per\u00edodo do ano passado.<\/p>\n","protected":false},"excerpt":{"rendered":"<p>A Bahia recebeu, nesta sexta-feira (9), a primeira remessa da vacina contra a dengue. Nesse primeiro momento, as 70.368 mil doses ser\u00e3o destinadas aos munic\u00edpios de Salvador, Lauro de Freitas, Vera Cruz, Madre de Deus, S\u00e3o Francisco do Conde, Itaparica, Candeias, Santo Amaro, S\u00e3o Sebasti\u00e3o do Pass\u00e9 e Saubara. A previs\u00e3o \u00e9 que a Bahia [&hellip;]<\/p>\n","protected":false},"author":3,"featured_media":23579,"comment_status":"open","ping_status":"open","sticky":false,"template":"","format":"standard","meta":{"_monsterinsights_skip_tracking":false,"_monsterinsights_sitenote_active":false,"_monsterinsights_sitenote_note":"","_monsterinsights_sitenote_category":0,"footnotes":""},"categories":[34],"tags":[],"yoast_head":"<!-- This site is optimized with the Yoast SEO plugin v22.9 - https:\/\/yoast.com\/wordpress\/plugins\/seo\/ -->\n<title>Bahia recebe as primeiras doses da vacina contra dengue - Portal MF<\/title>\n<meta name=\"robots\" content=\"index, follow, max-snippet:-1, max-image-preview:large, max-video-preview:-1\" \/>\n<link rel=\"canonical\" href=\"https:\/\/portalmf.com.br\/index.php\/2024\/02\/09\/bahia-recebe-as-primeiras-doses-da-vacina-contra-dengue\/\" \/>\n<meta property=\"og:locale\" content=\"pt_BR\" \/>\n<meta property=\"og:type\" content=\"article\" \/>\n<meta property=\"og:title\" content=\"Bahia recebe as primeiras doses da vacina contra dengue - Portal MF\" \/>\n<meta property=\"og:description\" content=\"A Bahia recebeu, nesta sexta-feira (9), a primeira remessa da vacina contra a dengue. Nesse primeiro momento, as 70.368 mil doses ser\u00e3o destinadas aos munic\u00edpios de Salvador, Lauro de Freitas, Vera Cruz, Madre de Deus, S\u00e3o Francisco do Conde, Itaparica, Candeias, Santo Amaro, S\u00e3o Sebasti\u00e3o do Pass\u00e9 e Saubara. A previs\u00e3o \u00e9 que a Bahia [&hellip;]\" \/>\n<meta property=\"og:url\" content=\"https:\/\/portalmf.com.br\/index.php\/2024\/02\/09\/bahia-recebe-as-primeiras-doses-da-vacina-contra-dengue\/\" \/>\n<meta property=\"og:site_name\" content=\"Portal MF\" \/>\n<meta property=\"article:author\" content=\"https:\/\/www.facebook.com\/portalmfoficial\" \/>\n<meta property=\"article:published_time\" content=\"2024-02-09T18:46:49+00:00\" \/>\n<meta property=\"article:modified_time\" content=\"2024-02-09T18:46:50+00:00\" \/>\n<meta property=\"og:image\" content=\"https:\/\/portalmf.com.br\/wp-content\/uploads\/2024\/02\/Divulgacao-SAUDE-GOVBA-2.jpeg\" \/>\n\t<meta property=\"og:image:width\" content=\"1280\" \/>\n\t<meta property=\"og:image:height\" content=\"960\" \/>\n\t<meta property=\"og:image:type\" content=\"image\/jpeg\" \/>\n<meta name=\"author\" content=\"Reda\u00e7\u00e3o Portal MF\" \/>\n<meta name=\"twitter:card\" content=\"summary_large_image\" \/>\n<meta name=\"twitter:creator\" content=\"@https:\/\/x.com\/portalmfoficial\" \/>\n<meta name=\"twitter:label1\" content=\"Escrito por\" \/>\n\t<meta name=\"twitter:data1\" content=\"Reda\u00e7\u00e3o Portal MF\" \/>\n\t<meta name=\"twitter:label2\" content=\"Est. tempo de leitura\" \/>\n\t<meta name=\"twitter:data2\" content=\"3 minutos\" \/>\n<script type=\"application\/ld+json\" class=\"yoast-schema-graph\">{\"@context\":\"https:\/\/schema.org\",\"@graph\":[{\"@type\":\"WebPage\",\"@id\":\"https:\/\/portalmf.com.br\/index.php\/2024\/02\/09\/bahia-recebe-as-primeiras-doses-da-vacina-contra-dengue\/\",\"url\":\"https:\/\/portalmf.com.br\/index.php\/2024\/02\/09\/bahia-recebe-as-primeiras-doses-da-vacina-contra-dengue\/\",\"name\":\"Bahia recebe as primeiras doses da vacina contra dengue - Portal MF\",\"isPartOf\":{\"@id\":\"https:\/\/portalmf.com.br\/#website\"},\"primaryImageOfPage\":{\"@id\":\"https:\/\/portalmf.com.br\/index.php\/2024\/02\/09\/bahia-recebe-as-primeiras-doses-da-vacina-contra-dengue\/#primaryimage\"},\"image\":{\"@id\":\"https:\/\/portalmf.com.br\/index.php\/2024\/02\/09\/bahia-recebe-as-primeiras-doses-da-vacina-contra-dengue\/#primaryimage\"},\"thumbnailUrl\":\"https:\/\/portalmf.com.br\/wp-content\/uploads\/2024\/02\/Divulgacao-SAUDE-GOVBA-2.jpeg\",\"datePublished\":\"2024-02-09T18:46:49+00:00\",\"dateModified\":\"2024-02-09T18:46:50+00:00\",\"author\":{\"@id\":\"https:\/\/portalmf.com.br\/#\/schema\/person\/9ec101baf56233e53520c26de5d6f6f0\"},\"breadcrumb\":{\"@id\":\"https:\/\/portalmf.com.br\/index.php\/2024\/02\/09\/bahia-recebe-as-primeiras-doses-da-vacina-contra-dengue\/#breadcrumb\"},\"inLanguage\":\"pt-BR\",\"potentialAction\":[{\"@type\":\"ReadAction\",\"target\":[\"https:\/\/portalmf.com.br\/index.php\/2024\/02\/09\/bahia-recebe-as-primeiras-doses-da-vacina-contra-dengue\/\"]}]},{\"@type\":\"ImageObject\",\"inLanguage\":\"pt-BR\",\"@id\":\"https:\/\/portalmf.com.br\/index.php\/2024\/02\/09\/bahia-recebe-as-primeiras-doses-da-vacina-contra-dengue\/#primaryimage\",\"url\":\"https:\/\/portalmf.com.br\/wp-content\/uploads\/2024\/02\/Divulgacao-SAUDE-GOVBA-2.jpeg\",\"contentUrl\":\"https:\/\/portalmf.com.br\/wp-content\/uploads\/2024\/02\/Divulgacao-SAUDE-GOVBA-2.jpeg\",\"width\":1280,\"height\":960},{\"@type\":\"BreadcrumbList\",\"@id\":\"https:\/\/portalmf.com.br\/index.php\/2024\/02\/09\/bahia-recebe-as-primeiras-doses-da-vacina-contra-dengue\/#breadcrumb\",\"itemListElement\":[{\"@type\":\"ListItem\",\"position\":1,\"name\":\"In\u00edcio\",\"item\":\"https:\/\/portalmf.com.br\/\"},{\"@type\":\"ListItem\",\"position\":2,\"name\":\"Bahia recebe as primeiras doses da vacina contra dengue\"}]},{\"@type\":\"WebSite\",\"@id\":\"https:\/\/portalmf.com.br\/#website\",\"url\":\"https:\/\/portalmf.com.br\/\",\"name\":\"Portal MF\",\"description\":\"Voc\u00ea conectado com a informa\u00e7\u00e3o\",\"potentialAction\":[{\"@type\":\"SearchAction\",\"target\":{\"@type\":\"EntryPoint\",\"urlTemplate\":\"https:\/\/portalmf.com.br\/?s={search_term_string}\"},\"query-input\":\"required name=search_term_string\"}],\"inLanguage\":\"pt-BR\"},{\"@type\":\"Person\",\"@id\":\"https:\/\/portalmf.com.br\/#\/schema\/person\/9ec101baf56233e53520c26de5d6f6f0\",\"name\":\"Reda\u00e7\u00e3o Portal MF\",\"image\":{\"@type\":\"ImageObject\",\"inLanguage\":\"pt-BR\",\"@id\":\"https:\/\/portalmf.com.br\/#\/schema\/person\/image\/\",\"url\":\"https:\/\/secure.gravatar.com\/avatar\/41b9aaeb2100835f7c64362330f74c7f?s=96&d=mm&r=g\",\"contentUrl\":\"https:\/\/secure.gravatar.com\/avatar\/41b9aaeb2100835f7c64362330f74c7f?s=96&d=mm&r=g\",\"caption\":\"Reda\u00e7\u00e3o Portal MF\"},\"description\":\"Sejam bem-vindos o portal de informa\u00e7\u00f5es de entretenimento de Feira de Santana, desde 2006 realiza coberturas dos principais eventos com entrevistas exclusivas com as principais personalidades mundiais. Fique conectado tamb\u00e9m nas redes sociais.\",\"sameAs\":[\"http:\/\/www.portalmf.com.br\/\",\"https:\/\/www.facebook.com\/portalmfoficial\",\"https:\/\/www.instagram.com\/portalmf\/\",\"https:\/\/x.com\/https:\/\/x.com\/portalmfoficial\",\"https:\/\/www.youtube.com\/@portalmfoficial\"],\"url\":\"https:\/\/portalmf.com.br\/index.php\/author\/junior\/\"}]}<\/script>\n<!-- \/ Yoast SEO plugin. -->","yoast_head_json":{"title":"Bahia recebe as primeiras doses da vacina contra dengue - Portal MF","robots":{"index":"index","follow":"follow","max-snippet":"max-snippet:-1","max-image-preview":"max-image-preview:large","max-video-preview":"max-video-preview:-1"},"canonical":"https:\/\/portalmf.com.br\/index.php\/2024\/02\/09\/bahia-recebe-as-primeiras-doses-da-vacina-contra-dengue\/","og_locale":"pt_BR","og_type":"article","og_title":"Bahia recebe as primeiras doses da vacina contra dengue - Portal MF","og_description":"A Bahia recebeu, nesta sexta-feira (9), a primeira remessa da vacina contra a dengue. Nesse primeiro momento, as 70.368 mil doses ser\u00e3o destinadas aos munic\u00edpios de Salvador, Lauro de Freitas, Vera Cruz, Madre de Deus, S\u00e3o Francisco do Conde, Itaparica, Candeias, Santo Amaro, S\u00e3o Sebasti\u00e3o do Pass\u00e9 e Saubara. A previs\u00e3o \u00e9 que a Bahia [&hellip;]","og_url":"https:\/\/portalmf.com.br\/index.php\/2024\/02\/09\/bahia-recebe-as-primeiras-doses-da-vacina-contra-dengue\/","og_site_name":"Portal MF","article_author":"https:\/\/www.facebook.com\/portalmfoficial","article_published_time":"2024-02-09T18:46:49+00:00","article_modified_time":"2024-02-09T18:46:50+00:00","og_image":[{"width":1280,"height":960,"url":"https:\/\/portalmf.com.br\/wp-content\/uploads\/2024\/02\/Divulgacao-SAUDE-GOVBA-2.jpeg","type":"image\/jpeg"}],"author":"Reda\u00e7\u00e3o Portal MF","twitter_card":"summary_large_image","twitter_creator":"@https:\/\/x.com\/portalmfoficial","twitter_misc":{"Escrito por":"Reda\u00e7\u00e3o Portal MF","Est. tempo de leitura":"3 minutos"},"schema":{"@context":"https:\/\/schema.org","@graph":[{"@type":"WebPage","@id":"https:\/\/portalmf.com.br\/index.php\/2024\/02\/09\/bahia-recebe-as-primeiras-doses-da-vacina-contra-dengue\/","url":"https:\/\/portalmf.com.br\/index.php\/2024\/02\/09\/bahia-recebe-as-primeiras-doses-da-vacina-contra-dengue\/","name":"Bahia recebe as primeiras doses da vacina contra dengue - Portal MF","isPartOf":{"@id":"https:\/\/portalmf.com.br\/#website"},"primaryImageOfPage":{"@id":"https:\/\/portalmf.com.br\/index.php\/2024\/02\/09\/bahia-recebe-as-primeiras-doses-da-vacina-contra-dengue\/#primaryimage"},"image":{"@id":"https:\/\/portalmf.com.br\/index.php\/2024\/02\/09\/bahia-recebe-as-primeiras-doses-da-vacina-contra-dengue\/#primaryimage"},"thumbnailUrl":"https:\/\/portalmf.com.br\/wp-content\/uploads\/2024\/02\/Divulgacao-SAUDE-GOVBA-2.jpeg","datePublished":"2024-02-09T18:46:49+00:00","dateModified":"2024-02-09T18:46:50+00:00","author":{"@id":"https:\/\/portalmf.com.br\/#\/schema\/person\/9ec101baf56233e53520c26de5d6f6f0"},"breadcrumb":{"@id":"https:\/\/portalmf.com.br\/index.php\/2024\/02\/09\/bahia-recebe-as-primeiras-doses-da-vacina-contra-dengue\/#breadcrumb"},"inLanguage":"pt-BR","potentialAction":[{"@type":"ReadAction","target":["https:\/\/portalmf.com.br\/index.php\/2024\/02\/09\/bahia-recebe-as-primeiras-doses-da-vacina-contra-dengue\/"]}]},{"@type":"ImageObject","inLanguage":"pt-BR","@id":"https:\/\/portalmf.com.br\/index.php\/2024\/02\/09\/bahia-recebe-as-primeiras-doses-da-vacina-contra-dengue\/#primaryimage","url":"https:\/\/portalmf.com.br\/wp-content\/uploads\/2024\/02\/Divulgacao-SAUDE-GOVBA-2.jpeg","contentUrl":"https:\/\/portalmf.com.br\/wp-content\/uploads\/2024\/02\/Divulgacao-SAUDE-GOVBA-2.jpeg","width":1280,"height":960},{"@type":"BreadcrumbList","@id":"https:\/\/portalmf.com.br\/index.php\/2024\/02\/09\/bahia-recebe-as-primeiras-doses-da-vacina-contra-dengue\/#breadcrumb","itemListElement":[{"@type":"ListItem","position":1,"name":"In\u00edcio","item":"https:\/\/portalmf.com.br\/"},{"@type":"ListItem","position":2,"name":"Bahia recebe as primeiras doses da vacina contra dengue"}]},{"@type":"WebSite","@id":"https:\/\/portalmf.com.br\/#website","url":"https:\/\/portalmf.com.br\/","name":"Portal MF","description":"Voc\u00ea conectado com a informa\u00e7\u00e3o","potentialAction":[{"@type":"SearchAction","target":{"@type":"EntryPoint","urlTemplate":"https:\/\/portalmf.com.br\/?s={search_term_string}"},"query-input":"required name=search_term_string"}],"inLanguage":"pt-BR"},{"@type":"Person","@id":"https:\/\/portalmf.com.br\/#\/schema\/person\/9ec101baf56233e53520c26de5d6f6f0","name":"Reda\u00e7\u00e3o Portal MF","image":{"@type":"ImageObject","inLanguage":"pt-BR","@id":"https:\/\/portalmf.com.br\/#\/schema\/person\/image\/","url":"https:\/\/secure.gravatar.com\/avatar\/41b9aaeb2100835f7c64362330f74c7f?s=96&d=mm&r=g","contentUrl":"https:\/\/secure.gravatar.com\/avatar\/41b9aaeb2100835f7c64362330f74c7f?s=96&d=mm&r=g","caption":"Reda\u00e7\u00e3o Portal MF"},"description":"Sejam bem-vindos o portal de informa\u00e7\u00f5es de entretenimento de Feira de Santana, desde 2006 realiza coberturas dos principais eventos com entrevistas exclusivas com as principais personalidades mundiais. Fique conectado tamb\u00e9m nas redes sociais.","sameAs":["http:\/\/www.portalmf.com.br\/","https:\/\/www.facebook.com\/portalmfoficial","https:\/\/www.instagram.com\/portalmf\/","https:\/\/x.com\/https:\/\/x.com\/portalmfoficial","https:\/\/www.youtube.com\/@portalmfoficial"],"url":"https:\/\/portalmf.com.br\/index.php\/author\/junior\/"}]}},"_links":{"self":[{"href":"https:\/\/portalmf.com.br\/index.php\/wp-json\/wp\/v2\/posts\/23578"}],"collection":[{"href":"https:\/\/portalmf.com.br\/index.php\/wp-json\/wp\/v2\/posts"}],"about":[{"href":"https:\/\/portalmf.com.br\/index.php\/wp-json\/wp\/v2\/types\/post"}],"author":[{"embeddable":true,"href":"https:\/\/portalmf.com.br\/index.php\/wp-json\/wp\/v2\/users\/3"}],"replies":[{"embeddable":true,"href":"https:\/\/portalmf.com.br\/index.php\/wp-json\/wp\/v2\/comments?post=23578"}],"version-history":[{"count":1,"href":"https:\/\/portalmf.com.br\/index.php\/wp-json\/wp\/v2\/posts\/23578\/revisions"}],"predecessor-version":[{"id":23580,"href":"https:\/\/portalmf.com.br\/index.php\/wp-json\/wp\/v2\/posts\/23578\/revisions\/23580"}],"wp:featuredmedia":[{"embeddable":true,"href":"https:\/\/portalmf.com.br\/index.php\/wp-json\/wp\/v2\/media\/23579"}],"wp:attachment":[{"href":"https:\/\/portalmf.com.br\/index.php\/wp-json\/wp\/v2\/media?parent=23578"}],"wp:term":[{"taxonomy":"category","embeddable":true,"href":"https:\/\/portalmf.com.br\/index.php\/wp-json\/wp\/v2\/categories?post=23578"},{"taxonomy":"post_tag","embeddable":true,"href":"https:\/\/portalmf.com.br\/index.php\/wp-json\/wp\/v2\/tags?post=23578"}],"curies":[{"name":"wp","href":"https:\/\/api.w.org\/{rel}","templated":true}]}}