{"id":2348,"date":"2022-07-29T17:38:21","date_gmt":"2022-07-29T20:38:21","guid":{"rendered":"http:\/\/portalmf.com.br\/?p=2348"},"modified":"2022-07-29T17:38:23","modified_gmt":"2022-07-29T20:38:23","slug":"jorge-e-mateus-lancam-e-simples-assim-novo-album-de-trabalho-da-dupla","status":"publish","type":"post","link":"https:\/\/portalmf.com.br\/index.php\/2022\/07\/29\/jorge-e-mateus-lancam-e-simples-assim-novo-album-de-trabalho-da-dupla\/","title":{"rendered":"Jorge e Mateus lan\u00e7am &#8220;\u00c9 simples assim&#8221;, novo \u00e1lbum de trabalho da dupla"},"content":{"rendered":"\n<p>Uma das duplas mais queridas do pa\u00eds, Jorge &amp; Mateus, tem a f\u00f3rmula do sucesso garantido a muitos anos, e n\u00e3o foi diferente desta vez.<\/p>\n\n\n\n<p>Os sertanejos, lan\u00e7aram o aguardado \u00e1lbum &#8220;\u00c9 simples assim&#8221;, na \u00faltima quinta-feira (28\/07), atendendo a pedidos antigos de f\u00e3s, o \u00e1lbum re\u00fane com releituras de m\u00fasicas antigas,&nbsp;<em>pout-pourris<\/em>&nbsp;de grandes sucessos, como tamb\u00e9m,<strong>&nbsp;duas faixas in\u00e9ditas<\/strong>.<\/p>\n\n\n\n<p>Ao total s\u00e3o 19 can\u00e7\u00f5es, que contemplam diferentes g\u00eaneros musicais e j\u00e1 est\u00e3o dispon\u00edveis em todas as plataformas de \u00e1udio pela Som Livre.<\/p>\n\n\n\n<p>Segundo Jorge, o p\u00fablico ao ouvir essa sele\u00e7\u00e3o musical ser\u00e1 levado a um momento nost\u00e1lgico, j\u00e1 que o repert\u00f3rio foi escolhido pela pr\u00f3pria dupla respeitando os gostos pessoais de cada um.<\/p>\n\n\n\n<p>Fixando um repert\u00f3rio rico e variado, com diversos estilos musicais: &#8220;Este \u00e9 um \u00e1lbum ac\u00fastico e minimalista, e tem m\u00fasicas que escutamos desde a d\u00e9cada de 90, quando iniciamos nosso gosto musical.\u201d, disse Mateus.<\/p>\n\n\n\n<p>Al\u00e9m das can\u00e7\u00f5es j\u00e1 conhecidas pelo p\u00fablico, os artistas presenteiam os f\u00e3s com duas novas e exclusivas faixas: a m\u00fasica de trabalho&nbsp;<strong>5 Regras<\/strong>, composta por Rodrigo Melim, Diogo Melim e Vitor Tritom e<strong>&nbsp;Canto A Pedra<\/strong>.<\/p>\n\n\n\n<p>No Instagram, a dupla anunciou o novo \u00e1lbum e chamou os f\u00e3s e seguidores para conhecer mais esse trabalho de sucesso:\u00a0<em>&#8220;Acabou a espera! T\u00e1 no ar o nosso mais novo projeto &#8220;\u00c9 simples assim&#8221;, feito com muito carinho pra voc\u00eas. Ou\u00e7am agora nos apps de m\u00fasicas!&#8221;<\/em><\/p>\n\n\n\n<figure class=\"wp-block-embed is-type-video is-provider-youtube wp-block-embed-youtube wp-embed-aspect-16-9 wp-has-aspect-ratio\"><div class=\"wp-block-embed__wrapper\">\n<iframe title=\"Jorge &amp; Mateus - 5 Regras (Clipe Oficial) [\u00c9 Simples Assim]\" width=\"696\" height=\"392\" src=\"https:\/\/www.youtube.com\/embed\/VFWKrXxJEdM?feature=oembed\" frameborder=\"0\" allow=\"accelerometer; autoplay; clipboard-write; encrypted-media; gyroscope; picture-in-picture; web-share\" allowfullscreen><\/iframe>\n<\/div><\/figure>\n\n\n\n<p>Com informa\u00e7\u00f5es da Band<\/p>\n","protected":false},"excerpt":{"rendered":"<p>Uma das duplas mais queridas do pa\u00eds, Jorge &amp; Mateus, tem a f\u00f3rmula do sucesso garantido a muitos anos, e n\u00e3o foi diferente desta vez. Os sertanejos, lan\u00e7aram o aguardado \u00e1lbum &#8220;\u00c9 simples assim&#8221;, na \u00faltima quinta-feira (28\/07), atendendo a pedidos antigos de f\u00e3s, o \u00e1lbum re\u00fane com releituras de m\u00fasicas antigas,&nbsp;pout-pourris&nbsp;de grandes sucessos, como [&hellip;]<\/p>\n","protected":false},"author":2,"featured_media":2349,"comment_status":"open","ping_status":"open","sticky":false,"template":"","format":"standard","meta":{"_monsterinsights_skip_tracking":false,"_monsterinsights_sitenote_active":false,"_monsterinsights_sitenote_note":"","_monsterinsights_sitenote_category":0,"footnotes":""},"categories":[36],"tags":[],"yoast_head":"<!-- This site is optimized with the Yoast SEO plugin v22.9 - https:\/\/yoast.com\/wordpress\/plugins\/seo\/ -->\n<title>Jorge e Mateus lan\u00e7am &quot;\u00c9 simples assim&quot;, novo \u00e1lbum de trabalho da dupla - Portal MF<\/title>\n<meta name=\"robots\" content=\"index, follow, max-snippet:-1, max-image-preview:large, max-video-preview:-1\" \/>\n<link rel=\"canonical\" href=\"https:\/\/portalmf.com.br\/index.php\/2022\/07\/29\/jorge-e-mateus-lancam-e-simples-assim-novo-album-de-trabalho-da-dupla\/\" \/>\n<meta property=\"og:locale\" content=\"pt_BR\" \/>\n<meta property=\"og:type\" content=\"article\" \/>\n<meta property=\"og:title\" content=\"Jorge e Mateus lan\u00e7am &quot;\u00c9 simples assim&quot;, novo \u00e1lbum de trabalho da dupla - Portal MF\" \/>\n<meta property=\"og:description\" content=\"Uma das duplas mais queridas do pa\u00eds, Jorge &amp; Mateus, tem a f\u00f3rmula do sucesso garantido a muitos anos, e n\u00e3o foi diferente desta vez. Os sertanejos, lan\u00e7aram o aguardado \u00e1lbum &#8220;\u00c9 simples assim&#8221;, na \u00faltima quinta-feira (28\/07), atendendo a pedidos antigos de f\u00e3s, o \u00e1lbum re\u00fane com releituras de m\u00fasicas antigas,&nbsp;pout-pourris&nbsp;de grandes sucessos, como [&hellip;]\" \/>\n<meta property=\"og:url\" content=\"https:\/\/portalmf.com.br\/index.php\/2022\/07\/29\/jorge-e-mateus-lancam-e-simples-assim-novo-album-de-trabalho-da-dupla\/\" \/>\n<meta property=\"og:site_name\" content=\"Portal MF\" \/>\n<meta property=\"article:author\" content=\"reginaldojrfsa\" \/>\n<meta property=\"article:published_time\" content=\"2022-07-29T20:38:21+00:00\" \/>\n<meta property=\"article:modified_time\" content=\"2022-07-29T20:38:23+00:00\" \/>\n<meta property=\"og:image\" content=\"https:\/\/portalmf.com.br\/wp-content\/uploads\/2022\/07\/jorge-e-matheus.jpeg\" \/>\n\t<meta property=\"og:image:width\" content=\"700\" \/>\n\t<meta property=\"og:image:height\" content=\"467\" \/>\n\t<meta property=\"og:image:type\" content=\"image\/jpeg\" \/>\n<meta name=\"author\" content=\"Reginaldo J\u00fanior\" \/>\n<meta name=\"twitter:card\" content=\"summary_large_image\" \/>\n<meta name=\"twitter:creator\" content=\"@reginaldojrmf\" \/>\n<meta name=\"twitter:label1\" content=\"Escrito por\" \/>\n\t<meta name=\"twitter:data1\" content=\"Reginaldo J\u00fanior\" \/>\n\t<meta name=\"twitter:label2\" content=\"Est. tempo de leitura\" \/>\n\t<meta name=\"twitter:data2\" content=\"1 minuto\" \/>\n<script type=\"application\/ld+json\" class=\"yoast-schema-graph\">{\"@context\":\"https:\/\/schema.org\",\"@graph\":[{\"@type\":\"WebPage\",\"@id\":\"https:\/\/portalmf.com.br\/index.php\/2022\/07\/29\/jorge-e-mateus-lancam-e-simples-assim-novo-album-de-trabalho-da-dupla\/\",\"url\":\"https:\/\/portalmf.com.br\/index.php\/2022\/07\/29\/jorge-e-mateus-lancam-e-simples-assim-novo-album-de-trabalho-da-dupla\/\",\"name\":\"Jorge e Mateus lan\u00e7am \\\"\u00c9 simples assim\\\", novo \u00e1lbum de trabalho da dupla - Portal MF\",\"isPartOf\":{\"@id\":\"https:\/\/portalmf.com.br\/#website\"},\"primaryImageOfPage\":{\"@id\":\"https:\/\/portalmf.com.br\/index.php\/2022\/07\/29\/jorge-e-mateus-lancam-e-simples-assim-novo-album-de-trabalho-da-dupla\/#primaryimage\"},\"image\":{\"@id\":\"https:\/\/portalmf.com.br\/index.php\/2022\/07\/29\/jorge-e-mateus-lancam-e-simples-assim-novo-album-de-trabalho-da-dupla\/#primaryimage\"},\"thumbnailUrl\":\"https:\/\/portalmf.com.br\/wp-content\/uploads\/2022\/07\/jorge-e-matheus.jpeg\",\"datePublished\":\"2022-07-29T20:38:21+00:00\",\"dateModified\":\"2022-07-29T20:38:23+00:00\",\"author\":{\"@id\":\"https:\/\/portalmf.com.br\/#\/schema\/person\/11c82086fe8abc05a19147e964587285\"},\"breadcrumb\":{\"@id\":\"https:\/\/portalmf.com.br\/index.php\/2022\/07\/29\/jorge-e-mateus-lancam-e-simples-assim-novo-album-de-trabalho-da-dupla\/#breadcrumb\"},\"inLanguage\":\"pt-BR\",\"potentialAction\":[{\"@type\":\"ReadAction\",\"target\":[\"https:\/\/portalmf.com.br\/index.php\/2022\/07\/29\/jorge-e-mateus-lancam-e-simples-assim-novo-album-de-trabalho-da-dupla\/\"]}]},{\"@type\":\"ImageObject\",\"inLanguage\":\"pt-BR\",\"@id\":\"https:\/\/portalmf.com.br\/index.php\/2022\/07\/29\/jorge-e-mateus-lancam-e-simples-assim-novo-album-de-trabalho-da-dupla\/#primaryimage\",\"url\":\"https:\/\/portalmf.com.br\/wp-content\/uploads\/2022\/07\/jorge-e-matheus.jpeg\",\"contentUrl\":\"https:\/\/portalmf.com.br\/wp-content\/uploads\/2022\/07\/jorge-e-matheus.jpeg\",\"width\":700,\"height\":467},{\"@type\":\"BreadcrumbList\",\"@id\":\"https:\/\/portalmf.com.br\/index.php\/2022\/07\/29\/jorge-e-mateus-lancam-e-simples-assim-novo-album-de-trabalho-da-dupla\/#breadcrumb\",\"itemListElement\":[{\"@type\":\"ListItem\",\"position\":1,\"name\":\"In\u00edcio\",\"item\":\"https:\/\/portalmf.com.br\/\"},{\"@type\":\"ListItem\",\"position\":2,\"name\":\"Jorge e Mateus lan\u00e7am &#8220;\u00c9 simples assim&#8221;, novo \u00e1lbum de trabalho da dupla\"}]},{\"@type\":\"WebSite\",\"@id\":\"https:\/\/portalmf.com.br\/#website\",\"url\":\"https:\/\/portalmf.com.br\/\",\"name\":\"Portal MF\",\"description\":\"Voc\u00ea conectado com a informa\u00e7\u00e3o\",\"potentialAction\":[{\"@type\":\"SearchAction\",\"target\":{\"@type\":\"EntryPoint\",\"urlTemplate\":\"https:\/\/portalmf.com.br\/?s={search_term_string}\"},\"query-input\":\"required name=search_term_string\"}],\"inLanguage\":\"pt-BR\"},{\"@type\":\"Person\",\"@id\":\"https:\/\/portalmf.com.br\/#\/schema\/person\/11c82086fe8abc05a19147e964587285\",\"name\":\"Reginaldo J\u00fanior\",\"image\":{\"@type\":\"ImageObject\",\"inLanguage\":\"pt-BR\",\"@id\":\"https:\/\/portalmf.com.br\/#\/schema\/person\/image\/\",\"url\":\"https:\/\/secure.gravatar.com\/avatar\/32a3c797cd0ac47cc53b8644c62776f9?s=96&d=mm&r=g\",\"contentUrl\":\"https:\/\/secure.gravatar.com\/avatar\/32a3c797cd0ac47cc53b8644c62776f9?s=96&d=mm&r=g\",\"caption\":\"Reginaldo J\u00fanior\"},\"description\":\"Jornalista e idealizador Portal MF\",\"sameAs\":[\"https:\/\/portalmf.com.br\/index.php\/author\/reginaldojr\/\",\"reginaldojrfsa\",\"reginaldojuniormf\",\"https:\/\/x.com\/reginaldojrmf\"],\"url\":\"https:\/\/portalmf.com.br\/index.php\/author\/reginaldojr\/\"}]}<\/script>\n<!-- \/ Yoast SEO plugin. -->","yoast_head_json":{"title":"Jorge e Mateus lan\u00e7am \"\u00c9 simples assim\", novo \u00e1lbum de trabalho da dupla - Portal MF","robots":{"index":"index","follow":"follow","max-snippet":"max-snippet:-1","max-image-preview":"max-image-preview:large","max-video-preview":"max-video-preview:-1"},"canonical":"https:\/\/portalmf.com.br\/index.php\/2022\/07\/29\/jorge-e-mateus-lancam-e-simples-assim-novo-album-de-trabalho-da-dupla\/","og_locale":"pt_BR","og_type":"article","og_title":"Jorge e Mateus lan\u00e7am \"\u00c9 simples assim\", novo \u00e1lbum de trabalho da dupla - Portal MF","og_description":"Uma das duplas mais queridas do pa\u00eds, Jorge &amp; Mateus, tem a f\u00f3rmula do sucesso garantido a muitos anos, e n\u00e3o foi diferente desta vez. Os sertanejos, lan\u00e7aram o aguardado \u00e1lbum &#8220;\u00c9 simples assim&#8221;, na \u00faltima quinta-feira (28\/07), atendendo a pedidos antigos de f\u00e3s, o \u00e1lbum re\u00fane com releituras de m\u00fasicas antigas,&nbsp;pout-pourris&nbsp;de grandes sucessos, como [&hellip;]","og_url":"https:\/\/portalmf.com.br\/index.php\/2022\/07\/29\/jorge-e-mateus-lancam-e-simples-assim-novo-album-de-trabalho-da-dupla\/","og_site_name":"Portal MF","article_author":"reginaldojrfsa","article_published_time":"2022-07-29T20:38:21+00:00","article_modified_time":"2022-07-29T20:38:23+00:00","og_image":[{"width":700,"height":467,"url":"https:\/\/portalmf.com.br\/wp-content\/uploads\/2022\/07\/jorge-e-matheus.jpeg","type":"image\/jpeg"}],"author":"Reginaldo J\u00fanior","twitter_card":"summary_large_image","twitter_creator":"@reginaldojrmf","twitter_misc":{"Escrito por":"Reginaldo J\u00fanior","Est. tempo de leitura":"1 minuto"},"schema":{"@context":"https:\/\/schema.org","@graph":[{"@type":"WebPage","@id":"https:\/\/portalmf.com.br\/index.php\/2022\/07\/29\/jorge-e-mateus-lancam-e-simples-assim-novo-album-de-trabalho-da-dupla\/","url":"https:\/\/portalmf.com.br\/index.php\/2022\/07\/29\/jorge-e-mateus-lancam-e-simples-assim-novo-album-de-trabalho-da-dupla\/","name":"Jorge e Mateus lan\u00e7am \"\u00c9 simples assim\", novo \u00e1lbum de trabalho da dupla - Portal MF","isPartOf":{"@id":"https:\/\/portalmf.com.br\/#website"},"primaryImageOfPage":{"@id":"https:\/\/portalmf.com.br\/index.php\/2022\/07\/29\/jorge-e-mateus-lancam-e-simples-assim-novo-album-de-trabalho-da-dupla\/#primaryimage"},"image":{"@id":"https:\/\/portalmf.com.br\/index.php\/2022\/07\/29\/jorge-e-mateus-lancam-e-simples-assim-novo-album-de-trabalho-da-dupla\/#primaryimage"},"thumbnailUrl":"https:\/\/portalmf.com.br\/wp-content\/uploads\/2022\/07\/jorge-e-matheus.jpeg","datePublished":"2022-07-29T20:38:21+00:00","dateModified":"2022-07-29T20:38:23+00:00","author":{"@id":"https:\/\/portalmf.com.br\/#\/schema\/person\/11c82086fe8abc05a19147e964587285"},"breadcrumb":{"@id":"https:\/\/portalmf.com.br\/index.php\/2022\/07\/29\/jorge-e-mateus-lancam-e-simples-assim-novo-album-de-trabalho-da-dupla\/#breadcrumb"},"inLanguage":"pt-BR","potentialAction":[{"@type":"ReadAction","target":["https:\/\/portalmf.com.br\/index.php\/2022\/07\/29\/jorge-e-mateus-lancam-e-simples-assim-novo-album-de-trabalho-da-dupla\/"]}]},{"@type":"ImageObject","inLanguage":"pt-BR","@id":"https:\/\/portalmf.com.br\/index.php\/2022\/07\/29\/jorge-e-mateus-lancam-e-simples-assim-novo-album-de-trabalho-da-dupla\/#primaryimage","url":"https:\/\/portalmf.com.br\/wp-content\/uploads\/2022\/07\/jorge-e-matheus.jpeg","contentUrl":"https:\/\/portalmf.com.br\/wp-content\/uploads\/2022\/07\/jorge-e-matheus.jpeg","width":700,"height":467},{"@type":"BreadcrumbList","@id":"https:\/\/portalmf.com.br\/index.php\/2022\/07\/29\/jorge-e-mateus-lancam-e-simples-assim-novo-album-de-trabalho-da-dupla\/#breadcrumb","itemListElement":[{"@type":"ListItem","position":1,"name":"In\u00edcio","item":"https:\/\/portalmf.com.br\/"},{"@type":"ListItem","position":2,"name":"Jorge e Mateus lan\u00e7am &#8220;\u00c9 simples assim&#8221;, novo \u00e1lbum de trabalho da dupla"}]},{"@type":"WebSite","@id":"https:\/\/portalmf.com.br\/#website","url":"https:\/\/portalmf.com.br\/","name":"Portal MF","description":"Voc\u00ea conectado com a informa\u00e7\u00e3o","potentialAction":[{"@type":"SearchAction","target":{"@type":"EntryPoint","urlTemplate":"https:\/\/portalmf.com.br\/?s={search_term_string}"},"query-input":"required name=search_term_string"}],"inLanguage":"pt-BR"},{"@type":"Person","@id":"https:\/\/portalmf.com.br\/#\/schema\/person\/11c82086fe8abc05a19147e964587285","name":"Reginaldo J\u00fanior","image":{"@type":"ImageObject","inLanguage":"pt-BR","@id":"https:\/\/portalmf.com.br\/#\/schema\/person\/image\/","url":"https:\/\/secure.gravatar.com\/avatar\/32a3c797cd0ac47cc53b8644c62776f9?s=96&d=mm&r=g","contentUrl":"https:\/\/secure.gravatar.com\/avatar\/32a3c797cd0ac47cc53b8644c62776f9?s=96&d=mm&r=g","caption":"Reginaldo J\u00fanior"},"description":"Jornalista e idealizador Portal MF","sameAs":["https:\/\/portalmf.com.br\/index.php\/author\/reginaldojr\/","reginaldojrfsa","reginaldojuniormf","https:\/\/x.com\/reginaldojrmf"],"url":"https:\/\/portalmf.com.br\/index.php\/author\/reginaldojr\/"}]}},"_links":{"self":[{"href":"https:\/\/portalmf.com.br\/index.php\/wp-json\/wp\/v2\/posts\/2348"}],"collection":[{"href":"https:\/\/portalmf.com.br\/index.php\/wp-json\/wp\/v2\/posts"}],"about":[{"href":"https:\/\/portalmf.com.br\/index.php\/wp-json\/wp\/v2\/types\/post"}],"author":[{"embeddable":true,"href":"https:\/\/portalmf.com.br\/index.php\/wp-json\/wp\/v2\/users\/2"}],"replies":[{"embeddable":true,"href":"https:\/\/portalmf.com.br\/index.php\/wp-json\/wp\/v2\/comments?post=2348"}],"version-history":[{"count":1,"href":"https:\/\/portalmf.com.br\/index.php\/wp-json\/wp\/v2\/posts\/2348\/revisions"}],"predecessor-version":[{"id":2350,"href":"https:\/\/portalmf.com.br\/index.php\/wp-json\/wp\/v2\/posts\/2348\/revisions\/2350"}],"wp:featuredmedia":[{"embeddable":true,"href":"https:\/\/portalmf.com.br\/index.php\/wp-json\/wp\/v2\/media\/2349"}],"wp:attachment":[{"href":"https:\/\/portalmf.com.br\/index.php\/wp-json\/wp\/v2\/media?parent=2348"}],"wp:term":[{"taxonomy":"category","embeddable":true,"href":"https:\/\/portalmf.com.br\/index.php\/wp-json\/wp\/v2\/categories?post=2348"},{"taxonomy":"post_tag","embeddable":true,"href":"https:\/\/portalmf.com.br\/index.php\/wp-json\/wp\/v2\/tags?post=2348"}],"curies":[{"name":"wp","href":"https:\/\/api.w.org\/{rel}","templated":true}]}}