{"id":23346,"date":"2024-02-03T18:23:25","date_gmt":"2024-02-03T21:23:25","guid":{"rendered":"https:\/\/portalmf.com.br\/?p=23346"},"modified":"2024-02-07T11:32:25","modified_gmt":"2024-02-07T14:32:25","slug":"governo-do-estado-publica-edital-de-concurso-publico-para-adab","status":"publish","type":"post","link":"https:\/\/portalmf.com.br\/index.php\/2024\/02\/03\/governo-do-estado-publica-edital-de-concurso-publico-para-adab\/","title":{"rendered":"Governo do Estado publica edital de concurso p\u00fablico para Adab"},"content":{"rendered":"\n<p>O Di\u00e1rio Oficial do Estado (DOE) publica, na edi\u00e7\u00e3o desta ter\u00e7a-feira (06), o Edital Saeb 01\/2024, de abertura de inscri\u00e7\u00f5es do concurso p\u00fablico para a Ag\u00eancia Estadual de Defesa Agropecu\u00e1ria da Bahia. O certame visa suprir 160 vagas na Adab, sendo 120 para o cargo de Fiscal Estadual Agropecu\u00e1rio da Adab e outras 40 para T\u00e9cnico em Fiscaliza\u00e7\u00e3o Agropecu\u00e1ria. O prazo de inscri\u00e7\u00f5es ser\u00e1 entre os dias 19 de fevereiro e 4 de abril de 2024.<\/p>\n\n\n\n<p>O cargo de Fiscal Estadual Agropecu\u00e1rio ter\u00e1 remunera\u00e7\u00e3o inicial de R$ 6.513,00 para carga hor\u00e1ria de 40 horas semanais. J\u00e1 a remunera\u00e7\u00e3o para a classe inicial do cargo de Fiscal Estadual Agropecu\u00e1rio ser\u00e1 de R$ R$ 2.442,00, tamb\u00e9m para 40 horas semanais. O Concurso ser\u00e1 realizado pela Secretaria da Administra\u00e7\u00e3o (Saeb), conjuntamente com a Ag\u00eancia Estadual de Defesa Agropecu\u00e1ria da Bahia (Adab).<\/p>\n\n\n\n<p>Para o cargo de Fiscal Estadual Agropecu\u00e1rio, com atua\u00e7\u00e3o na Defesa Sanit\u00e1ria e Inspe\u00e7\u00e3o Animal, \u00e9 exigido ao candidato forma\u00e7\u00e3o em curso superior, com gradua\u00e7\u00e3o em medicina veterin\u00e1ria, em institui\u00e7\u00e3o de ensino reconhecida pelo Minist\u00e9rio da Educa\u00e7\u00e3o (MEC). J\u00e1 para o cargo de Fiscal Estadual Agropecu\u00e1rio, com atua\u00e7\u00e3o Defesa Sanit\u00e1ria Vegetal, o requisito \u00e9 forma\u00e7\u00e3o em curso superior, com gradua\u00e7\u00e3o em agronomia, em institui\u00e7\u00e3o reconhecida MEC.<\/p>\n\n\n\n<p>No caso do cargo de T\u00e9cnico em Fiscaliza\u00e7\u00e3o Agropecu\u00e1ria \u00e9 necess\u00e1rio possuir forma\u00e7\u00e3o de n\u00edvel t\u00e9cnico em agropecu\u00e1ria, nos termos definidos nas Diretrizes Curriculares Nacionais para a Educa\u00e7\u00e3o Profissional de N\u00edvel T\u00e9cnico, fixadas por meio de Resolu\u00e7\u00e3o da C\u00e2mara de Educa\u00e7\u00e3o B\u00e1sica do Minist\u00e9rio da Educa\u00e7\u00e3o (MEC).<\/p>\n\n\n\n<p>Dentro do total de vagas providas pelo certame, o percentual de 30% ser\u00e1 reservado aos candidatos que se autodeclararem negros (pretos\/pardos). O concurso tamb\u00e9m prev\u00ea um percentual de 5% do n\u00famero de vagas ser\u00e1 exclusivo para candidatos com defici\u00eancia, de acordo com a legisla\u00e7\u00e3o vigente.<\/p>\n\n\n\n<p>Inscri\u00e7\u00f5es &#8211; Para efetuar as inscri\u00e7\u00f5es, os interessados dever\u00e3o acessar o endere\u00e7o eletr\u00f4nico da FGV (<a href=\"https:\/\/conhecimento.fgv.br\/concursos\/adab24\" target=\"_blank\" rel=\"noreferrer noopener\">https:\/\/conhecimento.fgv.br\/concursos\/adab24<\/a>), empresa que realizar\u00e1 o certame. As inscri\u00e7\u00f5es poder\u00e3o ser feitas entre \u00e0s 9h do dia 19 de fevereiro e \u00e0s 16h do dia 04 de abril de 2024. Os candidatos devem observar o regramento e as exig\u00eancias no Edital Saeb 01\/2024.<\/p>\n\n\n\n<p>As provas ser\u00e3o realizadas em Salvador. Os endere\u00e7os dos locais para a aplica\u00e7\u00e3o das provas ser\u00e3o enviados para os candidatos pelo e-mail informado no momento da inscri\u00e7\u00e3o no certame. A sele\u00e7\u00e3o contar\u00e1 com tr\u00eas etapas: provas objetivas (car\u00e1ter eliminat\u00f3rio e classificat\u00f3rio); prova discursiva (car\u00e1ter eliminat\u00f3rio e classificat\u00f3rio); prova de t\u00edtulos (car\u00e1ter classificat\u00f3rio, somente para o cargo de Fiscal Estadual Agropecu\u00e1rio).<\/p>\n","protected":false},"excerpt":{"rendered":"<p>O Di\u00e1rio Oficial do Estado (DOE) publica, na edi\u00e7\u00e3o desta ter\u00e7a-feira (06), o Edital Saeb 01\/2024, de abertura de inscri\u00e7\u00f5es do concurso p\u00fablico para a Ag\u00eancia Estadual de Defesa Agropecu\u00e1ria da Bahia. O certame visa suprir 160 vagas na Adab, sendo 120 para o cargo de Fiscal Estadual Agropecu\u00e1rio da Adab e outras 40 para [&hellip;]<\/p>\n","protected":false},"author":3,"featured_media":23347,"comment_status":"open","ping_status":"open","sticky":false,"template":"","format":"standard","meta":{"_monsterinsights_skip_tracking":false,"_monsterinsights_sitenote_active":false,"_monsterinsights_sitenote_note":"","_monsterinsights_sitenote_category":0,"footnotes":""},"categories":[34],"tags":[],"yoast_head":"<!-- This site is optimized with the Yoast SEO plugin v22.9 - https:\/\/yoast.com\/wordpress\/plugins\/seo\/ -->\n<title>Governo do Estado publica edital de concurso p\u00fablico para Adab - Portal MF<\/title>\n<meta name=\"robots\" content=\"index, follow, max-snippet:-1, max-image-preview:large, max-video-preview:-1\" \/>\n<link rel=\"canonical\" href=\"https:\/\/portalmf.com.br\/index.php\/2024\/02\/03\/governo-do-estado-publica-edital-de-concurso-publico-para-adab\/\" \/>\n<meta property=\"og:locale\" content=\"pt_BR\" \/>\n<meta property=\"og:type\" content=\"article\" \/>\n<meta property=\"og:title\" content=\"Governo do Estado publica edital de concurso p\u00fablico para Adab - Portal MF\" \/>\n<meta property=\"og:description\" content=\"O Di\u00e1rio Oficial do Estado (DOE) publica, na edi\u00e7\u00e3o desta ter\u00e7a-feira (06), o Edital Saeb 01\/2024, de abertura de inscri\u00e7\u00f5es do concurso p\u00fablico para a Ag\u00eancia Estadual de Defesa Agropecu\u00e1ria da Bahia. O certame visa suprir 160 vagas na Adab, sendo 120 para o cargo de Fiscal Estadual Agropecu\u00e1rio da Adab e outras 40 para [&hellip;]\" \/>\n<meta property=\"og:url\" content=\"https:\/\/portalmf.com.br\/index.php\/2024\/02\/03\/governo-do-estado-publica-edital-de-concurso-publico-para-adab\/\" \/>\n<meta property=\"og:site_name\" content=\"Portal MF\" \/>\n<meta property=\"article:author\" content=\"https:\/\/www.facebook.com\/portalmfoficial\" \/>\n<meta property=\"article:published_time\" content=\"2024-02-03T21:23:25+00:00\" \/>\n<meta property=\"article:modified_time\" content=\"2024-02-07T14:32:25+00:00\" \/>\n<meta property=\"og:image\" content=\"https:\/\/portalmf.com.br\/wp-content\/uploads\/2024\/02\/Adab.jpg\" \/>\n\t<meta property=\"og:image:width\" content=\"720\" \/>\n\t<meta property=\"og:image:height\" content=\"460\" \/>\n\t<meta property=\"og:image:type\" content=\"image\/jpeg\" \/>\n<meta name=\"author\" content=\"Reda\u00e7\u00e3o Portal MF\" \/>\n<meta name=\"twitter:card\" content=\"summary_large_image\" \/>\n<meta name=\"twitter:creator\" content=\"@https:\/\/x.com\/portalmfoficial\" \/>\n<meta name=\"twitter:label1\" content=\"Escrito por\" \/>\n\t<meta name=\"twitter:data1\" content=\"Reda\u00e7\u00e3o Portal MF\" \/>\n\t<meta name=\"twitter:label2\" content=\"Est. tempo de leitura\" \/>\n\t<meta name=\"twitter:data2\" content=\"3 minutos\" \/>\n<script type=\"application\/ld+json\" class=\"yoast-schema-graph\">{\"@context\":\"https:\/\/schema.org\",\"@graph\":[{\"@type\":\"WebPage\",\"@id\":\"https:\/\/portalmf.com.br\/index.php\/2024\/02\/03\/governo-do-estado-publica-edital-de-concurso-publico-para-adab\/\",\"url\":\"https:\/\/portalmf.com.br\/index.php\/2024\/02\/03\/governo-do-estado-publica-edital-de-concurso-publico-para-adab\/\",\"name\":\"Governo do Estado publica edital de concurso p\u00fablico para Adab - Portal MF\",\"isPartOf\":{\"@id\":\"https:\/\/portalmf.com.br\/#website\"},\"primaryImageOfPage\":{\"@id\":\"https:\/\/portalmf.com.br\/index.php\/2024\/02\/03\/governo-do-estado-publica-edital-de-concurso-publico-para-adab\/#primaryimage\"},\"image\":{\"@id\":\"https:\/\/portalmf.com.br\/index.php\/2024\/02\/03\/governo-do-estado-publica-edital-de-concurso-publico-para-adab\/#primaryimage\"},\"thumbnailUrl\":\"https:\/\/portalmf.com.br\/wp-content\/uploads\/2024\/02\/Adab.jpg\",\"datePublished\":\"2024-02-03T21:23:25+00:00\",\"dateModified\":\"2024-02-07T14:32:25+00:00\",\"author\":{\"@id\":\"https:\/\/portalmf.com.br\/#\/schema\/person\/9ec101baf56233e53520c26de5d6f6f0\"},\"breadcrumb\":{\"@id\":\"https:\/\/portalmf.com.br\/index.php\/2024\/02\/03\/governo-do-estado-publica-edital-de-concurso-publico-para-adab\/#breadcrumb\"},\"inLanguage\":\"pt-BR\",\"potentialAction\":[{\"@type\":\"ReadAction\",\"target\":[\"https:\/\/portalmf.com.br\/index.php\/2024\/02\/03\/governo-do-estado-publica-edital-de-concurso-publico-para-adab\/\"]}]},{\"@type\":\"ImageObject\",\"inLanguage\":\"pt-BR\",\"@id\":\"https:\/\/portalmf.com.br\/index.php\/2024\/02\/03\/governo-do-estado-publica-edital-de-concurso-publico-para-adab\/#primaryimage\",\"url\":\"https:\/\/portalmf.com.br\/wp-content\/uploads\/2024\/02\/Adab.jpg\",\"contentUrl\":\"https:\/\/portalmf.com.br\/wp-content\/uploads\/2024\/02\/Adab.jpg\",\"width\":720,\"height\":460},{\"@type\":\"BreadcrumbList\",\"@id\":\"https:\/\/portalmf.com.br\/index.php\/2024\/02\/03\/governo-do-estado-publica-edital-de-concurso-publico-para-adab\/#breadcrumb\",\"itemListElement\":[{\"@type\":\"ListItem\",\"position\":1,\"name\":\"In\u00edcio\",\"item\":\"https:\/\/portalmf.com.br\/\"},{\"@type\":\"ListItem\",\"position\":2,\"name\":\"Governo do Estado publica edital de concurso p\u00fablico para Adab\"}]},{\"@type\":\"WebSite\",\"@id\":\"https:\/\/portalmf.com.br\/#website\",\"url\":\"https:\/\/portalmf.com.br\/\",\"name\":\"Portal MF\",\"description\":\"Voc\u00ea conectado com a informa\u00e7\u00e3o\",\"potentialAction\":[{\"@type\":\"SearchAction\",\"target\":{\"@type\":\"EntryPoint\",\"urlTemplate\":\"https:\/\/portalmf.com.br\/?s={search_term_string}\"},\"query-input\":\"required name=search_term_string\"}],\"inLanguage\":\"pt-BR\"},{\"@type\":\"Person\",\"@id\":\"https:\/\/portalmf.com.br\/#\/schema\/person\/9ec101baf56233e53520c26de5d6f6f0\",\"name\":\"Reda\u00e7\u00e3o Portal MF\",\"image\":{\"@type\":\"ImageObject\",\"inLanguage\":\"pt-BR\",\"@id\":\"https:\/\/portalmf.com.br\/#\/schema\/person\/image\/\",\"url\":\"https:\/\/secure.gravatar.com\/avatar\/41b9aaeb2100835f7c64362330f74c7f?s=96&d=mm&r=g\",\"contentUrl\":\"https:\/\/secure.gravatar.com\/avatar\/41b9aaeb2100835f7c64362330f74c7f?s=96&d=mm&r=g\",\"caption\":\"Reda\u00e7\u00e3o Portal MF\"},\"description\":\"Sejam bem-vindos o portal de informa\u00e7\u00f5es de entretenimento de Feira de Santana, desde 2006 realiza coberturas dos principais eventos com entrevistas exclusivas com as principais personalidades mundiais. Fique conectado tamb\u00e9m nas redes sociais.\",\"sameAs\":[\"http:\/\/www.portalmf.com.br\/\",\"https:\/\/www.facebook.com\/portalmfoficial\",\"https:\/\/www.instagram.com\/portalmf\/\",\"https:\/\/x.com\/https:\/\/x.com\/portalmfoficial\",\"https:\/\/www.youtube.com\/@portalmfoficial\"],\"url\":\"https:\/\/portalmf.com.br\/index.php\/author\/junior\/\"}]}<\/script>\n<!-- \/ Yoast SEO plugin. -->","yoast_head_json":{"title":"Governo do Estado publica edital de concurso p\u00fablico para Adab - Portal MF","robots":{"index":"index","follow":"follow","max-snippet":"max-snippet:-1","max-image-preview":"max-image-preview:large","max-video-preview":"max-video-preview:-1"},"canonical":"https:\/\/portalmf.com.br\/index.php\/2024\/02\/03\/governo-do-estado-publica-edital-de-concurso-publico-para-adab\/","og_locale":"pt_BR","og_type":"article","og_title":"Governo do Estado publica edital de concurso p\u00fablico para Adab - Portal MF","og_description":"O Di\u00e1rio Oficial do Estado (DOE) publica, na edi\u00e7\u00e3o desta ter\u00e7a-feira (06), o Edital Saeb 01\/2024, de abertura de inscri\u00e7\u00f5es do concurso p\u00fablico para a Ag\u00eancia Estadual de Defesa Agropecu\u00e1ria da Bahia. O certame visa suprir 160 vagas na Adab, sendo 120 para o cargo de Fiscal Estadual Agropecu\u00e1rio da Adab e outras 40 para [&hellip;]","og_url":"https:\/\/portalmf.com.br\/index.php\/2024\/02\/03\/governo-do-estado-publica-edital-de-concurso-publico-para-adab\/","og_site_name":"Portal MF","article_author":"https:\/\/www.facebook.com\/portalmfoficial","article_published_time":"2024-02-03T21:23:25+00:00","article_modified_time":"2024-02-07T14:32:25+00:00","og_image":[{"width":720,"height":460,"url":"https:\/\/portalmf.com.br\/wp-content\/uploads\/2024\/02\/Adab.jpg","type":"image\/jpeg"}],"author":"Reda\u00e7\u00e3o Portal MF","twitter_card":"summary_large_image","twitter_creator":"@https:\/\/x.com\/portalmfoficial","twitter_misc":{"Escrito por":"Reda\u00e7\u00e3o Portal MF","Est. tempo de leitura":"3 minutos"},"schema":{"@context":"https:\/\/schema.org","@graph":[{"@type":"WebPage","@id":"https:\/\/portalmf.com.br\/index.php\/2024\/02\/03\/governo-do-estado-publica-edital-de-concurso-publico-para-adab\/","url":"https:\/\/portalmf.com.br\/index.php\/2024\/02\/03\/governo-do-estado-publica-edital-de-concurso-publico-para-adab\/","name":"Governo do Estado publica edital de concurso p\u00fablico para Adab - Portal MF","isPartOf":{"@id":"https:\/\/portalmf.com.br\/#website"},"primaryImageOfPage":{"@id":"https:\/\/portalmf.com.br\/index.php\/2024\/02\/03\/governo-do-estado-publica-edital-de-concurso-publico-para-adab\/#primaryimage"},"image":{"@id":"https:\/\/portalmf.com.br\/index.php\/2024\/02\/03\/governo-do-estado-publica-edital-de-concurso-publico-para-adab\/#primaryimage"},"thumbnailUrl":"https:\/\/portalmf.com.br\/wp-content\/uploads\/2024\/02\/Adab.jpg","datePublished":"2024-02-03T21:23:25+00:00","dateModified":"2024-02-07T14:32:25+00:00","author":{"@id":"https:\/\/portalmf.com.br\/#\/schema\/person\/9ec101baf56233e53520c26de5d6f6f0"},"breadcrumb":{"@id":"https:\/\/portalmf.com.br\/index.php\/2024\/02\/03\/governo-do-estado-publica-edital-de-concurso-publico-para-adab\/#breadcrumb"},"inLanguage":"pt-BR","potentialAction":[{"@type":"ReadAction","target":["https:\/\/portalmf.com.br\/index.php\/2024\/02\/03\/governo-do-estado-publica-edital-de-concurso-publico-para-adab\/"]}]},{"@type":"ImageObject","inLanguage":"pt-BR","@id":"https:\/\/portalmf.com.br\/index.php\/2024\/02\/03\/governo-do-estado-publica-edital-de-concurso-publico-para-adab\/#primaryimage","url":"https:\/\/portalmf.com.br\/wp-content\/uploads\/2024\/02\/Adab.jpg","contentUrl":"https:\/\/portalmf.com.br\/wp-content\/uploads\/2024\/02\/Adab.jpg","width":720,"height":460},{"@type":"BreadcrumbList","@id":"https:\/\/portalmf.com.br\/index.php\/2024\/02\/03\/governo-do-estado-publica-edital-de-concurso-publico-para-adab\/#breadcrumb","itemListElement":[{"@type":"ListItem","position":1,"name":"In\u00edcio","item":"https:\/\/portalmf.com.br\/"},{"@type":"ListItem","position":2,"name":"Governo do Estado publica edital de concurso p\u00fablico para Adab"}]},{"@type":"WebSite","@id":"https:\/\/portalmf.com.br\/#website","url":"https:\/\/portalmf.com.br\/","name":"Portal MF","description":"Voc\u00ea conectado com a informa\u00e7\u00e3o","potentialAction":[{"@type":"SearchAction","target":{"@type":"EntryPoint","urlTemplate":"https:\/\/portalmf.com.br\/?s={search_term_string}"},"query-input":"required name=search_term_string"}],"inLanguage":"pt-BR"},{"@type":"Person","@id":"https:\/\/portalmf.com.br\/#\/schema\/person\/9ec101baf56233e53520c26de5d6f6f0","name":"Reda\u00e7\u00e3o Portal MF","image":{"@type":"ImageObject","inLanguage":"pt-BR","@id":"https:\/\/portalmf.com.br\/#\/schema\/person\/image\/","url":"https:\/\/secure.gravatar.com\/avatar\/41b9aaeb2100835f7c64362330f74c7f?s=96&d=mm&r=g","contentUrl":"https:\/\/secure.gravatar.com\/avatar\/41b9aaeb2100835f7c64362330f74c7f?s=96&d=mm&r=g","caption":"Reda\u00e7\u00e3o Portal MF"},"description":"Sejam bem-vindos o portal de informa\u00e7\u00f5es de entretenimento de Feira de Santana, desde 2006 realiza coberturas dos principais eventos com entrevistas exclusivas com as principais personalidades mundiais. Fique conectado tamb\u00e9m nas redes sociais.","sameAs":["http:\/\/www.portalmf.com.br\/","https:\/\/www.facebook.com\/portalmfoficial","https:\/\/www.instagram.com\/portalmf\/","https:\/\/x.com\/https:\/\/x.com\/portalmfoficial","https:\/\/www.youtube.com\/@portalmfoficial"],"url":"https:\/\/portalmf.com.br\/index.php\/author\/junior\/"}]}},"_links":{"self":[{"href":"https:\/\/portalmf.com.br\/index.php\/wp-json\/wp\/v2\/posts\/23346"}],"collection":[{"href":"https:\/\/portalmf.com.br\/index.php\/wp-json\/wp\/v2\/posts"}],"about":[{"href":"https:\/\/portalmf.com.br\/index.php\/wp-json\/wp\/v2\/types\/post"}],"author":[{"embeddable":true,"href":"https:\/\/portalmf.com.br\/index.php\/wp-json\/wp\/v2\/users\/3"}],"replies":[{"embeddable":true,"href":"https:\/\/portalmf.com.br\/index.php\/wp-json\/wp\/v2\/comments?post=23346"}],"version-history":[{"count":1,"href":"https:\/\/portalmf.com.br\/index.php\/wp-json\/wp\/v2\/posts\/23346\/revisions"}],"predecessor-version":[{"id":23348,"href":"https:\/\/portalmf.com.br\/index.php\/wp-json\/wp\/v2\/posts\/23346\/revisions\/23348"}],"wp:featuredmedia":[{"embeddable":true,"href":"https:\/\/portalmf.com.br\/index.php\/wp-json\/wp\/v2\/media\/23347"}],"wp:attachment":[{"href":"https:\/\/portalmf.com.br\/index.php\/wp-json\/wp\/v2\/media?parent=23346"}],"wp:term":[{"taxonomy":"category","embeddable":true,"href":"https:\/\/portalmf.com.br\/index.php\/wp-json\/wp\/v2\/categories?post=23346"},{"taxonomy":"post_tag","embeddable":true,"href":"https:\/\/portalmf.com.br\/index.php\/wp-json\/wp\/v2\/tags?post=23346"}],"curies":[{"name":"wp","href":"https:\/\/api.w.org\/{rel}","templated":true}]}}