{"id":23315,"date":"2024-02-05T11:58:03","date_gmt":"2024-02-05T14:58:03","guid":{"rendered":"https:\/\/portalmf.com.br\/?p=23315"},"modified":"2024-02-06T12:02:51","modified_gmt":"2024-02-06T15:02:51","slug":"vereador-defende-que-vale-transporte-seja-pago-em-dinheiro-aos-guardas-municipais","status":"publish","type":"post","link":"https:\/\/portalmf.com.br\/index.php\/2024\/02\/05\/vereador-defende-que-vale-transporte-seja-pago-em-dinheiro-aos-guardas-municipais\/","title":{"rendered":"Vereador defende que vale-transporte seja pago em dinheiro aos Guardas Municipais"},"content":{"rendered":"\n<p>O vereador Pedro Am\u00e9rico (UB), encaminhou ao Poder Executivo uma sugest\u00e3o de decreto, para que em Feira de Santana, a concess\u00e3o do vale transporte seja entregue em dinheiro aos guardas municipais, e n\u00e3o mais atrav\u00e9s do cart\u00e3o magn\u00e9tico.<\/p>\n\n\n\n<p>Em sua justificativa, o parlamentar defende que a melhor forma de assegurar a justa utiliza\u00e7\u00e3o do vale-transporte \u00e9 ampliar as op\u00e7\u00f5es para que os servidores possam se locomover at\u00e9 o trabalho. \u201c<em>Proponho que seja facultado aos agentes da Guarda Municipal de Feira de Santana o recebimento do seu vale transporte em car\u00e1ter pecuni\u00e1rio, de forma conjunta a sua remunera\u00e7\u00e3o. Este direito ser\u00e1 de grande benef\u00edcio aos agentes, especialmente \u00e0queles que utilizam meios de transporte pr\u00f3prio, na medida em que poder\u00e3o utilizar tais valores para custear seu deslocamento em suas atividades cotidianas\u201d, <\/em>diz.<\/p>\n\n\n\n<p>Se faz importante pontuar que ao ficarem dependentes do transporte p\u00fablico, os profissionais correm risco de vida.<em> \u201cEles s\u00e3o parte do Sistema de Seguran\u00e7a P\u00fablica, e como agentes de seguran\u00e7a, eles, por diversas vezes est\u00e3o em situa\u00e7\u00e3o de confronto com criminosos. Usar o transporte regular p\u00f5e a vida desses agentes em risco, pois podem ficar frente a frente com meliantes\u201d<\/em>, preocupa-se o vereador.<\/p>\n\n\n\n<p>Os guardas municipais s\u00e3o ainda ref\u00e9ns dos hor\u00e1rios estabelecidos pelas empresas de \u00f4nibus e caso haja alguma falha, com dinheiro em m\u00e3os, o munic\u00edpio garante a cada servidor o direito de optar se ele quer ir para o trabalho de t\u00e1xi, \u00f4nibus, moto-t\u00e1xi ou com seu pr\u00f3prio ve\u00edculo.<\/p>\n\n\n\n<p>No documento enviado ao Poder Executivo, Pedro Am\u00e9rico ressalta ainda que n\u00e3o \u00e9 uma determina\u00e7\u00e3o, mas, uma nova op\u00e7\u00e3o. <\/p>\n\n\n\n<p><em>\u201cQuem quiser permanecer com o cart\u00e3o vai continuar tendo esse direito. Isso significa que o servidor poder\u00e1 escolher entre receber o benef\u00edcio em dinheiro ou pelo cart\u00e3o. Para isso, n\u00f3s precisamos adequar \u00e0s regras vigentes para assegurar a justa utiliza\u00e7\u00e3o desse recurso, sem que haja desvio de finalidade\u201d,<\/em> conclui Pedro Am\u00e9rico.<\/p>\n","protected":false},"excerpt":{"rendered":"<p>O vereador Pedro Am\u00e9rico (UB), encaminhou ao Poder Executivo uma sugest\u00e3o de decreto, para que em Feira de Santana, a concess\u00e3o do vale transporte seja entregue em dinheiro aos guardas municipais, e n\u00e3o mais atrav\u00e9s do cart\u00e3o magn\u00e9tico. Em sua justificativa, o parlamentar defende que a melhor forma de assegurar a justa utiliza\u00e7\u00e3o do vale-transporte [&hellip;]<\/p>\n","protected":false},"author":3,"featured_media":23316,"comment_status":"open","ping_status":"open","sticky":false,"template":"","format":"standard","meta":{"_monsterinsights_skip_tracking":false,"_monsterinsights_sitenote_active":false,"_monsterinsights_sitenote_note":"","_monsterinsights_sitenote_category":0,"footnotes":""},"categories":[34],"tags":[],"yoast_head":"<!-- This site is optimized with the Yoast SEO plugin v22.9 - https:\/\/yoast.com\/wordpress\/plugins\/seo\/ -->\n<title>Vereador defende que vale-transporte seja pago em dinheiro aos Guardas Municipais - Portal MF<\/title>\n<meta name=\"robots\" content=\"index, follow, max-snippet:-1, max-image-preview:large, max-video-preview:-1\" \/>\n<link rel=\"canonical\" href=\"https:\/\/portalmf.com.br\/index.php\/2024\/02\/05\/vereador-defende-que-vale-transporte-seja-pago-em-dinheiro-aos-guardas-municipais\/\" \/>\n<meta property=\"og:locale\" content=\"pt_BR\" \/>\n<meta property=\"og:type\" content=\"article\" \/>\n<meta property=\"og:title\" content=\"Vereador defende que vale-transporte seja pago em dinheiro aos Guardas Municipais - Portal MF\" \/>\n<meta property=\"og:description\" content=\"O vereador Pedro Am\u00e9rico (UB), encaminhou ao Poder Executivo uma sugest\u00e3o de decreto, para que em Feira de Santana, a concess\u00e3o do vale transporte seja entregue em dinheiro aos guardas municipais, e n\u00e3o mais atrav\u00e9s do cart\u00e3o magn\u00e9tico. Em sua justificativa, o parlamentar defende que a melhor forma de assegurar a justa utiliza\u00e7\u00e3o do vale-transporte [&hellip;]\" \/>\n<meta property=\"og:url\" content=\"https:\/\/portalmf.com.br\/index.php\/2024\/02\/05\/vereador-defende-que-vale-transporte-seja-pago-em-dinheiro-aos-guardas-municipais\/\" \/>\n<meta property=\"og:site_name\" content=\"Portal MF\" \/>\n<meta property=\"article:author\" content=\"https:\/\/www.facebook.com\/portalmfoficial\" \/>\n<meta property=\"article:published_time\" content=\"2024-02-05T14:58:03+00:00\" \/>\n<meta property=\"article:modified_time\" content=\"2024-02-06T15:02:51+00:00\" \/>\n<meta property=\"og:image\" content=\"https:\/\/portalmf.com.br\/wp-content\/uploads\/2024\/02\/Pedro-Americo.jpeg\" \/>\n\t<meta property=\"og:image:width\" content=\"1024\" \/>\n\t<meta property=\"og:image:height\" content=\"682\" \/>\n\t<meta property=\"og:image:type\" content=\"image\/jpeg\" \/>\n<meta name=\"author\" content=\"Reda\u00e7\u00e3o Portal MF\" \/>\n<meta name=\"twitter:card\" content=\"summary_large_image\" \/>\n<meta name=\"twitter:creator\" content=\"@https:\/\/x.com\/portalmfoficial\" \/>\n<meta name=\"twitter:label1\" content=\"Escrito por\" \/>\n\t<meta name=\"twitter:data1\" content=\"Reda\u00e7\u00e3o Portal MF\" \/>\n\t<meta name=\"twitter:label2\" content=\"Est. tempo de leitura\" \/>\n\t<meta name=\"twitter:data2\" content=\"2 minutos\" \/>\n<script type=\"application\/ld+json\" class=\"yoast-schema-graph\">{\"@context\":\"https:\/\/schema.org\",\"@graph\":[{\"@type\":\"WebPage\",\"@id\":\"https:\/\/portalmf.com.br\/index.php\/2024\/02\/05\/vereador-defende-que-vale-transporte-seja-pago-em-dinheiro-aos-guardas-municipais\/\",\"url\":\"https:\/\/portalmf.com.br\/index.php\/2024\/02\/05\/vereador-defende-que-vale-transporte-seja-pago-em-dinheiro-aos-guardas-municipais\/\",\"name\":\"Vereador defende que vale-transporte seja pago em dinheiro aos Guardas Municipais - Portal MF\",\"isPartOf\":{\"@id\":\"https:\/\/portalmf.com.br\/#website\"},\"primaryImageOfPage\":{\"@id\":\"https:\/\/portalmf.com.br\/index.php\/2024\/02\/05\/vereador-defende-que-vale-transporte-seja-pago-em-dinheiro-aos-guardas-municipais\/#primaryimage\"},\"image\":{\"@id\":\"https:\/\/portalmf.com.br\/index.php\/2024\/02\/05\/vereador-defende-que-vale-transporte-seja-pago-em-dinheiro-aos-guardas-municipais\/#primaryimage\"},\"thumbnailUrl\":\"https:\/\/portalmf.com.br\/wp-content\/uploads\/2024\/02\/Pedro-Americo.jpeg\",\"datePublished\":\"2024-02-05T14:58:03+00:00\",\"dateModified\":\"2024-02-06T15:02:51+00:00\",\"author\":{\"@id\":\"https:\/\/portalmf.com.br\/#\/schema\/person\/9ec101baf56233e53520c26de5d6f6f0\"},\"breadcrumb\":{\"@id\":\"https:\/\/portalmf.com.br\/index.php\/2024\/02\/05\/vereador-defende-que-vale-transporte-seja-pago-em-dinheiro-aos-guardas-municipais\/#breadcrumb\"},\"inLanguage\":\"pt-BR\",\"potentialAction\":[{\"@type\":\"ReadAction\",\"target\":[\"https:\/\/portalmf.com.br\/index.php\/2024\/02\/05\/vereador-defende-que-vale-transporte-seja-pago-em-dinheiro-aos-guardas-municipais\/\"]}]},{\"@type\":\"ImageObject\",\"inLanguage\":\"pt-BR\",\"@id\":\"https:\/\/portalmf.com.br\/index.php\/2024\/02\/05\/vereador-defende-que-vale-transporte-seja-pago-em-dinheiro-aos-guardas-municipais\/#primaryimage\",\"url\":\"https:\/\/portalmf.com.br\/wp-content\/uploads\/2024\/02\/Pedro-Americo.jpeg\",\"contentUrl\":\"https:\/\/portalmf.com.br\/wp-content\/uploads\/2024\/02\/Pedro-Americo.jpeg\",\"width\":1024,\"height\":682},{\"@type\":\"BreadcrumbList\",\"@id\":\"https:\/\/portalmf.com.br\/index.php\/2024\/02\/05\/vereador-defende-que-vale-transporte-seja-pago-em-dinheiro-aos-guardas-municipais\/#breadcrumb\",\"itemListElement\":[{\"@type\":\"ListItem\",\"position\":1,\"name\":\"In\u00edcio\",\"item\":\"https:\/\/portalmf.com.br\/\"},{\"@type\":\"ListItem\",\"position\":2,\"name\":\"Vereador defende que vale-transporte seja pago em dinheiro aos Guardas Municipais\"}]},{\"@type\":\"WebSite\",\"@id\":\"https:\/\/portalmf.com.br\/#website\",\"url\":\"https:\/\/portalmf.com.br\/\",\"name\":\"Portal MF\",\"description\":\"Voc\u00ea conectado com a informa\u00e7\u00e3o\",\"potentialAction\":[{\"@type\":\"SearchAction\",\"target\":{\"@type\":\"EntryPoint\",\"urlTemplate\":\"https:\/\/portalmf.com.br\/?s={search_term_string}\"},\"query-input\":\"required name=search_term_string\"}],\"inLanguage\":\"pt-BR\"},{\"@type\":\"Person\",\"@id\":\"https:\/\/portalmf.com.br\/#\/schema\/person\/9ec101baf56233e53520c26de5d6f6f0\",\"name\":\"Reda\u00e7\u00e3o Portal MF\",\"image\":{\"@type\":\"ImageObject\",\"inLanguage\":\"pt-BR\",\"@id\":\"https:\/\/portalmf.com.br\/#\/schema\/person\/image\/\",\"url\":\"https:\/\/secure.gravatar.com\/avatar\/41b9aaeb2100835f7c64362330f74c7f?s=96&d=mm&r=g\",\"contentUrl\":\"https:\/\/secure.gravatar.com\/avatar\/41b9aaeb2100835f7c64362330f74c7f?s=96&d=mm&r=g\",\"caption\":\"Reda\u00e7\u00e3o Portal MF\"},\"description\":\"Sejam bem-vindos o portal de informa\u00e7\u00f5es de entretenimento de Feira de Santana, desde 2006 realiza coberturas dos principais eventos com entrevistas exclusivas com as principais personalidades mundiais. Fique conectado tamb\u00e9m nas redes sociais.\",\"sameAs\":[\"http:\/\/www.portalmf.com.br\/\",\"https:\/\/www.facebook.com\/portalmfoficial\",\"https:\/\/www.instagram.com\/portalmf\/\",\"https:\/\/x.com\/https:\/\/x.com\/portalmfoficial\",\"https:\/\/www.youtube.com\/@portalmfoficial\"],\"url\":\"https:\/\/portalmf.com.br\/index.php\/author\/junior\/\"}]}<\/script>\n<!-- \/ Yoast SEO plugin. -->","yoast_head_json":{"title":"Vereador defende que vale-transporte seja pago em dinheiro aos Guardas Municipais - Portal MF","robots":{"index":"index","follow":"follow","max-snippet":"max-snippet:-1","max-image-preview":"max-image-preview:large","max-video-preview":"max-video-preview:-1"},"canonical":"https:\/\/portalmf.com.br\/index.php\/2024\/02\/05\/vereador-defende-que-vale-transporte-seja-pago-em-dinheiro-aos-guardas-municipais\/","og_locale":"pt_BR","og_type":"article","og_title":"Vereador defende que vale-transporte seja pago em dinheiro aos Guardas Municipais - Portal MF","og_description":"O vereador Pedro Am\u00e9rico (UB), encaminhou ao Poder Executivo uma sugest\u00e3o de decreto, para que em Feira de Santana, a concess\u00e3o do vale transporte seja entregue em dinheiro aos guardas municipais, e n\u00e3o mais atrav\u00e9s do cart\u00e3o magn\u00e9tico. Em sua justificativa, o parlamentar defende que a melhor forma de assegurar a justa utiliza\u00e7\u00e3o do vale-transporte [&hellip;]","og_url":"https:\/\/portalmf.com.br\/index.php\/2024\/02\/05\/vereador-defende-que-vale-transporte-seja-pago-em-dinheiro-aos-guardas-municipais\/","og_site_name":"Portal MF","article_author":"https:\/\/www.facebook.com\/portalmfoficial","article_published_time":"2024-02-05T14:58:03+00:00","article_modified_time":"2024-02-06T15:02:51+00:00","og_image":[{"width":1024,"height":682,"url":"https:\/\/portalmf.com.br\/wp-content\/uploads\/2024\/02\/Pedro-Americo.jpeg","type":"image\/jpeg"}],"author":"Reda\u00e7\u00e3o Portal MF","twitter_card":"summary_large_image","twitter_creator":"@https:\/\/x.com\/portalmfoficial","twitter_misc":{"Escrito por":"Reda\u00e7\u00e3o Portal MF","Est. tempo de leitura":"2 minutos"},"schema":{"@context":"https:\/\/schema.org","@graph":[{"@type":"WebPage","@id":"https:\/\/portalmf.com.br\/index.php\/2024\/02\/05\/vereador-defende-que-vale-transporte-seja-pago-em-dinheiro-aos-guardas-municipais\/","url":"https:\/\/portalmf.com.br\/index.php\/2024\/02\/05\/vereador-defende-que-vale-transporte-seja-pago-em-dinheiro-aos-guardas-municipais\/","name":"Vereador defende que vale-transporte seja pago em dinheiro aos Guardas Municipais - Portal MF","isPartOf":{"@id":"https:\/\/portalmf.com.br\/#website"},"primaryImageOfPage":{"@id":"https:\/\/portalmf.com.br\/index.php\/2024\/02\/05\/vereador-defende-que-vale-transporte-seja-pago-em-dinheiro-aos-guardas-municipais\/#primaryimage"},"image":{"@id":"https:\/\/portalmf.com.br\/index.php\/2024\/02\/05\/vereador-defende-que-vale-transporte-seja-pago-em-dinheiro-aos-guardas-municipais\/#primaryimage"},"thumbnailUrl":"https:\/\/portalmf.com.br\/wp-content\/uploads\/2024\/02\/Pedro-Americo.jpeg","datePublished":"2024-02-05T14:58:03+00:00","dateModified":"2024-02-06T15:02:51+00:00","author":{"@id":"https:\/\/portalmf.com.br\/#\/schema\/person\/9ec101baf56233e53520c26de5d6f6f0"},"breadcrumb":{"@id":"https:\/\/portalmf.com.br\/index.php\/2024\/02\/05\/vereador-defende-que-vale-transporte-seja-pago-em-dinheiro-aos-guardas-municipais\/#breadcrumb"},"inLanguage":"pt-BR","potentialAction":[{"@type":"ReadAction","target":["https:\/\/portalmf.com.br\/index.php\/2024\/02\/05\/vereador-defende-que-vale-transporte-seja-pago-em-dinheiro-aos-guardas-municipais\/"]}]},{"@type":"ImageObject","inLanguage":"pt-BR","@id":"https:\/\/portalmf.com.br\/index.php\/2024\/02\/05\/vereador-defende-que-vale-transporte-seja-pago-em-dinheiro-aos-guardas-municipais\/#primaryimage","url":"https:\/\/portalmf.com.br\/wp-content\/uploads\/2024\/02\/Pedro-Americo.jpeg","contentUrl":"https:\/\/portalmf.com.br\/wp-content\/uploads\/2024\/02\/Pedro-Americo.jpeg","width":1024,"height":682},{"@type":"BreadcrumbList","@id":"https:\/\/portalmf.com.br\/index.php\/2024\/02\/05\/vereador-defende-que-vale-transporte-seja-pago-em-dinheiro-aos-guardas-municipais\/#breadcrumb","itemListElement":[{"@type":"ListItem","position":1,"name":"In\u00edcio","item":"https:\/\/portalmf.com.br\/"},{"@type":"ListItem","position":2,"name":"Vereador defende que vale-transporte seja pago em dinheiro aos Guardas Municipais"}]},{"@type":"WebSite","@id":"https:\/\/portalmf.com.br\/#website","url":"https:\/\/portalmf.com.br\/","name":"Portal MF","description":"Voc\u00ea conectado com a informa\u00e7\u00e3o","potentialAction":[{"@type":"SearchAction","target":{"@type":"EntryPoint","urlTemplate":"https:\/\/portalmf.com.br\/?s={search_term_string}"},"query-input":"required name=search_term_string"}],"inLanguage":"pt-BR"},{"@type":"Person","@id":"https:\/\/portalmf.com.br\/#\/schema\/person\/9ec101baf56233e53520c26de5d6f6f0","name":"Reda\u00e7\u00e3o Portal MF","image":{"@type":"ImageObject","inLanguage":"pt-BR","@id":"https:\/\/portalmf.com.br\/#\/schema\/person\/image\/","url":"https:\/\/secure.gravatar.com\/avatar\/41b9aaeb2100835f7c64362330f74c7f?s=96&d=mm&r=g","contentUrl":"https:\/\/secure.gravatar.com\/avatar\/41b9aaeb2100835f7c64362330f74c7f?s=96&d=mm&r=g","caption":"Reda\u00e7\u00e3o Portal MF"},"description":"Sejam bem-vindos o portal de informa\u00e7\u00f5es de entretenimento de Feira de Santana, desde 2006 realiza coberturas dos principais eventos com entrevistas exclusivas com as principais personalidades mundiais. Fique conectado tamb\u00e9m nas redes sociais.","sameAs":["http:\/\/www.portalmf.com.br\/","https:\/\/www.facebook.com\/portalmfoficial","https:\/\/www.instagram.com\/portalmf\/","https:\/\/x.com\/https:\/\/x.com\/portalmfoficial","https:\/\/www.youtube.com\/@portalmfoficial"],"url":"https:\/\/portalmf.com.br\/index.php\/author\/junior\/"}]}},"_links":{"self":[{"href":"https:\/\/portalmf.com.br\/index.php\/wp-json\/wp\/v2\/posts\/23315"}],"collection":[{"href":"https:\/\/portalmf.com.br\/index.php\/wp-json\/wp\/v2\/posts"}],"about":[{"href":"https:\/\/portalmf.com.br\/index.php\/wp-json\/wp\/v2\/types\/post"}],"author":[{"embeddable":true,"href":"https:\/\/portalmf.com.br\/index.php\/wp-json\/wp\/v2\/users\/3"}],"replies":[{"embeddable":true,"href":"https:\/\/portalmf.com.br\/index.php\/wp-json\/wp\/v2\/comments?post=23315"}],"version-history":[{"count":1,"href":"https:\/\/portalmf.com.br\/index.php\/wp-json\/wp\/v2\/posts\/23315\/revisions"}],"predecessor-version":[{"id":23317,"href":"https:\/\/portalmf.com.br\/index.php\/wp-json\/wp\/v2\/posts\/23315\/revisions\/23317"}],"wp:featuredmedia":[{"embeddable":true,"href":"https:\/\/portalmf.com.br\/index.php\/wp-json\/wp\/v2\/media\/23316"}],"wp:attachment":[{"href":"https:\/\/portalmf.com.br\/index.php\/wp-json\/wp\/v2\/media?parent=23315"}],"wp:term":[{"taxonomy":"category","embeddable":true,"href":"https:\/\/portalmf.com.br\/index.php\/wp-json\/wp\/v2\/categories?post=23315"},{"taxonomy":"post_tag","embeddable":true,"href":"https:\/\/portalmf.com.br\/index.php\/wp-json\/wp\/v2\/tags?post=23315"}],"curies":[{"name":"wp","href":"https:\/\/api.w.org\/{rel}","templated":true}]}}