{"id":23278,"date":"2024-02-05T14:19:44","date_gmt":"2024-02-05T17:19:44","guid":{"rendered":"https:\/\/portalmf.com.br\/?p=23278"},"modified":"2024-02-05T14:19:45","modified_gmt":"2024-02-05T17:19:45","slug":"deputado-ze-neto-participa-do-encerramento-do-novenario-a-padroeira-de-humildes","status":"publish","type":"post","link":"https:\/\/portalmf.com.br\/index.php\/2024\/02\/05\/deputado-ze-neto-participa-do-encerramento-do-novenario-a-padroeira-de-humildes\/","title":{"rendered":"Deputado Z\u00e9 Neto participa do encerramento do Noven\u00e1rio \u00e0 padroeira de Humildes"},"content":{"rendered":"\n<p>O deputado federal Z\u00e9 Neto (PT) participou, neste domingo (4), do encerramento do Noven\u00e1rio em louvor \u00e0 Nossa Senhora dos Humildes, padroeira do maior distrito de Feira de Santana. Os festejos, que este ano teve como tema \u201cEis a miss\u00e3o: caminhar, recuperar vidas e despertar para o servi\u00e7o\u201d, foi iniciado no dia 26 de janeiro.<\/p>\n\n\n\n<p>Acompanhado do vereador Professor Ivamberg (PT) e das lideran\u00e7as comunit\u00e1rias Tio Bico, Raimundo Arabaca, Jailson Galego e Rodiney, Z\u00e9 Neto, que \u00e9 cat\u00f3lico desde a inf\u00e2ncia, acompanhou a prociss\u00e3o durante todo o trajeto pelas ruas do distrito at\u00e9 a ben\u00e7\u00e3o do Sant\u00edssimo Sacramento, presidida pelo p\u00e1roco Padre Miguel Amaral e concelebrada pelo vig\u00e1rio Padre Wilson Marques.<\/p>\n\n\n\n<figure class=\"wp-block-image size-large\"><img fetchpriority=\"high\" decoding=\"async\" width=\"1024\" height=\"682\" src=\"https:\/\/portalmf.com.br\/wp-content\/uploads\/2024\/02\/Ze-Neto-participa-do-encerramento-do-Novenario-a-padroeira-de-Humildes-Devocao-fe-e-tradicao-ao-maior-distrito-de-Feira-2-1024x682.jpeg\" alt=\"\" class=\"wp-image-23279\" srcset=\"https:\/\/portalmf.com.br\/wp-content\/uploads\/2024\/02\/Ze-Neto-participa-do-encerramento-do-Novenario-a-padroeira-de-Humildes-Devocao-fe-e-tradicao-ao-maior-distrito-de-Feira-2-1024x682.jpeg 1024w, https:\/\/portalmf.com.br\/wp-content\/uploads\/2024\/02\/Ze-Neto-participa-do-encerramento-do-Novenario-a-padroeira-de-Humildes-Devocao-fe-e-tradicao-ao-maior-distrito-de-Feira-2-300x200.jpeg 300w, https:\/\/portalmf.com.br\/wp-content\/uploads\/2024\/02\/Ze-Neto-participa-do-encerramento-do-Novenario-a-padroeira-de-Humildes-Devocao-fe-e-tradicao-ao-maior-distrito-de-Feira-2-768x511.jpeg 768w, https:\/\/portalmf.com.br\/wp-content\/uploads\/2024\/02\/Ze-Neto-participa-do-encerramento-do-Novenario-a-padroeira-de-Humildes-Devocao-fe-e-tradicao-ao-maior-distrito-de-Feira-2-696x463.jpeg 696w, https:\/\/portalmf.com.br\/wp-content\/uploads\/2024\/02\/Ze-Neto-participa-do-encerramento-do-Novenario-a-padroeira-de-Humildes-Devocao-fe-e-tradicao-ao-maior-distrito-de-Feira-2-1068x711.jpeg 1068w, https:\/\/portalmf.com.br\/wp-content\/uploads\/2024\/02\/Ze-Neto-participa-do-encerramento-do-Novenario-a-padroeira-de-Humildes-Devocao-fe-e-tradicao-ao-maior-distrito-de-Feira-2.jpeg 1280w\" sizes=\"(max-width: 1024px) 100vw, 1024px\" \/><\/figure>\n\n\n\n<p><em>\u201cAssim como fa\u00e7o todos os anos, n\u00e3o poderia deixar de estar presente nesse momento de devo\u00e7\u00e3o, f\u00e9 e tradi\u00e7\u00e3o \u00e0 padroeira de Humildes, maior distrito de Feira e que nosso Mandato tem relevantes servi\u00e7os prestados, mesmo ap\u00f3s chegar direto de viagem a S\u00e3o Paulo, onde fui prestigiar junto com minha esposa Naiana o casamento do nosso amigo \u2018feirense de cora\u00e7\u00e3o\u2019, Bruno Dantas (presidente do Tribunal de Contas da Uni\u00e3o \u2013 TCU), com Camila Camargo\u201d,<\/em> justificou.<\/p>\n\n\n\n<h2 class=\"wp-block-heading\">CIPE<\/h2>\n\n\n\n<p>Na ocasi\u00e3o, os parlamentares dialogaram com representantes da localidade e reafirmaram o compromisso do governador Jer\u00f4nimo Rodrigues e do Comando Geral da Pol\u00edcia Militar de instalar, em definitivo, a Companhia Independente de Policiamento Especializado (CIPE Leste) Portal do Sert\u00e3o na sede do distrito. <\/p>\n\n\n\n<figure class=\"wp-block-image size-large\"><img decoding=\"async\" width=\"1024\" height=\"682\" src=\"https:\/\/portalmf.com.br\/wp-content\/uploads\/2024\/02\/Ze-Neto-participa-do-encerramento-do-Novenario-a-padroeira-de-Humildes-Devocao-fe-e-tradicao-ao-maior-distrito-de-Feira-3-1024x682.jpeg\" alt=\"\" class=\"wp-image-23280\" srcset=\"https:\/\/portalmf.com.br\/wp-content\/uploads\/2024\/02\/Ze-Neto-participa-do-encerramento-do-Novenario-a-padroeira-de-Humildes-Devocao-fe-e-tradicao-ao-maior-distrito-de-Feira-3-1024x682.jpeg 1024w, https:\/\/portalmf.com.br\/wp-content\/uploads\/2024\/02\/Ze-Neto-participa-do-encerramento-do-Novenario-a-padroeira-de-Humildes-Devocao-fe-e-tradicao-ao-maior-distrito-de-Feira-3-300x200.jpeg 300w, https:\/\/portalmf.com.br\/wp-content\/uploads\/2024\/02\/Ze-Neto-participa-do-encerramento-do-Novenario-a-padroeira-de-Humildes-Devocao-fe-e-tradicao-ao-maior-distrito-de-Feira-3-768x511.jpeg 768w, https:\/\/portalmf.com.br\/wp-content\/uploads\/2024\/02\/Ze-Neto-participa-do-encerramento-do-Novenario-a-padroeira-de-Humildes-Devocao-fe-e-tradicao-ao-maior-distrito-de-Feira-3-696x463.jpeg 696w, https:\/\/portalmf.com.br\/wp-content\/uploads\/2024\/02\/Ze-Neto-participa-do-encerramento-do-Novenario-a-padroeira-de-Humildes-Devocao-fe-e-tradicao-ao-maior-distrito-de-Feira-3-1068x711.jpeg 1068w, https:\/\/portalmf.com.br\/wp-content\/uploads\/2024\/02\/Ze-Neto-participa-do-encerramento-do-Novenario-a-padroeira-de-Humildes-Devocao-fe-e-tradicao-ao-maior-distrito-de-Feira-3.jpeg 1280w\" sizes=\"(max-width: 1024px) 100vw, 1024px\" \/><\/figure>\n\n\n\n<p><em>\u201cO Governo do Estado j\u00e1 est\u00e1 sondando op\u00e7\u00f5es de \u00e1reas para desapropriar e construir a sede pr\u00f3pria da CIPE, tipo \u2018Caatinga\u2019, em Humildes\u201c<\/em>, assegurou Z\u00e9 Neto.<\/p>\n","protected":false},"excerpt":{"rendered":"<p>O deputado federal Z\u00e9 Neto (PT) participou, neste domingo (4), do encerramento do Noven\u00e1rio em louvor \u00e0 Nossa Senhora dos Humildes, padroeira do maior distrito de Feira de Santana. Os festejos, que este ano teve como tema \u201cEis a miss\u00e3o: caminhar, recuperar vidas e despertar para o servi\u00e7o\u201d, foi iniciado no dia 26 de janeiro. [&hellip;]<\/p>\n","protected":false},"author":3,"featured_media":23281,"comment_status":"open","ping_status":"open","sticky":false,"template":"","format":"standard","meta":{"_monsterinsights_skip_tracking":false,"_monsterinsights_sitenote_active":false,"_monsterinsights_sitenote_note":"","_monsterinsights_sitenote_category":0,"footnotes":""},"categories":[34],"tags":[],"yoast_head":"<!-- This site is optimized with the Yoast SEO plugin v22.9 - https:\/\/yoast.com\/wordpress\/plugins\/seo\/ -->\n<title>Deputado Z\u00e9 Neto participa do encerramento do Noven\u00e1rio \u00e0 padroeira de Humildes - Portal MF<\/title>\n<meta name=\"robots\" content=\"index, follow, max-snippet:-1, max-image-preview:large, max-video-preview:-1\" \/>\n<link rel=\"canonical\" href=\"https:\/\/portalmf.com.br\/index.php\/2024\/02\/05\/deputado-ze-neto-participa-do-encerramento-do-novenario-a-padroeira-de-humildes\/\" \/>\n<meta property=\"og:locale\" content=\"pt_BR\" \/>\n<meta property=\"og:type\" content=\"article\" \/>\n<meta property=\"og:title\" content=\"Deputado Z\u00e9 Neto participa do encerramento do Noven\u00e1rio \u00e0 padroeira de Humildes - Portal MF\" \/>\n<meta property=\"og:description\" content=\"O deputado federal Z\u00e9 Neto (PT) participou, neste domingo (4), do encerramento do Noven\u00e1rio em louvor \u00e0 Nossa Senhora dos Humildes, padroeira do maior distrito de Feira de Santana. Os festejos, que este ano teve como tema \u201cEis a miss\u00e3o: caminhar, recuperar vidas e despertar para o servi\u00e7o\u201d, foi iniciado no dia 26 de janeiro. [&hellip;]\" \/>\n<meta property=\"og:url\" content=\"https:\/\/portalmf.com.br\/index.php\/2024\/02\/05\/deputado-ze-neto-participa-do-encerramento-do-novenario-a-padroeira-de-humildes\/\" \/>\n<meta property=\"og:site_name\" content=\"Portal MF\" \/>\n<meta property=\"article:author\" content=\"https:\/\/www.facebook.com\/portalmfoficial\" \/>\n<meta property=\"article:published_time\" content=\"2024-02-05T17:19:44+00:00\" \/>\n<meta property=\"article:modified_time\" content=\"2024-02-05T17:19:45+00:00\" \/>\n<meta property=\"og:image\" content=\"https:\/\/portalmf.com.br\/wp-content\/uploads\/2024\/02\/Ze-Neto-participa-do-encerramento-do-Novenario-a-padroeira-de-Humildes-Devocao-fe-e-tradicao-ao-maior-distrito-de-Feira-1.jpeg\" \/>\n\t<meta property=\"og:image:width\" content=\"1280\" \/>\n\t<meta property=\"og:image:height\" content=\"924\" \/>\n\t<meta property=\"og:image:type\" content=\"image\/jpeg\" \/>\n<meta name=\"author\" content=\"Reda\u00e7\u00e3o Portal MF\" \/>\n<meta name=\"twitter:card\" content=\"summary_large_image\" \/>\n<meta name=\"twitter:creator\" content=\"@https:\/\/x.com\/portalmfoficial\" \/>\n<meta name=\"twitter:label1\" content=\"Escrito por\" \/>\n\t<meta name=\"twitter:data1\" content=\"Reda\u00e7\u00e3o Portal MF\" \/>\n\t<meta name=\"twitter:label2\" content=\"Est. tempo de leitura\" \/>\n\t<meta name=\"twitter:data2\" content=\"3 minutos\" \/>\n<script type=\"application\/ld+json\" class=\"yoast-schema-graph\">{\"@context\":\"https:\/\/schema.org\",\"@graph\":[{\"@type\":\"WebPage\",\"@id\":\"https:\/\/portalmf.com.br\/index.php\/2024\/02\/05\/deputado-ze-neto-participa-do-encerramento-do-novenario-a-padroeira-de-humildes\/\",\"url\":\"https:\/\/portalmf.com.br\/index.php\/2024\/02\/05\/deputado-ze-neto-participa-do-encerramento-do-novenario-a-padroeira-de-humildes\/\",\"name\":\"Deputado Z\u00e9 Neto participa do encerramento do Noven\u00e1rio \u00e0 padroeira de Humildes - Portal MF\",\"isPartOf\":{\"@id\":\"https:\/\/portalmf.com.br\/#website\"},\"primaryImageOfPage\":{\"@id\":\"https:\/\/portalmf.com.br\/index.php\/2024\/02\/05\/deputado-ze-neto-participa-do-encerramento-do-novenario-a-padroeira-de-humildes\/#primaryimage\"},\"image\":{\"@id\":\"https:\/\/portalmf.com.br\/index.php\/2024\/02\/05\/deputado-ze-neto-participa-do-encerramento-do-novenario-a-padroeira-de-humildes\/#primaryimage\"},\"thumbnailUrl\":\"https:\/\/portalmf.com.br\/wp-content\/uploads\/2024\/02\/Ze-Neto-participa-do-encerramento-do-Novenario-a-padroeira-de-Humildes-Devocao-fe-e-tradicao-ao-maior-distrito-de-Feira-1.jpeg\",\"datePublished\":\"2024-02-05T17:19:44+00:00\",\"dateModified\":\"2024-02-05T17:19:45+00:00\",\"author\":{\"@id\":\"https:\/\/portalmf.com.br\/#\/schema\/person\/9ec101baf56233e53520c26de5d6f6f0\"},\"breadcrumb\":{\"@id\":\"https:\/\/portalmf.com.br\/index.php\/2024\/02\/05\/deputado-ze-neto-participa-do-encerramento-do-novenario-a-padroeira-de-humildes\/#breadcrumb\"},\"inLanguage\":\"pt-BR\",\"potentialAction\":[{\"@type\":\"ReadAction\",\"target\":[\"https:\/\/portalmf.com.br\/index.php\/2024\/02\/05\/deputado-ze-neto-participa-do-encerramento-do-novenario-a-padroeira-de-humildes\/\"]}]},{\"@type\":\"ImageObject\",\"inLanguage\":\"pt-BR\",\"@id\":\"https:\/\/portalmf.com.br\/index.php\/2024\/02\/05\/deputado-ze-neto-participa-do-encerramento-do-novenario-a-padroeira-de-humildes\/#primaryimage\",\"url\":\"https:\/\/portalmf.com.br\/wp-content\/uploads\/2024\/02\/Ze-Neto-participa-do-encerramento-do-Novenario-a-padroeira-de-Humildes-Devocao-fe-e-tradicao-ao-maior-distrito-de-Feira-1.jpeg\",\"contentUrl\":\"https:\/\/portalmf.com.br\/wp-content\/uploads\/2024\/02\/Ze-Neto-participa-do-encerramento-do-Novenario-a-padroeira-de-Humildes-Devocao-fe-e-tradicao-ao-maior-distrito-de-Feira-1.jpeg\",\"width\":1280,\"height\":924},{\"@type\":\"BreadcrumbList\",\"@id\":\"https:\/\/portalmf.com.br\/index.php\/2024\/02\/05\/deputado-ze-neto-participa-do-encerramento-do-novenario-a-padroeira-de-humildes\/#breadcrumb\",\"itemListElement\":[{\"@type\":\"ListItem\",\"position\":1,\"name\":\"In\u00edcio\",\"item\":\"https:\/\/portalmf.com.br\/\"},{\"@type\":\"ListItem\",\"position\":2,\"name\":\"Deputado Z\u00e9 Neto participa do encerramento do Noven\u00e1rio \u00e0 padroeira de Humildes\"}]},{\"@type\":\"WebSite\",\"@id\":\"https:\/\/portalmf.com.br\/#website\",\"url\":\"https:\/\/portalmf.com.br\/\",\"name\":\"Portal MF\",\"description\":\"Voc\u00ea conectado com a informa\u00e7\u00e3o\",\"potentialAction\":[{\"@type\":\"SearchAction\",\"target\":{\"@type\":\"EntryPoint\",\"urlTemplate\":\"https:\/\/portalmf.com.br\/?s={search_term_string}\"},\"query-input\":\"required name=search_term_string\"}],\"inLanguage\":\"pt-BR\"},{\"@type\":\"Person\",\"@id\":\"https:\/\/portalmf.com.br\/#\/schema\/person\/9ec101baf56233e53520c26de5d6f6f0\",\"name\":\"Reda\u00e7\u00e3o Portal MF\",\"image\":{\"@type\":\"ImageObject\",\"inLanguage\":\"pt-BR\",\"@id\":\"https:\/\/portalmf.com.br\/#\/schema\/person\/image\/\",\"url\":\"https:\/\/secure.gravatar.com\/avatar\/41b9aaeb2100835f7c64362330f74c7f?s=96&d=mm&r=g\",\"contentUrl\":\"https:\/\/secure.gravatar.com\/avatar\/41b9aaeb2100835f7c64362330f74c7f?s=96&d=mm&r=g\",\"caption\":\"Reda\u00e7\u00e3o Portal MF\"},\"description\":\"Sejam bem-vindos o portal de informa\u00e7\u00f5es de entretenimento de Feira de Santana, desde 2006 realiza coberturas dos principais eventos com entrevistas exclusivas com as principais personalidades mundiais. Fique conectado tamb\u00e9m nas redes sociais.\",\"sameAs\":[\"http:\/\/www.portalmf.com.br\/\",\"https:\/\/www.facebook.com\/portalmfoficial\",\"https:\/\/www.instagram.com\/portalmf\/\",\"https:\/\/x.com\/https:\/\/x.com\/portalmfoficial\",\"https:\/\/www.youtube.com\/@portalmfoficial\"],\"url\":\"https:\/\/portalmf.com.br\/index.php\/author\/junior\/\"}]}<\/script>\n<!-- \/ Yoast SEO plugin. -->","yoast_head_json":{"title":"Deputado Z\u00e9 Neto participa do encerramento do Noven\u00e1rio \u00e0 padroeira de Humildes - Portal MF","robots":{"index":"index","follow":"follow","max-snippet":"max-snippet:-1","max-image-preview":"max-image-preview:large","max-video-preview":"max-video-preview:-1"},"canonical":"https:\/\/portalmf.com.br\/index.php\/2024\/02\/05\/deputado-ze-neto-participa-do-encerramento-do-novenario-a-padroeira-de-humildes\/","og_locale":"pt_BR","og_type":"article","og_title":"Deputado Z\u00e9 Neto participa do encerramento do Noven\u00e1rio \u00e0 padroeira de Humildes - Portal MF","og_description":"O deputado federal Z\u00e9 Neto (PT) participou, neste domingo (4), do encerramento do Noven\u00e1rio em louvor \u00e0 Nossa Senhora dos Humildes, padroeira do maior distrito de Feira de Santana. Os festejos, que este ano teve como tema \u201cEis a miss\u00e3o: caminhar, recuperar vidas e despertar para o servi\u00e7o\u201d, foi iniciado no dia 26 de janeiro. [&hellip;]","og_url":"https:\/\/portalmf.com.br\/index.php\/2024\/02\/05\/deputado-ze-neto-participa-do-encerramento-do-novenario-a-padroeira-de-humildes\/","og_site_name":"Portal MF","article_author":"https:\/\/www.facebook.com\/portalmfoficial","article_published_time":"2024-02-05T17:19:44+00:00","article_modified_time":"2024-02-05T17:19:45+00:00","og_image":[{"width":1280,"height":924,"url":"https:\/\/portalmf.com.br\/wp-content\/uploads\/2024\/02\/Ze-Neto-participa-do-encerramento-do-Novenario-a-padroeira-de-Humildes-Devocao-fe-e-tradicao-ao-maior-distrito-de-Feira-1.jpeg","type":"image\/jpeg"}],"author":"Reda\u00e7\u00e3o Portal MF","twitter_card":"summary_large_image","twitter_creator":"@https:\/\/x.com\/portalmfoficial","twitter_misc":{"Escrito por":"Reda\u00e7\u00e3o Portal MF","Est. tempo de leitura":"3 minutos"},"schema":{"@context":"https:\/\/schema.org","@graph":[{"@type":"WebPage","@id":"https:\/\/portalmf.com.br\/index.php\/2024\/02\/05\/deputado-ze-neto-participa-do-encerramento-do-novenario-a-padroeira-de-humildes\/","url":"https:\/\/portalmf.com.br\/index.php\/2024\/02\/05\/deputado-ze-neto-participa-do-encerramento-do-novenario-a-padroeira-de-humildes\/","name":"Deputado Z\u00e9 Neto participa do encerramento do Noven\u00e1rio \u00e0 padroeira de Humildes - Portal MF","isPartOf":{"@id":"https:\/\/portalmf.com.br\/#website"},"primaryImageOfPage":{"@id":"https:\/\/portalmf.com.br\/index.php\/2024\/02\/05\/deputado-ze-neto-participa-do-encerramento-do-novenario-a-padroeira-de-humildes\/#primaryimage"},"image":{"@id":"https:\/\/portalmf.com.br\/index.php\/2024\/02\/05\/deputado-ze-neto-participa-do-encerramento-do-novenario-a-padroeira-de-humildes\/#primaryimage"},"thumbnailUrl":"https:\/\/portalmf.com.br\/wp-content\/uploads\/2024\/02\/Ze-Neto-participa-do-encerramento-do-Novenario-a-padroeira-de-Humildes-Devocao-fe-e-tradicao-ao-maior-distrito-de-Feira-1.jpeg","datePublished":"2024-02-05T17:19:44+00:00","dateModified":"2024-02-05T17:19:45+00:00","author":{"@id":"https:\/\/portalmf.com.br\/#\/schema\/person\/9ec101baf56233e53520c26de5d6f6f0"},"breadcrumb":{"@id":"https:\/\/portalmf.com.br\/index.php\/2024\/02\/05\/deputado-ze-neto-participa-do-encerramento-do-novenario-a-padroeira-de-humildes\/#breadcrumb"},"inLanguage":"pt-BR","potentialAction":[{"@type":"ReadAction","target":["https:\/\/portalmf.com.br\/index.php\/2024\/02\/05\/deputado-ze-neto-participa-do-encerramento-do-novenario-a-padroeira-de-humildes\/"]}]},{"@type":"ImageObject","inLanguage":"pt-BR","@id":"https:\/\/portalmf.com.br\/index.php\/2024\/02\/05\/deputado-ze-neto-participa-do-encerramento-do-novenario-a-padroeira-de-humildes\/#primaryimage","url":"https:\/\/portalmf.com.br\/wp-content\/uploads\/2024\/02\/Ze-Neto-participa-do-encerramento-do-Novenario-a-padroeira-de-Humildes-Devocao-fe-e-tradicao-ao-maior-distrito-de-Feira-1.jpeg","contentUrl":"https:\/\/portalmf.com.br\/wp-content\/uploads\/2024\/02\/Ze-Neto-participa-do-encerramento-do-Novenario-a-padroeira-de-Humildes-Devocao-fe-e-tradicao-ao-maior-distrito-de-Feira-1.jpeg","width":1280,"height":924},{"@type":"BreadcrumbList","@id":"https:\/\/portalmf.com.br\/index.php\/2024\/02\/05\/deputado-ze-neto-participa-do-encerramento-do-novenario-a-padroeira-de-humildes\/#breadcrumb","itemListElement":[{"@type":"ListItem","position":1,"name":"In\u00edcio","item":"https:\/\/portalmf.com.br\/"},{"@type":"ListItem","position":2,"name":"Deputado Z\u00e9 Neto participa do encerramento do Noven\u00e1rio \u00e0 padroeira de Humildes"}]},{"@type":"WebSite","@id":"https:\/\/portalmf.com.br\/#website","url":"https:\/\/portalmf.com.br\/","name":"Portal MF","description":"Voc\u00ea conectado com a informa\u00e7\u00e3o","potentialAction":[{"@type":"SearchAction","target":{"@type":"EntryPoint","urlTemplate":"https:\/\/portalmf.com.br\/?s={search_term_string}"},"query-input":"required name=search_term_string"}],"inLanguage":"pt-BR"},{"@type":"Person","@id":"https:\/\/portalmf.com.br\/#\/schema\/person\/9ec101baf56233e53520c26de5d6f6f0","name":"Reda\u00e7\u00e3o Portal MF","image":{"@type":"ImageObject","inLanguage":"pt-BR","@id":"https:\/\/portalmf.com.br\/#\/schema\/person\/image\/","url":"https:\/\/secure.gravatar.com\/avatar\/41b9aaeb2100835f7c64362330f74c7f?s=96&d=mm&r=g","contentUrl":"https:\/\/secure.gravatar.com\/avatar\/41b9aaeb2100835f7c64362330f74c7f?s=96&d=mm&r=g","caption":"Reda\u00e7\u00e3o Portal MF"},"description":"Sejam bem-vindos o portal de informa\u00e7\u00f5es de entretenimento de Feira de Santana, desde 2006 realiza coberturas dos principais eventos com entrevistas exclusivas com as principais personalidades mundiais. Fique conectado tamb\u00e9m nas redes sociais.","sameAs":["http:\/\/www.portalmf.com.br\/","https:\/\/www.facebook.com\/portalmfoficial","https:\/\/www.instagram.com\/portalmf\/","https:\/\/x.com\/https:\/\/x.com\/portalmfoficial","https:\/\/www.youtube.com\/@portalmfoficial"],"url":"https:\/\/portalmf.com.br\/index.php\/author\/junior\/"}]}},"_links":{"self":[{"href":"https:\/\/portalmf.com.br\/index.php\/wp-json\/wp\/v2\/posts\/23278"}],"collection":[{"href":"https:\/\/portalmf.com.br\/index.php\/wp-json\/wp\/v2\/posts"}],"about":[{"href":"https:\/\/portalmf.com.br\/index.php\/wp-json\/wp\/v2\/types\/post"}],"author":[{"embeddable":true,"href":"https:\/\/portalmf.com.br\/index.php\/wp-json\/wp\/v2\/users\/3"}],"replies":[{"embeddable":true,"href":"https:\/\/portalmf.com.br\/index.php\/wp-json\/wp\/v2\/comments?post=23278"}],"version-history":[{"count":1,"href":"https:\/\/portalmf.com.br\/index.php\/wp-json\/wp\/v2\/posts\/23278\/revisions"}],"predecessor-version":[{"id":23282,"href":"https:\/\/portalmf.com.br\/index.php\/wp-json\/wp\/v2\/posts\/23278\/revisions\/23282"}],"wp:featuredmedia":[{"embeddable":true,"href":"https:\/\/portalmf.com.br\/index.php\/wp-json\/wp\/v2\/media\/23281"}],"wp:attachment":[{"href":"https:\/\/portalmf.com.br\/index.php\/wp-json\/wp\/v2\/media?parent=23278"}],"wp:term":[{"taxonomy":"category","embeddable":true,"href":"https:\/\/portalmf.com.br\/index.php\/wp-json\/wp\/v2\/categories?post=23278"},{"taxonomy":"post_tag","embeddable":true,"href":"https:\/\/portalmf.com.br\/index.php\/wp-json\/wp\/v2\/tags?post=23278"}],"curies":[{"name":"wp","href":"https:\/\/api.w.org\/{rel}","templated":true}]}}