{"id":2324,"date":"2022-07-29T16:02:25","date_gmt":"2022-07-29T19:02:25","guid":{"rendered":"http:\/\/portalmf.com.br\/?p=2324"},"modified":"2022-07-29T16:20:00","modified_gmt":"2022-07-29T19:20:00","slug":"sebastian-vettel-anuncia-aposentadoria-da-formula-1-no-final-da-temporada-de-2022","status":"publish","type":"post","link":"https:\/\/portalmf.com.br\/index.php\/2022\/07\/29\/sebastian-vettel-anuncia-aposentadoria-da-formula-1-no-final-da-temporada-de-2022\/","title":{"rendered":"Sebastian Vettel anuncia aposentadoria da F\u00f3rmula 1 no final da temporada de 2022"},"content":{"rendered":"\n<p>O tetracampe\u00e3o mundial Sebastian Vettel anunciou sua aposentadoria da F\u00f3rmula 1 para o final desta temporada, dizendo nesta quinta-feira (28) que seus objetivos mudaram e que ele quer se concentrar mais na fam\u00edlia e interesses fora do esporte.<\/p>\n\n\n\n<p>O alem\u00e3o de 35 anos, que pilota pela equipe Aston Martin, conquistou seus t\u00edtulos com a Red Bull entre 2010 e 2013 e tamb\u00e9m passou seis temporadas na Ferrari.<\/p>\n\n\n\n<p>Ele fez o an\u00fancio antes do Grande Pr\u00eamio da Hungria deste fim de semana, a 13\u00aa corrida da temporada e \u00faltima corrida antes do intervalo de agosto.<\/p>\n\n\n\n<p>\u201cAnuncio minha aposentadoria da F\u00f3rmula 1 ao final da temporada de 2022\u201d, disse ele em um comunicado em v\u00eddeo explicando seus motivos em uma p\u00e1gina rec\u00e9m-criada no Instagram.<\/p>\n\n\n\n<p>\u201cEu amo este esporte. Ele tem sido central na minha vida desde que me lembro. Mas tanto quanto h\u00e1 vida na pista, h\u00e1 minha vida fora dela tamb\u00e9m. Ser um piloto de corrida nunca foi minha \u00fanica identidade\u201d, acrescentou.<\/p>\n\n\n\n<p>\u201cAo lado das corridas, criei uma fam\u00edlia e adoro estar perto deles. Criei outros interesses fora da F\u00f3rmula 1\u201d, explicou.<\/p>\n\n\n\n<p>Vettel, que se tornou cada vez mais franco em uma s\u00e9rie de t\u00f3picos, do meio ambiente aos direitos LGBTQIA+, disse que a F\u00f3rmula 1 est\u00e1 cada vez mais em conflito com sua vida pessoal.<\/p>\n\n\n\n<p>\u201cMeus objetivos passaram de vencer corridas e lutar por campeonatos para ver meus filhos crescerem, transmitir meus valores, ajud\u00e1-los quando caem, ouvi-los quando precisam de mim, n\u00e3o ter que dizer adeus e, o mais importante, poder aprender com eles e deix\u00e1-los me inspirar\u201d, disse ele.<\/p>\n\n\n\n<p>\u201cSinto que vivemos em tempos muito decisivos e como todos moldamos esses pr\u00f3ximos anos determinar\u00e1 nossas vidas\u201d, afirmou Vettel.<\/p>\n\n\n\n<p>\u201cMinha paix\u00e3o vem com certos aspectos que aprendi a n\u00e3o gostar\u201d, ponderou.<\/p>\n\n\n\n<p>Vettel disse em maio que a mudan\u00e7a clim\u00e1tica o fez questionar seu trabalho como piloto de corrida.<\/p>\n\n\n\n<p>Questionado ent\u00e3o se sua posi\u00e7\u00e3o sobre o meio ambiente e o aquecimento global o tornava um hip\u00f3crita, considerando que ele fazia parte de um esporte \u201cdevorador de gasolina\u201d em uma equipe patrocinada pela gigante petrol\u00edfera saudita Aramco, ele admitiu que sim.<\/p>\n\n\n\n<p>\u201cH\u00e1 perguntas que me fa\u00e7o todos os dias e n\u00e3o sou um santo\u201d, disse ele ent\u00e3o.<\/p>\n\n\n\n<p>Com informa\u00e7\u00f5es da CNN Brasil<\/p>\n","protected":false},"excerpt":{"rendered":"<p>O tetracampe\u00e3o mundial Sebastian Vettel anunciou sua aposentadoria da F\u00f3rmula 1 para o final desta temporada, dizendo nesta quinta-feira (28) que seus objetivos mudaram e que ele quer se concentrar mais na fam\u00edlia e interesses fora do esporte. O alem\u00e3o de 35 anos, que pilota pela equipe Aston Martin, conquistou seus t\u00edtulos com a Red [&hellip;]<\/p>\n","protected":false},"author":2,"featured_media":2325,"comment_status":"open","ping_status":"open","sticky":false,"template":"","format":"standard","meta":{"_monsterinsights_skip_tracking":false,"_monsterinsights_sitenote_active":false,"_monsterinsights_sitenote_note":"","_monsterinsights_sitenote_category":0,"footnotes":""},"categories":[42],"tags":[],"yoast_head":"<!-- This site is optimized with the Yoast SEO plugin v22.9 - https:\/\/yoast.com\/wordpress\/plugins\/seo\/ -->\n<title>Sebastian Vettel anuncia aposentadoria da F\u00f3rmula 1 no final da temporada de 2022 - Portal MF<\/title>\n<meta name=\"robots\" content=\"index, follow, max-snippet:-1, max-image-preview:large, max-video-preview:-1\" \/>\n<link rel=\"canonical\" href=\"https:\/\/portalmf.com.br\/index.php\/2022\/07\/29\/sebastian-vettel-anuncia-aposentadoria-da-formula-1-no-final-da-temporada-de-2022\/\" \/>\n<meta property=\"og:locale\" content=\"pt_BR\" \/>\n<meta property=\"og:type\" content=\"article\" \/>\n<meta property=\"og:title\" content=\"Sebastian Vettel anuncia aposentadoria da F\u00f3rmula 1 no final da temporada de 2022 - Portal MF\" \/>\n<meta property=\"og:description\" content=\"O tetracampe\u00e3o mundial Sebastian Vettel anunciou sua aposentadoria da F\u00f3rmula 1 para o final desta temporada, dizendo nesta quinta-feira (28) que seus objetivos mudaram e que ele quer se concentrar mais na fam\u00edlia e interesses fora do esporte. O alem\u00e3o de 35 anos, que pilota pela equipe Aston Martin, conquistou seus t\u00edtulos com a Red [&hellip;]\" \/>\n<meta property=\"og:url\" content=\"https:\/\/portalmf.com.br\/index.php\/2022\/07\/29\/sebastian-vettel-anuncia-aposentadoria-da-formula-1-no-final-da-temporada-de-2022\/\" \/>\n<meta property=\"og:site_name\" content=\"Portal MF\" \/>\n<meta property=\"article:author\" content=\"reginaldojrfsa\" \/>\n<meta property=\"article:published_time\" content=\"2022-07-29T19:02:25+00:00\" \/>\n<meta property=\"article:modified_time\" content=\"2022-07-29T19:20:00+00:00\" \/>\n<meta property=\"og:image\" content=\"https:\/\/portalmf.com.br\/wp-content\/uploads\/2022\/07\/sebastian-vettel.jpg\" \/>\n\t<meta property=\"og:image:width\" content=\"850\" \/>\n\t<meta property=\"og:image:height\" content=\"567\" \/>\n\t<meta property=\"og:image:type\" content=\"image\/jpeg\" \/>\n<meta name=\"author\" content=\"Reginaldo J\u00fanior\" \/>\n<meta name=\"twitter:card\" content=\"summary_large_image\" \/>\n<meta name=\"twitter:creator\" content=\"@reginaldojrmf\" \/>\n<meta name=\"twitter:label1\" content=\"Escrito por\" \/>\n\t<meta name=\"twitter:data1\" content=\"Reginaldo J\u00fanior\" \/>\n\t<meta name=\"twitter:label2\" content=\"Est. tempo de leitura\" \/>\n\t<meta name=\"twitter:data2\" content=\"2 minutos\" \/>\n<script type=\"application\/ld+json\" class=\"yoast-schema-graph\">{\"@context\":\"https:\/\/schema.org\",\"@graph\":[{\"@type\":\"WebPage\",\"@id\":\"https:\/\/portalmf.com.br\/index.php\/2022\/07\/29\/sebastian-vettel-anuncia-aposentadoria-da-formula-1-no-final-da-temporada-de-2022\/\",\"url\":\"https:\/\/portalmf.com.br\/index.php\/2022\/07\/29\/sebastian-vettel-anuncia-aposentadoria-da-formula-1-no-final-da-temporada-de-2022\/\",\"name\":\"Sebastian Vettel anuncia aposentadoria da F\u00f3rmula 1 no final da temporada de 2022 - Portal MF\",\"isPartOf\":{\"@id\":\"https:\/\/portalmf.com.br\/#website\"},\"primaryImageOfPage\":{\"@id\":\"https:\/\/portalmf.com.br\/index.php\/2022\/07\/29\/sebastian-vettel-anuncia-aposentadoria-da-formula-1-no-final-da-temporada-de-2022\/#primaryimage\"},\"image\":{\"@id\":\"https:\/\/portalmf.com.br\/index.php\/2022\/07\/29\/sebastian-vettel-anuncia-aposentadoria-da-formula-1-no-final-da-temporada-de-2022\/#primaryimage\"},\"thumbnailUrl\":\"https:\/\/portalmf.com.br\/wp-content\/uploads\/2022\/07\/sebastian-vettel.jpg\",\"datePublished\":\"2022-07-29T19:02:25+00:00\",\"dateModified\":\"2022-07-29T19:20:00+00:00\",\"author\":{\"@id\":\"https:\/\/portalmf.com.br\/#\/schema\/person\/11c82086fe8abc05a19147e964587285\"},\"breadcrumb\":{\"@id\":\"https:\/\/portalmf.com.br\/index.php\/2022\/07\/29\/sebastian-vettel-anuncia-aposentadoria-da-formula-1-no-final-da-temporada-de-2022\/#breadcrumb\"},\"inLanguage\":\"pt-BR\",\"potentialAction\":[{\"@type\":\"ReadAction\",\"target\":[\"https:\/\/portalmf.com.br\/index.php\/2022\/07\/29\/sebastian-vettel-anuncia-aposentadoria-da-formula-1-no-final-da-temporada-de-2022\/\"]}]},{\"@type\":\"ImageObject\",\"inLanguage\":\"pt-BR\",\"@id\":\"https:\/\/portalmf.com.br\/index.php\/2022\/07\/29\/sebastian-vettel-anuncia-aposentadoria-da-formula-1-no-final-da-temporada-de-2022\/#primaryimage\",\"url\":\"https:\/\/portalmf.com.br\/wp-content\/uploads\/2022\/07\/sebastian-vettel.jpg\",\"contentUrl\":\"https:\/\/portalmf.com.br\/wp-content\/uploads\/2022\/07\/sebastian-vettel.jpg\",\"width\":850,\"height\":567,\"caption\":\"Foto: Reprodu\u00e7\u00e3o\/Instagram\"},{\"@type\":\"BreadcrumbList\",\"@id\":\"https:\/\/portalmf.com.br\/index.php\/2022\/07\/29\/sebastian-vettel-anuncia-aposentadoria-da-formula-1-no-final-da-temporada-de-2022\/#breadcrumb\",\"itemListElement\":[{\"@type\":\"ListItem\",\"position\":1,\"name\":\"In\u00edcio\",\"item\":\"https:\/\/portalmf.com.br\/\"},{\"@type\":\"ListItem\",\"position\":2,\"name\":\"Sebastian Vettel anuncia aposentadoria da F\u00f3rmula 1 no final da temporada de 2022\"}]},{\"@type\":\"WebSite\",\"@id\":\"https:\/\/portalmf.com.br\/#website\",\"url\":\"https:\/\/portalmf.com.br\/\",\"name\":\"Portal MF\",\"description\":\"Voc\u00ea conectado com a informa\u00e7\u00e3o\",\"potentialAction\":[{\"@type\":\"SearchAction\",\"target\":{\"@type\":\"EntryPoint\",\"urlTemplate\":\"https:\/\/portalmf.com.br\/?s={search_term_string}\"},\"query-input\":\"required name=search_term_string\"}],\"inLanguage\":\"pt-BR\"},{\"@type\":\"Person\",\"@id\":\"https:\/\/portalmf.com.br\/#\/schema\/person\/11c82086fe8abc05a19147e964587285\",\"name\":\"Reginaldo J\u00fanior\",\"image\":{\"@type\":\"ImageObject\",\"inLanguage\":\"pt-BR\",\"@id\":\"https:\/\/portalmf.com.br\/#\/schema\/person\/image\/\",\"url\":\"https:\/\/secure.gravatar.com\/avatar\/32a3c797cd0ac47cc53b8644c62776f9?s=96&d=mm&r=g\",\"contentUrl\":\"https:\/\/secure.gravatar.com\/avatar\/32a3c797cd0ac47cc53b8644c62776f9?s=96&d=mm&r=g\",\"caption\":\"Reginaldo J\u00fanior\"},\"description\":\"Jornalista e idealizador Portal MF\",\"sameAs\":[\"https:\/\/portalmf.com.br\/index.php\/author\/reginaldojr\/\",\"reginaldojrfsa\",\"reginaldojuniormf\",\"https:\/\/x.com\/reginaldojrmf\"],\"url\":\"https:\/\/portalmf.com.br\/index.php\/author\/reginaldojr\/\"}]}<\/script>\n<!-- \/ Yoast SEO plugin. -->","yoast_head_json":{"title":"Sebastian Vettel anuncia aposentadoria da F\u00f3rmula 1 no final da temporada de 2022 - Portal MF","robots":{"index":"index","follow":"follow","max-snippet":"max-snippet:-1","max-image-preview":"max-image-preview:large","max-video-preview":"max-video-preview:-1"},"canonical":"https:\/\/portalmf.com.br\/index.php\/2022\/07\/29\/sebastian-vettel-anuncia-aposentadoria-da-formula-1-no-final-da-temporada-de-2022\/","og_locale":"pt_BR","og_type":"article","og_title":"Sebastian Vettel anuncia aposentadoria da F\u00f3rmula 1 no final da temporada de 2022 - Portal MF","og_description":"O tetracampe\u00e3o mundial Sebastian Vettel anunciou sua aposentadoria da F\u00f3rmula 1 para o final desta temporada, dizendo nesta quinta-feira (28) que seus objetivos mudaram e que ele quer se concentrar mais na fam\u00edlia e interesses fora do esporte. O alem\u00e3o de 35 anos, que pilota pela equipe Aston Martin, conquistou seus t\u00edtulos com a Red [&hellip;]","og_url":"https:\/\/portalmf.com.br\/index.php\/2022\/07\/29\/sebastian-vettel-anuncia-aposentadoria-da-formula-1-no-final-da-temporada-de-2022\/","og_site_name":"Portal MF","article_author":"reginaldojrfsa","article_published_time":"2022-07-29T19:02:25+00:00","article_modified_time":"2022-07-29T19:20:00+00:00","og_image":[{"width":850,"height":567,"url":"https:\/\/portalmf.com.br\/wp-content\/uploads\/2022\/07\/sebastian-vettel.jpg","type":"image\/jpeg"}],"author":"Reginaldo J\u00fanior","twitter_card":"summary_large_image","twitter_creator":"@reginaldojrmf","twitter_misc":{"Escrito por":"Reginaldo J\u00fanior","Est. tempo de leitura":"2 minutos"},"schema":{"@context":"https:\/\/schema.org","@graph":[{"@type":"WebPage","@id":"https:\/\/portalmf.com.br\/index.php\/2022\/07\/29\/sebastian-vettel-anuncia-aposentadoria-da-formula-1-no-final-da-temporada-de-2022\/","url":"https:\/\/portalmf.com.br\/index.php\/2022\/07\/29\/sebastian-vettel-anuncia-aposentadoria-da-formula-1-no-final-da-temporada-de-2022\/","name":"Sebastian Vettel anuncia aposentadoria da F\u00f3rmula 1 no final da temporada de 2022 - Portal MF","isPartOf":{"@id":"https:\/\/portalmf.com.br\/#website"},"primaryImageOfPage":{"@id":"https:\/\/portalmf.com.br\/index.php\/2022\/07\/29\/sebastian-vettel-anuncia-aposentadoria-da-formula-1-no-final-da-temporada-de-2022\/#primaryimage"},"image":{"@id":"https:\/\/portalmf.com.br\/index.php\/2022\/07\/29\/sebastian-vettel-anuncia-aposentadoria-da-formula-1-no-final-da-temporada-de-2022\/#primaryimage"},"thumbnailUrl":"https:\/\/portalmf.com.br\/wp-content\/uploads\/2022\/07\/sebastian-vettel.jpg","datePublished":"2022-07-29T19:02:25+00:00","dateModified":"2022-07-29T19:20:00+00:00","author":{"@id":"https:\/\/portalmf.com.br\/#\/schema\/person\/11c82086fe8abc05a19147e964587285"},"breadcrumb":{"@id":"https:\/\/portalmf.com.br\/index.php\/2022\/07\/29\/sebastian-vettel-anuncia-aposentadoria-da-formula-1-no-final-da-temporada-de-2022\/#breadcrumb"},"inLanguage":"pt-BR","potentialAction":[{"@type":"ReadAction","target":["https:\/\/portalmf.com.br\/index.php\/2022\/07\/29\/sebastian-vettel-anuncia-aposentadoria-da-formula-1-no-final-da-temporada-de-2022\/"]}]},{"@type":"ImageObject","inLanguage":"pt-BR","@id":"https:\/\/portalmf.com.br\/index.php\/2022\/07\/29\/sebastian-vettel-anuncia-aposentadoria-da-formula-1-no-final-da-temporada-de-2022\/#primaryimage","url":"https:\/\/portalmf.com.br\/wp-content\/uploads\/2022\/07\/sebastian-vettel.jpg","contentUrl":"https:\/\/portalmf.com.br\/wp-content\/uploads\/2022\/07\/sebastian-vettel.jpg","width":850,"height":567,"caption":"Foto: Reprodu\u00e7\u00e3o\/Instagram"},{"@type":"BreadcrumbList","@id":"https:\/\/portalmf.com.br\/index.php\/2022\/07\/29\/sebastian-vettel-anuncia-aposentadoria-da-formula-1-no-final-da-temporada-de-2022\/#breadcrumb","itemListElement":[{"@type":"ListItem","position":1,"name":"In\u00edcio","item":"https:\/\/portalmf.com.br\/"},{"@type":"ListItem","position":2,"name":"Sebastian Vettel anuncia aposentadoria da F\u00f3rmula 1 no final da temporada de 2022"}]},{"@type":"WebSite","@id":"https:\/\/portalmf.com.br\/#website","url":"https:\/\/portalmf.com.br\/","name":"Portal MF","description":"Voc\u00ea conectado com a informa\u00e7\u00e3o","potentialAction":[{"@type":"SearchAction","target":{"@type":"EntryPoint","urlTemplate":"https:\/\/portalmf.com.br\/?s={search_term_string}"},"query-input":"required name=search_term_string"}],"inLanguage":"pt-BR"},{"@type":"Person","@id":"https:\/\/portalmf.com.br\/#\/schema\/person\/11c82086fe8abc05a19147e964587285","name":"Reginaldo J\u00fanior","image":{"@type":"ImageObject","inLanguage":"pt-BR","@id":"https:\/\/portalmf.com.br\/#\/schema\/person\/image\/","url":"https:\/\/secure.gravatar.com\/avatar\/32a3c797cd0ac47cc53b8644c62776f9?s=96&d=mm&r=g","contentUrl":"https:\/\/secure.gravatar.com\/avatar\/32a3c797cd0ac47cc53b8644c62776f9?s=96&d=mm&r=g","caption":"Reginaldo J\u00fanior"},"description":"Jornalista e idealizador Portal MF","sameAs":["https:\/\/portalmf.com.br\/index.php\/author\/reginaldojr\/","reginaldojrfsa","reginaldojuniormf","https:\/\/x.com\/reginaldojrmf"],"url":"https:\/\/portalmf.com.br\/index.php\/author\/reginaldojr\/"}]}},"_links":{"self":[{"href":"https:\/\/portalmf.com.br\/index.php\/wp-json\/wp\/v2\/posts\/2324"}],"collection":[{"href":"https:\/\/portalmf.com.br\/index.php\/wp-json\/wp\/v2\/posts"}],"about":[{"href":"https:\/\/portalmf.com.br\/index.php\/wp-json\/wp\/v2\/types\/post"}],"author":[{"embeddable":true,"href":"https:\/\/portalmf.com.br\/index.php\/wp-json\/wp\/v2\/users\/2"}],"replies":[{"embeddable":true,"href":"https:\/\/portalmf.com.br\/index.php\/wp-json\/wp\/v2\/comments?post=2324"}],"version-history":[{"count":3,"href":"https:\/\/portalmf.com.br\/index.php\/wp-json\/wp\/v2\/posts\/2324\/revisions"}],"predecessor-version":[{"id":2334,"href":"https:\/\/portalmf.com.br\/index.php\/wp-json\/wp\/v2\/posts\/2324\/revisions\/2334"}],"wp:featuredmedia":[{"embeddable":true,"href":"https:\/\/portalmf.com.br\/index.php\/wp-json\/wp\/v2\/media\/2325"}],"wp:attachment":[{"href":"https:\/\/portalmf.com.br\/index.php\/wp-json\/wp\/v2\/media?parent=2324"}],"wp:term":[{"taxonomy":"category","embeddable":true,"href":"https:\/\/portalmf.com.br\/index.php\/wp-json\/wp\/v2\/categories?post=2324"},{"taxonomy":"post_tag","embeddable":true,"href":"https:\/\/portalmf.com.br\/index.php\/wp-json\/wp\/v2\/tags?post=2324"}],"curies":[{"name":"wp","href":"https:\/\/api.w.org\/{rel}","templated":true}]}}