{"id":23176,"date":"2024-02-01T08:09:00","date_gmt":"2024-02-01T11:09:00","guid":{"rendered":"https:\/\/portalmf.com.br\/?p=23176"},"modified":"2024-02-02T17:11:05","modified_gmt":"2024-02-02T20:11:05","slug":"estudantes-da-rede-estadual-sao-aprovados-para-universidades-estadual-e-federal-pelo-sisu","status":"publish","type":"post","link":"https:\/\/portalmf.com.br\/index.php\/2024\/02\/01\/estudantes-da-rede-estadual-sao-aprovados-para-universidades-estadual-e-federal-pelo-sisu\/","title":{"rendered":"Estudantes da rede estadual s\u00e3o aprovados para universidades estadual e federal pelo Sisu"},"content":{"rendered":"\n<p>Depois de quase dois meses de expectativa para a publica\u00e7\u00e3o do resultado do processo seletivo de 2024 do Sistema de Sele\u00e7\u00e3o Unificada (Sisu), Cau\u00e3 G\u00f3es Santos Nascimento foi um dos estudantes que puderam dizer, aliviados e felizes, que valeram a pena os esfor\u00e7os e a dedica\u00e7\u00e3o. Al\u00e9m de ter sido aprovado em Medicina, na Universidade do Estado da Bahia (Uneb), ele conquistou uma vaga no curso de Direito da Universidade Federal da Bahia (Ufba), por meio do Sisu. Aos 17 anos, tendo conclu\u00eddo o Ensino M\u00e9dio no final do ano letivo de 2023, o ex-estudante do Col\u00e9gio de Aplica\u00e7\u00e3o An\u00edsio Teixeira, unidade da rede estadual de ensino localizada em Salvador, se sente duplamente realizado e gratificado. A lista de aprovados pelo Sisu foi divulgada pelo Minist\u00e9rio da Educa\u00e7\u00e3o (MEC) nessa quarta-feira (31).<\/p>\n\n\n\n<p>Cau\u00e3 foi aprovado em Direito na Ufba, pelo Sisu, mas sabe que n\u00e3o ter\u00e1 condi\u00e7\u00f5es de fazer dois cursos simultaneamente. A escolha j\u00e1 foi feita. \u201cVou cursar Medicina. Estou muito feliz com as minhas conquistas. Mas vou optar pelo curso da Uneb por ser a carreira m\u00e9dica um caminho mais seguro e gratificante\u201d, disse o futuro m\u00e9dico. Mas o favoritismo pela \u00e1rea teve uma motiva\u00e7\u00e3o mais profunda. \u201cEu, particularmente, sou uma pessoa que depende dos sistemas p\u00fablicos de Educa\u00e7\u00e3o e de Sa\u00fade. Ent\u00e3o, vejo de perto a necessidade de, ao me tornar m\u00e9dico, atuar nos servi\u00e7os p\u00fablicos para atender a popula\u00e7\u00e3o que deles necessita. A Medicina, na minha vis\u00e3o, tem um papel de transformar e proporcionar qualidade de vida para as pessoas. Portanto, desejo tamb\u00e9m fazer parte disso, atrav\u00e9s da minha futura profiss\u00e3o\u201d.<\/p>\n\n\n\n<p>Muitos dos estudantes da rede estadual aprovados no Sisu puderam contar com o Universidade para Todos, programa da Secretaria da Educa\u00e7\u00e3o do Estado (SEC), criado para contribuir com o fortalecimento das aprendizagens e preparar os estudantes concluintes e egressos do Ensino M\u00e9dio da rede p\u00fablica estadual para os processos seletivos de ingresso ao Ensino Superior. Em 2023, 18.966 estudantes da rede estadual de 195 munic\u00edpios, distribu\u00eddos em 311 polos nos 27 Territ\u00f3rios de Identidades do Estado da Bahia foram beneficiados pelo programa. O UPT \u00e9 resultado de uma parceria entre a SEC e as universidades p\u00fablicas estaduais (Uneb, Uefs, Uesc e Uesb) e a Universidade Federal do Rec\u00f4ncavo da Bahia (Ufrb).<\/p>\n\n\n\n<p>Aprovado para o curso de Geografia da Uesb, Glauber de Souza Souto \u00e9 testemunha dos benef\u00edcios que o UPT lhe proporcionou, como ent\u00e3o estudante da rede estadual do munic\u00edpio de C\u00e2ndido Sales. \u201cO Universidade para Todos \u00e9 um programa completo e gratuito. O curso ofereceu todo o apoio necess\u00e1rio para meus estudos. Em 2023, meu conhecimento foi ampliado gra\u00e7as aos profissionais do UPT. Com ensino din\u00e2mico e de extrema qualidade, os monitores mostraram diversas formas de aprendizagem e caminhos, auxiliando nos assuntos vestibulares e no meu psicol\u00f3gico\u201d, celebra.<\/p>\n\n\n\n<p>Os participantes do UPT s\u00e3o contemplados com atividades pedag\u00f3gicas, aul\u00f5es, simulados, orienta\u00e7\u00e3o profissional, oficinas e revis\u00f5es. Al\u00e9m disso, o UPT promoveu a forma\u00e7\u00e3o inicial e continuada para 1.376 estudantes universit\u00e1rios que atuaram como monitores, bem como isentou das taxas dos vestibulares da Uneb e Uesb os cursistas que obtiveram acima de 75% de frequ\u00eancia nas atividades durante o programa, que \u00e9 executado com recursos do Fundo Estadual de Combate e Erradica\u00e7\u00e3o da Pobreza (Funcep), geridos pela Casa Civil e recursos do Tesouro. O total do investimento em 2023 do programa foi de R$ 13.046.911,10 milh\u00f5es.<\/p>\n","protected":false},"excerpt":{"rendered":"<p>Depois de quase dois meses de expectativa para a publica\u00e7\u00e3o do resultado do processo seletivo de 2024 do Sistema de Sele\u00e7\u00e3o Unificada (Sisu), Cau\u00e3 G\u00f3es Santos Nascimento foi um dos estudantes que puderam dizer, aliviados e felizes, que valeram a pena os esfor\u00e7os e a dedica\u00e7\u00e3o. Al\u00e9m de ter sido aprovado em Medicina, na Universidade [&hellip;]<\/p>\n","protected":false},"author":3,"featured_media":23177,"comment_status":"open","ping_status":"open","sticky":false,"template":"","format":"standard","meta":{"_monsterinsights_skip_tracking":false,"_monsterinsights_sitenote_active":false,"_monsterinsights_sitenote_note":"","_monsterinsights_sitenote_category":0,"footnotes":""},"categories":[34],"tags":[],"yoast_head":"<!-- This site is optimized with the Yoast SEO plugin v22.9 - https:\/\/yoast.com\/wordpress\/plugins\/seo\/ -->\n<title>Estudantes da rede estadual s\u00e3o aprovados para universidades estadual e federal pelo Sisu - Portal MF<\/title>\n<meta name=\"robots\" content=\"index, follow, max-snippet:-1, max-image-preview:large, max-video-preview:-1\" \/>\n<link rel=\"canonical\" href=\"https:\/\/portalmf.com.br\/index.php\/2024\/02\/01\/estudantes-da-rede-estadual-sao-aprovados-para-universidades-estadual-e-federal-pelo-sisu\/\" \/>\n<meta property=\"og:locale\" content=\"pt_BR\" \/>\n<meta property=\"og:type\" content=\"article\" \/>\n<meta property=\"og:title\" content=\"Estudantes da rede estadual s\u00e3o aprovados para universidades estadual e federal pelo Sisu - Portal MF\" \/>\n<meta property=\"og:description\" content=\"Depois de quase dois meses de expectativa para a publica\u00e7\u00e3o do resultado do processo seletivo de 2024 do Sistema de Sele\u00e7\u00e3o Unificada (Sisu), Cau\u00e3 G\u00f3es Santos Nascimento foi um dos estudantes que puderam dizer, aliviados e felizes, que valeram a pena os esfor\u00e7os e a dedica\u00e7\u00e3o. Al\u00e9m de ter sido aprovado em Medicina, na Universidade [&hellip;]\" \/>\n<meta property=\"og:url\" content=\"https:\/\/portalmf.com.br\/index.php\/2024\/02\/01\/estudantes-da-rede-estadual-sao-aprovados-para-universidades-estadual-e-federal-pelo-sisu\/\" \/>\n<meta property=\"og:site_name\" content=\"Portal MF\" \/>\n<meta property=\"article:author\" content=\"https:\/\/www.facebook.com\/portalmfoficial\" \/>\n<meta property=\"article:published_time\" content=\"2024-02-01T11:09:00+00:00\" \/>\n<meta property=\"article:modified_time\" content=\"2024-02-02T20:11:05+00:00\" \/>\n<meta property=\"og:image\" content=\"https:\/\/portalmf.com.br\/wp-content\/uploads\/2024\/02\/Caua-Goes-Santos-Nascimento.jpeg\" \/>\n\t<meta property=\"og:image:width\" content=\"517\" \/>\n\t<meta property=\"og:image:height\" content=\"603\" \/>\n\t<meta property=\"og:image:type\" content=\"image\/jpeg\" \/>\n<meta name=\"author\" content=\"Reda\u00e7\u00e3o Portal MF\" \/>\n<meta name=\"twitter:card\" content=\"summary_large_image\" \/>\n<meta name=\"twitter:creator\" content=\"@https:\/\/x.com\/portalmfoficial\" \/>\n<meta name=\"twitter:label1\" content=\"Escrito por\" \/>\n\t<meta name=\"twitter:data1\" content=\"Reda\u00e7\u00e3o Portal MF\" \/>\n\t<meta name=\"twitter:label2\" content=\"Est. tempo de leitura\" \/>\n\t<meta name=\"twitter:data2\" content=\"4 minutos\" \/>\n<script type=\"application\/ld+json\" class=\"yoast-schema-graph\">{\"@context\":\"https:\/\/schema.org\",\"@graph\":[{\"@type\":\"WebPage\",\"@id\":\"https:\/\/portalmf.com.br\/index.php\/2024\/02\/01\/estudantes-da-rede-estadual-sao-aprovados-para-universidades-estadual-e-federal-pelo-sisu\/\",\"url\":\"https:\/\/portalmf.com.br\/index.php\/2024\/02\/01\/estudantes-da-rede-estadual-sao-aprovados-para-universidades-estadual-e-federal-pelo-sisu\/\",\"name\":\"Estudantes da rede estadual s\u00e3o aprovados para universidades estadual e federal pelo Sisu - Portal MF\",\"isPartOf\":{\"@id\":\"https:\/\/portalmf.com.br\/#website\"},\"primaryImageOfPage\":{\"@id\":\"https:\/\/portalmf.com.br\/index.php\/2024\/02\/01\/estudantes-da-rede-estadual-sao-aprovados-para-universidades-estadual-e-federal-pelo-sisu\/#primaryimage\"},\"image\":{\"@id\":\"https:\/\/portalmf.com.br\/index.php\/2024\/02\/01\/estudantes-da-rede-estadual-sao-aprovados-para-universidades-estadual-e-federal-pelo-sisu\/#primaryimage\"},\"thumbnailUrl\":\"https:\/\/portalmf.com.br\/wp-content\/uploads\/2024\/02\/Caua-Goes-Santos-Nascimento.jpeg\",\"datePublished\":\"2024-02-01T11:09:00+00:00\",\"dateModified\":\"2024-02-02T20:11:05+00:00\",\"author\":{\"@id\":\"https:\/\/portalmf.com.br\/#\/schema\/person\/9ec101baf56233e53520c26de5d6f6f0\"},\"breadcrumb\":{\"@id\":\"https:\/\/portalmf.com.br\/index.php\/2024\/02\/01\/estudantes-da-rede-estadual-sao-aprovados-para-universidades-estadual-e-federal-pelo-sisu\/#breadcrumb\"},\"inLanguage\":\"pt-BR\",\"potentialAction\":[{\"@type\":\"ReadAction\",\"target\":[\"https:\/\/portalmf.com.br\/index.php\/2024\/02\/01\/estudantes-da-rede-estadual-sao-aprovados-para-universidades-estadual-e-federal-pelo-sisu\/\"]}]},{\"@type\":\"ImageObject\",\"inLanguage\":\"pt-BR\",\"@id\":\"https:\/\/portalmf.com.br\/index.php\/2024\/02\/01\/estudantes-da-rede-estadual-sao-aprovados-para-universidades-estadual-e-federal-pelo-sisu\/#primaryimage\",\"url\":\"https:\/\/portalmf.com.br\/wp-content\/uploads\/2024\/02\/Caua-Goes-Santos-Nascimento.jpeg\",\"contentUrl\":\"https:\/\/portalmf.com.br\/wp-content\/uploads\/2024\/02\/Caua-Goes-Santos-Nascimento.jpeg\",\"width\":517,\"height\":603},{\"@type\":\"BreadcrumbList\",\"@id\":\"https:\/\/portalmf.com.br\/index.php\/2024\/02\/01\/estudantes-da-rede-estadual-sao-aprovados-para-universidades-estadual-e-federal-pelo-sisu\/#breadcrumb\",\"itemListElement\":[{\"@type\":\"ListItem\",\"position\":1,\"name\":\"In\u00edcio\",\"item\":\"https:\/\/portalmf.com.br\/\"},{\"@type\":\"ListItem\",\"position\":2,\"name\":\"Estudantes da rede estadual s\u00e3o aprovados para universidades estadual e federal pelo Sisu\"}]},{\"@type\":\"WebSite\",\"@id\":\"https:\/\/portalmf.com.br\/#website\",\"url\":\"https:\/\/portalmf.com.br\/\",\"name\":\"Portal MF\",\"description\":\"Voc\u00ea conectado com a informa\u00e7\u00e3o\",\"potentialAction\":[{\"@type\":\"SearchAction\",\"target\":{\"@type\":\"EntryPoint\",\"urlTemplate\":\"https:\/\/portalmf.com.br\/?s={search_term_string}\"},\"query-input\":\"required name=search_term_string\"}],\"inLanguage\":\"pt-BR\"},{\"@type\":\"Person\",\"@id\":\"https:\/\/portalmf.com.br\/#\/schema\/person\/9ec101baf56233e53520c26de5d6f6f0\",\"name\":\"Reda\u00e7\u00e3o Portal MF\",\"image\":{\"@type\":\"ImageObject\",\"inLanguage\":\"pt-BR\",\"@id\":\"https:\/\/portalmf.com.br\/#\/schema\/person\/image\/\",\"url\":\"https:\/\/secure.gravatar.com\/avatar\/41b9aaeb2100835f7c64362330f74c7f?s=96&d=mm&r=g\",\"contentUrl\":\"https:\/\/secure.gravatar.com\/avatar\/41b9aaeb2100835f7c64362330f74c7f?s=96&d=mm&r=g\",\"caption\":\"Reda\u00e7\u00e3o Portal MF\"},\"description\":\"Sejam bem-vindos o portal de informa\u00e7\u00f5es de entretenimento de Feira de Santana, desde 2006 realiza coberturas dos principais eventos com entrevistas exclusivas com as principais personalidades mundiais. Fique conectado tamb\u00e9m nas redes sociais.\",\"sameAs\":[\"http:\/\/www.portalmf.com.br\/\",\"https:\/\/www.facebook.com\/portalmfoficial\",\"https:\/\/www.instagram.com\/portalmf\/\",\"https:\/\/x.com\/https:\/\/x.com\/portalmfoficial\",\"https:\/\/www.youtube.com\/@portalmfoficial\"],\"url\":\"https:\/\/portalmf.com.br\/index.php\/author\/junior\/\"}]}<\/script>\n<!-- \/ Yoast SEO plugin. -->","yoast_head_json":{"title":"Estudantes da rede estadual s\u00e3o aprovados para universidades estadual e federal pelo Sisu - Portal MF","robots":{"index":"index","follow":"follow","max-snippet":"max-snippet:-1","max-image-preview":"max-image-preview:large","max-video-preview":"max-video-preview:-1"},"canonical":"https:\/\/portalmf.com.br\/index.php\/2024\/02\/01\/estudantes-da-rede-estadual-sao-aprovados-para-universidades-estadual-e-federal-pelo-sisu\/","og_locale":"pt_BR","og_type":"article","og_title":"Estudantes da rede estadual s\u00e3o aprovados para universidades estadual e federal pelo Sisu - Portal MF","og_description":"Depois de quase dois meses de expectativa para a publica\u00e7\u00e3o do resultado do processo seletivo de 2024 do Sistema de Sele\u00e7\u00e3o Unificada (Sisu), Cau\u00e3 G\u00f3es Santos Nascimento foi um dos estudantes que puderam dizer, aliviados e felizes, que valeram a pena os esfor\u00e7os e a dedica\u00e7\u00e3o. Al\u00e9m de ter sido aprovado em Medicina, na Universidade [&hellip;]","og_url":"https:\/\/portalmf.com.br\/index.php\/2024\/02\/01\/estudantes-da-rede-estadual-sao-aprovados-para-universidades-estadual-e-federal-pelo-sisu\/","og_site_name":"Portal MF","article_author":"https:\/\/www.facebook.com\/portalmfoficial","article_published_time":"2024-02-01T11:09:00+00:00","article_modified_time":"2024-02-02T20:11:05+00:00","og_image":[{"width":517,"height":603,"url":"https:\/\/portalmf.com.br\/wp-content\/uploads\/2024\/02\/Caua-Goes-Santos-Nascimento.jpeg","type":"image\/jpeg"}],"author":"Reda\u00e7\u00e3o Portal MF","twitter_card":"summary_large_image","twitter_creator":"@https:\/\/x.com\/portalmfoficial","twitter_misc":{"Escrito por":"Reda\u00e7\u00e3o Portal MF","Est. tempo de leitura":"4 minutos"},"schema":{"@context":"https:\/\/schema.org","@graph":[{"@type":"WebPage","@id":"https:\/\/portalmf.com.br\/index.php\/2024\/02\/01\/estudantes-da-rede-estadual-sao-aprovados-para-universidades-estadual-e-federal-pelo-sisu\/","url":"https:\/\/portalmf.com.br\/index.php\/2024\/02\/01\/estudantes-da-rede-estadual-sao-aprovados-para-universidades-estadual-e-federal-pelo-sisu\/","name":"Estudantes da rede estadual s\u00e3o aprovados para universidades estadual e federal pelo Sisu - Portal MF","isPartOf":{"@id":"https:\/\/portalmf.com.br\/#website"},"primaryImageOfPage":{"@id":"https:\/\/portalmf.com.br\/index.php\/2024\/02\/01\/estudantes-da-rede-estadual-sao-aprovados-para-universidades-estadual-e-federal-pelo-sisu\/#primaryimage"},"image":{"@id":"https:\/\/portalmf.com.br\/index.php\/2024\/02\/01\/estudantes-da-rede-estadual-sao-aprovados-para-universidades-estadual-e-federal-pelo-sisu\/#primaryimage"},"thumbnailUrl":"https:\/\/portalmf.com.br\/wp-content\/uploads\/2024\/02\/Caua-Goes-Santos-Nascimento.jpeg","datePublished":"2024-02-01T11:09:00+00:00","dateModified":"2024-02-02T20:11:05+00:00","author":{"@id":"https:\/\/portalmf.com.br\/#\/schema\/person\/9ec101baf56233e53520c26de5d6f6f0"},"breadcrumb":{"@id":"https:\/\/portalmf.com.br\/index.php\/2024\/02\/01\/estudantes-da-rede-estadual-sao-aprovados-para-universidades-estadual-e-federal-pelo-sisu\/#breadcrumb"},"inLanguage":"pt-BR","potentialAction":[{"@type":"ReadAction","target":["https:\/\/portalmf.com.br\/index.php\/2024\/02\/01\/estudantes-da-rede-estadual-sao-aprovados-para-universidades-estadual-e-federal-pelo-sisu\/"]}]},{"@type":"ImageObject","inLanguage":"pt-BR","@id":"https:\/\/portalmf.com.br\/index.php\/2024\/02\/01\/estudantes-da-rede-estadual-sao-aprovados-para-universidades-estadual-e-federal-pelo-sisu\/#primaryimage","url":"https:\/\/portalmf.com.br\/wp-content\/uploads\/2024\/02\/Caua-Goes-Santos-Nascimento.jpeg","contentUrl":"https:\/\/portalmf.com.br\/wp-content\/uploads\/2024\/02\/Caua-Goes-Santos-Nascimento.jpeg","width":517,"height":603},{"@type":"BreadcrumbList","@id":"https:\/\/portalmf.com.br\/index.php\/2024\/02\/01\/estudantes-da-rede-estadual-sao-aprovados-para-universidades-estadual-e-federal-pelo-sisu\/#breadcrumb","itemListElement":[{"@type":"ListItem","position":1,"name":"In\u00edcio","item":"https:\/\/portalmf.com.br\/"},{"@type":"ListItem","position":2,"name":"Estudantes da rede estadual s\u00e3o aprovados para universidades estadual e federal pelo Sisu"}]},{"@type":"WebSite","@id":"https:\/\/portalmf.com.br\/#website","url":"https:\/\/portalmf.com.br\/","name":"Portal MF","description":"Voc\u00ea conectado com a informa\u00e7\u00e3o","potentialAction":[{"@type":"SearchAction","target":{"@type":"EntryPoint","urlTemplate":"https:\/\/portalmf.com.br\/?s={search_term_string}"},"query-input":"required name=search_term_string"}],"inLanguage":"pt-BR"},{"@type":"Person","@id":"https:\/\/portalmf.com.br\/#\/schema\/person\/9ec101baf56233e53520c26de5d6f6f0","name":"Reda\u00e7\u00e3o Portal MF","image":{"@type":"ImageObject","inLanguage":"pt-BR","@id":"https:\/\/portalmf.com.br\/#\/schema\/person\/image\/","url":"https:\/\/secure.gravatar.com\/avatar\/41b9aaeb2100835f7c64362330f74c7f?s=96&d=mm&r=g","contentUrl":"https:\/\/secure.gravatar.com\/avatar\/41b9aaeb2100835f7c64362330f74c7f?s=96&d=mm&r=g","caption":"Reda\u00e7\u00e3o Portal MF"},"description":"Sejam bem-vindos o portal de informa\u00e7\u00f5es de entretenimento de Feira de Santana, desde 2006 realiza coberturas dos principais eventos com entrevistas exclusivas com as principais personalidades mundiais. Fique conectado tamb\u00e9m nas redes sociais.","sameAs":["http:\/\/www.portalmf.com.br\/","https:\/\/www.facebook.com\/portalmfoficial","https:\/\/www.instagram.com\/portalmf\/","https:\/\/x.com\/https:\/\/x.com\/portalmfoficial","https:\/\/www.youtube.com\/@portalmfoficial"],"url":"https:\/\/portalmf.com.br\/index.php\/author\/junior\/"}]}},"_links":{"self":[{"href":"https:\/\/portalmf.com.br\/index.php\/wp-json\/wp\/v2\/posts\/23176"}],"collection":[{"href":"https:\/\/portalmf.com.br\/index.php\/wp-json\/wp\/v2\/posts"}],"about":[{"href":"https:\/\/portalmf.com.br\/index.php\/wp-json\/wp\/v2\/types\/post"}],"author":[{"embeddable":true,"href":"https:\/\/portalmf.com.br\/index.php\/wp-json\/wp\/v2\/users\/3"}],"replies":[{"embeddable":true,"href":"https:\/\/portalmf.com.br\/index.php\/wp-json\/wp\/v2\/comments?post=23176"}],"version-history":[{"count":1,"href":"https:\/\/portalmf.com.br\/index.php\/wp-json\/wp\/v2\/posts\/23176\/revisions"}],"predecessor-version":[{"id":23178,"href":"https:\/\/portalmf.com.br\/index.php\/wp-json\/wp\/v2\/posts\/23176\/revisions\/23178"}],"wp:featuredmedia":[{"embeddable":true,"href":"https:\/\/portalmf.com.br\/index.php\/wp-json\/wp\/v2\/media\/23177"}],"wp:attachment":[{"href":"https:\/\/portalmf.com.br\/index.php\/wp-json\/wp\/v2\/media?parent=23176"}],"wp:term":[{"taxonomy":"category","embeddable":true,"href":"https:\/\/portalmf.com.br\/index.php\/wp-json\/wp\/v2\/categories?post=23176"},{"taxonomy":"post_tag","embeddable":true,"href":"https:\/\/portalmf.com.br\/index.php\/wp-json\/wp\/v2\/tags?post=23176"}],"curies":[{"name":"wp","href":"https:\/\/api.w.org\/{rel}","templated":true}]}}