{"id":23096,"date":"2024-02-01T17:44:00","date_gmt":"2024-02-01T20:44:00","guid":{"rendered":"https:\/\/portalmf.com.br\/?p=23096"},"modified":"2024-02-01T17:44:01","modified_gmt":"2024-02-01T20:44:01","slug":"em-concorrida-sessao-solene-presidente-eremita-abriu-os-trabalhos-legislativos-deste-ano","status":"publish","type":"post","link":"https:\/\/portalmf.com.br\/index.php\/2024\/02\/01\/em-concorrida-sessao-solene-presidente-eremita-abriu-os-trabalhos-legislativos-deste-ano\/","title":{"rendered":"Em concorrida sess\u00e3o solene, presidente Eremita abriu, os trabalhos legislativos deste ano"},"content":{"rendered":"\n<p>Ap\u00f3s o recesso parlamentar, a C\u00e2mara de Feira de Santana iniciou hoje (1), com uma sess\u00e3o solene, a primeira etapa do quarto e \u00faltimo per\u00edodo da atual legislatura. A presidente da Casa, Eremita Mota (PSDB), fez o pronunciamento de abertura dos trabalhos. Temporariamente, o teatro do Centro de Cultura Am\u00e9lio Amorim est\u00e1 funcionando como plen\u00e1rio, em raz\u00e3o da reforma que est\u00e1 sendo feita no pr\u00e9dio-sede da Casa da Cidadania. Com um bom p\u00fablico presente, a sess\u00e3o foi prestigiada pelo prefeito Colbert Martins Filho e boa parte do seu secretariado.<\/p>\n\n\n\n<p>V\u00e1rias personalidades compareceram ao evento, a exemplo do deputado federal Z\u00e9 Neto (chegou logo ap\u00f3s encerrado o evento, mas interagiu com os vereadores); o presidente da C\u00e2mara de S\u00e3o Gon\u00e7alo dos Campos, vereador Jota; o ex-deputado estadual Carlos Geilson, entre outros. Integrantes da Mesa Diretora, participaram dos trabalhos os vice-presidentes Fernando Torres, Paul\u00e3o do Caldeir\u00e3o e Ron do Povo, e os secret\u00e1rios Lu de Ronny e Pastor Valdemir (o tamb\u00e9m secret\u00e1rio Edvaldo Lima esteve ausente, devido a morte de uma irm\u00e3 dele), no dia de ontem.<\/p>\n\n\n\n<figure class=\"wp-block-image size-large\"><img fetchpriority=\"high\" decoding=\"async\" width=\"1024\" height=\"461\" src=\"https:\/\/portalmf.com.br\/wp-content\/uploads\/2024\/02\/Em-concorrida-sessao-solene-presidente-Eremita-abriu-os-trabalhos-legislativos-deste-ano-2-1024x461.jpg\" alt=\"\" class=\"wp-image-23097\" srcset=\"https:\/\/portalmf.com.br\/wp-content\/uploads\/2024\/02\/Em-concorrida-sessao-solene-presidente-Eremita-abriu-os-trabalhos-legislativos-deste-ano-2-1024x461.jpg 1024w, https:\/\/portalmf.com.br\/wp-content\/uploads\/2024\/02\/Em-concorrida-sessao-solene-presidente-Eremita-abriu-os-trabalhos-legislativos-deste-ano-2-300x135.jpg 300w, https:\/\/portalmf.com.br\/wp-content\/uploads\/2024\/02\/Em-concorrida-sessao-solene-presidente-Eremita-abriu-os-trabalhos-legislativos-deste-ano-2-768x346.jpg 768w, https:\/\/portalmf.com.br\/wp-content\/uploads\/2024\/02\/Em-concorrida-sessao-solene-presidente-Eremita-abriu-os-trabalhos-legislativos-deste-ano-2-1536x691.jpg 1536w, https:\/\/portalmf.com.br\/wp-content\/uploads\/2024\/02\/Em-concorrida-sessao-solene-presidente-Eremita-abriu-os-trabalhos-legislativos-deste-ano-2-2048x922.jpg 2048w, https:\/\/portalmf.com.br\/wp-content\/uploads\/2024\/02\/Em-concorrida-sessao-solene-presidente-Eremita-abriu-os-trabalhos-legislativos-deste-ano-2-696x313.jpg 696w, https:\/\/portalmf.com.br\/wp-content\/uploads\/2024\/02\/Em-concorrida-sessao-solene-presidente-Eremita-abriu-os-trabalhos-legislativos-deste-ano-2-1068x481.jpg 1068w, https:\/\/portalmf.com.br\/wp-content\/uploads\/2024\/02\/Em-concorrida-sessao-solene-presidente-Eremita-abriu-os-trabalhos-legislativos-deste-ano-2-1920x864.jpg 1920w\" sizes=\"(max-width: 1024px) 100vw, 1024px\" \/><figcaption class=\"wp-element-caption\"><strong>Foto: Reginaldo Junior  \/  Portal MF<\/strong><\/figcaption><\/figure>\n\n\n\n<p>Eremita iniciou o seu discurso agradecendo ao governador Jer\u00f4nimo Rodrigues pela cess\u00e3o do Centro de Cultura Am\u00e9lio Amorim, para a C\u00e2mara, enquanto acontece a reforma do hist\u00f3rico pr\u00e9dio do Poder Legislativo, na rua Visconde do Rio Branco. Ela lembrou do arquiteto que idealizou e d\u00e1 nome ao equipamento, o saudoso Am\u00e9lio Amorim. Ao cumprimentar os servidores do Legislativo, a vereadora iniciou um relato sobre as principais a\u00e7\u00f5es dela na Presid\u00eancia, a exemplo das melhorias salariais e ajustes na carreira do funcionalismo.<\/p>\n\n\n\n<p>Falou sobre o programa eletr\u00f4nico de comunica\u00e7\u00e3o interna, que dever\u00e1 \u201czerar\u201d o uso do papel, at\u00e9 o fim do ano. Em conv\u00eanio com a UEFS, anunciou Eremita, tamb\u00e9m estar\u00e1 sendo digitalizado todo o acervo documental da Casa, visando preservar o conte\u00fado hist\u00f3rico do Arquivo Legislativo, entre os quais um livro de atas do per\u00edodo de 1883 a 1889. A reforma nos dois pr\u00e9dios pertencentes \u00e0 C\u00e2mara vai proporcionar uma melhor estrutura no ambiente de trabalho e tamb\u00e9m na recep\u00e7\u00e3o ao p\u00fablico, hoje penalizado com cadeiras e elevadores quebrados; vazamentos no teto; instala\u00e7\u00f5es el\u00e9tricas sob risco e equipamentos obsoletos. \u201cTeremos uma nova acessibilidade para todos\u201d, afirma.<\/p>\n\n\n\n<p>Eremita registrou, em seu pronunciamento, outros feitos da C\u00e2mara, desde que ela se tornou a primeira mulher a ocupar o cargo de presidente: \u201cN\u00e3o apenas eu, mas toda a Mesa Diretora e os demais vereadores, fomos respons\u00e1veis por resolver um impasse de duas d\u00e9cadas que travava a constru\u00e7\u00e3o do Centro de Conven\u00e7\u00f5es; tamb\u00e9m aprovamos a doa\u00e7\u00e3o de uma \u00e1rea do Munic\u00edpio para o SENAR construir aqui uma grande escola de forma\u00e7\u00e3o profissional\u201d.<\/p>\n\n\n\n<p>Ela assegurou, para 2024, a mesma postura, \u201ccombativa quanto aos equ\u00edvocos da gest\u00e3o p\u00fablica, fiscalizadora das contas e dos recursos do Munic\u00edpio, defensora do desenvolvimento de Feira de Santana e de uma melhor qualidade de vida do seu povo\u201d. Dispon\u00edvel para o di\u00e1logo, pregou o \u201centendimento dos poderes, cada um com suas atribui\u00e7\u00f5es e limites, sem interfer\u00eancias indevidas\u201d. Convidou a sociedade a acompanhar de perto o trabalho dos vereadores, \u201cafinal, estamos aqui para servir e proteger os direitos e interesses da coletividade\u201d. Disse que as cr\u00edticas s\u00e3o \u201cmuito bem vindas, pois aperfei\u00e7oam as nossas a\u00e7\u00f5es\u201d.<\/p>\n\n\n\n<p>Por se tratar de uma sess\u00e3o solene, n\u00e3o houve, hoje, hor\u00e1rio para pronunciamento dos l\u00edderes partid\u00e1rios, nem a Ordem do Dia, momento da vota\u00e7\u00e3o de projetos. A pr\u00f3xima sess\u00e3o, que ser\u00e1 ordin\u00e1ria e, portanto, em seu ritmo normal de atividades, acontecer\u00e1 na pr\u00f3xima ter\u00e7a-feira, a partir das 8h30min.<\/p>\n\n\n\n<p>Com informa\u00e7\u00f5es da Ascom<\/p>\n","protected":false},"excerpt":{"rendered":"<p>Ap\u00f3s o recesso parlamentar, a C\u00e2mara de Feira de Santana iniciou hoje (1), com uma sess\u00e3o solene, a primeira etapa do quarto e \u00faltimo per\u00edodo da atual legislatura. A presidente da Casa, Eremita Mota (PSDB), fez o pronunciamento de abertura dos trabalhos. Temporariamente, o teatro do Centro de Cultura Am\u00e9lio Amorim est\u00e1 funcionando como plen\u00e1rio, [&hellip;]<\/p>\n","protected":false},"author":3,"featured_media":23098,"comment_status":"open","ping_status":"open","sticky":false,"template":"","format":"standard","meta":{"_monsterinsights_skip_tracking":false,"_monsterinsights_sitenote_active":false,"_monsterinsights_sitenote_note":"","_monsterinsights_sitenote_category":0,"footnotes":""},"categories":[34],"tags":[],"yoast_head":"<!-- This site is optimized with the Yoast SEO plugin v22.9 - https:\/\/yoast.com\/wordpress\/plugins\/seo\/ -->\n<title>Em concorrida sess\u00e3o solene, presidente Eremita abriu, os trabalhos legislativos deste ano - Portal MF<\/title>\n<meta name=\"robots\" content=\"index, follow, max-snippet:-1, max-image-preview:large, max-video-preview:-1\" \/>\n<link rel=\"canonical\" href=\"https:\/\/portalmf.com.br\/index.php\/2024\/02\/01\/em-concorrida-sessao-solene-presidente-eremita-abriu-os-trabalhos-legislativos-deste-ano\/\" \/>\n<meta property=\"og:locale\" content=\"pt_BR\" \/>\n<meta property=\"og:type\" content=\"article\" \/>\n<meta property=\"og:title\" content=\"Em concorrida sess\u00e3o solene, presidente Eremita abriu, os trabalhos legislativos deste ano - Portal MF\" \/>\n<meta property=\"og:description\" content=\"Ap\u00f3s o recesso parlamentar, a C\u00e2mara de Feira de Santana iniciou hoje (1), com uma sess\u00e3o solene, a primeira etapa do quarto e \u00faltimo per\u00edodo da atual legislatura. A presidente da Casa, Eremita Mota (PSDB), fez o pronunciamento de abertura dos trabalhos. Temporariamente, o teatro do Centro de Cultura Am\u00e9lio Amorim est\u00e1 funcionando como plen\u00e1rio, [&hellip;]\" \/>\n<meta property=\"og:url\" content=\"https:\/\/portalmf.com.br\/index.php\/2024\/02\/01\/em-concorrida-sessao-solene-presidente-eremita-abriu-os-trabalhos-legislativos-deste-ano\/\" \/>\n<meta property=\"og:site_name\" content=\"Portal MF\" \/>\n<meta property=\"article:author\" content=\"https:\/\/www.facebook.com\/portalmfoficial\" \/>\n<meta property=\"article:published_time\" content=\"2024-02-01T20:44:00+00:00\" \/>\n<meta property=\"article:modified_time\" content=\"2024-02-01T20:44:01+00:00\" \/>\n<meta property=\"og:image\" content=\"https:\/\/portalmf.com.br\/wp-content\/uploads\/2024\/02\/Em-concorrida-sessao-solene-presidente-Eremita-abriu-os-trabalhos-legislativos-deste-ano-1-scaled.jpg\" \/>\n\t<meta property=\"og:image:width\" content=\"2560\" \/>\n\t<meta property=\"og:image:height\" content=\"1152\" \/>\n\t<meta property=\"og:image:type\" content=\"image\/jpeg\" \/>\n<meta name=\"author\" content=\"Reda\u00e7\u00e3o Portal MF\" \/>\n<meta name=\"twitter:card\" content=\"summary_large_image\" \/>\n<meta name=\"twitter:creator\" content=\"@https:\/\/x.com\/portalmfoficial\" \/>\n<meta name=\"twitter:label1\" content=\"Escrito por\" \/>\n\t<meta name=\"twitter:data1\" content=\"Reda\u00e7\u00e3o Portal MF\" \/>\n\t<meta name=\"twitter:label2\" content=\"Est. tempo de leitura\" \/>\n\t<meta name=\"twitter:data2\" content=\"4 minutos\" \/>\n<script type=\"application\/ld+json\" class=\"yoast-schema-graph\">{\"@context\":\"https:\/\/schema.org\",\"@graph\":[{\"@type\":\"WebPage\",\"@id\":\"https:\/\/portalmf.com.br\/index.php\/2024\/02\/01\/em-concorrida-sessao-solene-presidente-eremita-abriu-os-trabalhos-legislativos-deste-ano\/\",\"url\":\"https:\/\/portalmf.com.br\/index.php\/2024\/02\/01\/em-concorrida-sessao-solene-presidente-eremita-abriu-os-trabalhos-legislativos-deste-ano\/\",\"name\":\"Em concorrida sess\u00e3o solene, presidente Eremita abriu, os trabalhos legislativos deste ano - Portal MF\",\"isPartOf\":{\"@id\":\"https:\/\/portalmf.com.br\/#website\"},\"primaryImageOfPage\":{\"@id\":\"https:\/\/portalmf.com.br\/index.php\/2024\/02\/01\/em-concorrida-sessao-solene-presidente-eremita-abriu-os-trabalhos-legislativos-deste-ano\/#primaryimage\"},\"image\":{\"@id\":\"https:\/\/portalmf.com.br\/index.php\/2024\/02\/01\/em-concorrida-sessao-solene-presidente-eremita-abriu-os-trabalhos-legislativos-deste-ano\/#primaryimage\"},\"thumbnailUrl\":\"https:\/\/portalmf.com.br\/wp-content\/uploads\/2024\/02\/Em-concorrida-sessao-solene-presidente-Eremita-abriu-os-trabalhos-legislativos-deste-ano-1-scaled.jpg\",\"datePublished\":\"2024-02-01T20:44:00+00:00\",\"dateModified\":\"2024-02-01T20:44:01+00:00\",\"author\":{\"@id\":\"https:\/\/portalmf.com.br\/#\/schema\/person\/9ec101baf56233e53520c26de5d6f6f0\"},\"breadcrumb\":{\"@id\":\"https:\/\/portalmf.com.br\/index.php\/2024\/02\/01\/em-concorrida-sessao-solene-presidente-eremita-abriu-os-trabalhos-legislativos-deste-ano\/#breadcrumb\"},\"inLanguage\":\"pt-BR\",\"potentialAction\":[{\"@type\":\"ReadAction\",\"target\":[\"https:\/\/portalmf.com.br\/index.php\/2024\/02\/01\/em-concorrida-sessao-solene-presidente-eremita-abriu-os-trabalhos-legislativos-deste-ano\/\"]}]},{\"@type\":\"ImageObject\",\"inLanguage\":\"pt-BR\",\"@id\":\"https:\/\/portalmf.com.br\/index.php\/2024\/02\/01\/em-concorrida-sessao-solene-presidente-eremita-abriu-os-trabalhos-legislativos-deste-ano\/#primaryimage\",\"url\":\"https:\/\/portalmf.com.br\/wp-content\/uploads\/2024\/02\/Em-concorrida-sessao-solene-presidente-Eremita-abriu-os-trabalhos-legislativos-deste-ano-1-scaled.jpg\",\"contentUrl\":\"https:\/\/portalmf.com.br\/wp-content\/uploads\/2024\/02\/Em-concorrida-sessao-solene-presidente-Eremita-abriu-os-trabalhos-legislativos-deste-ano-1-scaled.jpg\",\"width\":2560,\"height\":1152},{\"@type\":\"BreadcrumbList\",\"@id\":\"https:\/\/portalmf.com.br\/index.php\/2024\/02\/01\/em-concorrida-sessao-solene-presidente-eremita-abriu-os-trabalhos-legislativos-deste-ano\/#breadcrumb\",\"itemListElement\":[{\"@type\":\"ListItem\",\"position\":1,\"name\":\"In\u00edcio\",\"item\":\"https:\/\/portalmf.com.br\/\"},{\"@type\":\"ListItem\",\"position\":2,\"name\":\"Em concorrida sess\u00e3o solene, presidente Eremita abriu, os trabalhos legislativos deste ano\"}]},{\"@type\":\"WebSite\",\"@id\":\"https:\/\/portalmf.com.br\/#website\",\"url\":\"https:\/\/portalmf.com.br\/\",\"name\":\"Portal MF\",\"description\":\"Voc\u00ea conectado com a informa\u00e7\u00e3o\",\"potentialAction\":[{\"@type\":\"SearchAction\",\"target\":{\"@type\":\"EntryPoint\",\"urlTemplate\":\"https:\/\/portalmf.com.br\/?s={search_term_string}\"},\"query-input\":\"required name=search_term_string\"}],\"inLanguage\":\"pt-BR\"},{\"@type\":\"Person\",\"@id\":\"https:\/\/portalmf.com.br\/#\/schema\/person\/9ec101baf56233e53520c26de5d6f6f0\",\"name\":\"Reda\u00e7\u00e3o Portal MF\",\"image\":{\"@type\":\"ImageObject\",\"inLanguage\":\"pt-BR\",\"@id\":\"https:\/\/portalmf.com.br\/#\/schema\/person\/image\/\",\"url\":\"https:\/\/secure.gravatar.com\/avatar\/41b9aaeb2100835f7c64362330f74c7f?s=96&d=mm&r=g\",\"contentUrl\":\"https:\/\/secure.gravatar.com\/avatar\/41b9aaeb2100835f7c64362330f74c7f?s=96&d=mm&r=g\",\"caption\":\"Reda\u00e7\u00e3o Portal MF\"},\"description\":\"Sejam bem-vindos o portal de informa\u00e7\u00f5es de entretenimento de Feira de Santana, desde 2006 realiza coberturas dos principais eventos com entrevistas exclusivas com as principais personalidades mundiais. Fique conectado tamb\u00e9m nas redes sociais.\",\"sameAs\":[\"http:\/\/www.portalmf.com.br\/\",\"https:\/\/www.facebook.com\/portalmfoficial\",\"https:\/\/www.instagram.com\/portalmf\/\",\"https:\/\/x.com\/https:\/\/x.com\/portalmfoficial\",\"https:\/\/www.youtube.com\/@portalmfoficial\"],\"url\":\"https:\/\/portalmf.com.br\/index.php\/author\/junior\/\"}]}<\/script>\n<!-- \/ Yoast SEO plugin. -->","yoast_head_json":{"title":"Em concorrida sess\u00e3o solene, presidente Eremita abriu, os trabalhos legislativos deste ano - Portal MF","robots":{"index":"index","follow":"follow","max-snippet":"max-snippet:-1","max-image-preview":"max-image-preview:large","max-video-preview":"max-video-preview:-1"},"canonical":"https:\/\/portalmf.com.br\/index.php\/2024\/02\/01\/em-concorrida-sessao-solene-presidente-eremita-abriu-os-trabalhos-legislativos-deste-ano\/","og_locale":"pt_BR","og_type":"article","og_title":"Em concorrida sess\u00e3o solene, presidente Eremita abriu, os trabalhos legislativos deste ano - Portal MF","og_description":"Ap\u00f3s o recesso parlamentar, a C\u00e2mara de Feira de Santana iniciou hoje (1), com uma sess\u00e3o solene, a primeira etapa do quarto e \u00faltimo per\u00edodo da atual legislatura. A presidente da Casa, Eremita Mota (PSDB), fez o pronunciamento de abertura dos trabalhos. Temporariamente, o teatro do Centro de Cultura Am\u00e9lio Amorim est\u00e1 funcionando como plen\u00e1rio, [&hellip;]","og_url":"https:\/\/portalmf.com.br\/index.php\/2024\/02\/01\/em-concorrida-sessao-solene-presidente-eremita-abriu-os-trabalhos-legislativos-deste-ano\/","og_site_name":"Portal MF","article_author":"https:\/\/www.facebook.com\/portalmfoficial","article_published_time":"2024-02-01T20:44:00+00:00","article_modified_time":"2024-02-01T20:44:01+00:00","og_image":[{"width":2560,"height":1152,"url":"https:\/\/portalmf.com.br\/wp-content\/uploads\/2024\/02\/Em-concorrida-sessao-solene-presidente-Eremita-abriu-os-trabalhos-legislativos-deste-ano-1-scaled.jpg","type":"image\/jpeg"}],"author":"Reda\u00e7\u00e3o Portal MF","twitter_card":"summary_large_image","twitter_creator":"@https:\/\/x.com\/portalmfoficial","twitter_misc":{"Escrito por":"Reda\u00e7\u00e3o Portal MF","Est. tempo de leitura":"4 minutos"},"schema":{"@context":"https:\/\/schema.org","@graph":[{"@type":"WebPage","@id":"https:\/\/portalmf.com.br\/index.php\/2024\/02\/01\/em-concorrida-sessao-solene-presidente-eremita-abriu-os-trabalhos-legislativos-deste-ano\/","url":"https:\/\/portalmf.com.br\/index.php\/2024\/02\/01\/em-concorrida-sessao-solene-presidente-eremita-abriu-os-trabalhos-legislativos-deste-ano\/","name":"Em concorrida sess\u00e3o solene, presidente Eremita abriu, os trabalhos legislativos deste ano - Portal MF","isPartOf":{"@id":"https:\/\/portalmf.com.br\/#website"},"primaryImageOfPage":{"@id":"https:\/\/portalmf.com.br\/index.php\/2024\/02\/01\/em-concorrida-sessao-solene-presidente-eremita-abriu-os-trabalhos-legislativos-deste-ano\/#primaryimage"},"image":{"@id":"https:\/\/portalmf.com.br\/index.php\/2024\/02\/01\/em-concorrida-sessao-solene-presidente-eremita-abriu-os-trabalhos-legislativos-deste-ano\/#primaryimage"},"thumbnailUrl":"https:\/\/portalmf.com.br\/wp-content\/uploads\/2024\/02\/Em-concorrida-sessao-solene-presidente-Eremita-abriu-os-trabalhos-legislativos-deste-ano-1-scaled.jpg","datePublished":"2024-02-01T20:44:00+00:00","dateModified":"2024-02-01T20:44:01+00:00","author":{"@id":"https:\/\/portalmf.com.br\/#\/schema\/person\/9ec101baf56233e53520c26de5d6f6f0"},"breadcrumb":{"@id":"https:\/\/portalmf.com.br\/index.php\/2024\/02\/01\/em-concorrida-sessao-solene-presidente-eremita-abriu-os-trabalhos-legislativos-deste-ano\/#breadcrumb"},"inLanguage":"pt-BR","potentialAction":[{"@type":"ReadAction","target":["https:\/\/portalmf.com.br\/index.php\/2024\/02\/01\/em-concorrida-sessao-solene-presidente-eremita-abriu-os-trabalhos-legislativos-deste-ano\/"]}]},{"@type":"ImageObject","inLanguage":"pt-BR","@id":"https:\/\/portalmf.com.br\/index.php\/2024\/02\/01\/em-concorrida-sessao-solene-presidente-eremita-abriu-os-trabalhos-legislativos-deste-ano\/#primaryimage","url":"https:\/\/portalmf.com.br\/wp-content\/uploads\/2024\/02\/Em-concorrida-sessao-solene-presidente-Eremita-abriu-os-trabalhos-legislativos-deste-ano-1-scaled.jpg","contentUrl":"https:\/\/portalmf.com.br\/wp-content\/uploads\/2024\/02\/Em-concorrida-sessao-solene-presidente-Eremita-abriu-os-trabalhos-legislativos-deste-ano-1-scaled.jpg","width":2560,"height":1152},{"@type":"BreadcrumbList","@id":"https:\/\/portalmf.com.br\/index.php\/2024\/02\/01\/em-concorrida-sessao-solene-presidente-eremita-abriu-os-trabalhos-legislativos-deste-ano\/#breadcrumb","itemListElement":[{"@type":"ListItem","position":1,"name":"In\u00edcio","item":"https:\/\/portalmf.com.br\/"},{"@type":"ListItem","position":2,"name":"Em concorrida sess\u00e3o solene, presidente Eremita abriu, os trabalhos legislativos deste ano"}]},{"@type":"WebSite","@id":"https:\/\/portalmf.com.br\/#website","url":"https:\/\/portalmf.com.br\/","name":"Portal MF","description":"Voc\u00ea conectado com a informa\u00e7\u00e3o","potentialAction":[{"@type":"SearchAction","target":{"@type":"EntryPoint","urlTemplate":"https:\/\/portalmf.com.br\/?s={search_term_string}"},"query-input":"required name=search_term_string"}],"inLanguage":"pt-BR"},{"@type":"Person","@id":"https:\/\/portalmf.com.br\/#\/schema\/person\/9ec101baf56233e53520c26de5d6f6f0","name":"Reda\u00e7\u00e3o Portal MF","image":{"@type":"ImageObject","inLanguage":"pt-BR","@id":"https:\/\/portalmf.com.br\/#\/schema\/person\/image\/","url":"https:\/\/secure.gravatar.com\/avatar\/41b9aaeb2100835f7c64362330f74c7f?s=96&d=mm&r=g","contentUrl":"https:\/\/secure.gravatar.com\/avatar\/41b9aaeb2100835f7c64362330f74c7f?s=96&d=mm&r=g","caption":"Reda\u00e7\u00e3o Portal MF"},"description":"Sejam bem-vindos o portal de informa\u00e7\u00f5es de entretenimento de Feira de Santana, desde 2006 realiza coberturas dos principais eventos com entrevistas exclusivas com as principais personalidades mundiais. Fique conectado tamb\u00e9m nas redes sociais.","sameAs":["http:\/\/www.portalmf.com.br\/","https:\/\/www.facebook.com\/portalmfoficial","https:\/\/www.instagram.com\/portalmf\/","https:\/\/x.com\/https:\/\/x.com\/portalmfoficial","https:\/\/www.youtube.com\/@portalmfoficial"],"url":"https:\/\/portalmf.com.br\/index.php\/author\/junior\/"}]}},"_links":{"self":[{"href":"https:\/\/portalmf.com.br\/index.php\/wp-json\/wp\/v2\/posts\/23096"}],"collection":[{"href":"https:\/\/portalmf.com.br\/index.php\/wp-json\/wp\/v2\/posts"}],"about":[{"href":"https:\/\/portalmf.com.br\/index.php\/wp-json\/wp\/v2\/types\/post"}],"author":[{"embeddable":true,"href":"https:\/\/portalmf.com.br\/index.php\/wp-json\/wp\/v2\/users\/3"}],"replies":[{"embeddable":true,"href":"https:\/\/portalmf.com.br\/index.php\/wp-json\/wp\/v2\/comments?post=23096"}],"version-history":[{"count":1,"href":"https:\/\/portalmf.com.br\/index.php\/wp-json\/wp\/v2\/posts\/23096\/revisions"}],"predecessor-version":[{"id":23099,"href":"https:\/\/portalmf.com.br\/index.php\/wp-json\/wp\/v2\/posts\/23096\/revisions\/23099"}],"wp:featuredmedia":[{"embeddable":true,"href":"https:\/\/portalmf.com.br\/index.php\/wp-json\/wp\/v2\/media\/23098"}],"wp:attachment":[{"href":"https:\/\/portalmf.com.br\/index.php\/wp-json\/wp\/v2\/media?parent=23096"}],"wp:term":[{"taxonomy":"category","embeddable":true,"href":"https:\/\/portalmf.com.br\/index.php\/wp-json\/wp\/v2\/categories?post=23096"},{"taxonomy":"post_tag","embeddable":true,"href":"https:\/\/portalmf.com.br\/index.php\/wp-json\/wp\/v2\/tags?post=23096"}],"curies":[{"name":"wp","href":"https:\/\/api.w.org\/{rel}","templated":true}]}}