{"id":23092,"date":"2024-02-01T17:41:56","date_gmt":"2024-02-01T20:41:56","guid":{"rendered":"https:\/\/portalmf.com.br\/?p=23092"},"modified":"2024-02-01T17:41:57","modified_gmt":"2024-02-01T20:41:57","slug":"prefeito-anuncia-construcao-do-hospital-municipal-durante-reabertura-dos-trabalhos-legislativos","status":"publish","type":"post","link":"https:\/\/portalmf.com.br\/index.php\/2024\/02\/01\/prefeito-anuncia-construcao-do-hospital-municipal-durante-reabertura-dos-trabalhos-legislativos\/","title":{"rendered":"Prefeito anuncia constru\u00e7\u00e3o do Hospital Municipal durante reabertura dos trabalhos legislativos"},"content":{"rendered":"\n<p>&#8220;<em>Est\u00e1 expl\u00edcito na constitui\u00e7\u00e3o que nenhum poder pode se sobrepor ao outro ou encolher-se diante do agigantamento daquele que avan\u00e7a os limites da pr\u00f3pria constitui\u00e7\u00e3o. [&#8230;] Temos o dever de criar condi\u00e7\u00f5es para que a popula\u00e7\u00e3o alcance n\u00edveis de prosperidade e bem-estar. Cada um de n\u00f3s deve dar o melhor de si, afinal a hist\u00f3ria nos julgar\u00e1. Estamos comprometidos com o presente e o futuro da hist\u00f3ria de Feira de Santana<\/em>&#8220;, discursou o prefeito Colbert Martins Filho nesta quinta-feira (1\u00ba), durante a reabertura dos trabalhos legislativos na C\u00e2mara Municipal de Feira de Santana.<\/p>\n\n\n\n<p>O ato foi prestigiado por vereadores, secret\u00e1rios municipais, membros da equipe de governo e cidad\u00e3os, no Centro de Cultura Am\u00e9lio Amorim. O local vai sediar provisoriamente a Casa da Cidadania devido a reforma que est\u00e1 sendo realizada no pr\u00e9dio sede.<\/p>\n\n\n\n<p>Colbert revelou que a&nbsp;licita\u00e7\u00e3o para constru\u00e7\u00e3o do Hospital Municipal ser\u00e1 realizada neste m\u00eas de fevereiro&nbsp;e lembrou as a\u00e7\u00f5es executadas pelo Governo Municipal no \u00faltimo ano. Ainda na \u00e1rea da Sa\u00fade, citou um forte investimento com 20 obras de reforma, amplia\u00e7\u00e3o e constru\u00e7\u00e3o em andamento com conclus\u00e3o prevista at\u00e9 abril. Entre os dados, 3,5 milh\u00f5es de atendimentos e mais de 7 mil partos no Hospital da Mulher.<\/p>\n\n\n\n<figure class=\"wp-block-image size-large\"><img fetchpriority=\"high\" decoding=\"async\" width=\"1024\" height=\"527\" src=\"https:\/\/portalmf.com.br\/wp-content\/uploads\/2024\/02\/Prefeito-anuncia-construcao-do-Hospital-Municipal-durante-reabertura-dos-trabalhos-legislativos-2-1024x527.jpg\" alt=\"\" class=\"wp-image-23094\" srcset=\"https:\/\/portalmf.com.br\/wp-content\/uploads\/2024\/02\/Prefeito-anuncia-construcao-do-Hospital-Municipal-durante-reabertura-dos-trabalhos-legislativos-2-1024x527.jpg 1024w, https:\/\/portalmf.com.br\/wp-content\/uploads\/2024\/02\/Prefeito-anuncia-construcao-do-Hospital-Municipal-durante-reabertura-dos-trabalhos-legislativos-2-300x154.jpg 300w, https:\/\/portalmf.com.br\/wp-content\/uploads\/2024\/02\/Prefeito-anuncia-construcao-do-Hospital-Municipal-durante-reabertura-dos-trabalhos-legislativos-2-768x395.jpg 768w, https:\/\/portalmf.com.br\/wp-content\/uploads\/2024\/02\/Prefeito-anuncia-construcao-do-Hospital-Municipal-durante-reabertura-dos-trabalhos-legislativos-2-1536x790.jpg 1536w, https:\/\/portalmf.com.br\/wp-content\/uploads\/2024\/02\/Prefeito-anuncia-construcao-do-Hospital-Municipal-durante-reabertura-dos-trabalhos-legislativos-2-2048x1054.jpg 2048w, https:\/\/portalmf.com.br\/wp-content\/uploads\/2024\/02\/Prefeito-anuncia-construcao-do-Hospital-Municipal-durante-reabertura-dos-trabalhos-legislativos-2-696x358.jpg 696w, https:\/\/portalmf.com.br\/wp-content\/uploads\/2024\/02\/Prefeito-anuncia-construcao-do-Hospital-Municipal-durante-reabertura-dos-trabalhos-legislativos-2-1068x549.jpg 1068w, https:\/\/portalmf.com.br\/wp-content\/uploads\/2024\/02\/Prefeito-anuncia-construcao-do-Hospital-Municipal-durante-reabertura-dos-trabalhos-legislativos-2-1920x988.jpg 1920w\" sizes=\"(max-width: 1024px) 100vw, 1024px\" \/><figcaption class=\"wp-element-caption\"><strong>Fotos: Reginaldo Junior \/  Portal MF<\/strong><\/figcaption><\/figure>\n\n\n\n<p>Na Educa\u00e7\u00e3o, quatro Centros Municipais de Educa\u00e7\u00e3o Infantil (CMEI) est\u00e3o prontos e ser\u00e3o entregues \u00e0 comunidade em breve &#8211; alguns j\u00e1 funcionando. Escolas totalmente novas e recuperadas em diversos bairros e a implanta\u00e7\u00e3o de rede de fibra \u00f3ptica (cabeamento de rede) nas escolas municipais. Outras unidades de ensino de grande porte em Maria Quit\u00e9ria e Ja\u00edba. O prefeito destacou ainda a constru\u00e7\u00e3o do pr\u00e9dio sede da Secretaria de Educa\u00e7\u00e3o, no antigo FTC (Feira T\u00eanis Clube).<\/p>\n\n\n\n<p>Entre os dados, 21 mil atendimentos no Centro de Educa\u00e7\u00e3o Inclusiva Colbert Martins; 3 mil c\u00e2meras instaladas nas escolas; 164 laborat\u00f3rios, sendo 22 de rob\u00f3tica; 54 mil alunos matriculados at\u00e9 o momento. Outro investimento mencionado foi a cria\u00e7\u00e3o do Jovem Aprendiz Feirense, programa municipal que proporciona oportunidades de qualifica\u00e7\u00e3o profissional e inclus\u00e3o social para alunos da Educa\u00e7\u00e3o de Jovens Adultos (EJA) com mais de 2 mil matr\u00edculas efetuadas.<\/p>\n\n\n\n<p>O prefeito acrescentou a&nbsp;atua\u00e7\u00e3o de 2.704 professores e mais 167 convocados do concurso de 2018&nbsp;&#8211; toda lista de aprovados foi chamada. Citou ainda a forma\u00e7\u00e3o de professores &#8220;<em>com orienta\u00e7\u00e3o da cidade de Sobral, no Cear\u00e1, que tem o maior IDEB do pa\u00eds. A capacita\u00e7\u00e3o tem mais de seis meses e temos o objetivo de elevar o IDEB de Feira de Santana. Estamos fazendo um grande investimento no que \u00e9 necess\u00e1rio para a Educa\u00e7\u00e3o<\/em>&#8220;, pontuou.&nbsp;<\/p>\n\n\n\n<p>A moderniza\u00e7\u00e3o da ilumina\u00e7\u00e3o p\u00fablica&nbsp; com 61 mil lumin\u00e1rias em LED oferecendo mais qualidade e economia em fase final. O&nbsp;uso de chips para a telegest\u00e3o das lumin\u00e1rias individualmente, ou em grupos, e o monitoramento e controle \u00e0 dist\u00e2ncia em tempo real da opera\u00e7\u00e3o de toda a rede de ilumina\u00e7\u00e3o foi citado pelo prefeito. &#8220;<em>Um avan\u00e7o para as grandes cidades<\/em>&#8220;, comentou Colbert.<\/p>\n\n\n\n<p>Na zona rural, a recupera\u00e7\u00e3o de cisternas e amplia\u00e7\u00e3o do abastecimento de \u00e1gua por meio da opera\u00e7\u00e3o carro-pipa tem sido intensificada. Na zona urbana, atua\u00e7\u00f5es importantes de melhorias no Centro de Abastecimento seguem em execu\u00e7\u00e3o. Na seguran\u00e7a, investimentos em capacita\u00e7\u00e3o da Guarda Municipal.<\/p>\n\n\n\n<p>Diante do pico de casos de dengue no pa\u00eds, o prefeito, que tamb\u00e9m \u00e9 m\u00e9dico,&nbsp;enfatizou a possibilidade de surto epid\u00eamico no munic\u00edpio e anunciou a contrata\u00e7\u00e3o de agentes de endemias. &#8220;<em>A Prefeitura se prepara e vamos convocar os agentes de endemias aprovados no \u00faltimo concurso REDA<\/em>&#8220;.&nbsp;Quanto a vacina contra a dengue, prevista para chegar este m\u00eas, ser\u00e1 aplicada inicialmente em crian\u00e7as de 10 a 14 anos.<\/p>\n\n\n\n<p>O Governo Municipal entregou 365 escrituras de regulariza\u00e7\u00e3o fundi\u00e1ria. Ainda, distribuiu mais de 1 milh\u00e3o de litros de leite em mais de 42 institui\u00e7\u00f5es. Ainda na \u00e1rea Social, o programa Crian\u00e7a Feliz atendeu 2.700 crian\u00e7as de 0 a 6 anos. O Centro Municipal de Refer\u00eancia Maria Quit\u00e9ria (CRMQ) atendeu mais de 500 mulheres v\u00edtimas de viol\u00eancia no \u00faltimo ano.<\/p>\n\n\n\n<p>As ruas do munic\u00edpio receberam 6.747 toneladas de asfalto e mais 47.576 m\u00b2 de paralelep\u00edpedo. A SOMA (Superintend\u00eancia de Opera\u00e7\u00f5es e Manuten\u00e7\u00e3o) promoveu a recupera\u00e7\u00e3o de pontilh\u00f5es. &#8220;<em>As equipes est\u00e3o empenhadas em recuperar o acesso da estrada da Terra Dura, que ficou inacess\u00edvel depois que a chuva obstruiu o local<\/em>&#8220;, justificou Colbert Martins.<\/p>\n\n\n\n<p>Ainda recordando das chuvas, o prefeito Colbert Martins Filho encerrou o discurso fazendo um apelo aos vereadores para que deem aten\u00e7\u00e3o aos investimentos em drenagem no munic\u00edpio, como forma de prevenir maiores trag\u00e9dias.<\/p>\n\n\n\n<p><em>&#8220;A chuva da semana passada nos deu uma li\u00e7\u00e3o. Precisamos investir em drenagem p\u00fablica. Nesta Casa da Cidadania existe um projeto e pe\u00e7o que ele seja pautado, para que possamos investir em algo que possa prevenir e evitar danos maiores a qualquer momento. Vai fazer oito dias que tivemos um desses exemplos. Fa\u00e7o um apelo sincero pois esta \u00e9 uma responsabilidade que \u00e9 exclusivamente municipal, n\u00e3o \u00e9 da Embasa&#8221;,<\/em> enfatizou.\u00a0<\/p>\n\n\n\n<p>A sess\u00e3o foi encerrada com um minuto de sil\u00eancio em mem\u00f3ria do funcion\u00e1rio p\u00fablico municipal, Jorge Cazumb\u00e1, e Maria do Carmo Lima dos Santos, irm\u00e3 do vereador Edvaldo Lima.<\/p>\n","protected":false},"excerpt":{"rendered":"<p>&#8220;Est\u00e1 expl\u00edcito na constitui\u00e7\u00e3o que nenhum poder pode se sobrepor ao outro ou encolher-se diante do agigantamento daquele que avan\u00e7a os limites da pr\u00f3pria constitui\u00e7\u00e3o. [&#8230;] Temos o dever de criar condi\u00e7\u00f5es para que a popula\u00e7\u00e3o alcance n\u00edveis de prosperidade e bem-estar. Cada um de n\u00f3s deve dar o melhor de si, afinal a hist\u00f3ria [&hellip;]<\/p>\n","protected":false},"author":3,"featured_media":23093,"comment_status":"open","ping_status":"open","sticky":false,"template":"","format":"standard","meta":{"_monsterinsights_skip_tracking":false,"_monsterinsights_sitenote_active":false,"_monsterinsights_sitenote_note":"","_monsterinsights_sitenote_category":0,"footnotes":""},"categories":[34],"tags":[],"yoast_head":"<!-- This site is optimized with the Yoast SEO plugin v22.9 - https:\/\/yoast.com\/wordpress\/plugins\/seo\/ -->\n<title>Prefeito anuncia constru\u00e7\u00e3o do Hospital Municipal durante reabertura dos trabalhos legislativos - Portal MF<\/title>\n<meta name=\"robots\" content=\"index, follow, max-snippet:-1, max-image-preview:large, max-video-preview:-1\" \/>\n<link rel=\"canonical\" href=\"https:\/\/portalmf.com.br\/index.php\/2024\/02\/01\/prefeito-anuncia-construcao-do-hospital-municipal-durante-reabertura-dos-trabalhos-legislativos\/\" \/>\n<meta property=\"og:locale\" content=\"pt_BR\" \/>\n<meta property=\"og:type\" content=\"article\" \/>\n<meta property=\"og:title\" content=\"Prefeito anuncia constru\u00e7\u00e3o do Hospital Municipal durante reabertura dos trabalhos legislativos - Portal MF\" \/>\n<meta property=\"og:description\" content=\"&#8220;Est\u00e1 expl\u00edcito na constitui\u00e7\u00e3o que nenhum poder pode se sobrepor ao outro ou encolher-se diante do agigantamento daquele que avan\u00e7a os limites da pr\u00f3pria constitui\u00e7\u00e3o. [&#8230;] Temos o dever de criar condi\u00e7\u00f5es para que a popula\u00e7\u00e3o alcance n\u00edveis de prosperidade e bem-estar. Cada um de n\u00f3s deve dar o melhor de si, afinal a hist\u00f3ria [&hellip;]\" \/>\n<meta property=\"og:url\" content=\"https:\/\/portalmf.com.br\/index.php\/2024\/02\/01\/prefeito-anuncia-construcao-do-hospital-municipal-durante-reabertura-dos-trabalhos-legislativos\/\" \/>\n<meta property=\"og:site_name\" content=\"Portal MF\" \/>\n<meta property=\"article:author\" content=\"https:\/\/www.facebook.com\/portalmfoficial\" \/>\n<meta property=\"article:published_time\" content=\"2024-02-01T20:41:56+00:00\" \/>\n<meta property=\"article:modified_time\" content=\"2024-02-01T20:41:57+00:00\" \/>\n<meta property=\"og:image\" content=\"https:\/\/portalmf.com.br\/wp-content\/uploads\/2024\/02\/Prefeito-anuncia-construcao-do-Hospital-Municipal-durante-reabertura-dos-trabalhos-legislativos-1.jpg\" \/>\n\t<meta property=\"og:image:width\" content=\"2170\" \/>\n\t<meta property=\"og:image:height\" content=\"1800\" \/>\n\t<meta property=\"og:image:type\" content=\"image\/jpeg\" \/>\n<meta name=\"author\" content=\"Reda\u00e7\u00e3o Portal MF\" \/>\n<meta name=\"twitter:card\" content=\"summary_large_image\" \/>\n<meta name=\"twitter:creator\" content=\"@https:\/\/x.com\/portalmfoficial\" \/>\n<meta name=\"twitter:label1\" content=\"Escrito por\" \/>\n\t<meta name=\"twitter:data1\" content=\"Reda\u00e7\u00e3o Portal MF\" \/>\n\t<meta name=\"twitter:label2\" content=\"Est. tempo de leitura\" \/>\n\t<meta name=\"twitter:data2\" content=\"6 minutos\" \/>\n<script type=\"application\/ld+json\" class=\"yoast-schema-graph\">{\"@context\":\"https:\/\/schema.org\",\"@graph\":[{\"@type\":\"WebPage\",\"@id\":\"https:\/\/portalmf.com.br\/index.php\/2024\/02\/01\/prefeito-anuncia-construcao-do-hospital-municipal-durante-reabertura-dos-trabalhos-legislativos\/\",\"url\":\"https:\/\/portalmf.com.br\/index.php\/2024\/02\/01\/prefeito-anuncia-construcao-do-hospital-municipal-durante-reabertura-dos-trabalhos-legislativos\/\",\"name\":\"Prefeito anuncia constru\u00e7\u00e3o do Hospital Municipal durante reabertura dos trabalhos legislativos - Portal MF\",\"isPartOf\":{\"@id\":\"https:\/\/portalmf.com.br\/#website\"},\"primaryImageOfPage\":{\"@id\":\"https:\/\/portalmf.com.br\/index.php\/2024\/02\/01\/prefeito-anuncia-construcao-do-hospital-municipal-durante-reabertura-dos-trabalhos-legislativos\/#primaryimage\"},\"image\":{\"@id\":\"https:\/\/portalmf.com.br\/index.php\/2024\/02\/01\/prefeito-anuncia-construcao-do-hospital-municipal-durante-reabertura-dos-trabalhos-legislativos\/#primaryimage\"},\"thumbnailUrl\":\"https:\/\/portalmf.com.br\/wp-content\/uploads\/2024\/02\/Prefeito-anuncia-construcao-do-Hospital-Municipal-durante-reabertura-dos-trabalhos-legislativos-1.jpg\",\"datePublished\":\"2024-02-01T20:41:56+00:00\",\"dateModified\":\"2024-02-01T20:41:57+00:00\",\"author\":{\"@id\":\"https:\/\/portalmf.com.br\/#\/schema\/person\/9ec101baf56233e53520c26de5d6f6f0\"},\"breadcrumb\":{\"@id\":\"https:\/\/portalmf.com.br\/index.php\/2024\/02\/01\/prefeito-anuncia-construcao-do-hospital-municipal-durante-reabertura-dos-trabalhos-legislativos\/#breadcrumb\"},\"inLanguage\":\"pt-BR\",\"potentialAction\":[{\"@type\":\"ReadAction\",\"target\":[\"https:\/\/portalmf.com.br\/index.php\/2024\/02\/01\/prefeito-anuncia-construcao-do-hospital-municipal-durante-reabertura-dos-trabalhos-legislativos\/\"]}]},{\"@type\":\"ImageObject\",\"inLanguage\":\"pt-BR\",\"@id\":\"https:\/\/portalmf.com.br\/index.php\/2024\/02\/01\/prefeito-anuncia-construcao-do-hospital-municipal-durante-reabertura-dos-trabalhos-legislativos\/#primaryimage\",\"url\":\"https:\/\/portalmf.com.br\/wp-content\/uploads\/2024\/02\/Prefeito-anuncia-construcao-do-Hospital-Municipal-durante-reabertura-dos-trabalhos-legislativos-1.jpg\",\"contentUrl\":\"https:\/\/portalmf.com.br\/wp-content\/uploads\/2024\/02\/Prefeito-anuncia-construcao-do-Hospital-Municipal-durante-reabertura-dos-trabalhos-legislativos-1.jpg\",\"width\":2170,\"height\":1800},{\"@type\":\"BreadcrumbList\",\"@id\":\"https:\/\/portalmf.com.br\/index.php\/2024\/02\/01\/prefeito-anuncia-construcao-do-hospital-municipal-durante-reabertura-dos-trabalhos-legislativos\/#breadcrumb\",\"itemListElement\":[{\"@type\":\"ListItem\",\"position\":1,\"name\":\"In\u00edcio\",\"item\":\"https:\/\/portalmf.com.br\/\"},{\"@type\":\"ListItem\",\"position\":2,\"name\":\"Prefeito anuncia constru\u00e7\u00e3o do Hospital Municipal durante reabertura dos trabalhos legislativos\"}]},{\"@type\":\"WebSite\",\"@id\":\"https:\/\/portalmf.com.br\/#website\",\"url\":\"https:\/\/portalmf.com.br\/\",\"name\":\"Portal MF\",\"description\":\"Voc\u00ea conectado com a informa\u00e7\u00e3o\",\"potentialAction\":[{\"@type\":\"SearchAction\",\"target\":{\"@type\":\"EntryPoint\",\"urlTemplate\":\"https:\/\/portalmf.com.br\/?s={search_term_string}\"},\"query-input\":\"required name=search_term_string\"}],\"inLanguage\":\"pt-BR\"},{\"@type\":\"Person\",\"@id\":\"https:\/\/portalmf.com.br\/#\/schema\/person\/9ec101baf56233e53520c26de5d6f6f0\",\"name\":\"Reda\u00e7\u00e3o Portal MF\",\"image\":{\"@type\":\"ImageObject\",\"inLanguage\":\"pt-BR\",\"@id\":\"https:\/\/portalmf.com.br\/#\/schema\/person\/image\/\",\"url\":\"https:\/\/secure.gravatar.com\/avatar\/41b9aaeb2100835f7c64362330f74c7f?s=96&d=mm&r=g\",\"contentUrl\":\"https:\/\/secure.gravatar.com\/avatar\/41b9aaeb2100835f7c64362330f74c7f?s=96&d=mm&r=g\",\"caption\":\"Reda\u00e7\u00e3o Portal MF\"},\"description\":\"Sejam bem-vindos o portal de informa\u00e7\u00f5es de entretenimento de Feira de Santana, desde 2006 realiza coberturas dos principais eventos com entrevistas exclusivas com as principais personalidades mundiais. Fique conectado tamb\u00e9m nas redes sociais.\",\"sameAs\":[\"http:\/\/www.portalmf.com.br\/\",\"https:\/\/www.facebook.com\/portalmfoficial\",\"https:\/\/www.instagram.com\/portalmf\/\",\"https:\/\/x.com\/https:\/\/x.com\/portalmfoficial\",\"https:\/\/www.youtube.com\/@portalmfoficial\"],\"url\":\"https:\/\/portalmf.com.br\/index.php\/author\/junior\/\"}]}<\/script>\n<!-- \/ Yoast SEO plugin. -->","yoast_head_json":{"title":"Prefeito anuncia constru\u00e7\u00e3o do Hospital Municipal durante reabertura dos trabalhos legislativos - Portal MF","robots":{"index":"index","follow":"follow","max-snippet":"max-snippet:-1","max-image-preview":"max-image-preview:large","max-video-preview":"max-video-preview:-1"},"canonical":"https:\/\/portalmf.com.br\/index.php\/2024\/02\/01\/prefeito-anuncia-construcao-do-hospital-municipal-durante-reabertura-dos-trabalhos-legislativos\/","og_locale":"pt_BR","og_type":"article","og_title":"Prefeito anuncia constru\u00e7\u00e3o do Hospital Municipal durante reabertura dos trabalhos legislativos - Portal MF","og_description":"&#8220;Est\u00e1 expl\u00edcito na constitui\u00e7\u00e3o que nenhum poder pode se sobrepor ao outro ou encolher-se diante do agigantamento daquele que avan\u00e7a os limites da pr\u00f3pria constitui\u00e7\u00e3o. [&#8230;] Temos o dever de criar condi\u00e7\u00f5es para que a popula\u00e7\u00e3o alcance n\u00edveis de prosperidade e bem-estar. Cada um de n\u00f3s deve dar o melhor de si, afinal a hist\u00f3ria [&hellip;]","og_url":"https:\/\/portalmf.com.br\/index.php\/2024\/02\/01\/prefeito-anuncia-construcao-do-hospital-municipal-durante-reabertura-dos-trabalhos-legislativos\/","og_site_name":"Portal MF","article_author":"https:\/\/www.facebook.com\/portalmfoficial","article_published_time":"2024-02-01T20:41:56+00:00","article_modified_time":"2024-02-01T20:41:57+00:00","og_image":[{"width":2170,"height":1800,"url":"https:\/\/portalmf.com.br\/wp-content\/uploads\/2024\/02\/Prefeito-anuncia-construcao-do-Hospital-Municipal-durante-reabertura-dos-trabalhos-legislativos-1.jpg","type":"image\/jpeg"}],"author":"Reda\u00e7\u00e3o Portal MF","twitter_card":"summary_large_image","twitter_creator":"@https:\/\/x.com\/portalmfoficial","twitter_misc":{"Escrito por":"Reda\u00e7\u00e3o Portal MF","Est. tempo de leitura":"6 minutos"},"schema":{"@context":"https:\/\/schema.org","@graph":[{"@type":"WebPage","@id":"https:\/\/portalmf.com.br\/index.php\/2024\/02\/01\/prefeito-anuncia-construcao-do-hospital-municipal-durante-reabertura-dos-trabalhos-legislativos\/","url":"https:\/\/portalmf.com.br\/index.php\/2024\/02\/01\/prefeito-anuncia-construcao-do-hospital-municipal-durante-reabertura-dos-trabalhos-legislativos\/","name":"Prefeito anuncia constru\u00e7\u00e3o do Hospital Municipal durante reabertura dos trabalhos legislativos - Portal MF","isPartOf":{"@id":"https:\/\/portalmf.com.br\/#website"},"primaryImageOfPage":{"@id":"https:\/\/portalmf.com.br\/index.php\/2024\/02\/01\/prefeito-anuncia-construcao-do-hospital-municipal-durante-reabertura-dos-trabalhos-legislativos\/#primaryimage"},"image":{"@id":"https:\/\/portalmf.com.br\/index.php\/2024\/02\/01\/prefeito-anuncia-construcao-do-hospital-municipal-durante-reabertura-dos-trabalhos-legislativos\/#primaryimage"},"thumbnailUrl":"https:\/\/portalmf.com.br\/wp-content\/uploads\/2024\/02\/Prefeito-anuncia-construcao-do-Hospital-Municipal-durante-reabertura-dos-trabalhos-legislativos-1.jpg","datePublished":"2024-02-01T20:41:56+00:00","dateModified":"2024-02-01T20:41:57+00:00","author":{"@id":"https:\/\/portalmf.com.br\/#\/schema\/person\/9ec101baf56233e53520c26de5d6f6f0"},"breadcrumb":{"@id":"https:\/\/portalmf.com.br\/index.php\/2024\/02\/01\/prefeito-anuncia-construcao-do-hospital-municipal-durante-reabertura-dos-trabalhos-legislativos\/#breadcrumb"},"inLanguage":"pt-BR","potentialAction":[{"@type":"ReadAction","target":["https:\/\/portalmf.com.br\/index.php\/2024\/02\/01\/prefeito-anuncia-construcao-do-hospital-municipal-durante-reabertura-dos-trabalhos-legislativos\/"]}]},{"@type":"ImageObject","inLanguage":"pt-BR","@id":"https:\/\/portalmf.com.br\/index.php\/2024\/02\/01\/prefeito-anuncia-construcao-do-hospital-municipal-durante-reabertura-dos-trabalhos-legislativos\/#primaryimage","url":"https:\/\/portalmf.com.br\/wp-content\/uploads\/2024\/02\/Prefeito-anuncia-construcao-do-Hospital-Municipal-durante-reabertura-dos-trabalhos-legislativos-1.jpg","contentUrl":"https:\/\/portalmf.com.br\/wp-content\/uploads\/2024\/02\/Prefeito-anuncia-construcao-do-Hospital-Municipal-durante-reabertura-dos-trabalhos-legislativos-1.jpg","width":2170,"height":1800},{"@type":"BreadcrumbList","@id":"https:\/\/portalmf.com.br\/index.php\/2024\/02\/01\/prefeito-anuncia-construcao-do-hospital-municipal-durante-reabertura-dos-trabalhos-legislativos\/#breadcrumb","itemListElement":[{"@type":"ListItem","position":1,"name":"In\u00edcio","item":"https:\/\/portalmf.com.br\/"},{"@type":"ListItem","position":2,"name":"Prefeito anuncia constru\u00e7\u00e3o do Hospital Municipal durante reabertura dos trabalhos legislativos"}]},{"@type":"WebSite","@id":"https:\/\/portalmf.com.br\/#website","url":"https:\/\/portalmf.com.br\/","name":"Portal MF","description":"Voc\u00ea conectado com a informa\u00e7\u00e3o","potentialAction":[{"@type":"SearchAction","target":{"@type":"EntryPoint","urlTemplate":"https:\/\/portalmf.com.br\/?s={search_term_string}"},"query-input":"required name=search_term_string"}],"inLanguage":"pt-BR"},{"@type":"Person","@id":"https:\/\/portalmf.com.br\/#\/schema\/person\/9ec101baf56233e53520c26de5d6f6f0","name":"Reda\u00e7\u00e3o Portal MF","image":{"@type":"ImageObject","inLanguage":"pt-BR","@id":"https:\/\/portalmf.com.br\/#\/schema\/person\/image\/","url":"https:\/\/secure.gravatar.com\/avatar\/41b9aaeb2100835f7c64362330f74c7f?s=96&d=mm&r=g","contentUrl":"https:\/\/secure.gravatar.com\/avatar\/41b9aaeb2100835f7c64362330f74c7f?s=96&d=mm&r=g","caption":"Reda\u00e7\u00e3o Portal MF"},"description":"Sejam bem-vindos o portal de informa\u00e7\u00f5es de entretenimento de Feira de Santana, desde 2006 realiza coberturas dos principais eventos com entrevistas exclusivas com as principais personalidades mundiais. Fique conectado tamb\u00e9m nas redes sociais.","sameAs":["http:\/\/www.portalmf.com.br\/","https:\/\/www.facebook.com\/portalmfoficial","https:\/\/www.instagram.com\/portalmf\/","https:\/\/x.com\/https:\/\/x.com\/portalmfoficial","https:\/\/www.youtube.com\/@portalmfoficial"],"url":"https:\/\/portalmf.com.br\/index.php\/author\/junior\/"}]}},"_links":{"self":[{"href":"https:\/\/portalmf.com.br\/index.php\/wp-json\/wp\/v2\/posts\/23092"}],"collection":[{"href":"https:\/\/portalmf.com.br\/index.php\/wp-json\/wp\/v2\/posts"}],"about":[{"href":"https:\/\/portalmf.com.br\/index.php\/wp-json\/wp\/v2\/types\/post"}],"author":[{"embeddable":true,"href":"https:\/\/portalmf.com.br\/index.php\/wp-json\/wp\/v2\/users\/3"}],"replies":[{"embeddable":true,"href":"https:\/\/portalmf.com.br\/index.php\/wp-json\/wp\/v2\/comments?post=23092"}],"version-history":[{"count":1,"href":"https:\/\/portalmf.com.br\/index.php\/wp-json\/wp\/v2\/posts\/23092\/revisions"}],"predecessor-version":[{"id":23095,"href":"https:\/\/portalmf.com.br\/index.php\/wp-json\/wp\/v2\/posts\/23092\/revisions\/23095"}],"wp:featuredmedia":[{"embeddable":true,"href":"https:\/\/portalmf.com.br\/index.php\/wp-json\/wp\/v2\/media\/23093"}],"wp:attachment":[{"href":"https:\/\/portalmf.com.br\/index.php\/wp-json\/wp\/v2\/media?parent=23092"}],"wp:term":[{"taxonomy":"category","embeddable":true,"href":"https:\/\/portalmf.com.br\/index.php\/wp-json\/wp\/v2\/categories?post=23092"},{"taxonomy":"post_tag","embeddable":true,"href":"https:\/\/portalmf.com.br\/index.php\/wp-json\/wp\/v2\/tags?post=23092"}],"curies":[{"name":"wp","href":"https:\/\/api.w.org\/{rel}","templated":true}]}}