{"id":23089,"date":"2024-02-01T17:35:44","date_gmt":"2024-02-01T20:35:44","guid":{"rendered":"https:\/\/portalmf.com.br\/?p=23089"},"modified":"2024-02-01T17:35:45","modified_gmt":"2024-02-01T20:35:45","slug":"embasa-alerta-sobre-cuidados-com-a-rede-de-esgoto-no-periodo-de-chuvas","status":"publish","type":"post","link":"https:\/\/portalmf.com.br\/index.php\/2024\/02\/01\/embasa-alerta-sobre-cuidados-com-a-rede-de-esgoto-no-periodo-de-chuvas\/","title":{"rendered":"Embasa alerta sobre cuidados com a rede de esgoto no per\u00edodo de chuvas \u00a0"},"content":{"rendered":"\n<p>Diante das fortes chuvas dos \u00faltimos dias, a Embasa alerta a popula\u00e7\u00e3o para os cuidados que devem ser mantidos para o uso correto da rede coletora de esgoto. O alerta da Embasa para a popula\u00e7\u00e3o \u00e9 n\u00e3o destinar \u00e1guas pluviais (de chuvas) e nem res\u00edduos s\u00f3lidos \u00e0s redes coletoras. Outra importante orienta\u00e7\u00e3o \u00e9 n\u00e3o abrir as tampas das estruturas de inspe\u00e7\u00e3o da rede de esgoto para o escoamento dos alagamentos provocados pelas chuvas. &nbsp;<\/p>\n\n\n\n<p>De acordo com o gerente regional da Embasa em Feira de Santana, Raimundo Neto, o volume de esgoto no sistema de esgotamento sanit\u00e1rio durante o per\u00edodo chuvoso aumenta por causa de interliga\u00e7\u00f5es indevidas de \u00e1gua de chuva e da abertura de tampas da rede durante alagamentos. Somente no \u00faltimo fim de semana foram geradas cerca de 300 solicita\u00e7\u00f5es de desobstru\u00e7\u00e3o da rede de esgoto no munic\u00edpio e nas inspe\u00e7\u00f5es foi encontrado um grande volume de \u00e1gua de chuva, al\u00e9m de areia, pedras e lixo. \u201cS\u00e3o pr\u00e1ticas inadequadas e respons\u00e1veis pela maior parte das ocorr\u00eancias de obstru\u00e7\u00f5es e extravasamentos nas vias p\u00fablicas. A rede de esgoto operada pela Embasa n\u00e3o foi projetada para receber esse tipo de material\u201d, ressalta. Bairros como George Am\u00e9rico e Queimadinha tem o maior n\u00famero de ocorr\u00eancias.<\/p>\n\n\n\n<p><strong><em>Rede de esgoto x rede de drenagem&nbsp;<\/em><\/strong>&#8211; A rede de esgotamento sanit\u00e1rio operada pela Embasa \u00e9 respons\u00e1vel por coletar apenas o esgoto dom\u00e9stico, ou seja, o esgoto gerado dentro das casas a partir do uso da lavanderia, vasos sanit\u00e1rios, pias, chuveiros. Este efluente \u00e9 coletado, tratado e destinado de forma adequada. J\u00e1 a rede de drenagem, que \u00e9 de responsabilidade das prefeituras municipais, deve ser utilizada para escoamento de \u00e1gua de chuva, incluindo aquela dos ralos de quintais e calhas dos im\u00f3veis. \u201cParte da popula\u00e7\u00e3o costuma confundir as redes de coleta de esgoto com as redes de drenagem pluvial e, por essa raz\u00e3o, podem utilizar os sistemas de forma incorreta\u201d, destaca Raimundo Neto. &nbsp;<\/p>\n\n\n\n<p>Diferen\u00e7as entre rede de drenagem pluvial e rede coletora de esgoto podem ser identificadas pela popula\u00e7\u00e3o. As bocas de lobo, por exemplo, pertencem \u00e0 rede de drenagem pluvial, t\u00eam formato retangular e ficam paralelas ao meio-fio. J\u00e1 as tampas da rede de esgoto ficam no centro das ruas e possuem a identifica\u00e7\u00e3o da Embasa \u2013 essas tampas n\u00e3o devem ser abertas para escoar \u00e1gua de chuva.&nbsp;<\/p>\n\n\n\n<p>Como a meteorologia previa um ver\u00e3o excepcionalmente quente, a Bahia Eventos se empenhou em oferecer \u00e1reas climatizadas e pontos de hidrata\u00e7\u00e3o, garantindo o bem-estar de quem compareceu ao evento. Al\u00e9m disso, a inclus\u00e3o de uma delegacia da pol\u00edcia civil e militar dentro da arena refor\u00e7ou o compromisso com a seguran\u00e7a do p\u00fablico.<\/p>\n\n\n\n<p>Al\u00e9m da rica programa\u00e7\u00e3o nos seus quatro palcos, o FV 24 proporcionou \u2013 atrav\u00e9s do apoio das marcas parceiras \u2013 diversas op\u00e7\u00f5es de entretenimento so p\u00fablico, incluindo uma roda-gigante, um tobog\u00e3, um karaok\u00ea, experi\u00eancias de realidade virtual, espa\u00e7os para maquiagem e rooftops tem\u00e1ticos. A edi\u00e7\u00e3o, ali\u00e1s, teve n\u00famero recorde &nbsp;de patrocinadores e ativa\u00e7\u00f5es, com o envolvimento de mais de 20 empresas.<\/p>\n\n\n\n<p>\u201cNesta edi\u00e7\u00e3o tivemos um aumento bem significativo de marcas patrocinando e apoiando o festival, bem como um crescimento expressivo de experi\u00eancias trazidas por elas. As marcas investiram muito em seus espa\u00e7os e estandes, o que gerou muito engajamento do p\u00fablico. Foram ativa\u00e7\u00f5es muito customizadas pelas empresas, que identificaram a melhor maneira de se comunicarem com o p\u00fablico do festival, o maior do ver\u00e3o brasileiro\u201d, comemora Bruno Portela, head da Bahia Eventos.<\/p>\n\n\n\n<p>Outra diferen\u00e7a sentida pelos organizadores desta edi\u00e7\u00e3o para a \u00faltima foi o tempo de perman\u00eancia do p\u00fablico no evento, que chegou mais cedo e saiu mais tarde do Parque de Exposi\u00e7\u00f5es.<\/p>\n\n\n\n<p>\u201cNo domingo, por exemplo, com apenas uma hora de evento, mais de 40% do p\u00fablico j\u00e1 havia chegado ao festival. N\u00e3o \u00e9 um lineup que vai esquentando. Ele j\u00e1 nasce quente com a primeira atra\u00e7\u00e3o j\u00e1 gerando muita ader\u00eancia do p\u00fablico\u201d, analisa Portela.<\/p>\n","protected":false},"excerpt":{"rendered":"<p>Diante das fortes chuvas dos \u00faltimos dias, a Embasa alerta a popula\u00e7\u00e3o para os cuidados que devem ser mantidos para o uso correto da rede coletora de esgoto. O alerta da Embasa para a popula\u00e7\u00e3o \u00e9 n\u00e3o destinar \u00e1guas pluviais (de chuvas) e nem res\u00edduos s\u00f3lidos \u00e0s redes coletoras. Outra importante orienta\u00e7\u00e3o \u00e9 n\u00e3o abrir [&hellip;]<\/p>\n","protected":false},"author":3,"featured_media":23090,"comment_status":"open","ping_status":"open","sticky":false,"template":"","format":"standard","meta":{"_monsterinsights_skip_tracking":false,"_monsterinsights_sitenote_active":false,"_monsterinsights_sitenote_note":"","_monsterinsights_sitenote_category":0,"footnotes":""},"categories":[34],"tags":[],"yoast_head":"<!-- This site is optimized with the Yoast SEO plugin v22.9 - https:\/\/yoast.com\/wordpress\/plugins\/seo\/ -->\n<title>Embasa alerta sobre cuidados com a rede de esgoto no per\u00edodo de chuvas \u00a0 - Portal MF<\/title>\n<meta name=\"robots\" content=\"index, follow, max-snippet:-1, max-image-preview:large, max-video-preview:-1\" \/>\n<link rel=\"canonical\" href=\"https:\/\/portalmf.com.br\/index.php\/2024\/02\/01\/embasa-alerta-sobre-cuidados-com-a-rede-de-esgoto-no-periodo-de-chuvas\/\" \/>\n<meta property=\"og:locale\" content=\"pt_BR\" \/>\n<meta property=\"og:type\" content=\"article\" \/>\n<meta property=\"og:title\" content=\"Embasa alerta sobre cuidados com a rede de esgoto no per\u00edodo de chuvas \u00a0 - Portal MF\" \/>\n<meta property=\"og:description\" content=\"Diante das fortes chuvas dos \u00faltimos dias, a Embasa alerta a popula\u00e7\u00e3o para os cuidados que devem ser mantidos para o uso correto da rede coletora de esgoto. O alerta da Embasa para a popula\u00e7\u00e3o \u00e9 n\u00e3o destinar \u00e1guas pluviais (de chuvas) e nem res\u00edduos s\u00f3lidos \u00e0s redes coletoras. Outra importante orienta\u00e7\u00e3o \u00e9 n\u00e3o abrir [&hellip;]\" \/>\n<meta property=\"og:url\" content=\"https:\/\/portalmf.com.br\/index.php\/2024\/02\/01\/embasa-alerta-sobre-cuidados-com-a-rede-de-esgoto-no-periodo-de-chuvas\/\" \/>\n<meta property=\"og:site_name\" content=\"Portal MF\" \/>\n<meta property=\"article:author\" content=\"https:\/\/www.facebook.com\/portalmfoficial\" \/>\n<meta property=\"article:published_time\" content=\"2024-02-01T20:35:44+00:00\" \/>\n<meta property=\"article:modified_time\" content=\"2024-02-01T20:35:45+00:00\" \/>\n<meta property=\"og:image\" content=\"https:\/\/portalmf.com.br\/wp-content\/uploads\/2024\/02\/Pedra-na-rede-de-esgoto-Feira-de-Santana-2.jpeg\" \/>\n\t<meta property=\"og:image:width\" content=\"864\" \/>\n\t<meta property=\"og:image:height\" content=\"879\" \/>\n\t<meta property=\"og:image:type\" content=\"image\/jpeg\" \/>\n<meta name=\"author\" content=\"Reda\u00e7\u00e3o Portal MF\" \/>\n<meta name=\"twitter:card\" content=\"summary_large_image\" \/>\n<meta name=\"twitter:creator\" content=\"@https:\/\/x.com\/portalmfoficial\" \/>\n<meta name=\"twitter:label1\" content=\"Escrito por\" \/>\n\t<meta name=\"twitter:data1\" content=\"Reda\u00e7\u00e3o Portal MF\" \/>\n\t<meta name=\"twitter:label2\" content=\"Est. tempo de leitura\" \/>\n\t<meta name=\"twitter:data2\" content=\"4 minutos\" \/>\n<script type=\"application\/ld+json\" class=\"yoast-schema-graph\">{\"@context\":\"https:\/\/schema.org\",\"@graph\":[{\"@type\":\"WebPage\",\"@id\":\"https:\/\/portalmf.com.br\/index.php\/2024\/02\/01\/embasa-alerta-sobre-cuidados-com-a-rede-de-esgoto-no-periodo-de-chuvas\/\",\"url\":\"https:\/\/portalmf.com.br\/index.php\/2024\/02\/01\/embasa-alerta-sobre-cuidados-com-a-rede-de-esgoto-no-periodo-de-chuvas\/\",\"name\":\"Embasa alerta sobre cuidados com a rede de esgoto no per\u00edodo de chuvas \u00a0 - Portal MF\",\"isPartOf\":{\"@id\":\"https:\/\/portalmf.com.br\/#website\"},\"primaryImageOfPage\":{\"@id\":\"https:\/\/portalmf.com.br\/index.php\/2024\/02\/01\/embasa-alerta-sobre-cuidados-com-a-rede-de-esgoto-no-periodo-de-chuvas\/#primaryimage\"},\"image\":{\"@id\":\"https:\/\/portalmf.com.br\/index.php\/2024\/02\/01\/embasa-alerta-sobre-cuidados-com-a-rede-de-esgoto-no-periodo-de-chuvas\/#primaryimage\"},\"thumbnailUrl\":\"https:\/\/portalmf.com.br\/wp-content\/uploads\/2024\/02\/Pedra-na-rede-de-esgoto-Feira-de-Santana-2.jpeg\",\"datePublished\":\"2024-02-01T20:35:44+00:00\",\"dateModified\":\"2024-02-01T20:35:45+00:00\",\"author\":{\"@id\":\"https:\/\/portalmf.com.br\/#\/schema\/person\/9ec101baf56233e53520c26de5d6f6f0\"},\"breadcrumb\":{\"@id\":\"https:\/\/portalmf.com.br\/index.php\/2024\/02\/01\/embasa-alerta-sobre-cuidados-com-a-rede-de-esgoto-no-periodo-de-chuvas\/#breadcrumb\"},\"inLanguage\":\"pt-BR\",\"potentialAction\":[{\"@type\":\"ReadAction\",\"target\":[\"https:\/\/portalmf.com.br\/index.php\/2024\/02\/01\/embasa-alerta-sobre-cuidados-com-a-rede-de-esgoto-no-periodo-de-chuvas\/\"]}]},{\"@type\":\"ImageObject\",\"inLanguage\":\"pt-BR\",\"@id\":\"https:\/\/portalmf.com.br\/index.php\/2024\/02\/01\/embasa-alerta-sobre-cuidados-com-a-rede-de-esgoto-no-periodo-de-chuvas\/#primaryimage\",\"url\":\"https:\/\/portalmf.com.br\/wp-content\/uploads\/2024\/02\/Pedra-na-rede-de-esgoto-Feira-de-Santana-2.jpeg\",\"contentUrl\":\"https:\/\/portalmf.com.br\/wp-content\/uploads\/2024\/02\/Pedra-na-rede-de-esgoto-Feira-de-Santana-2.jpeg\",\"width\":864,\"height\":879},{\"@type\":\"BreadcrumbList\",\"@id\":\"https:\/\/portalmf.com.br\/index.php\/2024\/02\/01\/embasa-alerta-sobre-cuidados-com-a-rede-de-esgoto-no-periodo-de-chuvas\/#breadcrumb\",\"itemListElement\":[{\"@type\":\"ListItem\",\"position\":1,\"name\":\"In\u00edcio\",\"item\":\"https:\/\/portalmf.com.br\/\"},{\"@type\":\"ListItem\",\"position\":2,\"name\":\"Embasa alerta sobre cuidados com a rede de esgoto no per\u00edodo de chuvas \u00a0\"}]},{\"@type\":\"WebSite\",\"@id\":\"https:\/\/portalmf.com.br\/#website\",\"url\":\"https:\/\/portalmf.com.br\/\",\"name\":\"Portal MF\",\"description\":\"Voc\u00ea conectado com a informa\u00e7\u00e3o\",\"potentialAction\":[{\"@type\":\"SearchAction\",\"target\":{\"@type\":\"EntryPoint\",\"urlTemplate\":\"https:\/\/portalmf.com.br\/?s={search_term_string}\"},\"query-input\":\"required name=search_term_string\"}],\"inLanguage\":\"pt-BR\"},{\"@type\":\"Person\",\"@id\":\"https:\/\/portalmf.com.br\/#\/schema\/person\/9ec101baf56233e53520c26de5d6f6f0\",\"name\":\"Reda\u00e7\u00e3o Portal MF\",\"image\":{\"@type\":\"ImageObject\",\"inLanguage\":\"pt-BR\",\"@id\":\"https:\/\/portalmf.com.br\/#\/schema\/person\/image\/\",\"url\":\"https:\/\/secure.gravatar.com\/avatar\/41b9aaeb2100835f7c64362330f74c7f?s=96&d=mm&r=g\",\"contentUrl\":\"https:\/\/secure.gravatar.com\/avatar\/41b9aaeb2100835f7c64362330f74c7f?s=96&d=mm&r=g\",\"caption\":\"Reda\u00e7\u00e3o Portal MF\"},\"description\":\"Sejam bem-vindos o portal de informa\u00e7\u00f5es de entretenimento de Feira de Santana, desde 2006 realiza coberturas dos principais eventos com entrevistas exclusivas com as principais personalidades mundiais. Fique conectado tamb\u00e9m nas redes sociais.\",\"sameAs\":[\"http:\/\/www.portalmf.com.br\/\",\"https:\/\/www.facebook.com\/portalmfoficial\",\"https:\/\/www.instagram.com\/portalmf\/\",\"https:\/\/x.com\/https:\/\/x.com\/portalmfoficial\",\"https:\/\/www.youtube.com\/@portalmfoficial\"],\"url\":\"https:\/\/portalmf.com.br\/index.php\/author\/junior\/\"}]}<\/script>\n<!-- \/ Yoast SEO plugin. -->","yoast_head_json":{"title":"Embasa alerta sobre cuidados com a rede de esgoto no per\u00edodo de chuvas \u00a0 - Portal MF","robots":{"index":"index","follow":"follow","max-snippet":"max-snippet:-1","max-image-preview":"max-image-preview:large","max-video-preview":"max-video-preview:-1"},"canonical":"https:\/\/portalmf.com.br\/index.php\/2024\/02\/01\/embasa-alerta-sobre-cuidados-com-a-rede-de-esgoto-no-periodo-de-chuvas\/","og_locale":"pt_BR","og_type":"article","og_title":"Embasa alerta sobre cuidados com a rede de esgoto no per\u00edodo de chuvas \u00a0 - Portal MF","og_description":"Diante das fortes chuvas dos \u00faltimos dias, a Embasa alerta a popula\u00e7\u00e3o para os cuidados que devem ser mantidos para o uso correto da rede coletora de esgoto. O alerta da Embasa para a popula\u00e7\u00e3o \u00e9 n\u00e3o destinar \u00e1guas pluviais (de chuvas) e nem res\u00edduos s\u00f3lidos \u00e0s redes coletoras. Outra importante orienta\u00e7\u00e3o \u00e9 n\u00e3o abrir [&hellip;]","og_url":"https:\/\/portalmf.com.br\/index.php\/2024\/02\/01\/embasa-alerta-sobre-cuidados-com-a-rede-de-esgoto-no-periodo-de-chuvas\/","og_site_name":"Portal MF","article_author":"https:\/\/www.facebook.com\/portalmfoficial","article_published_time":"2024-02-01T20:35:44+00:00","article_modified_time":"2024-02-01T20:35:45+00:00","og_image":[{"width":864,"height":879,"url":"https:\/\/portalmf.com.br\/wp-content\/uploads\/2024\/02\/Pedra-na-rede-de-esgoto-Feira-de-Santana-2.jpeg","type":"image\/jpeg"}],"author":"Reda\u00e7\u00e3o Portal MF","twitter_card":"summary_large_image","twitter_creator":"@https:\/\/x.com\/portalmfoficial","twitter_misc":{"Escrito por":"Reda\u00e7\u00e3o Portal MF","Est. tempo de leitura":"4 minutos"},"schema":{"@context":"https:\/\/schema.org","@graph":[{"@type":"WebPage","@id":"https:\/\/portalmf.com.br\/index.php\/2024\/02\/01\/embasa-alerta-sobre-cuidados-com-a-rede-de-esgoto-no-periodo-de-chuvas\/","url":"https:\/\/portalmf.com.br\/index.php\/2024\/02\/01\/embasa-alerta-sobre-cuidados-com-a-rede-de-esgoto-no-periodo-de-chuvas\/","name":"Embasa alerta sobre cuidados com a rede de esgoto no per\u00edodo de chuvas \u00a0 - Portal MF","isPartOf":{"@id":"https:\/\/portalmf.com.br\/#website"},"primaryImageOfPage":{"@id":"https:\/\/portalmf.com.br\/index.php\/2024\/02\/01\/embasa-alerta-sobre-cuidados-com-a-rede-de-esgoto-no-periodo-de-chuvas\/#primaryimage"},"image":{"@id":"https:\/\/portalmf.com.br\/index.php\/2024\/02\/01\/embasa-alerta-sobre-cuidados-com-a-rede-de-esgoto-no-periodo-de-chuvas\/#primaryimage"},"thumbnailUrl":"https:\/\/portalmf.com.br\/wp-content\/uploads\/2024\/02\/Pedra-na-rede-de-esgoto-Feira-de-Santana-2.jpeg","datePublished":"2024-02-01T20:35:44+00:00","dateModified":"2024-02-01T20:35:45+00:00","author":{"@id":"https:\/\/portalmf.com.br\/#\/schema\/person\/9ec101baf56233e53520c26de5d6f6f0"},"breadcrumb":{"@id":"https:\/\/portalmf.com.br\/index.php\/2024\/02\/01\/embasa-alerta-sobre-cuidados-com-a-rede-de-esgoto-no-periodo-de-chuvas\/#breadcrumb"},"inLanguage":"pt-BR","potentialAction":[{"@type":"ReadAction","target":["https:\/\/portalmf.com.br\/index.php\/2024\/02\/01\/embasa-alerta-sobre-cuidados-com-a-rede-de-esgoto-no-periodo-de-chuvas\/"]}]},{"@type":"ImageObject","inLanguage":"pt-BR","@id":"https:\/\/portalmf.com.br\/index.php\/2024\/02\/01\/embasa-alerta-sobre-cuidados-com-a-rede-de-esgoto-no-periodo-de-chuvas\/#primaryimage","url":"https:\/\/portalmf.com.br\/wp-content\/uploads\/2024\/02\/Pedra-na-rede-de-esgoto-Feira-de-Santana-2.jpeg","contentUrl":"https:\/\/portalmf.com.br\/wp-content\/uploads\/2024\/02\/Pedra-na-rede-de-esgoto-Feira-de-Santana-2.jpeg","width":864,"height":879},{"@type":"BreadcrumbList","@id":"https:\/\/portalmf.com.br\/index.php\/2024\/02\/01\/embasa-alerta-sobre-cuidados-com-a-rede-de-esgoto-no-periodo-de-chuvas\/#breadcrumb","itemListElement":[{"@type":"ListItem","position":1,"name":"In\u00edcio","item":"https:\/\/portalmf.com.br\/"},{"@type":"ListItem","position":2,"name":"Embasa alerta sobre cuidados com a rede de esgoto no per\u00edodo de chuvas \u00a0"}]},{"@type":"WebSite","@id":"https:\/\/portalmf.com.br\/#website","url":"https:\/\/portalmf.com.br\/","name":"Portal MF","description":"Voc\u00ea conectado com a informa\u00e7\u00e3o","potentialAction":[{"@type":"SearchAction","target":{"@type":"EntryPoint","urlTemplate":"https:\/\/portalmf.com.br\/?s={search_term_string}"},"query-input":"required name=search_term_string"}],"inLanguage":"pt-BR"},{"@type":"Person","@id":"https:\/\/portalmf.com.br\/#\/schema\/person\/9ec101baf56233e53520c26de5d6f6f0","name":"Reda\u00e7\u00e3o Portal MF","image":{"@type":"ImageObject","inLanguage":"pt-BR","@id":"https:\/\/portalmf.com.br\/#\/schema\/person\/image\/","url":"https:\/\/secure.gravatar.com\/avatar\/41b9aaeb2100835f7c64362330f74c7f?s=96&d=mm&r=g","contentUrl":"https:\/\/secure.gravatar.com\/avatar\/41b9aaeb2100835f7c64362330f74c7f?s=96&d=mm&r=g","caption":"Reda\u00e7\u00e3o Portal MF"},"description":"Sejam bem-vindos o portal de informa\u00e7\u00f5es de entretenimento de Feira de Santana, desde 2006 realiza coberturas dos principais eventos com entrevistas exclusivas com as principais personalidades mundiais. Fique conectado tamb\u00e9m nas redes sociais.","sameAs":["http:\/\/www.portalmf.com.br\/","https:\/\/www.facebook.com\/portalmfoficial","https:\/\/www.instagram.com\/portalmf\/","https:\/\/x.com\/https:\/\/x.com\/portalmfoficial","https:\/\/www.youtube.com\/@portalmfoficial"],"url":"https:\/\/portalmf.com.br\/index.php\/author\/junior\/"}]}},"_links":{"self":[{"href":"https:\/\/portalmf.com.br\/index.php\/wp-json\/wp\/v2\/posts\/23089"}],"collection":[{"href":"https:\/\/portalmf.com.br\/index.php\/wp-json\/wp\/v2\/posts"}],"about":[{"href":"https:\/\/portalmf.com.br\/index.php\/wp-json\/wp\/v2\/types\/post"}],"author":[{"embeddable":true,"href":"https:\/\/portalmf.com.br\/index.php\/wp-json\/wp\/v2\/users\/3"}],"replies":[{"embeddable":true,"href":"https:\/\/portalmf.com.br\/index.php\/wp-json\/wp\/v2\/comments?post=23089"}],"version-history":[{"count":1,"href":"https:\/\/portalmf.com.br\/index.php\/wp-json\/wp\/v2\/posts\/23089\/revisions"}],"predecessor-version":[{"id":23091,"href":"https:\/\/portalmf.com.br\/index.php\/wp-json\/wp\/v2\/posts\/23089\/revisions\/23091"}],"wp:featuredmedia":[{"embeddable":true,"href":"https:\/\/portalmf.com.br\/index.php\/wp-json\/wp\/v2\/media\/23090"}],"wp:attachment":[{"href":"https:\/\/portalmf.com.br\/index.php\/wp-json\/wp\/v2\/media?parent=23089"}],"wp:term":[{"taxonomy":"category","embeddable":true,"href":"https:\/\/portalmf.com.br\/index.php\/wp-json\/wp\/v2\/categories?post=23089"},{"taxonomy":"post_tag","embeddable":true,"href":"https:\/\/portalmf.com.br\/index.php\/wp-json\/wp\/v2\/tags?post=23089"}],"curies":[{"name":"wp","href":"https:\/\/api.w.org\/{rel}","templated":true}]}}