{"id":23069,"date":"2024-02-01T15:03:40","date_gmt":"2024-02-01T18:03:40","guid":{"rendered":"https:\/\/portalmf.com.br\/?p=23069"},"modified":"2024-02-01T15:03:42","modified_gmt":"2024-02-01T18:03:42","slug":"usina-em-morro-do-chapeu-apresentou-maior-capacidade-de-geracao-de-energia-eolica-da-bahia-em-2023","status":"publish","type":"post","link":"https:\/\/portalmf.com.br\/index.php\/2024\/02\/01\/usina-em-morro-do-chapeu-apresentou-maior-capacidade-de-geracao-de-energia-eolica-da-bahia-em-2023\/","title":{"rendered":"Usina em Morro do Chap\u00e9u apresentou maior capacidade de gera\u00e7\u00e3o de energia e\u00f3lica da Bahia em 2023\u00a0"},"content":{"rendered":"\n<p>Entre os 312 parques e\u00f3licos em opera\u00e7\u00e3o na Bahia, a usina Ventos de Santo Abra\u00e3o foi destaque em 2023. Localizada no munic\u00edpio de Morro de Chap\u00e9u, o empreendimento apresentou 68,95% de&nbsp;fator de capacidade de gera\u00e7\u00e3o de energia e\u00f3lica, o&nbsp;maior no Estado. Conforme os dados da Secretaria de Desenvolvimento Econ\u00f4mico (SDE), no acumulado de janeiro a novembro do ano passado,&nbsp;o parque gerou 152,90 GWh, energia capaz de abastecer 1 milh\u00e3o de resid\u00eancias.<\/p>\n\n\n\n<p>&#8220;Esse potencial \u00e9 resultado de um conjunto de caracter\u00edsticas que proporcionam as condi\u00e7\u00f5es favor\u00e1veis para a implanta\u00e7\u00e3o de empreendimentos de gera\u00e7\u00e3o desse tipo de energia na Bahia.&nbsp;O Estado apresenta regimes mensais de sazonalidade bem definidos, com ventos constantes e unidirecionais, com predom\u00ednio do sentido Leste-Oeste. E&nbsp;nesse contexto se destaca o Ventos de Santo Abra\u00e3o, que est\u00e1 localizado em uma das sete principais \u00e1reas promissoras para explora\u00e7\u00e3o desta fonte, como aponta Atlas E\u00f3lico da Bahia&#8221;, explica o secret\u00e1rio da SDE, Angelo Almeida.<\/p>\n\n\n\n<p>O gestor tamb\u00e9m pontuou o potencial da Bahia, que \u00e9 l\u00edder nacional na gera\u00e7\u00e3o de energia e\u00f3lica. &#8220;Fechamos 2023 na lideran\u00e7a nacional. S\u00e3o&nbsp;312 usinas em opera\u00e7\u00e3o no Estado, com capacidade de 8,90 Gigawatts (GW) de pot\u00eancia outorgada, um investimento estimado total de R$ 42 bilh\u00f5es e capacidade de ter gerado 89 mil empregos, de acordo com dados disponibilizados pela C\u00e2mara de Comercializa\u00e7\u00e3o de Energia El\u00e9trica (CCEE).&nbsp;\u00c9 um resultado a ser comemorado, pois a gera\u00e7\u00e3o de energia limpa n\u00e3o apenas contribui para a diversifica\u00e7\u00e3o da matriz energ\u00e9tica, reduzindo a depend\u00eancia de fontes n\u00e3o renov\u00e1veis, mas tamb\u00e9m promove o desenvolvimento sustent\u00e1vel, o crescimento econ\u00f4mico e a gera\u00e7\u00e3o de empregos\u201d, finalizou.&nbsp;<\/p>\n\n\n\n<p>A Enel Green Power, companhia respons\u00e1vel pelo parque Ventos de Santo Abra\u00e3o, investiu cerca de R$ 182 milh\u00f5es na usina, que entrou em opera\u00e7\u00e3o em 2018. O parque teve capacidade de gera\u00e7\u00e3o de 280 empregos em toda a cadeia produtiva, de acordo com c\u00e1lculos da Associa\u00e7\u00e3o Brasileira de Energia E\u00f3lica (ABEE\u00f3lica).<\/p>\n","protected":false},"excerpt":{"rendered":"<p>Entre os 312 parques e\u00f3licos em opera\u00e7\u00e3o na Bahia, a usina Ventos de Santo Abra\u00e3o foi destaque em 2023. Localizada no munic\u00edpio de Morro de Chap\u00e9u, o empreendimento apresentou 68,95% de&nbsp;fator de capacidade de gera\u00e7\u00e3o de energia e\u00f3lica, o&nbsp;maior no Estado. Conforme os dados da Secretaria de Desenvolvimento Econ\u00f4mico (SDE), no acumulado de janeiro a [&hellip;]<\/p>\n","protected":false},"author":3,"featured_media":23070,"comment_status":"open","ping_status":"open","sticky":false,"template":"","format":"standard","meta":{"_monsterinsights_skip_tracking":false,"_monsterinsights_sitenote_active":false,"_monsterinsights_sitenote_note":"","_monsterinsights_sitenote_category":0,"footnotes":""},"categories":[34],"tags":[],"yoast_head":"<!-- This site is optimized with the Yoast SEO plugin v22.9 - https:\/\/yoast.com\/wordpress\/plugins\/seo\/ -->\n<title>Usina em Morro do Chap\u00e9u apresentou maior capacidade de gera\u00e7\u00e3o de energia e\u00f3lica da Bahia em 2023\u00a0 - Portal MF<\/title>\n<meta name=\"robots\" content=\"index, follow, max-snippet:-1, max-image-preview:large, max-video-preview:-1\" \/>\n<link rel=\"canonical\" href=\"https:\/\/portalmf.com.br\/index.php\/2024\/02\/01\/usina-em-morro-do-chapeu-apresentou-maior-capacidade-de-geracao-de-energia-eolica-da-bahia-em-2023\/\" \/>\n<meta property=\"og:locale\" content=\"pt_BR\" \/>\n<meta property=\"og:type\" content=\"article\" \/>\n<meta property=\"og:title\" content=\"Usina em Morro do Chap\u00e9u apresentou maior capacidade de gera\u00e7\u00e3o de energia e\u00f3lica da Bahia em 2023\u00a0 - Portal MF\" \/>\n<meta property=\"og:description\" content=\"Entre os 312 parques e\u00f3licos em opera\u00e7\u00e3o na Bahia, a usina Ventos de Santo Abra\u00e3o foi destaque em 2023. Localizada no munic\u00edpio de Morro de Chap\u00e9u, o empreendimento apresentou 68,95% de&nbsp;fator de capacidade de gera\u00e7\u00e3o de energia e\u00f3lica, o&nbsp;maior no Estado. Conforme os dados da Secretaria de Desenvolvimento Econ\u00f4mico (SDE), no acumulado de janeiro a [&hellip;]\" \/>\n<meta property=\"og:url\" content=\"https:\/\/portalmf.com.br\/index.php\/2024\/02\/01\/usina-em-morro-do-chapeu-apresentou-maior-capacidade-de-geracao-de-energia-eolica-da-bahia-em-2023\/\" \/>\n<meta property=\"og:site_name\" content=\"Portal MF\" \/>\n<meta property=\"article:author\" content=\"https:\/\/www.facebook.com\/portalmfoficial\" \/>\n<meta property=\"article:published_time\" content=\"2024-02-01T18:03:40+00:00\" \/>\n<meta property=\"article:modified_time\" content=\"2024-02-01T18:03:42+00:00\" \/>\n<meta property=\"og:image\" content=\"https:\/\/portalmf.com.br\/wp-content\/uploads\/2024\/02\/Foto-ilustracao-Divulgacao-Enel-Green-Power_-Morro-do-Chapeu-5.jpg\" \/>\n\t<meta property=\"og:image:width\" content=\"1351\" \/>\n\t<meta property=\"og:image:height\" content=\"705\" \/>\n\t<meta property=\"og:image:type\" content=\"image\/jpeg\" \/>\n<meta name=\"author\" content=\"Reda\u00e7\u00e3o Portal MF\" \/>\n<meta name=\"twitter:card\" content=\"summary_large_image\" \/>\n<meta name=\"twitter:creator\" content=\"@https:\/\/x.com\/portalmfoficial\" \/>\n<meta name=\"twitter:label1\" content=\"Escrito por\" \/>\n\t<meta name=\"twitter:data1\" content=\"Reda\u00e7\u00e3o Portal MF\" \/>\n\t<meta name=\"twitter:label2\" content=\"Est. tempo de leitura\" \/>\n\t<meta name=\"twitter:data2\" content=\"2 minutos\" \/>\n<script type=\"application\/ld+json\" class=\"yoast-schema-graph\">{\"@context\":\"https:\/\/schema.org\",\"@graph\":[{\"@type\":\"WebPage\",\"@id\":\"https:\/\/portalmf.com.br\/index.php\/2024\/02\/01\/usina-em-morro-do-chapeu-apresentou-maior-capacidade-de-geracao-de-energia-eolica-da-bahia-em-2023\/\",\"url\":\"https:\/\/portalmf.com.br\/index.php\/2024\/02\/01\/usina-em-morro-do-chapeu-apresentou-maior-capacidade-de-geracao-de-energia-eolica-da-bahia-em-2023\/\",\"name\":\"Usina em Morro do Chap\u00e9u apresentou maior capacidade de gera\u00e7\u00e3o de energia e\u00f3lica da Bahia em 2023\u00a0 - Portal MF\",\"isPartOf\":{\"@id\":\"https:\/\/portalmf.com.br\/#website\"},\"primaryImageOfPage\":{\"@id\":\"https:\/\/portalmf.com.br\/index.php\/2024\/02\/01\/usina-em-morro-do-chapeu-apresentou-maior-capacidade-de-geracao-de-energia-eolica-da-bahia-em-2023\/#primaryimage\"},\"image\":{\"@id\":\"https:\/\/portalmf.com.br\/index.php\/2024\/02\/01\/usina-em-morro-do-chapeu-apresentou-maior-capacidade-de-geracao-de-energia-eolica-da-bahia-em-2023\/#primaryimage\"},\"thumbnailUrl\":\"https:\/\/portalmf.com.br\/wp-content\/uploads\/2024\/02\/Foto-ilustracao-Divulgacao-Enel-Green-Power_-Morro-do-Chapeu-5.jpg\",\"datePublished\":\"2024-02-01T18:03:40+00:00\",\"dateModified\":\"2024-02-01T18:03:42+00:00\",\"author\":{\"@id\":\"https:\/\/portalmf.com.br\/#\/schema\/person\/9ec101baf56233e53520c26de5d6f6f0\"},\"breadcrumb\":{\"@id\":\"https:\/\/portalmf.com.br\/index.php\/2024\/02\/01\/usina-em-morro-do-chapeu-apresentou-maior-capacidade-de-geracao-de-energia-eolica-da-bahia-em-2023\/#breadcrumb\"},\"inLanguage\":\"pt-BR\",\"potentialAction\":[{\"@type\":\"ReadAction\",\"target\":[\"https:\/\/portalmf.com.br\/index.php\/2024\/02\/01\/usina-em-morro-do-chapeu-apresentou-maior-capacidade-de-geracao-de-energia-eolica-da-bahia-em-2023\/\"]}]},{\"@type\":\"ImageObject\",\"inLanguage\":\"pt-BR\",\"@id\":\"https:\/\/portalmf.com.br\/index.php\/2024\/02\/01\/usina-em-morro-do-chapeu-apresentou-maior-capacidade-de-geracao-de-energia-eolica-da-bahia-em-2023\/#primaryimage\",\"url\":\"https:\/\/portalmf.com.br\/wp-content\/uploads\/2024\/02\/Foto-ilustracao-Divulgacao-Enel-Green-Power_-Morro-do-Chapeu-5.jpg\",\"contentUrl\":\"https:\/\/portalmf.com.br\/wp-content\/uploads\/2024\/02\/Foto-ilustracao-Divulgacao-Enel-Green-Power_-Morro-do-Chapeu-5.jpg\",\"width\":1351,\"height\":705},{\"@type\":\"BreadcrumbList\",\"@id\":\"https:\/\/portalmf.com.br\/index.php\/2024\/02\/01\/usina-em-morro-do-chapeu-apresentou-maior-capacidade-de-geracao-de-energia-eolica-da-bahia-em-2023\/#breadcrumb\",\"itemListElement\":[{\"@type\":\"ListItem\",\"position\":1,\"name\":\"In\u00edcio\",\"item\":\"https:\/\/portalmf.com.br\/\"},{\"@type\":\"ListItem\",\"position\":2,\"name\":\"Usina em Morro do Chap\u00e9u apresentou maior capacidade de gera\u00e7\u00e3o de energia e\u00f3lica da Bahia em 2023\u00a0\"}]},{\"@type\":\"WebSite\",\"@id\":\"https:\/\/portalmf.com.br\/#website\",\"url\":\"https:\/\/portalmf.com.br\/\",\"name\":\"Portal MF\",\"description\":\"Voc\u00ea conectado com a informa\u00e7\u00e3o\",\"potentialAction\":[{\"@type\":\"SearchAction\",\"target\":{\"@type\":\"EntryPoint\",\"urlTemplate\":\"https:\/\/portalmf.com.br\/?s={search_term_string}\"},\"query-input\":\"required name=search_term_string\"}],\"inLanguage\":\"pt-BR\"},{\"@type\":\"Person\",\"@id\":\"https:\/\/portalmf.com.br\/#\/schema\/person\/9ec101baf56233e53520c26de5d6f6f0\",\"name\":\"Reda\u00e7\u00e3o Portal MF\",\"image\":{\"@type\":\"ImageObject\",\"inLanguage\":\"pt-BR\",\"@id\":\"https:\/\/portalmf.com.br\/#\/schema\/person\/image\/\",\"url\":\"https:\/\/secure.gravatar.com\/avatar\/41b9aaeb2100835f7c64362330f74c7f?s=96&d=mm&r=g\",\"contentUrl\":\"https:\/\/secure.gravatar.com\/avatar\/41b9aaeb2100835f7c64362330f74c7f?s=96&d=mm&r=g\",\"caption\":\"Reda\u00e7\u00e3o Portal MF\"},\"description\":\"Sejam bem-vindos o portal de informa\u00e7\u00f5es de entretenimento de Feira de Santana, desde 2006 realiza coberturas dos principais eventos com entrevistas exclusivas com as principais personalidades mundiais. Fique conectado tamb\u00e9m nas redes sociais.\",\"sameAs\":[\"http:\/\/www.portalmf.com.br\/\",\"https:\/\/www.facebook.com\/portalmfoficial\",\"https:\/\/www.instagram.com\/portalmf\/\",\"https:\/\/x.com\/https:\/\/x.com\/portalmfoficial\",\"https:\/\/www.youtube.com\/@portalmfoficial\"],\"url\":\"https:\/\/portalmf.com.br\/index.php\/author\/junior\/\"}]}<\/script>\n<!-- \/ Yoast SEO plugin. -->","yoast_head_json":{"title":"Usina em Morro do Chap\u00e9u apresentou maior capacidade de gera\u00e7\u00e3o de energia e\u00f3lica da Bahia em 2023\u00a0 - Portal MF","robots":{"index":"index","follow":"follow","max-snippet":"max-snippet:-1","max-image-preview":"max-image-preview:large","max-video-preview":"max-video-preview:-1"},"canonical":"https:\/\/portalmf.com.br\/index.php\/2024\/02\/01\/usina-em-morro-do-chapeu-apresentou-maior-capacidade-de-geracao-de-energia-eolica-da-bahia-em-2023\/","og_locale":"pt_BR","og_type":"article","og_title":"Usina em Morro do Chap\u00e9u apresentou maior capacidade de gera\u00e7\u00e3o de energia e\u00f3lica da Bahia em 2023\u00a0 - Portal MF","og_description":"Entre os 312 parques e\u00f3licos em opera\u00e7\u00e3o na Bahia, a usina Ventos de Santo Abra\u00e3o foi destaque em 2023. Localizada no munic\u00edpio de Morro de Chap\u00e9u, o empreendimento apresentou 68,95% de&nbsp;fator de capacidade de gera\u00e7\u00e3o de energia e\u00f3lica, o&nbsp;maior no Estado. Conforme os dados da Secretaria de Desenvolvimento Econ\u00f4mico (SDE), no acumulado de janeiro a [&hellip;]","og_url":"https:\/\/portalmf.com.br\/index.php\/2024\/02\/01\/usina-em-morro-do-chapeu-apresentou-maior-capacidade-de-geracao-de-energia-eolica-da-bahia-em-2023\/","og_site_name":"Portal MF","article_author":"https:\/\/www.facebook.com\/portalmfoficial","article_published_time":"2024-02-01T18:03:40+00:00","article_modified_time":"2024-02-01T18:03:42+00:00","og_image":[{"width":1351,"height":705,"url":"https:\/\/portalmf.com.br\/wp-content\/uploads\/2024\/02\/Foto-ilustracao-Divulgacao-Enel-Green-Power_-Morro-do-Chapeu-5.jpg","type":"image\/jpeg"}],"author":"Reda\u00e7\u00e3o Portal MF","twitter_card":"summary_large_image","twitter_creator":"@https:\/\/x.com\/portalmfoficial","twitter_misc":{"Escrito por":"Reda\u00e7\u00e3o Portal MF","Est. tempo de leitura":"2 minutos"},"schema":{"@context":"https:\/\/schema.org","@graph":[{"@type":"WebPage","@id":"https:\/\/portalmf.com.br\/index.php\/2024\/02\/01\/usina-em-morro-do-chapeu-apresentou-maior-capacidade-de-geracao-de-energia-eolica-da-bahia-em-2023\/","url":"https:\/\/portalmf.com.br\/index.php\/2024\/02\/01\/usina-em-morro-do-chapeu-apresentou-maior-capacidade-de-geracao-de-energia-eolica-da-bahia-em-2023\/","name":"Usina em Morro do Chap\u00e9u apresentou maior capacidade de gera\u00e7\u00e3o de energia e\u00f3lica da Bahia em 2023\u00a0 - Portal MF","isPartOf":{"@id":"https:\/\/portalmf.com.br\/#website"},"primaryImageOfPage":{"@id":"https:\/\/portalmf.com.br\/index.php\/2024\/02\/01\/usina-em-morro-do-chapeu-apresentou-maior-capacidade-de-geracao-de-energia-eolica-da-bahia-em-2023\/#primaryimage"},"image":{"@id":"https:\/\/portalmf.com.br\/index.php\/2024\/02\/01\/usina-em-morro-do-chapeu-apresentou-maior-capacidade-de-geracao-de-energia-eolica-da-bahia-em-2023\/#primaryimage"},"thumbnailUrl":"https:\/\/portalmf.com.br\/wp-content\/uploads\/2024\/02\/Foto-ilustracao-Divulgacao-Enel-Green-Power_-Morro-do-Chapeu-5.jpg","datePublished":"2024-02-01T18:03:40+00:00","dateModified":"2024-02-01T18:03:42+00:00","author":{"@id":"https:\/\/portalmf.com.br\/#\/schema\/person\/9ec101baf56233e53520c26de5d6f6f0"},"breadcrumb":{"@id":"https:\/\/portalmf.com.br\/index.php\/2024\/02\/01\/usina-em-morro-do-chapeu-apresentou-maior-capacidade-de-geracao-de-energia-eolica-da-bahia-em-2023\/#breadcrumb"},"inLanguage":"pt-BR","potentialAction":[{"@type":"ReadAction","target":["https:\/\/portalmf.com.br\/index.php\/2024\/02\/01\/usina-em-morro-do-chapeu-apresentou-maior-capacidade-de-geracao-de-energia-eolica-da-bahia-em-2023\/"]}]},{"@type":"ImageObject","inLanguage":"pt-BR","@id":"https:\/\/portalmf.com.br\/index.php\/2024\/02\/01\/usina-em-morro-do-chapeu-apresentou-maior-capacidade-de-geracao-de-energia-eolica-da-bahia-em-2023\/#primaryimage","url":"https:\/\/portalmf.com.br\/wp-content\/uploads\/2024\/02\/Foto-ilustracao-Divulgacao-Enel-Green-Power_-Morro-do-Chapeu-5.jpg","contentUrl":"https:\/\/portalmf.com.br\/wp-content\/uploads\/2024\/02\/Foto-ilustracao-Divulgacao-Enel-Green-Power_-Morro-do-Chapeu-5.jpg","width":1351,"height":705},{"@type":"BreadcrumbList","@id":"https:\/\/portalmf.com.br\/index.php\/2024\/02\/01\/usina-em-morro-do-chapeu-apresentou-maior-capacidade-de-geracao-de-energia-eolica-da-bahia-em-2023\/#breadcrumb","itemListElement":[{"@type":"ListItem","position":1,"name":"In\u00edcio","item":"https:\/\/portalmf.com.br\/"},{"@type":"ListItem","position":2,"name":"Usina em Morro do Chap\u00e9u apresentou maior capacidade de gera\u00e7\u00e3o de energia e\u00f3lica da Bahia em 2023\u00a0"}]},{"@type":"WebSite","@id":"https:\/\/portalmf.com.br\/#website","url":"https:\/\/portalmf.com.br\/","name":"Portal MF","description":"Voc\u00ea conectado com a informa\u00e7\u00e3o","potentialAction":[{"@type":"SearchAction","target":{"@type":"EntryPoint","urlTemplate":"https:\/\/portalmf.com.br\/?s={search_term_string}"},"query-input":"required name=search_term_string"}],"inLanguage":"pt-BR"},{"@type":"Person","@id":"https:\/\/portalmf.com.br\/#\/schema\/person\/9ec101baf56233e53520c26de5d6f6f0","name":"Reda\u00e7\u00e3o Portal MF","image":{"@type":"ImageObject","inLanguage":"pt-BR","@id":"https:\/\/portalmf.com.br\/#\/schema\/person\/image\/","url":"https:\/\/secure.gravatar.com\/avatar\/41b9aaeb2100835f7c64362330f74c7f?s=96&d=mm&r=g","contentUrl":"https:\/\/secure.gravatar.com\/avatar\/41b9aaeb2100835f7c64362330f74c7f?s=96&d=mm&r=g","caption":"Reda\u00e7\u00e3o Portal MF"},"description":"Sejam bem-vindos o portal de informa\u00e7\u00f5es de entretenimento de Feira de Santana, desde 2006 realiza coberturas dos principais eventos com entrevistas exclusivas com as principais personalidades mundiais. Fique conectado tamb\u00e9m nas redes sociais.","sameAs":["http:\/\/www.portalmf.com.br\/","https:\/\/www.facebook.com\/portalmfoficial","https:\/\/www.instagram.com\/portalmf\/","https:\/\/x.com\/https:\/\/x.com\/portalmfoficial","https:\/\/www.youtube.com\/@portalmfoficial"],"url":"https:\/\/portalmf.com.br\/index.php\/author\/junior\/"}]}},"_links":{"self":[{"href":"https:\/\/portalmf.com.br\/index.php\/wp-json\/wp\/v2\/posts\/23069"}],"collection":[{"href":"https:\/\/portalmf.com.br\/index.php\/wp-json\/wp\/v2\/posts"}],"about":[{"href":"https:\/\/portalmf.com.br\/index.php\/wp-json\/wp\/v2\/types\/post"}],"author":[{"embeddable":true,"href":"https:\/\/portalmf.com.br\/index.php\/wp-json\/wp\/v2\/users\/3"}],"replies":[{"embeddable":true,"href":"https:\/\/portalmf.com.br\/index.php\/wp-json\/wp\/v2\/comments?post=23069"}],"version-history":[{"count":1,"href":"https:\/\/portalmf.com.br\/index.php\/wp-json\/wp\/v2\/posts\/23069\/revisions"}],"predecessor-version":[{"id":23071,"href":"https:\/\/portalmf.com.br\/index.php\/wp-json\/wp\/v2\/posts\/23069\/revisions\/23071"}],"wp:featuredmedia":[{"embeddable":true,"href":"https:\/\/portalmf.com.br\/index.php\/wp-json\/wp\/v2\/media\/23070"}],"wp:attachment":[{"href":"https:\/\/portalmf.com.br\/index.php\/wp-json\/wp\/v2\/media?parent=23069"}],"wp:term":[{"taxonomy":"category","embeddable":true,"href":"https:\/\/portalmf.com.br\/index.php\/wp-json\/wp\/v2\/categories?post=23069"},{"taxonomy":"post_tag","embeddable":true,"href":"https:\/\/portalmf.com.br\/index.php\/wp-json\/wp\/v2\/tags?post=23069"}],"curies":[{"name":"wp","href":"https:\/\/api.w.org\/{rel}","templated":true}]}}