{"id":23019,"date":"2024-01-31T17:54:58","date_gmt":"2024-01-31T20:54:58","guid":{"rendered":"https:\/\/portalmf.com.br\/?p=23019"},"modified":"2024-01-31T17:54:59","modified_gmt":"2024-01-31T20:54:59","slug":"camara-abre-trabalhos-de-2024-nesta-quinta","status":"publish","type":"post","link":"https:\/\/portalmf.com.br\/index.php\/2024\/01\/31\/camara-abre-trabalhos-de-2024-nesta-quinta\/","title":{"rendered":"C\u00e2mara abre trabalhos de 2024 nesta quinta"},"content":{"rendered":"\n<p>A C\u00e2mara de Feira de Santana inicia nesta quinta (1), os trabalhos legislativos deste ano, ap\u00f3s o recesso parlamentar, encerrado hoje (31). Uma sess\u00e3o solene, de abertura do novo exerc\u00edcio, acontece \u00e0s 8h30min. Em decorr\u00eancia de uma reforma que est\u00e1 sendo realizada no pr\u00e9dio-sede da Casa da Cidadania, na rua Visconde do Rio Branco, os vereadores estar\u00e3o reunidos no Centro de Cultura Am\u00e9lio Amorim, localizado na avenida Presidente Dutra.<\/p>\n\n\n\n<p>O espa\u00e7o, que j\u00e1 sediou provisoriamente, no passado, tamb\u00e9m por raz\u00e3o de obras no pr\u00e9dio-sede, as sess\u00f5es da C\u00e2mara Municipal, tem capacidade de p\u00fablico em seu anfiteatro maior que as galerias do hist\u00f3rico pr\u00e9dio do Legislativo. Quem n\u00e3o puder acompanhar presencialmente a sess\u00e3o pode assisti-la, ao vivo, atrav\u00e9s do canal da Casa da Cidadania no YouTube.<\/p>\n\n\n\n<p>A presidente do Poder Legislativo, Eremita Mota (PSDB), agradece \u00e0 dire\u00e7\u00e3o do Centro de Cultura Am\u00e9lio Amorim, pela cess\u00e3o do espa\u00e7o, e diz que a C\u00e2mara precisa manter o trabalho de plen\u00e1rio mesmo durante a reforma das instala\u00e7\u00f5es de sua sede. <\/p>\n\n\n\n<p><em>\u201cA popula\u00e7\u00e3o n\u00e3o pode deixar de contar com as atividades legislativas, ainda que em outro local\u201d, afirma a dirigente, salientando o compromisso da Casa de \u201cpermanecer como uma das principais ferramentas para o exerc\u00edcio da democracia e para a constru\u00e7\u00e3o de uma Feira de Santana melhor\u201d.<\/em><\/p>\n\n\n\n<p>A decis\u00e3o da transfer\u00eancia da abertura dos trabalhos deu-se atrav\u00e9s de reuni\u00e3o da mesa diretiva.<\/p>\n","protected":false},"excerpt":{"rendered":"<p>A C\u00e2mara de Feira de Santana inicia nesta quinta (1), os trabalhos legislativos deste ano, ap\u00f3s o recesso parlamentar, encerrado hoje (31). Uma sess\u00e3o solene, de abertura do novo exerc\u00edcio, acontece \u00e0s 8h30min. Em decorr\u00eancia de uma reforma que est\u00e1 sendo realizada no pr\u00e9dio-sede da Casa da Cidadania, na rua Visconde do Rio Branco, os [&hellip;]<\/p>\n","protected":false},"author":3,"featured_media":23020,"comment_status":"open","ping_status":"open","sticky":false,"template":"","format":"standard","meta":{"_monsterinsights_skip_tracking":false,"_monsterinsights_sitenote_active":false,"_monsterinsights_sitenote_note":"","_monsterinsights_sitenote_category":0,"footnotes":""},"categories":[34],"tags":[],"yoast_head":"<!-- This site is optimized with the Yoast SEO plugin v22.9 - https:\/\/yoast.com\/wordpress\/plugins\/seo\/ -->\n<title>C\u00e2mara abre trabalhos de 2024 nesta quinta - Portal MF<\/title>\n<meta name=\"robots\" content=\"index, follow, max-snippet:-1, max-image-preview:large, max-video-preview:-1\" \/>\n<link rel=\"canonical\" href=\"https:\/\/portalmf.com.br\/index.php\/2024\/01\/31\/camara-abre-trabalhos-de-2024-nesta-quinta\/\" \/>\n<meta property=\"og:locale\" content=\"pt_BR\" \/>\n<meta property=\"og:type\" content=\"article\" \/>\n<meta property=\"og:title\" content=\"C\u00e2mara abre trabalhos de 2024 nesta quinta - Portal MF\" \/>\n<meta property=\"og:description\" content=\"A C\u00e2mara de Feira de Santana inicia nesta quinta (1), os trabalhos legislativos deste ano, ap\u00f3s o recesso parlamentar, encerrado hoje (31). Uma sess\u00e3o solene, de abertura do novo exerc\u00edcio, acontece \u00e0s 8h30min. Em decorr\u00eancia de uma reforma que est\u00e1 sendo realizada no pr\u00e9dio-sede da Casa da Cidadania, na rua Visconde do Rio Branco, os [&hellip;]\" \/>\n<meta property=\"og:url\" content=\"https:\/\/portalmf.com.br\/index.php\/2024\/01\/31\/camara-abre-trabalhos-de-2024-nesta-quinta\/\" \/>\n<meta property=\"og:site_name\" content=\"Portal MF\" \/>\n<meta property=\"article:author\" content=\"https:\/\/www.facebook.com\/portalmfoficial\" \/>\n<meta property=\"article:published_time\" content=\"2024-01-31T20:54:58+00:00\" \/>\n<meta property=\"article:modified_time\" content=\"2024-01-31T20:54:59+00:00\" \/>\n<meta property=\"og:image\" content=\"https:\/\/portalmf.com.br\/wp-content\/uploads\/2024\/01\/Camara-abre-trabalhos-de-2024-nesta-quinta.jpeg\" \/>\n\t<meta property=\"og:image:width\" content=\"1600\" \/>\n\t<meta property=\"og:image:height\" content=\"899\" \/>\n\t<meta property=\"og:image:type\" content=\"image\/jpeg\" \/>\n<meta name=\"author\" content=\"Reda\u00e7\u00e3o Portal MF\" \/>\n<meta name=\"twitter:card\" content=\"summary_large_image\" \/>\n<meta name=\"twitter:creator\" content=\"@https:\/\/x.com\/portalmfoficial\" \/>\n<meta name=\"twitter:label1\" content=\"Escrito por\" \/>\n\t<meta name=\"twitter:data1\" content=\"Reda\u00e7\u00e3o Portal MF\" \/>\n\t<meta name=\"twitter:label2\" content=\"Est. tempo de leitura\" \/>\n\t<meta name=\"twitter:data2\" content=\"2 minutos\" \/>\n<script type=\"application\/ld+json\" class=\"yoast-schema-graph\">{\"@context\":\"https:\/\/schema.org\",\"@graph\":[{\"@type\":\"WebPage\",\"@id\":\"https:\/\/portalmf.com.br\/index.php\/2024\/01\/31\/camara-abre-trabalhos-de-2024-nesta-quinta\/\",\"url\":\"https:\/\/portalmf.com.br\/index.php\/2024\/01\/31\/camara-abre-trabalhos-de-2024-nesta-quinta\/\",\"name\":\"C\u00e2mara abre trabalhos de 2024 nesta quinta - Portal MF\",\"isPartOf\":{\"@id\":\"https:\/\/portalmf.com.br\/#website\"},\"primaryImageOfPage\":{\"@id\":\"https:\/\/portalmf.com.br\/index.php\/2024\/01\/31\/camara-abre-trabalhos-de-2024-nesta-quinta\/#primaryimage\"},\"image\":{\"@id\":\"https:\/\/portalmf.com.br\/index.php\/2024\/01\/31\/camara-abre-trabalhos-de-2024-nesta-quinta\/#primaryimage\"},\"thumbnailUrl\":\"https:\/\/portalmf.com.br\/wp-content\/uploads\/2024\/01\/Camara-abre-trabalhos-de-2024-nesta-quinta.jpeg\",\"datePublished\":\"2024-01-31T20:54:58+00:00\",\"dateModified\":\"2024-01-31T20:54:59+00:00\",\"author\":{\"@id\":\"https:\/\/portalmf.com.br\/#\/schema\/person\/9ec101baf56233e53520c26de5d6f6f0\"},\"breadcrumb\":{\"@id\":\"https:\/\/portalmf.com.br\/index.php\/2024\/01\/31\/camara-abre-trabalhos-de-2024-nesta-quinta\/#breadcrumb\"},\"inLanguage\":\"pt-BR\",\"potentialAction\":[{\"@type\":\"ReadAction\",\"target\":[\"https:\/\/portalmf.com.br\/index.php\/2024\/01\/31\/camara-abre-trabalhos-de-2024-nesta-quinta\/\"]}]},{\"@type\":\"ImageObject\",\"inLanguage\":\"pt-BR\",\"@id\":\"https:\/\/portalmf.com.br\/index.php\/2024\/01\/31\/camara-abre-trabalhos-de-2024-nesta-quinta\/#primaryimage\",\"url\":\"https:\/\/portalmf.com.br\/wp-content\/uploads\/2024\/01\/Camara-abre-trabalhos-de-2024-nesta-quinta.jpeg\",\"contentUrl\":\"https:\/\/portalmf.com.br\/wp-content\/uploads\/2024\/01\/Camara-abre-trabalhos-de-2024-nesta-quinta.jpeg\",\"width\":1600,\"height\":899},{\"@type\":\"BreadcrumbList\",\"@id\":\"https:\/\/portalmf.com.br\/index.php\/2024\/01\/31\/camara-abre-trabalhos-de-2024-nesta-quinta\/#breadcrumb\",\"itemListElement\":[{\"@type\":\"ListItem\",\"position\":1,\"name\":\"In\u00edcio\",\"item\":\"https:\/\/portalmf.com.br\/\"},{\"@type\":\"ListItem\",\"position\":2,\"name\":\"C\u00e2mara abre trabalhos de 2024 nesta quinta\"}]},{\"@type\":\"WebSite\",\"@id\":\"https:\/\/portalmf.com.br\/#website\",\"url\":\"https:\/\/portalmf.com.br\/\",\"name\":\"Portal MF\",\"description\":\"Voc\u00ea conectado com a informa\u00e7\u00e3o\",\"potentialAction\":[{\"@type\":\"SearchAction\",\"target\":{\"@type\":\"EntryPoint\",\"urlTemplate\":\"https:\/\/portalmf.com.br\/?s={search_term_string}\"},\"query-input\":\"required name=search_term_string\"}],\"inLanguage\":\"pt-BR\"},{\"@type\":\"Person\",\"@id\":\"https:\/\/portalmf.com.br\/#\/schema\/person\/9ec101baf56233e53520c26de5d6f6f0\",\"name\":\"Reda\u00e7\u00e3o Portal MF\",\"image\":{\"@type\":\"ImageObject\",\"inLanguage\":\"pt-BR\",\"@id\":\"https:\/\/portalmf.com.br\/#\/schema\/person\/image\/\",\"url\":\"https:\/\/secure.gravatar.com\/avatar\/41b9aaeb2100835f7c64362330f74c7f?s=96&d=mm&r=g\",\"contentUrl\":\"https:\/\/secure.gravatar.com\/avatar\/41b9aaeb2100835f7c64362330f74c7f?s=96&d=mm&r=g\",\"caption\":\"Reda\u00e7\u00e3o Portal MF\"},\"description\":\"Sejam bem-vindos o portal de informa\u00e7\u00f5es de entretenimento de Feira de Santana, desde 2006 realiza coberturas dos principais eventos com entrevistas exclusivas com as principais personalidades mundiais. Fique conectado tamb\u00e9m nas redes sociais.\",\"sameAs\":[\"http:\/\/www.portalmf.com.br\/\",\"https:\/\/www.facebook.com\/portalmfoficial\",\"https:\/\/www.instagram.com\/portalmf\/\",\"https:\/\/x.com\/https:\/\/x.com\/portalmfoficial\",\"https:\/\/www.youtube.com\/@portalmfoficial\"],\"url\":\"https:\/\/portalmf.com.br\/index.php\/author\/junior\/\"}]}<\/script>\n<!-- \/ Yoast SEO plugin. -->","yoast_head_json":{"title":"C\u00e2mara abre trabalhos de 2024 nesta quinta - Portal MF","robots":{"index":"index","follow":"follow","max-snippet":"max-snippet:-1","max-image-preview":"max-image-preview:large","max-video-preview":"max-video-preview:-1"},"canonical":"https:\/\/portalmf.com.br\/index.php\/2024\/01\/31\/camara-abre-trabalhos-de-2024-nesta-quinta\/","og_locale":"pt_BR","og_type":"article","og_title":"C\u00e2mara abre trabalhos de 2024 nesta quinta - Portal MF","og_description":"A C\u00e2mara de Feira de Santana inicia nesta quinta (1), os trabalhos legislativos deste ano, ap\u00f3s o recesso parlamentar, encerrado hoje (31). Uma sess\u00e3o solene, de abertura do novo exerc\u00edcio, acontece \u00e0s 8h30min. Em decorr\u00eancia de uma reforma que est\u00e1 sendo realizada no pr\u00e9dio-sede da Casa da Cidadania, na rua Visconde do Rio Branco, os [&hellip;]","og_url":"https:\/\/portalmf.com.br\/index.php\/2024\/01\/31\/camara-abre-trabalhos-de-2024-nesta-quinta\/","og_site_name":"Portal MF","article_author":"https:\/\/www.facebook.com\/portalmfoficial","article_published_time":"2024-01-31T20:54:58+00:00","article_modified_time":"2024-01-31T20:54:59+00:00","og_image":[{"width":1600,"height":899,"url":"https:\/\/portalmf.com.br\/wp-content\/uploads\/2024\/01\/Camara-abre-trabalhos-de-2024-nesta-quinta.jpeg","type":"image\/jpeg"}],"author":"Reda\u00e7\u00e3o Portal MF","twitter_card":"summary_large_image","twitter_creator":"@https:\/\/x.com\/portalmfoficial","twitter_misc":{"Escrito por":"Reda\u00e7\u00e3o Portal MF","Est. tempo de leitura":"2 minutos"},"schema":{"@context":"https:\/\/schema.org","@graph":[{"@type":"WebPage","@id":"https:\/\/portalmf.com.br\/index.php\/2024\/01\/31\/camara-abre-trabalhos-de-2024-nesta-quinta\/","url":"https:\/\/portalmf.com.br\/index.php\/2024\/01\/31\/camara-abre-trabalhos-de-2024-nesta-quinta\/","name":"C\u00e2mara abre trabalhos de 2024 nesta quinta - Portal MF","isPartOf":{"@id":"https:\/\/portalmf.com.br\/#website"},"primaryImageOfPage":{"@id":"https:\/\/portalmf.com.br\/index.php\/2024\/01\/31\/camara-abre-trabalhos-de-2024-nesta-quinta\/#primaryimage"},"image":{"@id":"https:\/\/portalmf.com.br\/index.php\/2024\/01\/31\/camara-abre-trabalhos-de-2024-nesta-quinta\/#primaryimage"},"thumbnailUrl":"https:\/\/portalmf.com.br\/wp-content\/uploads\/2024\/01\/Camara-abre-trabalhos-de-2024-nesta-quinta.jpeg","datePublished":"2024-01-31T20:54:58+00:00","dateModified":"2024-01-31T20:54:59+00:00","author":{"@id":"https:\/\/portalmf.com.br\/#\/schema\/person\/9ec101baf56233e53520c26de5d6f6f0"},"breadcrumb":{"@id":"https:\/\/portalmf.com.br\/index.php\/2024\/01\/31\/camara-abre-trabalhos-de-2024-nesta-quinta\/#breadcrumb"},"inLanguage":"pt-BR","potentialAction":[{"@type":"ReadAction","target":["https:\/\/portalmf.com.br\/index.php\/2024\/01\/31\/camara-abre-trabalhos-de-2024-nesta-quinta\/"]}]},{"@type":"ImageObject","inLanguage":"pt-BR","@id":"https:\/\/portalmf.com.br\/index.php\/2024\/01\/31\/camara-abre-trabalhos-de-2024-nesta-quinta\/#primaryimage","url":"https:\/\/portalmf.com.br\/wp-content\/uploads\/2024\/01\/Camara-abre-trabalhos-de-2024-nesta-quinta.jpeg","contentUrl":"https:\/\/portalmf.com.br\/wp-content\/uploads\/2024\/01\/Camara-abre-trabalhos-de-2024-nesta-quinta.jpeg","width":1600,"height":899},{"@type":"BreadcrumbList","@id":"https:\/\/portalmf.com.br\/index.php\/2024\/01\/31\/camara-abre-trabalhos-de-2024-nesta-quinta\/#breadcrumb","itemListElement":[{"@type":"ListItem","position":1,"name":"In\u00edcio","item":"https:\/\/portalmf.com.br\/"},{"@type":"ListItem","position":2,"name":"C\u00e2mara abre trabalhos de 2024 nesta quinta"}]},{"@type":"WebSite","@id":"https:\/\/portalmf.com.br\/#website","url":"https:\/\/portalmf.com.br\/","name":"Portal MF","description":"Voc\u00ea conectado com a informa\u00e7\u00e3o","potentialAction":[{"@type":"SearchAction","target":{"@type":"EntryPoint","urlTemplate":"https:\/\/portalmf.com.br\/?s={search_term_string}"},"query-input":"required name=search_term_string"}],"inLanguage":"pt-BR"},{"@type":"Person","@id":"https:\/\/portalmf.com.br\/#\/schema\/person\/9ec101baf56233e53520c26de5d6f6f0","name":"Reda\u00e7\u00e3o Portal MF","image":{"@type":"ImageObject","inLanguage":"pt-BR","@id":"https:\/\/portalmf.com.br\/#\/schema\/person\/image\/","url":"https:\/\/secure.gravatar.com\/avatar\/41b9aaeb2100835f7c64362330f74c7f?s=96&d=mm&r=g","contentUrl":"https:\/\/secure.gravatar.com\/avatar\/41b9aaeb2100835f7c64362330f74c7f?s=96&d=mm&r=g","caption":"Reda\u00e7\u00e3o Portal MF"},"description":"Sejam bem-vindos o portal de informa\u00e7\u00f5es de entretenimento de Feira de Santana, desde 2006 realiza coberturas dos principais eventos com entrevistas exclusivas com as principais personalidades mundiais. Fique conectado tamb\u00e9m nas redes sociais.","sameAs":["http:\/\/www.portalmf.com.br\/","https:\/\/www.facebook.com\/portalmfoficial","https:\/\/www.instagram.com\/portalmf\/","https:\/\/x.com\/https:\/\/x.com\/portalmfoficial","https:\/\/www.youtube.com\/@portalmfoficial"],"url":"https:\/\/portalmf.com.br\/index.php\/author\/junior\/"}]}},"_links":{"self":[{"href":"https:\/\/portalmf.com.br\/index.php\/wp-json\/wp\/v2\/posts\/23019"}],"collection":[{"href":"https:\/\/portalmf.com.br\/index.php\/wp-json\/wp\/v2\/posts"}],"about":[{"href":"https:\/\/portalmf.com.br\/index.php\/wp-json\/wp\/v2\/types\/post"}],"author":[{"embeddable":true,"href":"https:\/\/portalmf.com.br\/index.php\/wp-json\/wp\/v2\/users\/3"}],"replies":[{"embeddable":true,"href":"https:\/\/portalmf.com.br\/index.php\/wp-json\/wp\/v2\/comments?post=23019"}],"version-history":[{"count":1,"href":"https:\/\/portalmf.com.br\/index.php\/wp-json\/wp\/v2\/posts\/23019\/revisions"}],"predecessor-version":[{"id":23021,"href":"https:\/\/portalmf.com.br\/index.php\/wp-json\/wp\/v2\/posts\/23019\/revisions\/23021"}],"wp:featuredmedia":[{"embeddable":true,"href":"https:\/\/portalmf.com.br\/index.php\/wp-json\/wp\/v2\/media\/23020"}],"wp:attachment":[{"href":"https:\/\/portalmf.com.br\/index.php\/wp-json\/wp\/v2\/media?parent=23019"}],"wp:term":[{"taxonomy":"category","embeddable":true,"href":"https:\/\/portalmf.com.br\/index.php\/wp-json\/wp\/v2\/categories?post=23019"},{"taxonomy":"post_tag","embeddable":true,"href":"https:\/\/portalmf.com.br\/index.php\/wp-json\/wp\/v2\/tags?post=23019"}],"curies":[{"name":"wp","href":"https:\/\/api.w.org\/{rel}","templated":true}]}}