{"id":23014,"date":"2024-01-31T08:48:00","date_gmt":"2024-01-31T11:48:00","guid":{"rendered":"https:\/\/portalmf.com.br\/?p=23014"},"modified":"2024-01-31T17:50:13","modified_gmt":"2024-01-31T20:50:13","slug":"acordo-entre-sde-e-bahiagas-fortalecera-interiorizacao-da-distribuicao-de-gas-no-estado","status":"publish","type":"post","link":"https:\/\/portalmf.com.br\/index.php\/2024\/01\/31\/acordo-entre-sde-e-bahiagas-fortalecera-interiorizacao-da-distribuicao-de-gas-no-estado\/","title":{"rendered":"Acordo entre SDE e Bahiag\u00e1s fortalecer\u00e1 interioriza\u00e7\u00e3o da distribui\u00e7\u00e3o de g\u00e1s no Estado"},"content":{"rendered":"\n<p>O Governo da Bahia, por meio da Secretaria de Desenvolvimento Econ\u00f4mico (SDE), assinou, nesta ter\u00e7a-feira (30), protocolos de inten\u00e7\u00f5es com a Bahiag\u00e1s para implanta\u00e7\u00e3o de esta\u00e7\u00f5es de transfer\u00eancia de g\u00e1s de cust\u00f3dia nos munic\u00edpios de Vit\u00f3ria da Conquista e Juazeiro. Com investimentos de R$ 58 milh\u00f5es e R$ 12 milh\u00f5es, respectivamente, as obras fazem parte do projeto de interioriza\u00e7\u00e3o da distribui\u00e7\u00e3o de g\u00e1s natural no Estado.<\/p>\n\n\n\n<p>O secret\u00e1rio da SDE, Angelo Almeida, parabenizou a companhia e destacou a import\u00e2ncia da a\u00e7\u00e3o para o desenvolvimento da Bahia. \u201cA assinatura dos protocolos \u00e9 um passo significativo na promo\u00e7\u00e3o do desenvolvimento econ\u00f4mico e sustent\u00e1vel do estado, uma vez que a disponibilidade de g\u00e1s natural atrai investimentos e impulsiona a economia local. Empresas que podem contar com o g\u00e1s como fonte de energia tendem a ter custos operacionais mais baixos e maior competitividade. Isso se reflete em pre\u00e7os mais atrativos para produtos e servi\u00e7os, beneficiando tanto consumidores quanto a economia em geral. Por esse motivo, a SDE n\u00e3o mediu esfor\u00e7os para a efetiva\u00e7\u00e3o do acordo\u201d, disse o gestor, pontuando que a utiliza\u00e7\u00e3o do g\u00e1s natural contribui para a redu\u00e7\u00e3o das emiss\u00f5es de di\u00f3xido de carbono (CO2), apoiando os esfor\u00e7os do Governo da Bahia em combater as mudan\u00e7as clim\u00e1ticas.<\/p>\n\n\n\n<p>O gestor ressaltou ainda que a interven\u00e7\u00e3o em Vit\u00f3ria da Conquista atende a uma reivindica\u00e7\u00e3o do setor produtivo local, apresentada no ano passado ao executivo estadual. \u201cA interven\u00e7\u00e3o anunciada reflete uma resposta efetiva \u00e0s reivindica\u00e7\u00f5es apresentadas ao governador. Ao reconhecer e agir diante das necessidades do setor produtivo, Jer\u00f4nimo demonstra sensibilidade e compromisso com o desenvolvimento econ\u00f4mico da regi\u00e3o\u201d, finalizou.<\/p>\n\n\n\n<p><strong>Parcerias<\/strong><\/p>\n\n\n\n<p>O diretor-presidente da Bahiag\u00e1s, Luiz Gavazza, que durante o ato apresentou o projeto de interioriza\u00e7\u00e3o que a companhia est\u00e1 adotando, destacou a parceria com a Petrobahia e a GNLink, e ressaltou a import\u00e2ncia da SDE nesse processo.<\/p>\n\n\n\n<p>\u201cCom a aquisi\u00e7\u00e3o do uso de duas \u00e1reas geridas pela SDE, no distrito industrial de Embor\u00e9s, em Vit\u00f3ria da Conquista, e no distrito industrial de Juazeiro, atrav\u00e9s desses protocolos, n\u00f3s criamos as condi\u00e7\u00f5es de instalar equipamentos e bases operacionais, dando sequ\u00eancia \u00e0 constru\u00e7\u00e3o de dutos que ir\u00e3o atender no primeiro movimento uma parcela, e no segundo, toda a ind\u00fastria do munic\u00edpio de Vit\u00f3ria da Conquista. Em Juazeiro, \u00e0 medida que a gente avance, podemos fazer esse mesmo procedimento. A partir da estrutura que possamos montar, n\u00f3s vamos atender a grande parte do distrito industrial e uma parte j\u00e1 significativa de \u00e1reas de consumo, como postos de combust\u00edveis, que v\u00e3o poder fornecer o GNV\u201d, explicou Gavazza.<\/p>\n\n\n\n<p><strong>Expans\u00e3o<\/strong><\/p>\n\n\n\n<p>Atualmente, a Bahiag\u00e1s est\u00e1 presente em 22 munic\u00edpios, atingindo 55% do Produto Interno Bruto (PIB) industrial baiano e, ao final dos seis pr\u00f3ximos anos, alcan\u00e7ar\u00e1 68 cidades, atingindo 78% do PIB industrial do Estado.<\/p>\n\n\n\n<p>O ato contou com as participa\u00e7\u00f5es da diretora T\u00e9cnica Comercial da Bahiag\u00e1s, Larisse Stelitano; do presidente da Petrobahia, Thiago Andrade; al\u00e9m dos deputados estaduais.<\/p>\n\n\n\n<p><strong><em>Fonte: Ascom\/SDE<\/em><\/strong><\/p>\n","protected":false},"excerpt":{"rendered":"<p>O Governo da Bahia, por meio da Secretaria de Desenvolvimento Econ\u00f4mico (SDE), assinou, nesta ter\u00e7a-feira (30), protocolos de inten\u00e7\u00f5es com a Bahiag\u00e1s para implanta\u00e7\u00e3o de esta\u00e7\u00f5es de transfer\u00eancia de g\u00e1s de cust\u00f3dia nos munic\u00edpios de Vit\u00f3ria da Conquista e Juazeiro. Com investimentos de R$ 58 milh\u00f5es e R$ 12 milh\u00f5es, respectivamente, as obras fazem parte [&hellip;]<\/p>\n","protected":false},"author":3,"featured_media":23015,"comment_status":"open","ping_status":"open","sticky":false,"template":"","format":"standard","meta":{"_monsterinsights_skip_tracking":false,"_monsterinsights_sitenote_active":false,"_monsterinsights_sitenote_note":"","_monsterinsights_sitenote_category":0,"footnotes":""},"categories":[34],"tags":[],"yoast_head":"<!-- This site is optimized with the Yoast SEO plugin v22.9 - https:\/\/yoast.com\/wordpress\/plugins\/seo\/ -->\n<title>Acordo entre SDE e Bahiag\u00e1s fortalecer\u00e1 interioriza\u00e7\u00e3o da distribui\u00e7\u00e3o de g\u00e1s no Estado - Portal MF<\/title>\n<meta name=\"robots\" content=\"index, follow, max-snippet:-1, max-image-preview:large, max-video-preview:-1\" \/>\n<link rel=\"canonical\" href=\"https:\/\/portalmf.com.br\/index.php\/2024\/01\/31\/acordo-entre-sde-e-bahiagas-fortalecera-interiorizacao-da-distribuicao-de-gas-no-estado\/\" \/>\n<meta property=\"og:locale\" content=\"pt_BR\" \/>\n<meta property=\"og:type\" content=\"article\" \/>\n<meta property=\"og:title\" content=\"Acordo entre SDE e Bahiag\u00e1s fortalecer\u00e1 interioriza\u00e7\u00e3o da distribui\u00e7\u00e3o de g\u00e1s no Estado - Portal MF\" \/>\n<meta property=\"og:description\" content=\"O Governo da Bahia, por meio da Secretaria de Desenvolvimento Econ\u00f4mico (SDE), assinou, nesta ter\u00e7a-feira (30), protocolos de inten\u00e7\u00f5es com a Bahiag\u00e1s para implanta\u00e7\u00e3o de esta\u00e7\u00f5es de transfer\u00eancia de g\u00e1s de cust\u00f3dia nos munic\u00edpios de Vit\u00f3ria da Conquista e Juazeiro. Com investimentos de R$ 58 milh\u00f5es e R$ 12 milh\u00f5es, respectivamente, as obras fazem parte [&hellip;]\" \/>\n<meta property=\"og:url\" content=\"https:\/\/portalmf.com.br\/index.php\/2024\/01\/31\/acordo-entre-sde-e-bahiagas-fortalecera-interiorizacao-da-distribuicao-de-gas-no-estado\/\" \/>\n<meta property=\"og:site_name\" content=\"Portal MF\" \/>\n<meta property=\"article:author\" content=\"https:\/\/www.facebook.com\/portalmfoficial\" \/>\n<meta property=\"article:published_time\" content=\"2024-01-31T11:48:00+00:00\" \/>\n<meta property=\"article:modified_time\" content=\"2024-01-31T20:50:13+00:00\" \/>\n<meta property=\"og:image\" content=\"https:\/\/portalmf.com.br\/wp-content\/uploads\/2024\/01\/Foto_Mario-Marques_Ascom-SDE-3-696x464-1.jpg\" \/>\n\t<meta property=\"og:image:width\" content=\"696\" \/>\n\t<meta property=\"og:image:height\" content=\"464\" \/>\n\t<meta property=\"og:image:type\" content=\"image\/jpeg\" \/>\n<meta name=\"author\" content=\"Reda\u00e7\u00e3o Portal MF\" \/>\n<meta name=\"twitter:card\" content=\"summary_large_image\" \/>\n<meta name=\"twitter:creator\" content=\"@https:\/\/x.com\/portalmfoficial\" \/>\n<meta name=\"twitter:label1\" content=\"Escrito por\" \/>\n\t<meta name=\"twitter:data1\" content=\"Reda\u00e7\u00e3o Portal MF\" \/>\n\t<meta name=\"twitter:label2\" content=\"Est. tempo de leitura\" \/>\n\t<meta name=\"twitter:data2\" content=\"3 minutos\" \/>\n<script type=\"application\/ld+json\" class=\"yoast-schema-graph\">{\"@context\":\"https:\/\/schema.org\",\"@graph\":[{\"@type\":\"WebPage\",\"@id\":\"https:\/\/portalmf.com.br\/index.php\/2024\/01\/31\/acordo-entre-sde-e-bahiagas-fortalecera-interiorizacao-da-distribuicao-de-gas-no-estado\/\",\"url\":\"https:\/\/portalmf.com.br\/index.php\/2024\/01\/31\/acordo-entre-sde-e-bahiagas-fortalecera-interiorizacao-da-distribuicao-de-gas-no-estado\/\",\"name\":\"Acordo entre SDE e Bahiag\u00e1s fortalecer\u00e1 interioriza\u00e7\u00e3o da distribui\u00e7\u00e3o de g\u00e1s no Estado - Portal MF\",\"isPartOf\":{\"@id\":\"https:\/\/portalmf.com.br\/#website\"},\"primaryImageOfPage\":{\"@id\":\"https:\/\/portalmf.com.br\/index.php\/2024\/01\/31\/acordo-entre-sde-e-bahiagas-fortalecera-interiorizacao-da-distribuicao-de-gas-no-estado\/#primaryimage\"},\"image\":{\"@id\":\"https:\/\/portalmf.com.br\/index.php\/2024\/01\/31\/acordo-entre-sde-e-bahiagas-fortalecera-interiorizacao-da-distribuicao-de-gas-no-estado\/#primaryimage\"},\"thumbnailUrl\":\"https:\/\/portalmf.com.br\/wp-content\/uploads\/2024\/01\/Foto_Mario-Marques_Ascom-SDE-3-696x464-1.jpg\",\"datePublished\":\"2024-01-31T11:48:00+00:00\",\"dateModified\":\"2024-01-31T20:50:13+00:00\",\"author\":{\"@id\":\"https:\/\/portalmf.com.br\/#\/schema\/person\/9ec101baf56233e53520c26de5d6f6f0\"},\"breadcrumb\":{\"@id\":\"https:\/\/portalmf.com.br\/index.php\/2024\/01\/31\/acordo-entre-sde-e-bahiagas-fortalecera-interiorizacao-da-distribuicao-de-gas-no-estado\/#breadcrumb\"},\"inLanguage\":\"pt-BR\",\"potentialAction\":[{\"@type\":\"ReadAction\",\"target\":[\"https:\/\/portalmf.com.br\/index.php\/2024\/01\/31\/acordo-entre-sde-e-bahiagas-fortalecera-interiorizacao-da-distribuicao-de-gas-no-estado\/\"]}]},{\"@type\":\"ImageObject\",\"inLanguage\":\"pt-BR\",\"@id\":\"https:\/\/portalmf.com.br\/index.php\/2024\/01\/31\/acordo-entre-sde-e-bahiagas-fortalecera-interiorizacao-da-distribuicao-de-gas-no-estado\/#primaryimage\",\"url\":\"https:\/\/portalmf.com.br\/wp-content\/uploads\/2024\/01\/Foto_Mario-Marques_Ascom-SDE-3-696x464-1.jpg\",\"contentUrl\":\"https:\/\/portalmf.com.br\/wp-content\/uploads\/2024\/01\/Foto_Mario-Marques_Ascom-SDE-3-696x464-1.jpg\",\"width\":696,\"height\":464},{\"@type\":\"BreadcrumbList\",\"@id\":\"https:\/\/portalmf.com.br\/index.php\/2024\/01\/31\/acordo-entre-sde-e-bahiagas-fortalecera-interiorizacao-da-distribuicao-de-gas-no-estado\/#breadcrumb\",\"itemListElement\":[{\"@type\":\"ListItem\",\"position\":1,\"name\":\"In\u00edcio\",\"item\":\"https:\/\/portalmf.com.br\/\"},{\"@type\":\"ListItem\",\"position\":2,\"name\":\"Acordo entre SDE e Bahiag\u00e1s fortalecer\u00e1 interioriza\u00e7\u00e3o da distribui\u00e7\u00e3o de g\u00e1s no Estado\"}]},{\"@type\":\"WebSite\",\"@id\":\"https:\/\/portalmf.com.br\/#website\",\"url\":\"https:\/\/portalmf.com.br\/\",\"name\":\"Portal MF\",\"description\":\"Voc\u00ea conectado com a informa\u00e7\u00e3o\",\"potentialAction\":[{\"@type\":\"SearchAction\",\"target\":{\"@type\":\"EntryPoint\",\"urlTemplate\":\"https:\/\/portalmf.com.br\/?s={search_term_string}\"},\"query-input\":\"required name=search_term_string\"}],\"inLanguage\":\"pt-BR\"},{\"@type\":\"Person\",\"@id\":\"https:\/\/portalmf.com.br\/#\/schema\/person\/9ec101baf56233e53520c26de5d6f6f0\",\"name\":\"Reda\u00e7\u00e3o Portal MF\",\"image\":{\"@type\":\"ImageObject\",\"inLanguage\":\"pt-BR\",\"@id\":\"https:\/\/portalmf.com.br\/#\/schema\/person\/image\/\",\"url\":\"https:\/\/secure.gravatar.com\/avatar\/41b9aaeb2100835f7c64362330f74c7f?s=96&d=mm&r=g\",\"contentUrl\":\"https:\/\/secure.gravatar.com\/avatar\/41b9aaeb2100835f7c64362330f74c7f?s=96&d=mm&r=g\",\"caption\":\"Reda\u00e7\u00e3o Portal MF\"},\"description\":\"Sejam bem-vindos o portal de informa\u00e7\u00f5es de entretenimento de Feira de Santana, desde 2006 realiza coberturas dos principais eventos com entrevistas exclusivas com as principais personalidades mundiais. Fique conectado tamb\u00e9m nas redes sociais.\",\"sameAs\":[\"http:\/\/www.portalmf.com.br\/\",\"https:\/\/www.facebook.com\/portalmfoficial\",\"https:\/\/www.instagram.com\/portalmf\/\",\"https:\/\/x.com\/https:\/\/x.com\/portalmfoficial\",\"https:\/\/www.youtube.com\/@portalmfoficial\"],\"url\":\"https:\/\/portalmf.com.br\/index.php\/author\/junior\/\"}]}<\/script>\n<!-- \/ Yoast SEO plugin. -->","yoast_head_json":{"title":"Acordo entre SDE e Bahiag\u00e1s fortalecer\u00e1 interioriza\u00e7\u00e3o da distribui\u00e7\u00e3o de g\u00e1s no Estado - Portal MF","robots":{"index":"index","follow":"follow","max-snippet":"max-snippet:-1","max-image-preview":"max-image-preview:large","max-video-preview":"max-video-preview:-1"},"canonical":"https:\/\/portalmf.com.br\/index.php\/2024\/01\/31\/acordo-entre-sde-e-bahiagas-fortalecera-interiorizacao-da-distribuicao-de-gas-no-estado\/","og_locale":"pt_BR","og_type":"article","og_title":"Acordo entre SDE e Bahiag\u00e1s fortalecer\u00e1 interioriza\u00e7\u00e3o da distribui\u00e7\u00e3o de g\u00e1s no Estado - Portal MF","og_description":"O Governo da Bahia, por meio da Secretaria de Desenvolvimento Econ\u00f4mico (SDE), assinou, nesta ter\u00e7a-feira (30), protocolos de inten\u00e7\u00f5es com a Bahiag\u00e1s para implanta\u00e7\u00e3o de esta\u00e7\u00f5es de transfer\u00eancia de g\u00e1s de cust\u00f3dia nos munic\u00edpios de Vit\u00f3ria da Conquista e Juazeiro. Com investimentos de R$ 58 milh\u00f5es e R$ 12 milh\u00f5es, respectivamente, as obras fazem parte [&hellip;]","og_url":"https:\/\/portalmf.com.br\/index.php\/2024\/01\/31\/acordo-entre-sde-e-bahiagas-fortalecera-interiorizacao-da-distribuicao-de-gas-no-estado\/","og_site_name":"Portal MF","article_author":"https:\/\/www.facebook.com\/portalmfoficial","article_published_time":"2024-01-31T11:48:00+00:00","article_modified_time":"2024-01-31T20:50:13+00:00","og_image":[{"width":696,"height":464,"url":"https:\/\/portalmf.com.br\/wp-content\/uploads\/2024\/01\/Foto_Mario-Marques_Ascom-SDE-3-696x464-1.jpg","type":"image\/jpeg"}],"author":"Reda\u00e7\u00e3o Portal MF","twitter_card":"summary_large_image","twitter_creator":"@https:\/\/x.com\/portalmfoficial","twitter_misc":{"Escrito por":"Reda\u00e7\u00e3o Portal MF","Est. tempo de leitura":"3 minutos"},"schema":{"@context":"https:\/\/schema.org","@graph":[{"@type":"WebPage","@id":"https:\/\/portalmf.com.br\/index.php\/2024\/01\/31\/acordo-entre-sde-e-bahiagas-fortalecera-interiorizacao-da-distribuicao-de-gas-no-estado\/","url":"https:\/\/portalmf.com.br\/index.php\/2024\/01\/31\/acordo-entre-sde-e-bahiagas-fortalecera-interiorizacao-da-distribuicao-de-gas-no-estado\/","name":"Acordo entre SDE e Bahiag\u00e1s fortalecer\u00e1 interioriza\u00e7\u00e3o da distribui\u00e7\u00e3o de g\u00e1s no Estado - Portal MF","isPartOf":{"@id":"https:\/\/portalmf.com.br\/#website"},"primaryImageOfPage":{"@id":"https:\/\/portalmf.com.br\/index.php\/2024\/01\/31\/acordo-entre-sde-e-bahiagas-fortalecera-interiorizacao-da-distribuicao-de-gas-no-estado\/#primaryimage"},"image":{"@id":"https:\/\/portalmf.com.br\/index.php\/2024\/01\/31\/acordo-entre-sde-e-bahiagas-fortalecera-interiorizacao-da-distribuicao-de-gas-no-estado\/#primaryimage"},"thumbnailUrl":"https:\/\/portalmf.com.br\/wp-content\/uploads\/2024\/01\/Foto_Mario-Marques_Ascom-SDE-3-696x464-1.jpg","datePublished":"2024-01-31T11:48:00+00:00","dateModified":"2024-01-31T20:50:13+00:00","author":{"@id":"https:\/\/portalmf.com.br\/#\/schema\/person\/9ec101baf56233e53520c26de5d6f6f0"},"breadcrumb":{"@id":"https:\/\/portalmf.com.br\/index.php\/2024\/01\/31\/acordo-entre-sde-e-bahiagas-fortalecera-interiorizacao-da-distribuicao-de-gas-no-estado\/#breadcrumb"},"inLanguage":"pt-BR","potentialAction":[{"@type":"ReadAction","target":["https:\/\/portalmf.com.br\/index.php\/2024\/01\/31\/acordo-entre-sde-e-bahiagas-fortalecera-interiorizacao-da-distribuicao-de-gas-no-estado\/"]}]},{"@type":"ImageObject","inLanguage":"pt-BR","@id":"https:\/\/portalmf.com.br\/index.php\/2024\/01\/31\/acordo-entre-sde-e-bahiagas-fortalecera-interiorizacao-da-distribuicao-de-gas-no-estado\/#primaryimage","url":"https:\/\/portalmf.com.br\/wp-content\/uploads\/2024\/01\/Foto_Mario-Marques_Ascom-SDE-3-696x464-1.jpg","contentUrl":"https:\/\/portalmf.com.br\/wp-content\/uploads\/2024\/01\/Foto_Mario-Marques_Ascom-SDE-3-696x464-1.jpg","width":696,"height":464},{"@type":"BreadcrumbList","@id":"https:\/\/portalmf.com.br\/index.php\/2024\/01\/31\/acordo-entre-sde-e-bahiagas-fortalecera-interiorizacao-da-distribuicao-de-gas-no-estado\/#breadcrumb","itemListElement":[{"@type":"ListItem","position":1,"name":"In\u00edcio","item":"https:\/\/portalmf.com.br\/"},{"@type":"ListItem","position":2,"name":"Acordo entre SDE e Bahiag\u00e1s fortalecer\u00e1 interioriza\u00e7\u00e3o da distribui\u00e7\u00e3o de g\u00e1s no Estado"}]},{"@type":"WebSite","@id":"https:\/\/portalmf.com.br\/#website","url":"https:\/\/portalmf.com.br\/","name":"Portal MF","description":"Voc\u00ea conectado com a informa\u00e7\u00e3o","potentialAction":[{"@type":"SearchAction","target":{"@type":"EntryPoint","urlTemplate":"https:\/\/portalmf.com.br\/?s={search_term_string}"},"query-input":"required name=search_term_string"}],"inLanguage":"pt-BR"},{"@type":"Person","@id":"https:\/\/portalmf.com.br\/#\/schema\/person\/9ec101baf56233e53520c26de5d6f6f0","name":"Reda\u00e7\u00e3o Portal MF","image":{"@type":"ImageObject","inLanguage":"pt-BR","@id":"https:\/\/portalmf.com.br\/#\/schema\/person\/image\/","url":"https:\/\/secure.gravatar.com\/avatar\/41b9aaeb2100835f7c64362330f74c7f?s=96&d=mm&r=g","contentUrl":"https:\/\/secure.gravatar.com\/avatar\/41b9aaeb2100835f7c64362330f74c7f?s=96&d=mm&r=g","caption":"Reda\u00e7\u00e3o Portal MF"},"description":"Sejam bem-vindos o portal de informa\u00e7\u00f5es de entretenimento de Feira de Santana, desde 2006 realiza coberturas dos principais eventos com entrevistas exclusivas com as principais personalidades mundiais. Fique conectado tamb\u00e9m nas redes sociais.","sameAs":["http:\/\/www.portalmf.com.br\/","https:\/\/www.facebook.com\/portalmfoficial","https:\/\/www.instagram.com\/portalmf\/","https:\/\/x.com\/https:\/\/x.com\/portalmfoficial","https:\/\/www.youtube.com\/@portalmfoficial"],"url":"https:\/\/portalmf.com.br\/index.php\/author\/junior\/"}]}},"_links":{"self":[{"href":"https:\/\/portalmf.com.br\/index.php\/wp-json\/wp\/v2\/posts\/23014"}],"collection":[{"href":"https:\/\/portalmf.com.br\/index.php\/wp-json\/wp\/v2\/posts"}],"about":[{"href":"https:\/\/portalmf.com.br\/index.php\/wp-json\/wp\/v2\/types\/post"}],"author":[{"embeddable":true,"href":"https:\/\/portalmf.com.br\/index.php\/wp-json\/wp\/v2\/users\/3"}],"replies":[{"embeddable":true,"href":"https:\/\/portalmf.com.br\/index.php\/wp-json\/wp\/v2\/comments?post=23014"}],"version-history":[{"count":1,"href":"https:\/\/portalmf.com.br\/index.php\/wp-json\/wp\/v2\/posts\/23014\/revisions"}],"predecessor-version":[{"id":23016,"href":"https:\/\/portalmf.com.br\/index.php\/wp-json\/wp\/v2\/posts\/23014\/revisions\/23016"}],"wp:featuredmedia":[{"embeddable":true,"href":"https:\/\/portalmf.com.br\/index.php\/wp-json\/wp\/v2\/media\/23015"}],"wp:attachment":[{"href":"https:\/\/portalmf.com.br\/index.php\/wp-json\/wp\/v2\/media?parent=23014"}],"wp:term":[{"taxonomy":"category","embeddable":true,"href":"https:\/\/portalmf.com.br\/index.php\/wp-json\/wp\/v2\/categories?post=23014"},{"taxonomy":"post_tag","embeddable":true,"href":"https:\/\/portalmf.com.br\/index.php\/wp-json\/wp\/v2\/tags?post=23014"}],"curies":[{"name":"wp","href":"https:\/\/api.w.org\/{rel}","templated":true}]}}