{"id":2300,"date":"2022-07-29T10:53:32","date_gmt":"2022-07-29T13:53:32","guid":{"rendered":"http:\/\/portalmf.com.br\/?p=2300"},"modified":"2022-07-29T10:53:33","modified_gmt":"2022-07-29T13:53:33","slug":"candidatura-de-otto-alencar-ao-senado-sera-homologada-em-convencao-neste-sabado-30","status":"publish","type":"post","link":"https:\/\/portalmf.com.br\/index.php\/2022\/07\/29\/candidatura-de-otto-alencar-ao-senado-sera-homologada-em-convencao-neste-sabado-30\/","title":{"rendered":"Candidatura de Otto Alencar ao Senado ser\u00e1 homologada em conven\u00e7\u00e3o neste s\u00e1bado (30)"},"content":{"rendered":"\n<p>Ser\u00e1 neste s\u00e1bado (30\/07), no Parque de Exposi\u00e7\u00f5es de Salvador, a conven\u00e7\u00e3o para homologar a candidatura do senador Otto Alencar (PSD-BA) \u00e0 reelei\u00e7\u00e3o, tendo como primeiro suplente Terence Lessa (PT), ex-prefeito de Ibotirama e segunda suplente a vereadora de Campo Formoso, Hilda Menezes (PSD). No mesmo evento, que come\u00e7ar\u00e1 \u00e0s 9h, ser\u00e3o oficializadas as demais candidaturas da chapa majorit\u00e1ria com Jer\u00f4nimo Rodrigues (PT) para governador e Geraldo J\u00fanior (MDB) a vice-governador.<\/p>\n\n\n\n<p>A conven\u00e7\u00e3o contar\u00e1 com a presen\u00e7a dos mais de 100 prefeitos eleitos pelo PSD e que declararam apoio \u00e0 chapa encabe\u00e7ada pelo ex-secret\u00e1rio da Educa\u00e7\u00e3o no governo Rui Costa.<\/p>\n\n\n\n<p>\u201cO partido est\u00e1 unido e demonstrar\u00e1 isso comparecendo em peso da conven\u00e7\u00e3o, com prefeitos, vice-prefeitos, ex-prefeitos, vereadores e expressivas lideran\u00e7as pol\u00edticas e comunit\u00e1rias dos 417 munic\u00edpios, que participaram ativamente do processo de discuss\u00e3o das propostas de campanha\u201d, enfatizou Otto Alencar.<\/p>\n\n\n\n<p>Os senadores Angelo Coronel (PSD-BA) e Jaques Wagner (PT-BA) tamb\u00e9m participar\u00e3o da conven\u00e7\u00e3o, juntamente com pr\u00e9-candidatos a deputado federal e estadual filiados \u00e0s legendas do Time de Lula.<\/p>\n","protected":false},"excerpt":{"rendered":"<p>Ser\u00e1 neste s\u00e1bado (30\/07), no Parque de Exposi\u00e7\u00f5es de Salvador, a conven\u00e7\u00e3o para homologar a candidatura do senador Otto Alencar (PSD-BA) \u00e0 reelei\u00e7\u00e3o, tendo como primeiro suplente Terence Lessa (PT), ex-prefeito de Ibotirama e segunda suplente a vereadora de Campo Formoso, Hilda Menezes (PSD). No mesmo evento, que come\u00e7ar\u00e1 \u00e0s 9h, ser\u00e3o oficializadas as demais [&hellip;]<\/p>\n","protected":false},"author":2,"featured_media":2301,"comment_status":"open","ping_status":"open","sticky":false,"template":"","format":"standard","meta":{"_monsterinsights_skip_tracking":false,"_monsterinsights_sitenote_active":false,"_monsterinsights_sitenote_note":"","_monsterinsights_sitenote_category":0,"footnotes":""},"categories":[34],"tags":[],"yoast_head":"<!-- This site is optimized with the Yoast SEO plugin v22.9 - https:\/\/yoast.com\/wordpress\/plugins\/seo\/ -->\n<title>Candidatura de Otto Alencar ao Senado ser\u00e1 homologada em conven\u00e7\u00e3o neste s\u00e1bado (30) - Portal MF<\/title>\n<meta name=\"robots\" content=\"index, follow, max-snippet:-1, max-image-preview:large, max-video-preview:-1\" \/>\n<link rel=\"canonical\" href=\"https:\/\/portalmf.com.br\/index.php\/2022\/07\/29\/candidatura-de-otto-alencar-ao-senado-sera-homologada-em-convencao-neste-sabado-30\/\" \/>\n<meta property=\"og:locale\" content=\"pt_BR\" \/>\n<meta property=\"og:type\" content=\"article\" \/>\n<meta property=\"og:title\" content=\"Candidatura de Otto Alencar ao Senado ser\u00e1 homologada em conven\u00e7\u00e3o neste s\u00e1bado (30) - Portal MF\" \/>\n<meta property=\"og:description\" content=\"Ser\u00e1 neste s\u00e1bado (30\/07), no Parque de Exposi\u00e7\u00f5es de Salvador, a conven\u00e7\u00e3o para homologar a candidatura do senador Otto Alencar (PSD-BA) \u00e0 reelei\u00e7\u00e3o, tendo como primeiro suplente Terence Lessa (PT), ex-prefeito de Ibotirama e segunda suplente a vereadora de Campo Formoso, Hilda Menezes (PSD). No mesmo evento, que come\u00e7ar\u00e1 \u00e0s 9h, ser\u00e3o oficializadas as demais [&hellip;]\" \/>\n<meta property=\"og:url\" content=\"https:\/\/portalmf.com.br\/index.php\/2022\/07\/29\/candidatura-de-otto-alencar-ao-senado-sera-homologada-em-convencao-neste-sabado-30\/\" \/>\n<meta property=\"og:site_name\" content=\"Portal MF\" \/>\n<meta property=\"article:author\" content=\"reginaldojrfsa\" \/>\n<meta property=\"article:published_time\" content=\"2022-07-29T13:53:32+00:00\" \/>\n<meta property=\"article:modified_time\" content=\"2022-07-29T13:53:33+00:00\" \/>\n<meta property=\"og:image\" content=\"https:\/\/portalmf.com.br\/wp-content\/uploads\/2022\/07\/WhatsApp-Image-2022-07-24-at-19.24.38.jpeg\" \/>\n\t<meta property=\"og:image:width\" content=\"1024\" \/>\n\t<meta property=\"og:image:height\" content=\"682\" \/>\n\t<meta property=\"og:image:type\" content=\"image\/jpeg\" \/>\n<meta name=\"author\" content=\"Reginaldo J\u00fanior\" \/>\n<meta name=\"twitter:card\" content=\"summary_large_image\" \/>\n<meta name=\"twitter:creator\" content=\"@reginaldojrmf\" \/>\n<meta name=\"twitter:label1\" content=\"Escrito por\" \/>\n\t<meta name=\"twitter:data1\" content=\"Reginaldo J\u00fanior\" \/>\n\t<meta name=\"twitter:label2\" content=\"Est. tempo de leitura\" \/>\n\t<meta name=\"twitter:data2\" content=\"1 minuto\" \/>\n<script type=\"application\/ld+json\" class=\"yoast-schema-graph\">{\"@context\":\"https:\/\/schema.org\",\"@graph\":[{\"@type\":\"WebPage\",\"@id\":\"https:\/\/portalmf.com.br\/index.php\/2022\/07\/29\/candidatura-de-otto-alencar-ao-senado-sera-homologada-em-convencao-neste-sabado-30\/\",\"url\":\"https:\/\/portalmf.com.br\/index.php\/2022\/07\/29\/candidatura-de-otto-alencar-ao-senado-sera-homologada-em-convencao-neste-sabado-30\/\",\"name\":\"Candidatura de Otto Alencar ao Senado ser\u00e1 homologada em conven\u00e7\u00e3o neste s\u00e1bado (30) - Portal MF\",\"isPartOf\":{\"@id\":\"https:\/\/portalmf.com.br\/#website\"},\"primaryImageOfPage\":{\"@id\":\"https:\/\/portalmf.com.br\/index.php\/2022\/07\/29\/candidatura-de-otto-alencar-ao-senado-sera-homologada-em-convencao-neste-sabado-30\/#primaryimage\"},\"image\":{\"@id\":\"https:\/\/portalmf.com.br\/index.php\/2022\/07\/29\/candidatura-de-otto-alencar-ao-senado-sera-homologada-em-convencao-neste-sabado-30\/#primaryimage\"},\"thumbnailUrl\":\"https:\/\/portalmf.com.br\/wp-content\/uploads\/2022\/07\/WhatsApp-Image-2022-07-24-at-19.24.38.jpeg\",\"datePublished\":\"2022-07-29T13:53:32+00:00\",\"dateModified\":\"2022-07-29T13:53:33+00:00\",\"author\":{\"@id\":\"https:\/\/portalmf.com.br\/#\/schema\/person\/11c82086fe8abc05a19147e964587285\"},\"breadcrumb\":{\"@id\":\"https:\/\/portalmf.com.br\/index.php\/2022\/07\/29\/candidatura-de-otto-alencar-ao-senado-sera-homologada-em-convencao-neste-sabado-30\/#breadcrumb\"},\"inLanguage\":\"pt-BR\",\"potentialAction\":[{\"@type\":\"ReadAction\",\"target\":[\"https:\/\/portalmf.com.br\/index.php\/2022\/07\/29\/candidatura-de-otto-alencar-ao-senado-sera-homologada-em-convencao-neste-sabado-30\/\"]}]},{\"@type\":\"ImageObject\",\"inLanguage\":\"pt-BR\",\"@id\":\"https:\/\/portalmf.com.br\/index.php\/2022\/07\/29\/candidatura-de-otto-alencar-ao-senado-sera-homologada-em-convencao-neste-sabado-30\/#primaryimage\",\"url\":\"https:\/\/portalmf.com.br\/wp-content\/uploads\/2022\/07\/WhatsApp-Image-2022-07-24-at-19.24.38.jpeg\",\"contentUrl\":\"https:\/\/portalmf.com.br\/wp-content\/uploads\/2022\/07\/WhatsApp-Image-2022-07-24-at-19.24.38.jpeg\",\"width\":1024,\"height\":682},{\"@type\":\"BreadcrumbList\",\"@id\":\"https:\/\/portalmf.com.br\/index.php\/2022\/07\/29\/candidatura-de-otto-alencar-ao-senado-sera-homologada-em-convencao-neste-sabado-30\/#breadcrumb\",\"itemListElement\":[{\"@type\":\"ListItem\",\"position\":1,\"name\":\"In\u00edcio\",\"item\":\"https:\/\/portalmf.com.br\/\"},{\"@type\":\"ListItem\",\"position\":2,\"name\":\"Candidatura de Otto Alencar ao Senado ser\u00e1 homologada em conven\u00e7\u00e3o neste s\u00e1bado (30)\"}]},{\"@type\":\"WebSite\",\"@id\":\"https:\/\/portalmf.com.br\/#website\",\"url\":\"https:\/\/portalmf.com.br\/\",\"name\":\"Portal MF\",\"description\":\"Voc\u00ea conectado com a informa\u00e7\u00e3o\",\"potentialAction\":[{\"@type\":\"SearchAction\",\"target\":{\"@type\":\"EntryPoint\",\"urlTemplate\":\"https:\/\/portalmf.com.br\/?s={search_term_string}\"},\"query-input\":\"required name=search_term_string\"}],\"inLanguage\":\"pt-BR\"},{\"@type\":\"Person\",\"@id\":\"https:\/\/portalmf.com.br\/#\/schema\/person\/11c82086fe8abc05a19147e964587285\",\"name\":\"Reginaldo J\u00fanior\",\"image\":{\"@type\":\"ImageObject\",\"inLanguage\":\"pt-BR\",\"@id\":\"https:\/\/portalmf.com.br\/#\/schema\/person\/image\/\",\"url\":\"https:\/\/secure.gravatar.com\/avatar\/32a3c797cd0ac47cc53b8644c62776f9?s=96&d=mm&r=g\",\"contentUrl\":\"https:\/\/secure.gravatar.com\/avatar\/32a3c797cd0ac47cc53b8644c62776f9?s=96&d=mm&r=g\",\"caption\":\"Reginaldo J\u00fanior\"},\"description\":\"Jornalista e idealizador Portal MF\",\"sameAs\":[\"https:\/\/portalmf.com.br\/index.php\/author\/reginaldojr\/\",\"reginaldojrfsa\",\"reginaldojuniormf\",\"https:\/\/x.com\/reginaldojrmf\"],\"url\":\"https:\/\/portalmf.com.br\/index.php\/author\/reginaldojr\/\"}]}<\/script>\n<!-- \/ Yoast SEO plugin. -->","yoast_head_json":{"title":"Candidatura de Otto Alencar ao Senado ser\u00e1 homologada em conven\u00e7\u00e3o neste s\u00e1bado (30) - Portal MF","robots":{"index":"index","follow":"follow","max-snippet":"max-snippet:-1","max-image-preview":"max-image-preview:large","max-video-preview":"max-video-preview:-1"},"canonical":"https:\/\/portalmf.com.br\/index.php\/2022\/07\/29\/candidatura-de-otto-alencar-ao-senado-sera-homologada-em-convencao-neste-sabado-30\/","og_locale":"pt_BR","og_type":"article","og_title":"Candidatura de Otto Alencar ao Senado ser\u00e1 homologada em conven\u00e7\u00e3o neste s\u00e1bado (30) - Portal MF","og_description":"Ser\u00e1 neste s\u00e1bado (30\/07), no Parque de Exposi\u00e7\u00f5es de Salvador, a conven\u00e7\u00e3o para homologar a candidatura do senador Otto Alencar (PSD-BA) \u00e0 reelei\u00e7\u00e3o, tendo como primeiro suplente Terence Lessa (PT), ex-prefeito de Ibotirama e segunda suplente a vereadora de Campo Formoso, Hilda Menezes (PSD). No mesmo evento, que come\u00e7ar\u00e1 \u00e0s 9h, ser\u00e3o oficializadas as demais [&hellip;]","og_url":"https:\/\/portalmf.com.br\/index.php\/2022\/07\/29\/candidatura-de-otto-alencar-ao-senado-sera-homologada-em-convencao-neste-sabado-30\/","og_site_name":"Portal MF","article_author":"reginaldojrfsa","article_published_time":"2022-07-29T13:53:32+00:00","article_modified_time":"2022-07-29T13:53:33+00:00","og_image":[{"width":1024,"height":682,"url":"https:\/\/portalmf.com.br\/wp-content\/uploads\/2022\/07\/WhatsApp-Image-2022-07-24-at-19.24.38.jpeg","type":"image\/jpeg"}],"author":"Reginaldo J\u00fanior","twitter_card":"summary_large_image","twitter_creator":"@reginaldojrmf","twitter_misc":{"Escrito por":"Reginaldo J\u00fanior","Est. tempo de leitura":"1 minuto"},"schema":{"@context":"https:\/\/schema.org","@graph":[{"@type":"WebPage","@id":"https:\/\/portalmf.com.br\/index.php\/2022\/07\/29\/candidatura-de-otto-alencar-ao-senado-sera-homologada-em-convencao-neste-sabado-30\/","url":"https:\/\/portalmf.com.br\/index.php\/2022\/07\/29\/candidatura-de-otto-alencar-ao-senado-sera-homologada-em-convencao-neste-sabado-30\/","name":"Candidatura de Otto Alencar ao Senado ser\u00e1 homologada em conven\u00e7\u00e3o neste s\u00e1bado (30) - Portal MF","isPartOf":{"@id":"https:\/\/portalmf.com.br\/#website"},"primaryImageOfPage":{"@id":"https:\/\/portalmf.com.br\/index.php\/2022\/07\/29\/candidatura-de-otto-alencar-ao-senado-sera-homologada-em-convencao-neste-sabado-30\/#primaryimage"},"image":{"@id":"https:\/\/portalmf.com.br\/index.php\/2022\/07\/29\/candidatura-de-otto-alencar-ao-senado-sera-homologada-em-convencao-neste-sabado-30\/#primaryimage"},"thumbnailUrl":"https:\/\/portalmf.com.br\/wp-content\/uploads\/2022\/07\/WhatsApp-Image-2022-07-24-at-19.24.38.jpeg","datePublished":"2022-07-29T13:53:32+00:00","dateModified":"2022-07-29T13:53:33+00:00","author":{"@id":"https:\/\/portalmf.com.br\/#\/schema\/person\/11c82086fe8abc05a19147e964587285"},"breadcrumb":{"@id":"https:\/\/portalmf.com.br\/index.php\/2022\/07\/29\/candidatura-de-otto-alencar-ao-senado-sera-homologada-em-convencao-neste-sabado-30\/#breadcrumb"},"inLanguage":"pt-BR","potentialAction":[{"@type":"ReadAction","target":["https:\/\/portalmf.com.br\/index.php\/2022\/07\/29\/candidatura-de-otto-alencar-ao-senado-sera-homologada-em-convencao-neste-sabado-30\/"]}]},{"@type":"ImageObject","inLanguage":"pt-BR","@id":"https:\/\/portalmf.com.br\/index.php\/2022\/07\/29\/candidatura-de-otto-alencar-ao-senado-sera-homologada-em-convencao-neste-sabado-30\/#primaryimage","url":"https:\/\/portalmf.com.br\/wp-content\/uploads\/2022\/07\/WhatsApp-Image-2022-07-24-at-19.24.38.jpeg","contentUrl":"https:\/\/portalmf.com.br\/wp-content\/uploads\/2022\/07\/WhatsApp-Image-2022-07-24-at-19.24.38.jpeg","width":1024,"height":682},{"@type":"BreadcrumbList","@id":"https:\/\/portalmf.com.br\/index.php\/2022\/07\/29\/candidatura-de-otto-alencar-ao-senado-sera-homologada-em-convencao-neste-sabado-30\/#breadcrumb","itemListElement":[{"@type":"ListItem","position":1,"name":"In\u00edcio","item":"https:\/\/portalmf.com.br\/"},{"@type":"ListItem","position":2,"name":"Candidatura de Otto Alencar ao Senado ser\u00e1 homologada em conven\u00e7\u00e3o neste s\u00e1bado (30)"}]},{"@type":"WebSite","@id":"https:\/\/portalmf.com.br\/#website","url":"https:\/\/portalmf.com.br\/","name":"Portal MF","description":"Voc\u00ea conectado com a informa\u00e7\u00e3o","potentialAction":[{"@type":"SearchAction","target":{"@type":"EntryPoint","urlTemplate":"https:\/\/portalmf.com.br\/?s={search_term_string}"},"query-input":"required name=search_term_string"}],"inLanguage":"pt-BR"},{"@type":"Person","@id":"https:\/\/portalmf.com.br\/#\/schema\/person\/11c82086fe8abc05a19147e964587285","name":"Reginaldo J\u00fanior","image":{"@type":"ImageObject","inLanguage":"pt-BR","@id":"https:\/\/portalmf.com.br\/#\/schema\/person\/image\/","url":"https:\/\/secure.gravatar.com\/avatar\/32a3c797cd0ac47cc53b8644c62776f9?s=96&d=mm&r=g","contentUrl":"https:\/\/secure.gravatar.com\/avatar\/32a3c797cd0ac47cc53b8644c62776f9?s=96&d=mm&r=g","caption":"Reginaldo J\u00fanior"},"description":"Jornalista e idealizador Portal MF","sameAs":["https:\/\/portalmf.com.br\/index.php\/author\/reginaldojr\/","reginaldojrfsa","reginaldojuniormf","https:\/\/x.com\/reginaldojrmf"],"url":"https:\/\/portalmf.com.br\/index.php\/author\/reginaldojr\/"}]}},"_links":{"self":[{"href":"https:\/\/portalmf.com.br\/index.php\/wp-json\/wp\/v2\/posts\/2300"}],"collection":[{"href":"https:\/\/portalmf.com.br\/index.php\/wp-json\/wp\/v2\/posts"}],"about":[{"href":"https:\/\/portalmf.com.br\/index.php\/wp-json\/wp\/v2\/types\/post"}],"author":[{"embeddable":true,"href":"https:\/\/portalmf.com.br\/index.php\/wp-json\/wp\/v2\/users\/2"}],"replies":[{"embeddable":true,"href":"https:\/\/portalmf.com.br\/index.php\/wp-json\/wp\/v2\/comments?post=2300"}],"version-history":[{"count":1,"href":"https:\/\/portalmf.com.br\/index.php\/wp-json\/wp\/v2\/posts\/2300\/revisions"}],"predecessor-version":[{"id":2302,"href":"https:\/\/portalmf.com.br\/index.php\/wp-json\/wp\/v2\/posts\/2300\/revisions\/2302"}],"wp:featuredmedia":[{"embeddable":true,"href":"https:\/\/portalmf.com.br\/index.php\/wp-json\/wp\/v2\/media\/2301"}],"wp:attachment":[{"href":"https:\/\/portalmf.com.br\/index.php\/wp-json\/wp\/v2\/media?parent=2300"}],"wp:term":[{"taxonomy":"category","embeddable":true,"href":"https:\/\/portalmf.com.br\/index.php\/wp-json\/wp\/v2\/categories?post=2300"},{"taxonomy":"post_tag","embeddable":true,"href":"https:\/\/portalmf.com.br\/index.php\/wp-json\/wp\/v2\/tags?post=2300"}],"curies":[{"name":"wp","href":"https:\/\/api.w.org\/{rel}","templated":true}]}}