{"id":22925,"date":"2024-01-30T18:41:05","date_gmt":"2024-01-30T21:41:05","guid":{"rendered":"https:\/\/portalmf.com.br\/?p=22925"},"modified":"2024-01-30T18:41:06","modified_gmt":"2024-01-30T21:41:06","slug":"com-novo-programa-de-educacao-integral-prefeito-entrega-escola-no-bairro-asa-branca","status":"publish","type":"post","link":"https:\/\/portalmf.com.br\/index.php\/2024\/01\/30\/com-novo-programa-de-educacao-integral-prefeito-entrega-escola-no-bairro-asa-branca\/","title":{"rendered":"Com novo programa de Educa\u00e7\u00e3o Integral, prefeito entrega escola no bairro Asa Branca"},"content":{"rendered":"\n<p>O Centro Municipal de Educa\u00e7\u00e3o Infantil Therezinha Pereira Pitombo foi inaugurado nesta ter\u00e7a-feira, 30, no bairro Asa Branca. A unidade de ensino vai atender a 190 crian\u00e7as entre 2 a 5 anos e funcionar\u00e1 em tempo integral. As atividades come\u00e7am \u00e0s 7h30 e s\u00e3o encerradas \u00e0s 16h45.&nbsp;<\/p>\n\n\n\n<p>O pr\u00e9dio tem dez salas de aula, que contam com banheiros internos, dando mais conforto \u00e0s crian\u00e7as e praticidade aos professores, biblioteca, frald\u00e1rio, lact\u00e1rio, rouparia, lavandaria, p\u00e1tio coberto, vesti\u00e1rios masculinos e femininos, banheiros convencionais e PCD entre outros c\u00f4modos administrativos.<\/p>\n\n\n\n<p>A dona de casa \u00c2ngela Santos estava admirada com a estrutura.&nbsp;\u00c9&nbsp;a primeira vez que o filho dela, o pequeno Levy Freitas, de 2 anos, vai estudar. \u201cA escola est\u00e1 muito bonita. \u00c9 um lugar seguro para ele e ainda fica perto da minha casa. Espero que ele consiga se desenvolver bem aqui\u201d, disse.&nbsp;<\/p>\n\n\n\n<p>Durante o evento, tamb\u00e9m foi lan\u00e7ado o programa Educa\u00e7\u00e3o Integral em Tempo Integral. Este ano, 30 escolas da rede municipal ter\u00e3o Educa\u00e7\u00e3o Integral, 7 delas funcionar\u00e3o exclusivamente nesta modalidade, ampliando 240% no n\u00famero de vagas dispon\u00edveis, que antes era de 733, e agora passa para 2.505.&nbsp;<\/p>\n\n\n\n<p><em>\u201cOs estudantes ficar\u00e3o aqui durante todo o dia, participando de atividades integradas. Uma novidade que melhora, ainda mais, a qualidade da educa\u00e7\u00e3o ofertada pelo munic\u00edpio, que tem o compromisso de promover a equidade no acesso ao conhecimento\u201d,<\/em> destacou o prefeito Colbert Filho.\u00a0<\/p>\n\n\n\n<p>Al\u00e9m de aumentar o tempo que os alunos passam na escola, a Educa\u00e7\u00e3o em Tempo Integral busca garantir o desenvolvimento do estudante em todas as suas dimens\u00f5es: intelectual, f\u00edsica, afetiva, social e cultural.&nbsp;<\/p>\n\n\n\n<figure class=\"wp-block-image size-large\"><img fetchpriority=\"high\" decoding=\"async\" width=\"1024\" height=\"680\" src=\"https:\/\/portalmf.com.br\/wp-content\/uploads\/2024\/01\/Com-novo-programa-de-Educacao-Integral-prefeito-entrega-escola-no-bairro-Asa-Branca--1024x680.jpeg\" alt=\"\" class=\"wp-image-22926\" srcset=\"https:\/\/portalmf.com.br\/wp-content\/uploads\/2024\/01\/Com-novo-programa-de-Educacao-Integral-prefeito-entrega-escola-no-bairro-Asa-Branca--1024x680.jpeg 1024w, https:\/\/portalmf.com.br\/wp-content\/uploads\/2024\/01\/Com-novo-programa-de-Educacao-Integral-prefeito-entrega-escola-no-bairro-Asa-Branca--300x199.jpeg 300w, https:\/\/portalmf.com.br\/wp-content\/uploads\/2024\/01\/Com-novo-programa-de-Educacao-Integral-prefeito-entrega-escola-no-bairro-Asa-Branca--768x510.jpeg 768w, https:\/\/portalmf.com.br\/wp-content\/uploads\/2024\/01\/Com-novo-programa-de-Educacao-Integral-prefeito-entrega-escola-no-bairro-Asa-Branca--1536x1020.jpeg 1536w, https:\/\/portalmf.com.br\/wp-content\/uploads\/2024\/01\/Com-novo-programa-de-Educacao-Integral-prefeito-entrega-escola-no-bairro-Asa-Branca--696x462.jpeg 696w, https:\/\/portalmf.com.br\/wp-content\/uploads\/2024\/01\/Com-novo-programa-de-Educacao-Integral-prefeito-entrega-escola-no-bairro-Asa-Branca--1068x710.jpeg 1068w, https:\/\/portalmf.com.br\/wp-content\/uploads\/2024\/01\/Com-novo-programa-de-Educacao-Integral-prefeito-entrega-escola-no-bairro-Asa-Branca-.jpeg 1600w\" sizes=\"(max-width: 1024px) 100vw, 1024px\" \/><figcaption class=\"wp-element-caption\">Fotos: Milena Brand\u00e3o<\/figcaption><\/figure>\n\n\n\n<p><em>\u201cOs estudantes ter\u00e3o 9h15 di\u00e1rias de perman\u00eancia na institui\u00e7\u00e3o, sete ser\u00e3o dedicadas \u00e0 atividade pedag\u00f3gica. Teremos tamb\u00e9m atividades de recrea\u00e7\u00e3o, intervalos para refei\u00e7\u00e3o e\u00a0 higiene. Para essa rotina, vamos disponibilizar todas as condi\u00e7\u00f5es como os materiais para o banho, para o soninho, materiais pedag\u00f3gicos, circuitos psicomotores e chromebooks\u201d,<\/em> explica a secret\u00e1ria de Educa\u00e7\u00e3o do munic\u00edpio, Anaci Paim.\u00a0<\/p>\n\n\n\n<p>Para Jennifer Fran\u00e7a, m\u00e3e de Aylla Valentina Silveira, de 5 anos, e de Jasmim Fran\u00e7a, de 2 anos, a oferta de tempo integral chegou na hora certa. \u201cVai me ajudar muito porque vou conseguir trabalhar mais tranquila, sei que os meus filhos estar\u00e3o aprendendo, seguros e bem cuidados\u201d, contou.<\/p>\n","protected":false},"excerpt":{"rendered":"<p>O Centro Municipal de Educa\u00e7\u00e3o Infantil Therezinha Pereira Pitombo foi inaugurado nesta ter\u00e7a-feira, 30, no bairro Asa Branca. A unidade de ensino vai atender a 190 crian\u00e7as entre 2 a 5 anos e funcionar\u00e1 em tempo integral. As atividades come\u00e7am \u00e0s 7h30 e s\u00e3o encerradas \u00e0s 16h45.&nbsp; O pr\u00e9dio tem dez salas de aula, que [&hellip;]<\/p>\n","protected":false},"author":3,"featured_media":22927,"comment_status":"open","ping_status":"open","sticky":false,"template":"","format":"standard","meta":{"_monsterinsights_skip_tracking":false,"_monsterinsights_sitenote_active":false,"_monsterinsights_sitenote_note":"","_monsterinsights_sitenote_category":0,"footnotes":""},"categories":[34],"tags":[],"yoast_head":"<!-- This site is optimized with the Yoast SEO plugin v22.9 - https:\/\/yoast.com\/wordpress\/plugins\/seo\/ -->\n<title>Com novo programa de Educa\u00e7\u00e3o Integral, prefeito entrega escola no bairro Asa Branca - Portal MF<\/title>\n<meta name=\"robots\" content=\"index, follow, max-snippet:-1, max-image-preview:large, max-video-preview:-1\" \/>\n<link rel=\"canonical\" href=\"https:\/\/portalmf.com.br\/index.php\/2024\/01\/30\/com-novo-programa-de-educacao-integral-prefeito-entrega-escola-no-bairro-asa-branca\/\" \/>\n<meta property=\"og:locale\" content=\"pt_BR\" \/>\n<meta property=\"og:type\" content=\"article\" \/>\n<meta property=\"og:title\" content=\"Com novo programa de Educa\u00e7\u00e3o Integral, prefeito entrega escola no bairro Asa Branca - Portal MF\" \/>\n<meta property=\"og:description\" content=\"O Centro Municipal de Educa\u00e7\u00e3o Infantil Therezinha Pereira Pitombo foi inaugurado nesta ter\u00e7a-feira, 30, no bairro Asa Branca. A unidade de ensino vai atender a 190 crian\u00e7as entre 2 a 5 anos e funcionar\u00e1 em tempo integral. As atividades come\u00e7am \u00e0s 7h30 e s\u00e3o encerradas \u00e0s 16h45.&nbsp; O pr\u00e9dio tem dez salas de aula, que [&hellip;]\" \/>\n<meta property=\"og:url\" content=\"https:\/\/portalmf.com.br\/index.php\/2024\/01\/30\/com-novo-programa-de-educacao-integral-prefeito-entrega-escola-no-bairro-asa-branca\/\" \/>\n<meta property=\"og:site_name\" content=\"Portal MF\" \/>\n<meta property=\"article:author\" content=\"https:\/\/www.facebook.com\/portalmfoficial\" \/>\n<meta property=\"article:published_time\" content=\"2024-01-30T21:41:05+00:00\" \/>\n<meta property=\"article:modified_time\" content=\"2024-01-30T21:41:06+00:00\" \/>\n<meta property=\"og:image\" content=\"https:\/\/portalmf.com.br\/wp-content\/uploads\/2024\/01\/Com-novo-programa-de-Educacao-Integral-prefeito-entrega-escola-no-bairro-Asa-Branca-.jpg\" \/>\n\t<meta property=\"og:image:width\" content=\"1306\" \/>\n\t<meta property=\"og:image:height\" content=\"672\" \/>\n\t<meta property=\"og:image:type\" content=\"image\/jpeg\" \/>\n<meta name=\"author\" content=\"Reda\u00e7\u00e3o Portal MF\" \/>\n<meta name=\"twitter:card\" content=\"summary_large_image\" \/>\n<meta name=\"twitter:creator\" content=\"@https:\/\/x.com\/portalmfoficial\" \/>\n<meta name=\"twitter:label1\" content=\"Escrito por\" \/>\n\t<meta name=\"twitter:data1\" content=\"Reda\u00e7\u00e3o Portal MF\" \/>\n\t<meta name=\"twitter:label2\" content=\"Est. tempo de leitura\" \/>\n\t<meta name=\"twitter:data2\" content=\"3 minutos\" \/>\n<script type=\"application\/ld+json\" class=\"yoast-schema-graph\">{\"@context\":\"https:\/\/schema.org\",\"@graph\":[{\"@type\":\"WebPage\",\"@id\":\"https:\/\/portalmf.com.br\/index.php\/2024\/01\/30\/com-novo-programa-de-educacao-integral-prefeito-entrega-escola-no-bairro-asa-branca\/\",\"url\":\"https:\/\/portalmf.com.br\/index.php\/2024\/01\/30\/com-novo-programa-de-educacao-integral-prefeito-entrega-escola-no-bairro-asa-branca\/\",\"name\":\"Com novo programa de Educa\u00e7\u00e3o Integral, prefeito entrega escola no bairro Asa Branca - Portal MF\",\"isPartOf\":{\"@id\":\"https:\/\/portalmf.com.br\/#website\"},\"primaryImageOfPage\":{\"@id\":\"https:\/\/portalmf.com.br\/index.php\/2024\/01\/30\/com-novo-programa-de-educacao-integral-prefeito-entrega-escola-no-bairro-asa-branca\/#primaryimage\"},\"image\":{\"@id\":\"https:\/\/portalmf.com.br\/index.php\/2024\/01\/30\/com-novo-programa-de-educacao-integral-prefeito-entrega-escola-no-bairro-asa-branca\/#primaryimage\"},\"thumbnailUrl\":\"https:\/\/portalmf.com.br\/wp-content\/uploads\/2024\/01\/Com-novo-programa-de-Educacao-Integral-prefeito-entrega-escola-no-bairro-Asa-Branca-.jpg\",\"datePublished\":\"2024-01-30T21:41:05+00:00\",\"dateModified\":\"2024-01-30T21:41:06+00:00\",\"author\":{\"@id\":\"https:\/\/portalmf.com.br\/#\/schema\/person\/9ec101baf56233e53520c26de5d6f6f0\"},\"breadcrumb\":{\"@id\":\"https:\/\/portalmf.com.br\/index.php\/2024\/01\/30\/com-novo-programa-de-educacao-integral-prefeito-entrega-escola-no-bairro-asa-branca\/#breadcrumb\"},\"inLanguage\":\"pt-BR\",\"potentialAction\":[{\"@type\":\"ReadAction\",\"target\":[\"https:\/\/portalmf.com.br\/index.php\/2024\/01\/30\/com-novo-programa-de-educacao-integral-prefeito-entrega-escola-no-bairro-asa-branca\/\"]}]},{\"@type\":\"ImageObject\",\"inLanguage\":\"pt-BR\",\"@id\":\"https:\/\/portalmf.com.br\/index.php\/2024\/01\/30\/com-novo-programa-de-educacao-integral-prefeito-entrega-escola-no-bairro-asa-branca\/#primaryimage\",\"url\":\"https:\/\/portalmf.com.br\/wp-content\/uploads\/2024\/01\/Com-novo-programa-de-Educacao-Integral-prefeito-entrega-escola-no-bairro-Asa-Branca-.jpg\",\"contentUrl\":\"https:\/\/portalmf.com.br\/wp-content\/uploads\/2024\/01\/Com-novo-programa-de-Educacao-Integral-prefeito-entrega-escola-no-bairro-Asa-Branca-.jpg\",\"width\":1306,\"height\":672},{\"@type\":\"BreadcrumbList\",\"@id\":\"https:\/\/portalmf.com.br\/index.php\/2024\/01\/30\/com-novo-programa-de-educacao-integral-prefeito-entrega-escola-no-bairro-asa-branca\/#breadcrumb\",\"itemListElement\":[{\"@type\":\"ListItem\",\"position\":1,\"name\":\"In\u00edcio\",\"item\":\"https:\/\/portalmf.com.br\/\"},{\"@type\":\"ListItem\",\"position\":2,\"name\":\"Com novo programa de Educa\u00e7\u00e3o Integral, prefeito entrega escola no bairro Asa Branca\"}]},{\"@type\":\"WebSite\",\"@id\":\"https:\/\/portalmf.com.br\/#website\",\"url\":\"https:\/\/portalmf.com.br\/\",\"name\":\"Portal MF\",\"description\":\"Voc\u00ea conectado com a informa\u00e7\u00e3o\",\"potentialAction\":[{\"@type\":\"SearchAction\",\"target\":{\"@type\":\"EntryPoint\",\"urlTemplate\":\"https:\/\/portalmf.com.br\/?s={search_term_string}\"},\"query-input\":\"required name=search_term_string\"}],\"inLanguage\":\"pt-BR\"},{\"@type\":\"Person\",\"@id\":\"https:\/\/portalmf.com.br\/#\/schema\/person\/9ec101baf56233e53520c26de5d6f6f0\",\"name\":\"Reda\u00e7\u00e3o Portal MF\",\"image\":{\"@type\":\"ImageObject\",\"inLanguage\":\"pt-BR\",\"@id\":\"https:\/\/portalmf.com.br\/#\/schema\/person\/image\/\",\"url\":\"https:\/\/secure.gravatar.com\/avatar\/41b9aaeb2100835f7c64362330f74c7f?s=96&d=mm&r=g\",\"contentUrl\":\"https:\/\/secure.gravatar.com\/avatar\/41b9aaeb2100835f7c64362330f74c7f?s=96&d=mm&r=g\",\"caption\":\"Reda\u00e7\u00e3o Portal MF\"},\"description\":\"Sejam bem-vindos o portal de informa\u00e7\u00f5es de entretenimento de Feira de Santana, desde 2006 realiza coberturas dos principais eventos com entrevistas exclusivas com as principais personalidades mundiais. Fique conectado tamb\u00e9m nas redes sociais.\",\"sameAs\":[\"http:\/\/www.portalmf.com.br\/\",\"https:\/\/www.facebook.com\/portalmfoficial\",\"https:\/\/www.instagram.com\/portalmf\/\",\"https:\/\/x.com\/https:\/\/x.com\/portalmfoficial\",\"https:\/\/www.youtube.com\/@portalmfoficial\"],\"url\":\"https:\/\/portalmf.com.br\/index.php\/author\/junior\/\"}]}<\/script>\n<!-- \/ Yoast SEO plugin. -->","yoast_head_json":{"title":"Com novo programa de Educa\u00e7\u00e3o Integral, prefeito entrega escola no bairro Asa Branca - Portal MF","robots":{"index":"index","follow":"follow","max-snippet":"max-snippet:-1","max-image-preview":"max-image-preview:large","max-video-preview":"max-video-preview:-1"},"canonical":"https:\/\/portalmf.com.br\/index.php\/2024\/01\/30\/com-novo-programa-de-educacao-integral-prefeito-entrega-escola-no-bairro-asa-branca\/","og_locale":"pt_BR","og_type":"article","og_title":"Com novo programa de Educa\u00e7\u00e3o Integral, prefeito entrega escola no bairro Asa Branca - Portal MF","og_description":"O Centro Municipal de Educa\u00e7\u00e3o Infantil Therezinha Pereira Pitombo foi inaugurado nesta ter\u00e7a-feira, 30, no bairro Asa Branca. A unidade de ensino vai atender a 190 crian\u00e7as entre 2 a 5 anos e funcionar\u00e1 em tempo integral. As atividades come\u00e7am \u00e0s 7h30 e s\u00e3o encerradas \u00e0s 16h45.&nbsp; O pr\u00e9dio tem dez salas de aula, que [&hellip;]","og_url":"https:\/\/portalmf.com.br\/index.php\/2024\/01\/30\/com-novo-programa-de-educacao-integral-prefeito-entrega-escola-no-bairro-asa-branca\/","og_site_name":"Portal MF","article_author":"https:\/\/www.facebook.com\/portalmfoficial","article_published_time":"2024-01-30T21:41:05+00:00","article_modified_time":"2024-01-30T21:41:06+00:00","og_image":[{"width":1306,"height":672,"url":"https:\/\/portalmf.com.br\/wp-content\/uploads\/2024\/01\/Com-novo-programa-de-Educacao-Integral-prefeito-entrega-escola-no-bairro-Asa-Branca-.jpg","type":"image\/jpeg"}],"author":"Reda\u00e7\u00e3o Portal MF","twitter_card":"summary_large_image","twitter_creator":"@https:\/\/x.com\/portalmfoficial","twitter_misc":{"Escrito por":"Reda\u00e7\u00e3o Portal MF","Est. tempo de leitura":"3 minutos"},"schema":{"@context":"https:\/\/schema.org","@graph":[{"@type":"WebPage","@id":"https:\/\/portalmf.com.br\/index.php\/2024\/01\/30\/com-novo-programa-de-educacao-integral-prefeito-entrega-escola-no-bairro-asa-branca\/","url":"https:\/\/portalmf.com.br\/index.php\/2024\/01\/30\/com-novo-programa-de-educacao-integral-prefeito-entrega-escola-no-bairro-asa-branca\/","name":"Com novo programa de Educa\u00e7\u00e3o Integral, prefeito entrega escola no bairro Asa Branca - Portal MF","isPartOf":{"@id":"https:\/\/portalmf.com.br\/#website"},"primaryImageOfPage":{"@id":"https:\/\/portalmf.com.br\/index.php\/2024\/01\/30\/com-novo-programa-de-educacao-integral-prefeito-entrega-escola-no-bairro-asa-branca\/#primaryimage"},"image":{"@id":"https:\/\/portalmf.com.br\/index.php\/2024\/01\/30\/com-novo-programa-de-educacao-integral-prefeito-entrega-escola-no-bairro-asa-branca\/#primaryimage"},"thumbnailUrl":"https:\/\/portalmf.com.br\/wp-content\/uploads\/2024\/01\/Com-novo-programa-de-Educacao-Integral-prefeito-entrega-escola-no-bairro-Asa-Branca-.jpg","datePublished":"2024-01-30T21:41:05+00:00","dateModified":"2024-01-30T21:41:06+00:00","author":{"@id":"https:\/\/portalmf.com.br\/#\/schema\/person\/9ec101baf56233e53520c26de5d6f6f0"},"breadcrumb":{"@id":"https:\/\/portalmf.com.br\/index.php\/2024\/01\/30\/com-novo-programa-de-educacao-integral-prefeito-entrega-escola-no-bairro-asa-branca\/#breadcrumb"},"inLanguage":"pt-BR","potentialAction":[{"@type":"ReadAction","target":["https:\/\/portalmf.com.br\/index.php\/2024\/01\/30\/com-novo-programa-de-educacao-integral-prefeito-entrega-escola-no-bairro-asa-branca\/"]}]},{"@type":"ImageObject","inLanguage":"pt-BR","@id":"https:\/\/portalmf.com.br\/index.php\/2024\/01\/30\/com-novo-programa-de-educacao-integral-prefeito-entrega-escola-no-bairro-asa-branca\/#primaryimage","url":"https:\/\/portalmf.com.br\/wp-content\/uploads\/2024\/01\/Com-novo-programa-de-Educacao-Integral-prefeito-entrega-escola-no-bairro-Asa-Branca-.jpg","contentUrl":"https:\/\/portalmf.com.br\/wp-content\/uploads\/2024\/01\/Com-novo-programa-de-Educacao-Integral-prefeito-entrega-escola-no-bairro-Asa-Branca-.jpg","width":1306,"height":672},{"@type":"BreadcrumbList","@id":"https:\/\/portalmf.com.br\/index.php\/2024\/01\/30\/com-novo-programa-de-educacao-integral-prefeito-entrega-escola-no-bairro-asa-branca\/#breadcrumb","itemListElement":[{"@type":"ListItem","position":1,"name":"In\u00edcio","item":"https:\/\/portalmf.com.br\/"},{"@type":"ListItem","position":2,"name":"Com novo programa de Educa\u00e7\u00e3o Integral, prefeito entrega escola no bairro Asa Branca"}]},{"@type":"WebSite","@id":"https:\/\/portalmf.com.br\/#website","url":"https:\/\/portalmf.com.br\/","name":"Portal MF","description":"Voc\u00ea conectado com a informa\u00e7\u00e3o","potentialAction":[{"@type":"SearchAction","target":{"@type":"EntryPoint","urlTemplate":"https:\/\/portalmf.com.br\/?s={search_term_string}"},"query-input":"required name=search_term_string"}],"inLanguage":"pt-BR"},{"@type":"Person","@id":"https:\/\/portalmf.com.br\/#\/schema\/person\/9ec101baf56233e53520c26de5d6f6f0","name":"Reda\u00e7\u00e3o Portal MF","image":{"@type":"ImageObject","inLanguage":"pt-BR","@id":"https:\/\/portalmf.com.br\/#\/schema\/person\/image\/","url":"https:\/\/secure.gravatar.com\/avatar\/41b9aaeb2100835f7c64362330f74c7f?s=96&d=mm&r=g","contentUrl":"https:\/\/secure.gravatar.com\/avatar\/41b9aaeb2100835f7c64362330f74c7f?s=96&d=mm&r=g","caption":"Reda\u00e7\u00e3o Portal MF"},"description":"Sejam bem-vindos o portal de informa\u00e7\u00f5es de entretenimento de Feira de Santana, desde 2006 realiza coberturas dos principais eventos com entrevistas exclusivas com as principais personalidades mundiais. Fique conectado tamb\u00e9m nas redes sociais.","sameAs":["http:\/\/www.portalmf.com.br\/","https:\/\/www.facebook.com\/portalmfoficial","https:\/\/www.instagram.com\/portalmf\/","https:\/\/x.com\/https:\/\/x.com\/portalmfoficial","https:\/\/www.youtube.com\/@portalmfoficial"],"url":"https:\/\/portalmf.com.br\/index.php\/author\/junior\/"}]}},"_links":{"self":[{"href":"https:\/\/portalmf.com.br\/index.php\/wp-json\/wp\/v2\/posts\/22925"}],"collection":[{"href":"https:\/\/portalmf.com.br\/index.php\/wp-json\/wp\/v2\/posts"}],"about":[{"href":"https:\/\/portalmf.com.br\/index.php\/wp-json\/wp\/v2\/types\/post"}],"author":[{"embeddable":true,"href":"https:\/\/portalmf.com.br\/index.php\/wp-json\/wp\/v2\/users\/3"}],"replies":[{"embeddable":true,"href":"https:\/\/portalmf.com.br\/index.php\/wp-json\/wp\/v2\/comments?post=22925"}],"version-history":[{"count":1,"href":"https:\/\/portalmf.com.br\/index.php\/wp-json\/wp\/v2\/posts\/22925\/revisions"}],"predecessor-version":[{"id":22928,"href":"https:\/\/portalmf.com.br\/index.php\/wp-json\/wp\/v2\/posts\/22925\/revisions\/22928"}],"wp:featuredmedia":[{"embeddable":true,"href":"https:\/\/portalmf.com.br\/index.php\/wp-json\/wp\/v2\/media\/22927"}],"wp:attachment":[{"href":"https:\/\/portalmf.com.br\/index.php\/wp-json\/wp\/v2\/media?parent=22925"}],"wp:term":[{"taxonomy":"category","embeddable":true,"href":"https:\/\/portalmf.com.br\/index.php\/wp-json\/wp\/v2\/categories?post=22925"},{"taxonomy":"post_tag","embeddable":true,"href":"https:\/\/portalmf.com.br\/index.php\/wp-json\/wp\/v2\/tags?post=22925"}],"curies":[{"name":"wp","href":"https:\/\/api.w.org\/{rel}","templated":true}]}}