{"id":22816,"date":"2024-01-27T11:31:44","date_gmt":"2024-01-27T14:31:44","guid":{"rendered":"https:\/\/portalmf.com.br\/?p=22816"},"modified":"2024-01-27T11:31:46","modified_gmt":"2024-01-27T14:31:46","slug":"prefeitura-realiza-trabalho-paliativo-e-sinalizacao-em-via-danificada-pela-chuva-no-limoeiro","status":"publish","type":"post","link":"https:\/\/portalmf.com.br\/index.php\/2024\/01\/27\/prefeitura-realiza-trabalho-paliativo-e-sinalizacao-em-via-danificada-pela-chuva-no-limoeiro\/","title":{"rendered":"Prefeitura realiza trabalho paliativo e sinaliza\u00e7\u00e3o em via danificada pela chuva no Limoeiro"},"content":{"rendered":"\n<p>Na manh\u00e3 desta sexta-feira (26), equipes da SOMA &#8211; Superintend\u00eancia de Opera\u00e7\u00f5es e Manuten\u00e7\u00e3o &#8211; estiveram na Estrada da Terra Dura, no bairro Limoeiro, realizando um trabalho de sinaliza\u00e7\u00e3o no trecho da via que foi atingido e danificado pela chuva.<\/p>\n\n\n\n<p>Determinado trecho da estrada conta com uma manilha usada para o escoamento da \u00e1gua. Na \u00faltima chuva, a vaz\u00e3o de \u00e1gua aumentou significativamente, e a manilha n\u00e3o suportou o grande volume.<\/p>\n\n\n\n<figure class=\"wp-block-image size-large\"><img fetchpriority=\"high\" decoding=\"async\" width=\"1024\" height=\"683\" src=\"https:\/\/portalmf.com.br\/wp-content\/uploads\/2024\/01\/SOMA-Manutencao-e-Interdicao-na-Estrada-da-Terra-Dura-GALERIA-foto-Jorge-Magalhaes-21-1024x683.jpeg\" alt=\"\" class=\"wp-image-22817\" srcset=\"https:\/\/portalmf.com.br\/wp-content\/uploads\/2024\/01\/SOMA-Manutencao-e-Interdicao-na-Estrada-da-Terra-Dura-GALERIA-foto-Jorge-Magalhaes-21-1024x683.jpeg 1024w, https:\/\/portalmf.com.br\/wp-content\/uploads\/2024\/01\/SOMA-Manutencao-e-Interdicao-na-Estrada-da-Terra-Dura-GALERIA-foto-Jorge-Magalhaes-21-300x200.jpeg 300w, https:\/\/portalmf.com.br\/wp-content\/uploads\/2024\/01\/SOMA-Manutencao-e-Interdicao-na-Estrada-da-Terra-Dura-GALERIA-foto-Jorge-Magalhaes-21-768x512.jpeg 768w, https:\/\/portalmf.com.br\/wp-content\/uploads\/2024\/01\/SOMA-Manutencao-e-Interdicao-na-Estrada-da-Terra-Dura-GALERIA-foto-Jorge-Magalhaes-21-696x464.jpeg 696w, https:\/\/portalmf.com.br\/wp-content\/uploads\/2024\/01\/SOMA-Manutencao-e-Interdicao-na-Estrada-da-Terra-Dura-GALERIA-foto-Jorge-Magalhaes-21-1068x713.jpeg 1068w, https:\/\/portalmf.com.br\/wp-content\/uploads\/2024\/01\/SOMA-Manutencao-e-Interdicao-na-Estrada-da-Terra-Dura-GALERIA-foto-Jorge-Magalhaes-21.jpeg 1169w\" sizes=\"(max-width: 1024px) 100vw, 1024px\" \/><figcaption class=\"wp-element-caption\"><strong>Fotos: Jorge Magalh\u00e3es<\/strong><\/figcaption><\/figure>\n\n\n\n<p>\u201cIsso aqui \u00e9 uma passagem de manilha e teve um excesso de vaz\u00e3o aqui e ela n\u00e3o suportou, o que acabou criando esse buraco aqui na via, impossibilitando a passagem da popula\u00e7\u00e3o\u201d, explica o Diretor de Execu\u00e7\u00e3o de Obras da Superintend\u00eancia de Opera\u00e7\u00f5es e Manuten\u00e7\u00e3o (SOMA), Ianco Pinho.<\/p>\n\n\n\n<p>O trecho danificado da estrada foi devidamente sinalizado. Especialistas da SOMA ir\u00e3o avaliar o trabalho que ser\u00e1 realizado na estrada, que \u00e9 de importante acesso a outras localidades.&nbsp;<\/p>\n\n\n\n<p>\u201cA SOMA est\u00e1 providenciando alguns especialistas para ver qual vai ser a nossa pr\u00f3xima medida. Estamos avaliando o m\u00e9todo construtivo que vamos utilizar aqui no local, seja ela uma passagem de aduela ou um pontilh\u00e3o mais estruturado. Isso vai depender muito tamb\u00e9m do c\u00e1lculo de invas\u00e3o que a gente vai refazer, tendo em vista que a cidade nos \u00faltimos anos apresentou um crescimento muito grande e a \u00e1rea imperme\u00e1vel aumentou, o que gera um fluxo maior nos canais e rios da cidade\u201d, pontua Ianco Pinho.<\/p>\n","protected":false},"excerpt":{"rendered":"<p>Na manh\u00e3 desta sexta-feira (26), equipes da SOMA &#8211; Superintend\u00eancia de Opera\u00e7\u00f5es e Manuten\u00e7\u00e3o &#8211; estiveram na Estrada da Terra Dura, no bairro Limoeiro, realizando um trabalho de sinaliza\u00e7\u00e3o no trecho da via que foi atingido e danificado pela chuva. Determinado trecho da estrada conta com uma manilha usada para o escoamento da \u00e1gua. Na [&hellip;]<\/p>\n","protected":false},"author":3,"featured_media":22818,"comment_status":"open","ping_status":"open","sticky":false,"template":"","format":"standard","meta":{"_monsterinsights_skip_tracking":false,"_monsterinsights_sitenote_active":false,"_monsterinsights_sitenote_note":"","_monsterinsights_sitenote_category":0,"footnotes":""},"categories":[34],"tags":[],"yoast_head":"<!-- This site is optimized with the Yoast SEO plugin v22.9 - https:\/\/yoast.com\/wordpress\/plugins\/seo\/ -->\n<title>Prefeitura realiza trabalho paliativo e sinaliza\u00e7\u00e3o em via danificada pela chuva no Limoeiro - Portal MF<\/title>\n<meta name=\"robots\" content=\"index, follow, max-snippet:-1, max-image-preview:large, max-video-preview:-1\" \/>\n<link rel=\"canonical\" href=\"https:\/\/portalmf.com.br\/index.php\/2024\/01\/27\/prefeitura-realiza-trabalho-paliativo-e-sinalizacao-em-via-danificada-pela-chuva-no-limoeiro\/\" \/>\n<meta property=\"og:locale\" content=\"pt_BR\" \/>\n<meta property=\"og:type\" content=\"article\" \/>\n<meta property=\"og:title\" content=\"Prefeitura realiza trabalho paliativo e sinaliza\u00e7\u00e3o em via danificada pela chuva no Limoeiro - Portal MF\" \/>\n<meta property=\"og:description\" content=\"Na manh\u00e3 desta sexta-feira (26), equipes da SOMA &#8211; Superintend\u00eancia de Opera\u00e7\u00f5es e Manuten\u00e7\u00e3o &#8211; estiveram na Estrada da Terra Dura, no bairro Limoeiro, realizando um trabalho de sinaliza\u00e7\u00e3o no trecho da via que foi atingido e danificado pela chuva. Determinado trecho da estrada conta com uma manilha usada para o escoamento da \u00e1gua. Na [&hellip;]\" \/>\n<meta property=\"og:url\" content=\"https:\/\/portalmf.com.br\/index.php\/2024\/01\/27\/prefeitura-realiza-trabalho-paliativo-e-sinalizacao-em-via-danificada-pela-chuva-no-limoeiro\/\" \/>\n<meta property=\"og:site_name\" content=\"Portal MF\" \/>\n<meta property=\"article:author\" content=\"https:\/\/www.facebook.com\/portalmfoficial\" \/>\n<meta property=\"article:published_time\" content=\"2024-01-27T14:31:44+00:00\" \/>\n<meta property=\"article:modified_time\" content=\"2024-01-27T14:31:46+00:00\" \/>\n<meta property=\"og:image\" content=\"https:\/\/portalmf.com.br\/wp-content\/uploads\/2024\/01\/SOMA-Manutencao-e-Interdicao-na-Estrada-da-Terra-Dura-GALERIA-foto-Jorge-Magalhaes-61.jpeg\" \/>\n\t<meta property=\"og:image:width\" content=\"1169\" \/>\n\t<meta property=\"og:image:height\" content=\"780\" \/>\n\t<meta property=\"og:image:type\" content=\"image\/jpeg\" \/>\n<meta name=\"author\" content=\"Reda\u00e7\u00e3o Portal MF\" \/>\n<meta name=\"twitter:card\" content=\"summary_large_image\" \/>\n<meta name=\"twitter:creator\" content=\"@https:\/\/x.com\/portalmfoficial\" \/>\n<meta name=\"twitter:label1\" content=\"Escrito por\" \/>\n\t<meta name=\"twitter:data1\" content=\"Reda\u00e7\u00e3o Portal MF\" \/>\n\t<meta name=\"twitter:label2\" content=\"Est. tempo de leitura\" \/>\n\t<meta name=\"twitter:data2\" content=\"2 minutos\" \/>\n<script type=\"application\/ld+json\" class=\"yoast-schema-graph\">{\"@context\":\"https:\/\/schema.org\",\"@graph\":[{\"@type\":\"WebPage\",\"@id\":\"https:\/\/portalmf.com.br\/index.php\/2024\/01\/27\/prefeitura-realiza-trabalho-paliativo-e-sinalizacao-em-via-danificada-pela-chuva-no-limoeiro\/\",\"url\":\"https:\/\/portalmf.com.br\/index.php\/2024\/01\/27\/prefeitura-realiza-trabalho-paliativo-e-sinalizacao-em-via-danificada-pela-chuva-no-limoeiro\/\",\"name\":\"Prefeitura realiza trabalho paliativo e sinaliza\u00e7\u00e3o em via danificada pela chuva no Limoeiro - Portal MF\",\"isPartOf\":{\"@id\":\"https:\/\/portalmf.com.br\/#website\"},\"primaryImageOfPage\":{\"@id\":\"https:\/\/portalmf.com.br\/index.php\/2024\/01\/27\/prefeitura-realiza-trabalho-paliativo-e-sinalizacao-em-via-danificada-pela-chuva-no-limoeiro\/#primaryimage\"},\"image\":{\"@id\":\"https:\/\/portalmf.com.br\/index.php\/2024\/01\/27\/prefeitura-realiza-trabalho-paliativo-e-sinalizacao-em-via-danificada-pela-chuva-no-limoeiro\/#primaryimage\"},\"thumbnailUrl\":\"https:\/\/portalmf.com.br\/wp-content\/uploads\/2024\/01\/SOMA-Manutencao-e-Interdicao-na-Estrada-da-Terra-Dura-GALERIA-foto-Jorge-Magalhaes-61.jpeg\",\"datePublished\":\"2024-01-27T14:31:44+00:00\",\"dateModified\":\"2024-01-27T14:31:46+00:00\",\"author\":{\"@id\":\"https:\/\/portalmf.com.br\/#\/schema\/person\/9ec101baf56233e53520c26de5d6f6f0\"},\"breadcrumb\":{\"@id\":\"https:\/\/portalmf.com.br\/index.php\/2024\/01\/27\/prefeitura-realiza-trabalho-paliativo-e-sinalizacao-em-via-danificada-pela-chuva-no-limoeiro\/#breadcrumb\"},\"inLanguage\":\"pt-BR\",\"potentialAction\":[{\"@type\":\"ReadAction\",\"target\":[\"https:\/\/portalmf.com.br\/index.php\/2024\/01\/27\/prefeitura-realiza-trabalho-paliativo-e-sinalizacao-em-via-danificada-pela-chuva-no-limoeiro\/\"]}]},{\"@type\":\"ImageObject\",\"inLanguage\":\"pt-BR\",\"@id\":\"https:\/\/portalmf.com.br\/index.php\/2024\/01\/27\/prefeitura-realiza-trabalho-paliativo-e-sinalizacao-em-via-danificada-pela-chuva-no-limoeiro\/#primaryimage\",\"url\":\"https:\/\/portalmf.com.br\/wp-content\/uploads\/2024\/01\/SOMA-Manutencao-e-Interdicao-na-Estrada-da-Terra-Dura-GALERIA-foto-Jorge-Magalhaes-61.jpeg\",\"contentUrl\":\"https:\/\/portalmf.com.br\/wp-content\/uploads\/2024\/01\/SOMA-Manutencao-e-Interdicao-na-Estrada-da-Terra-Dura-GALERIA-foto-Jorge-Magalhaes-61.jpeg\",\"width\":1169,\"height\":780},{\"@type\":\"BreadcrumbList\",\"@id\":\"https:\/\/portalmf.com.br\/index.php\/2024\/01\/27\/prefeitura-realiza-trabalho-paliativo-e-sinalizacao-em-via-danificada-pela-chuva-no-limoeiro\/#breadcrumb\",\"itemListElement\":[{\"@type\":\"ListItem\",\"position\":1,\"name\":\"In\u00edcio\",\"item\":\"https:\/\/portalmf.com.br\/\"},{\"@type\":\"ListItem\",\"position\":2,\"name\":\"Prefeitura realiza trabalho paliativo e sinaliza\u00e7\u00e3o em via danificada pela chuva no Limoeiro\"}]},{\"@type\":\"WebSite\",\"@id\":\"https:\/\/portalmf.com.br\/#website\",\"url\":\"https:\/\/portalmf.com.br\/\",\"name\":\"Portal MF\",\"description\":\"Voc\u00ea conectado com a informa\u00e7\u00e3o\",\"potentialAction\":[{\"@type\":\"SearchAction\",\"target\":{\"@type\":\"EntryPoint\",\"urlTemplate\":\"https:\/\/portalmf.com.br\/?s={search_term_string}\"},\"query-input\":\"required name=search_term_string\"}],\"inLanguage\":\"pt-BR\"},{\"@type\":\"Person\",\"@id\":\"https:\/\/portalmf.com.br\/#\/schema\/person\/9ec101baf56233e53520c26de5d6f6f0\",\"name\":\"Reda\u00e7\u00e3o Portal MF\",\"image\":{\"@type\":\"ImageObject\",\"inLanguage\":\"pt-BR\",\"@id\":\"https:\/\/portalmf.com.br\/#\/schema\/person\/image\/\",\"url\":\"https:\/\/secure.gravatar.com\/avatar\/41b9aaeb2100835f7c64362330f74c7f?s=96&d=mm&r=g\",\"contentUrl\":\"https:\/\/secure.gravatar.com\/avatar\/41b9aaeb2100835f7c64362330f74c7f?s=96&d=mm&r=g\",\"caption\":\"Reda\u00e7\u00e3o Portal MF\"},\"description\":\"Sejam bem-vindos o portal de informa\u00e7\u00f5es de entretenimento de Feira de Santana, desde 2006 realiza coberturas dos principais eventos com entrevistas exclusivas com as principais personalidades mundiais. Fique conectado tamb\u00e9m nas redes sociais.\",\"sameAs\":[\"http:\/\/www.portalmf.com.br\/\",\"https:\/\/www.facebook.com\/portalmfoficial\",\"https:\/\/www.instagram.com\/portalmf\/\",\"https:\/\/x.com\/https:\/\/x.com\/portalmfoficial\",\"https:\/\/www.youtube.com\/@portalmfoficial\"],\"url\":\"https:\/\/portalmf.com.br\/index.php\/author\/junior\/\"}]}<\/script>\n<!-- \/ Yoast SEO plugin. -->","yoast_head_json":{"title":"Prefeitura realiza trabalho paliativo e sinaliza\u00e7\u00e3o em via danificada pela chuva no Limoeiro - Portal MF","robots":{"index":"index","follow":"follow","max-snippet":"max-snippet:-1","max-image-preview":"max-image-preview:large","max-video-preview":"max-video-preview:-1"},"canonical":"https:\/\/portalmf.com.br\/index.php\/2024\/01\/27\/prefeitura-realiza-trabalho-paliativo-e-sinalizacao-em-via-danificada-pela-chuva-no-limoeiro\/","og_locale":"pt_BR","og_type":"article","og_title":"Prefeitura realiza trabalho paliativo e sinaliza\u00e7\u00e3o em via danificada pela chuva no Limoeiro - Portal MF","og_description":"Na manh\u00e3 desta sexta-feira (26), equipes da SOMA &#8211; Superintend\u00eancia de Opera\u00e7\u00f5es e Manuten\u00e7\u00e3o &#8211; estiveram na Estrada da Terra Dura, no bairro Limoeiro, realizando um trabalho de sinaliza\u00e7\u00e3o no trecho da via que foi atingido e danificado pela chuva. Determinado trecho da estrada conta com uma manilha usada para o escoamento da \u00e1gua. Na [&hellip;]","og_url":"https:\/\/portalmf.com.br\/index.php\/2024\/01\/27\/prefeitura-realiza-trabalho-paliativo-e-sinalizacao-em-via-danificada-pela-chuva-no-limoeiro\/","og_site_name":"Portal MF","article_author":"https:\/\/www.facebook.com\/portalmfoficial","article_published_time":"2024-01-27T14:31:44+00:00","article_modified_time":"2024-01-27T14:31:46+00:00","og_image":[{"width":1169,"height":780,"url":"https:\/\/portalmf.com.br\/wp-content\/uploads\/2024\/01\/SOMA-Manutencao-e-Interdicao-na-Estrada-da-Terra-Dura-GALERIA-foto-Jorge-Magalhaes-61.jpeg","type":"image\/jpeg"}],"author":"Reda\u00e7\u00e3o Portal MF","twitter_card":"summary_large_image","twitter_creator":"@https:\/\/x.com\/portalmfoficial","twitter_misc":{"Escrito por":"Reda\u00e7\u00e3o Portal MF","Est. tempo de leitura":"2 minutos"},"schema":{"@context":"https:\/\/schema.org","@graph":[{"@type":"WebPage","@id":"https:\/\/portalmf.com.br\/index.php\/2024\/01\/27\/prefeitura-realiza-trabalho-paliativo-e-sinalizacao-em-via-danificada-pela-chuva-no-limoeiro\/","url":"https:\/\/portalmf.com.br\/index.php\/2024\/01\/27\/prefeitura-realiza-trabalho-paliativo-e-sinalizacao-em-via-danificada-pela-chuva-no-limoeiro\/","name":"Prefeitura realiza trabalho paliativo e sinaliza\u00e7\u00e3o em via danificada pela chuva no Limoeiro - Portal MF","isPartOf":{"@id":"https:\/\/portalmf.com.br\/#website"},"primaryImageOfPage":{"@id":"https:\/\/portalmf.com.br\/index.php\/2024\/01\/27\/prefeitura-realiza-trabalho-paliativo-e-sinalizacao-em-via-danificada-pela-chuva-no-limoeiro\/#primaryimage"},"image":{"@id":"https:\/\/portalmf.com.br\/index.php\/2024\/01\/27\/prefeitura-realiza-trabalho-paliativo-e-sinalizacao-em-via-danificada-pela-chuva-no-limoeiro\/#primaryimage"},"thumbnailUrl":"https:\/\/portalmf.com.br\/wp-content\/uploads\/2024\/01\/SOMA-Manutencao-e-Interdicao-na-Estrada-da-Terra-Dura-GALERIA-foto-Jorge-Magalhaes-61.jpeg","datePublished":"2024-01-27T14:31:44+00:00","dateModified":"2024-01-27T14:31:46+00:00","author":{"@id":"https:\/\/portalmf.com.br\/#\/schema\/person\/9ec101baf56233e53520c26de5d6f6f0"},"breadcrumb":{"@id":"https:\/\/portalmf.com.br\/index.php\/2024\/01\/27\/prefeitura-realiza-trabalho-paliativo-e-sinalizacao-em-via-danificada-pela-chuva-no-limoeiro\/#breadcrumb"},"inLanguage":"pt-BR","potentialAction":[{"@type":"ReadAction","target":["https:\/\/portalmf.com.br\/index.php\/2024\/01\/27\/prefeitura-realiza-trabalho-paliativo-e-sinalizacao-em-via-danificada-pela-chuva-no-limoeiro\/"]}]},{"@type":"ImageObject","inLanguage":"pt-BR","@id":"https:\/\/portalmf.com.br\/index.php\/2024\/01\/27\/prefeitura-realiza-trabalho-paliativo-e-sinalizacao-em-via-danificada-pela-chuva-no-limoeiro\/#primaryimage","url":"https:\/\/portalmf.com.br\/wp-content\/uploads\/2024\/01\/SOMA-Manutencao-e-Interdicao-na-Estrada-da-Terra-Dura-GALERIA-foto-Jorge-Magalhaes-61.jpeg","contentUrl":"https:\/\/portalmf.com.br\/wp-content\/uploads\/2024\/01\/SOMA-Manutencao-e-Interdicao-na-Estrada-da-Terra-Dura-GALERIA-foto-Jorge-Magalhaes-61.jpeg","width":1169,"height":780},{"@type":"BreadcrumbList","@id":"https:\/\/portalmf.com.br\/index.php\/2024\/01\/27\/prefeitura-realiza-trabalho-paliativo-e-sinalizacao-em-via-danificada-pela-chuva-no-limoeiro\/#breadcrumb","itemListElement":[{"@type":"ListItem","position":1,"name":"In\u00edcio","item":"https:\/\/portalmf.com.br\/"},{"@type":"ListItem","position":2,"name":"Prefeitura realiza trabalho paliativo e sinaliza\u00e7\u00e3o em via danificada pela chuva no Limoeiro"}]},{"@type":"WebSite","@id":"https:\/\/portalmf.com.br\/#website","url":"https:\/\/portalmf.com.br\/","name":"Portal MF","description":"Voc\u00ea conectado com a informa\u00e7\u00e3o","potentialAction":[{"@type":"SearchAction","target":{"@type":"EntryPoint","urlTemplate":"https:\/\/portalmf.com.br\/?s={search_term_string}"},"query-input":"required name=search_term_string"}],"inLanguage":"pt-BR"},{"@type":"Person","@id":"https:\/\/portalmf.com.br\/#\/schema\/person\/9ec101baf56233e53520c26de5d6f6f0","name":"Reda\u00e7\u00e3o Portal MF","image":{"@type":"ImageObject","inLanguage":"pt-BR","@id":"https:\/\/portalmf.com.br\/#\/schema\/person\/image\/","url":"https:\/\/secure.gravatar.com\/avatar\/41b9aaeb2100835f7c64362330f74c7f?s=96&d=mm&r=g","contentUrl":"https:\/\/secure.gravatar.com\/avatar\/41b9aaeb2100835f7c64362330f74c7f?s=96&d=mm&r=g","caption":"Reda\u00e7\u00e3o Portal MF"},"description":"Sejam bem-vindos o portal de informa\u00e7\u00f5es de entretenimento de Feira de Santana, desde 2006 realiza coberturas dos principais eventos com entrevistas exclusivas com as principais personalidades mundiais. Fique conectado tamb\u00e9m nas redes sociais.","sameAs":["http:\/\/www.portalmf.com.br\/","https:\/\/www.facebook.com\/portalmfoficial","https:\/\/www.instagram.com\/portalmf\/","https:\/\/x.com\/https:\/\/x.com\/portalmfoficial","https:\/\/www.youtube.com\/@portalmfoficial"],"url":"https:\/\/portalmf.com.br\/index.php\/author\/junior\/"}]}},"_links":{"self":[{"href":"https:\/\/portalmf.com.br\/index.php\/wp-json\/wp\/v2\/posts\/22816"}],"collection":[{"href":"https:\/\/portalmf.com.br\/index.php\/wp-json\/wp\/v2\/posts"}],"about":[{"href":"https:\/\/portalmf.com.br\/index.php\/wp-json\/wp\/v2\/types\/post"}],"author":[{"embeddable":true,"href":"https:\/\/portalmf.com.br\/index.php\/wp-json\/wp\/v2\/users\/3"}],"replies":[{"embeddable":true,"href":"https:\/\/portalmf.com.br\/index.php\/wp-json\/wp\/v2\/comments?post=22816"}],"version-history":[{"count":1,"href":"https:\/\/portalmf.com.br\/index.php\/wp-json\/wp\/v2\/posts\/22816\/revisions"}],"predecessor-version":[{"id":22819,"href":"https:\/\/portalmf.com.br\/index.php\/wp-json\/wp\/v2\/posts\/22816\/revisions\/22819"}],"wp:featuredmedia":[{"embeddable":true,"href":"https:\/\/portalmf.com.br\/index.php\/wp-json\/wp\/v2\/media\/22818"}],"wp:attachment":[{"href":"https:\/\/portalmf.com.br\/index.php\/wp-json\/wp\/v2\/media?parent=22816"}],"wp:term":[{"taxonomy":"category","embeddable":true,"href":"https:\/\/portalmf.com.br\/index.php\/wp-json\/wp\/v2\/categories?post=22816"},{"taxonomy":"post_tag","embeddable":true,"href":"https:\/\/portalmf.com.br\/index.php\/wp-json\/wp\/v2\/tags?post=22816"}],"curies":[{"name":"wp","href":"https:\/\/api.w.org\/{rel}","templated":true}]}}