{"id":22762,"date":"2024-01-25T16:44:22","date_gmt":"2024-01-25T19:44:22","guid":{"rendered":"https:\/\/portalmf.com.br\/?p=22762"},"modified":"2024-01-26T16:46:47","modified_gmt":"2024-01-26T19:46:47","slug":"empresa-anuncia-investimento-de-r-20-milhoes-em-ampliacao-de-unidade-industrial","status":"publish","type":"post","link":"https:\/\/portalmf.com.br\/index.php\/2024\/01\/25\/empresa-anuncia-investimento-de-r-20-milhoes-em-ampliacao-de-unidade-industrial\/","title":{"rendered":"Empresa anuncia investimento de R$ 20 milh\u00f5es em amplia\u00e7\u00e3o de unidade industrial"},"content":{"rendered":"\n<p>No ano em que completa 40 anos, a marca Limiar anuncia o investimento de R$ 20 milh\u00f5es em amplia\u00e7\u00e3o de unidade industrialna CIA-Aeroporto, em Salvador. De acordo com a empresa, a marca gera atualmente 650 empregos e deve chegar a 700 vagas diretas ainda este ano com a expans\u00e3o, entre a f\u00e1brica e os pontos de venda. O an\u00fancio ocorreu em reuni\u00e3o com o secret\u00e1rio de Desenvolvimento Econ\u00f4mico, Angelo Almeida, nesta quinta-feira (25), que recebeu a not\u00edcia com muito entusiasmo.<\/p>\n\n\n\n<p><em>\u201cFoi com muita satisfa\u00e7\u00e3o que recebi a not\u00edcia da expans\u00e3o. Uma empresa genuinamente baiana e que est\u00e1 prestes a completar 40 anos. \u00c9 mais investimento para o estado, que vai gerar novos empregos e renda para o povo. Uma empresa aliment\u00edcia que fabrica um dos alimentos mais antigos e consumidos no mundo, o p\u00e3o. A concess\u00e3o de benef\u00edcios, concedidos pelo Governo do Estado, permitir\u00e1 que a empresa amplie e modernize sua planta industrial, investindo em novos maquin\u00e1rios\u201d<\/em>, afirmou o gestor da pasta.<\/p>\n\n\n\n<figure class=\"wp-block-image size-large\"><img fetchpriority=\"high\" decoding=\"async\" width=\"1024\" height=\"682\" src=\"https:\/\/portalmf.com.br\/wp-content\/uploads\/2024\/01\/Fotos_Mario-Marques_Ascom-SDE-2-1024x682.jpeg\" alt=\"\" class=\"wp-image-22764\" srcset=\"https:\/\/portalmf.com.br\/wp-content\/uploads\/2024\/01\/Fotos_Mario-Marques_Ascom-SDE-2-1024x682.jpeg 1024w, https:\/\/portalmf.com.br\/wp-content\/uploads\/2024\/01\/Fotos_Mario-Marques_Ascom-SDE-2-300x200.jpeg 300w, https:\/\/portalmf.com.br\/wp-content\/uploads\/2024\/01\/Fotos_Mario-Marques_Ascom-SDE-2-768x512.jpeg 768w, https:\/\/portalmf.com.br\/wp-content\/uploads\/2024\/01\/Fotos_Mario-Marques_Ascom-SDE-2-1536x1023.jpeg 1536w, https:\/\/portalmf.com.br\/wp-content\/uploads\/2024\/01\/Fotos_Mario-Marques_Ascom-SDE-2-696x464.jpeg 696w, https:\/\/portalmf.com.br\/wp-content\/uploads\/2024\/01\/Fotos_Mario-Marques_Ascom-SDE-2-1068x712.jpeg 1068w, https:\/\/portalmf.com.br\/wp-content\/uploads\/2024\/01\/Fotos_Mario-Marques_Ascom-SDE-2.jpeg 1600w\" sizes=\"(max-width: 1024px) 100vw, 1024px\" \/><figcaption class=\"wp-element-caption\">Foto: M\u00e1rio Marques \/ Ascom SDE<\/figcaption><\/figure>\n\n\n\n<p>De acordo com Jo\u00e3o da Silva, s\u00f3cio-diretor da Limiar, a amplia\u00e7\u00e3o e moderniza\u00e7\u00e3o da unidade ser\u00e1 destinada \u00e0 produ\u00e7\u00e3o de p\u00e3o e farinha de tapioca. \u201cHoje produzimos 90 toneladas por dia, com a expans\u00e3o, devemos chegar a 140 toneladas\/dia. Atualmente atendemos os estados da Bahia, Sergipe, Alagoas e iniciamos recentemente o estado de Pernambuco. Fornecemos a todas as grandes redes nacionais, redes regionais e lojas de conveni\u00eancia. Nossa capilaridade vai desde o Sul da Bahia, l\u00e1 no Extremo Sul, at\u00e9 Pernambuco\u201d, diz.<\/p>\n","protected":false},"excerpt":{"rendered":"<p>No ano em que completa 40 anos, a marca Limiar anuncia o investimento de R$ 20 milh\u00f5es em amplia\u00e7\u00e3o de unidade industrialna CIA-Aeroporto, em Salvador. De acordo com a empresa, a marca gera atualmente 650 empregos e deve chegar a 700 vagas diretas ainda este ano com a expans\u00e3o, entre a f\u00e1brica e os pontos [&hellip;]<\/p>\n","protected":false},"author":3,"featured_media":22763,"comment_status":"open","ping_status":"open","sticky":false,"template":"","format":"standard","meta":{"_monsterinsights_skip_tracking":false,"_monsterinsights_sitenote_active":false,"_monsterinsights_sitenote_note":"","_monsterinsights_sitenote_category":0,"footnotes":""},"categories":[34],"tags":[],"yoast_head":"<!-- This site is optimized with the Yoast SEO plugin v22.9 - https:\/\/yoast.com\/wordpress\/plugins\/seo\/ -->\n<title>Empresa anuncia investimento de R$ 20 milh\u00f5es em amplia\u00e7\u00e3o de unidade industrial - Portal MF<\/title>\n<meta name=\"robots\" content=\"index, follow, max-snippet:-1, max-image-preview:large, max-video-preview:-1\" \/>\n<link rel=\"canonical\" href=\"https:\/\/portalmf.com.br\/index.php\/2024\/01\/25\/empresa-anuncia-investimento-de-r-20-milhoes-em-ampliacao-de-unidade-industrial\/\" \/>\n<meta property=\"og:locale\" content=\"pt_BR\" \/>\n<meta property=\"og:type\" content=\"article\" \/>\n<meta property=\"og:title\" content=\"Empresa anuncia investimento de R$ 20 milh\u00f5es em amplia\u00e7\u00e3o de unidade industrial - Portal MF\" \/>\n<meta property=\"og:description\" content=\"No ano em que completa 40 anos, a marca Limiar anuncia o investimento de R$ 20 milh\u00f5es em amplia\u00e7\u00e3o de unidade industrialna CIA-Aeroporto, em Salvador. De acordo com a empresa, a marca gera atualmente 650 empregos e deve chegar a 700 vagas diretas ainda este ano com a expans\u00e3o, entre a f\u00e1brica e os pontos [&hellip;]\" \/>\n<meta property=\"og:url\" content=\"https:\/\/portalmf.com.br\/index.php\/2024\/01\/25\/empresa-anuncia-investimento-de-r-20-milhoes-em-ampliacao-de-unidade-industrial\/\" \/>\n<meta property=\"og:site_name\" content=\"Portal MF\" \/>\n<meta property=\"article:author\" content=\"https:\/\/www.facebook.com\/portalmfoficial\" \/>\n<meta property=\"article:published_time\" content=\"2024-01-25T19:44:22+00:00\" \/>\n<meta property=\"article:modified_time\" content=\"2024-01-26T19:46:47+00:00\" \/>\n<meta property=\"og:image\" content=\"https:\/\/portalmf.com.br\/wp-content\/uploads\/2024\/01\/Fotos_Mario-Marques_Ascom-SDE-1.jpeg\" \/>\n\t<meta property=\"og:image:width\" content=\"1600\" \/>\n\t<meta property=\"og:image:height\" content=\"1066\" \/>\n\t<meta property=\"og:image:type\" content=\"image\/jpeg\" \/>\n<meta name=\"author\" content=\"Reda\u00e7\u00e3o Portal MF\" \/>\n<meta name=\"twitter:card\" content=\"summary_large_image\" \/>\n<meta name=\"twitter:creator\" content=\"@https:\/\/x.com\/portalmfoficial\" \/>\n<meta name=\"twitter:label1\" content=\"Escrito por\" \/>\n\t<meta name=\"twitter:data1\" content=\"Reda\u00e7\u00e3o Portal MF\" \/>\n\t<meta name=\"twitter:label2\" content=\"Est. tempo de leitura\" \/>\n\t<meta name=\"twitter:data2\" content=\"2 minutos\" \/>\n<script type=\"application\/ld+json\" class=\"yoast-schema-graph\">{\"@context\":\"https:\/\/schema.org\",\"@graph\":[{\"@type\":\"WebPage\",\"@id\":\"https:\/\/portalmf.com.br\/index.php\/2024\/01\/25\/empresa-anuncia-investimento-de-r-20-milhoes-em-ampliacao-de-unidade-industrial\/\",\"url\":\"https:\/\/portalmf.com.br\/index.php\/2024\/01\/25\/empresa-anuncia-investimento-de-r-20-milhoes-em-ampliacao-de-unidade-industrial\/\",\"name\":\"Empresa anuncia investimento de R$ 20 milh\u00f5es em amplia\u00e7\u00e3o de unidade industrial - Portal MF\",\"isPartOf\":{\"@id\":\"https:\/\/portalmf.com.br\/#website\"},\"primaryImageOfPage\":{\"@id\":\"https:\/\/portalmf.com.br\/index.php\/2024\/01\/25\/empresa-anuncia-investimento-de-r-20-milhoes-em-ampliacao-de-unidade-industrial\/#primaryimage\"},\"image\":{\"@id\":\"https:\/\/portalmf.com.br\/index.php\/2024\/01\/25\/empresa-anuncia-investimento-de-r-20-milhoes-em-ampliacao-de-unidade-industrial\/#primaryimage\"},\"thumbnailUrl\":\"https:\/\/portalmf.com.br\/wp-content\/uploads\/2024\/01\/Fotos_Mario-Marques_Ascom-SDE-1.jpeg\",\"datePublished\":\"2024-01-25T19:44:22+00:00\",\"dateModified\":\"2024-01-26T19:46:47+00:00\",\"author\":{\"@id\":\"https:\/\/portalmf.com.br\/#\/schema\/person\/9ec101baf56233e53520c26de5d6f6f0\"},\"breadcrumb\":{\"@id\":\"https:\/\/portalmf.com.br\/index.php\/2024\/01\/25\/empresa-anuncia-investimento-de-r-20-milhoes-em-ampliacao-de-unidade-industrial\/#breadcrumb\"},\"inLanguage\":\"pt-BR\",\"potentialAction\":[{\"@type\":\"ReadAction\",\"target\":[\"https:\/\/portalmf.com.br\/index.php\/2024\/01\/25\/empresa-anuncia-investimento-de-r-20-milhoes-em-ampliacao-de-unidade-industrial\/\"]}]},{\"@type\":\"ImageObject\",\"inLanguage\":\"pt-BR\",\"@id\":\"https:\/\/portalmf.com.br\/index.php\/2024\/01\/25\/empresa-anuncia-investimento-de-r-20-milhoes-em-ampliacao-de-unidade-industrial\/#primaryimage\",\"url\":\"https:\/\/portalmf.com.br\/wp-content\/uploads\/2024\/01\/Fotos_Mario-Marques_Ascom-SDE-1.jpeg\",\"contentUrl\":\"https:\/\/portalmf.com.br\/wp-content\/uploads\/2024\/01\/Fotos_Mario-Marques_Ascom-SDE-1.jpeg\",\"width\":1600,\"height\":1066,\"caption\":\"Foto: M\u00e1rio Marques \/ Ascom SDE\"},{\"@type\":\"BreadcrumbList\",\"@id\":\"https:\/\/portalmf.com.br\/index.php\/2024\/01\/25\/empresa-anuncia-investimento-de-r-20-milhoes-em-ampliacao-de-unidade-industrial\/#breadcrumb\",\"itemListElement\":[{\"@type\":\"ListItem\",\"position\":1,\"name\":\"In\u00edcio\",\"item\":\"https:\/\/portalmf.com.br\/\"},{\"@type\":\"ListItem\",\"position\":2,\"name\":\"Empresa anuncia investimento de R$ 20 milh\u00f5es em amplia\u00e7\u00e3o de unidade industrial\"}]},{\"@type\":\"WebSite\",\"@id\":\"https:\/\/portalmf.com.br\/#website\",\"url\":\"https:\/\/portalmf.com.br\/\",\"name\":\"Portal MF\",\"description\":\"Voc\u00ea conectado com a informa\u00e7\u00e3o\",\"potentialAction\":[{\"@type\":\"SearchAction\",\"target\":{\"@type\":\"EntryPoint\",\"urlTemplate\":\"https:\/\/portalmf.com.br\/?s={search_term_string}\"},\"query-input\":\"required name=search_term_string\"}],\"inLanguage\":\"pt-BR\"},{\"@type\":\"Person\",\"@id\":\"https:\/\/portalmf.com.br\/#\/schema\/person\/9ec101baf56233e53520c26de5d6f6f0\",\"name\":\"Reda\u00e7\u00e3o Portal MF\",\"image\":{\"@type\":\"ImageObject\",\"inLanguage\":\"pt-BR\",\"@id\":\"https:\/\/portalmf.com.br\/#\/schema\/person\/image\/\",\"url\":\"https:\/\/secure.gravatar.com\/avatar\/41b9aaeb2100835f7c64362330f74c7f?s=96&d=mm&r=g\",\"contentUrl\":\"https:\/\/secure.gravatar.com\/avatar\/41b9aaeb2100835f7c64362330f74c7f?s=96&d=mm&r=g\",\"caption\":\"Reda\u00e7\u00e3o Portal MF\"},\"description\":\"Sejam bem-vindos o portal de informa\u00e7\u00f5es de entretenimento de Feira de Santana, desde 2006 realiza coberturas dos principais eventos com entrevistas exclusivas com as principais personalidades mundiais. Fique conectado tamb\u00e9m nas redes sociais.\",\"sameAs\":[\"http:\/\/www.portalmf.com.br\/\",\"https:\/\/www.facebook.com\/portalmfoficial\",\"https:\/\/www.instagram.com\/portalmf\/\",\"https:\/\/x.com\/https:\/\/x.com\/portalmfoficial\",\"https:\/\/www.youtube.com\/@portalmfoficial\"],\"url\":\"https:\/\/portalmf.com.br\/index.php\/author\/junior\/\"}]}<\/script>\n<!-- \/ Yoast SEO plugin. -->","yoast_head_json":{"title":"Empresa anuncia investimento de R$ 20 milh\u00f5es em amplia\u00e7\u00e3o de unidade industrial - Portal MF","robots":{"index":"index","follow":"follow","max-snippet":"max-snippet:-1","max-image-preview":"max-image-preview:large","max-video-preview":"max-video-preview:-1"},"canonical":"https:\/\/portalmf.com.br\/index.php\/2024\/01\/25\/empresa-anuncia-investimento-de-r-20-milhoes-em-ampliacao-de-unidade-industrial\/","og_locale":"pt_BR","og_type":"article","og_title":"Empresa anuncia investimento de R$ 20 milh\u00f5es em amplia\u00e7\u00e3o de unidade industrial - Portal MF","og_description":"No ano em que completa 40 anos, a marca Limiar anuncia o investimento de R$ 20 milh\u00f5es em amplia\u00e7\u00e3o de unidade industrialna CIA-Aeroporto, em Salvador. De acordo com a empresa, a marca gera atualmente 650 empregos e deve chegar a 700 vagas diretas ainda este ano com a expans\u00e3o, entre a f\u00e1brica e os pontos [&hellip;]","og_url":"https:\/\/portalmf.com.br\/index.php\/2024\/01\/25\/empresa-anuncia-investimento-de-r-20-milhoes-em-ampliacao-de-unidade-industrial\/","og_site_name":"Portal MF","article_author":"https:\/\/www.facebook.com\/portalmfoficial","article_published_time":"2024-01-25T19:44:22+00:00","article_modified_time":"2024-01-26T19:46:47+00:00","og_image":[{"width":1600,"height":1066,"url":"https:\/\/portalmf.com.br\/wp-content\/uploads\/2024\/01\/Fotos_Mario-Marques_Ascom-SDE-1.jpeg","type":"image\/jpeg"}],"author":"Reda\u00e7\u00e3o Portal MF","twitter_card":"summary_large_image","twitter_creator":"@https:\/\/x.com\/portalmfoficial","twitter_misc":{"Escrito por":"Reda\u00e7\u00e3o Portal MF","Est. tempo de leitura":"2 minutos"},"schema":{"@context":"https:\/\/schema.org","@graph":[{"@type":"WebPage","@id":"https:\/\/portalmf.com.br\/index.php\/2024\/01\/25\/empresa-anuncia-investimento-de-r-20-milhoes-em-ampliacao-de-unidade-industrial\/","url":"https:\/\/portalmf.com.br\/index.php\/2024\/01\/25\/empresa-anuncia-investimento-de-r-20-milhoes-em-ampliacao-de-unidade-industrial\/","name":"Empresa anuncia investimento de R$ 20 milh\u00f5es em amplia\u00e7\u00e3o de unidade industrial - Portal MF","isPartOf":{"@id":"https:\/\/portalmf.com.br\/#website"},"primaryImageOfPage":{"@id":"https:\/\/portalmf.com.br\/index.php\/2024\/01\/25\/empresa-anuncia-investimento-de-r-20-milhoes-em-ampliacao-de-unidade-industrial\/#primaryimage"},"image":{"@id":"https:\/\/portalmf.com.br\/index.php\/2024\/01\/25\/empresa-anuncia-investimento-de-r-20-milhoes-em-ampliacao-de-unidade-industrial\/#primaryimage"},"thumbnailUrl":"https:\/\/portalmf.com.br\/wp-content\/uploads\/2024\/01\/Fotos_Mario-Marques_Ascom-SDE-1.jpeg","datePublished":"2024-01-25T19:44:22+00:00","dateModified":"2024-01-26T19:46:47+00:00","author":{"@id":"https:\/\/portalmf.com.br\/#\/schema\/person\/9ec101baf56233e53520c26de5d6f6f0"},"breadcrumb":{"@id":"https:\/\/portalmf.com.br\/index.php\/2024\/01\/25\/empresa-anuncia-investimento-de-r-20-milhoes-em-ampliacao-de-unidade-industrial\/#breadcrumb"},"inLanguage":"pt-BR","potentialAction":[{"@type":"ReadAction","target":["https:\/\/portalmf.com.br\/index.php\/2024\/01\/25\/empresa-anuncia-investimento-de-r-20-milhoes-em-ampliacao-de-unidade-industrial\/"]}]},{"@type":"ImageObject","inLanguage":"pt-BR","@id":"https:\/\/portalmf.com.br\/index.php\/2024\/01\/25\/empresa-anuncia-investimento-de-r-20-milhoes-em-ampliacao-de-unidade-industrial\/#primaryimage","url":"https:\/\/portalmf.com.br\/wp-content\/uploads\/2024\/01\/Fotos_Mario-Marques_Ascom-SDE-1.jpeg","contentUrl":"https:\/\/portalmf.com.br\/wp-content\/uploads\/2024\/01\/Fotos_Mario-Marques_Ascom-SDE-1.jpeg","width":1600,"height":1066,"caption":"Foto: M\u00e1rio Marques \/ Ascom SDE"},{"@type":"BreadcrumbList","@id":"https:\/\/portalmf.com.br\/index.php\/2024\/01\/25\/empresa-anuncia-investimento-de-r-20-milhoes-em-ampliacao-de-unidade-industrial\/#breadcrumb","itemListElement":[{"@type":"ListItem","position":1,"name":"In\u00edcio","item":"https:\/\/portalmf.com.br\/"},{"@type":"ListItem","position":2,"name":"Empresa anuncia investimento de R$ 20 milh\u00f5es em amplia\u00e7\u00e3o de unidade industrial"}]},{"@type":"WebSite","@id":"https:\/\/portalmf.com.br\/#website","url":"https:\/\/portalmf.com.br\/","name":"Portal MF","description":"Voc\u00ea conectado com a informa\u00e7\u00e3o","potentialAction":[{"@type":"SearchAction","target":{"@type":"EntryPoint","urlTemplate":"https:\/\/portalmf.com.br\/?s={search_term_string}"},"query-input":"required name=search_term_string"}],"inLanguage":"pt-BR"},{"@type":"Person","@id":"https:\/\/portalmf.com.br\/#\/schema\/person\/9ec101baf56233e53520c26de5d6f6f0","name":"Reda\u00e7\u00e3o Portal MF","image":{"@type":"ImageObject","inLanguage":"pt-BR","@id":"https:\/\/portalmf.com.br\/#\/schema\/person\/image\/","url":"https:\/\/secure.gravatar.com\/avatar\/41b9aaeb2100835f7c64362330f74c7f?s=96&d=mm&r=g","contentUrl":"https:\/\/secure.gravatar.com\/avatar\/41b9aaeb2100835f7c64362330f74c7f?s=96&d=mm&r=g","caption":"Reda\u00e7\u00e3o Portal MF"},"description":"Sejam bem-vindos o portal de informa\u00e7\u00f5es de entretenimento de Feira de Santana, desde 2006 realiza coberturas dos principais eventos com entrevistas exclusivas com as principais personalidades mundiais. Fique conectado tamb\u00e9m nas redes sociais.","sameAs":["http:\/\/www.portalmf.com.br\/","https:\/\/www.facebook.com\/portalmfoficial","https:\/\/www.instagram.com\/portalmf\/","https:\/\/x.com\/https:\/\/x.com\/portalmfoficial","https:\/\/www.youtube.com\/@portalmfoficial"],"url":"https:\/\/portalmf.com.br\/index.php\/author\/junior\/"}]}},"_links":{"self":[{"href":"https:\/\/portalmf.com.br\/index.php\/wp-json\/wp\/v2\/posts\/22762"}],"collection":[{"href":"https:\/\/portalmf.com.br\/index.php\/wp-json\/wp\/v2\/posts"}],"about":[{"href":"https:\/\/portalmf.com.br\/index.php\/wp-json\/wp\/v2\/types\/post"}],"author":[{"embeddable":true,"href":"https:\/\/portalmf.com.br\/index.php\/wp-json\/wp\/v2\/users\/3"}],"replies":[{"embeddable":true,"href":"https:\/\/portalmf.com.br\/index.php\/wp-json\/wp\/v2\/comments?post=22762"}],"version-history":[{"count":1,"href":"https:\/\/portalmf.com.br\/index.php\/wp-json\/wp\/v2\/posts\/22762\/revisions"}],"predecessor-version":[{"id":22765,"href":"https:\/\/portalmf.com.br\/index.php\/wp-json\/wp\/v2\/posts\/22762\/revisions\/22765"}],"wp:featuredmedia":[{"embeddable":true,"href":"https:\/\/portalmf.com.br\/index.php\/wp-json\/wp\/v2\/media\/22763"}],"wp:attachment":[{"href":"https:\/\/portalmf.com.br\/index.php\/wp-json\/wp\/v2\/media?parent=22762"}],"wp:term":[{"taxonomy":"category","embeddable":true,"href":"https:\/\/portalmf.com.br\/index.php\/wp-json\/wp\/v2\/categories?post=22762"},{"taxonomy":"post_tag","embeddable":true,"href":"https:\/\/portalmf.com.br\/index.php\/wp-json\/wp\/v2\/tags?post=22762"}],"curies":[{"name":"wp","href":"https:\/\/api.w.org\/{rel}","templated":true}]}}