{"id":2272,"date":"2022-07-28T10:05:00","date_gmt":"2022-07-28T13:05:00","guid":{"rendered":"http:\/\/portalmf.com.br\/?p=2272"},"modified":"2022-07-28T16:39:51","modified_gmt":"2022-07-28T19:39:51","slug":"jeronimo-pt-afirma-que-em-parceria-com-lula-garantira-aumento-da-oferta-de-emprego-no-estado","status":"publish","type":"post","link":"https:\/\/portalmf.com.br\/index.php\/2022\/07\/28\/jeronimo-pt-afirma-que-em-parceria-com-lula-garantira-aumento-da-oferta-de-emprego-no-estado\/","title":{"rendered":"Jer\u00f4nimo (PT) afirma que em parceria com Lula garantir\u00e1 aumento da oferta de emprego no estado"},"content":{"rendered":"\n<p>Na contram\u00e3o do que defende o atual presidente da Rep\u00fablica e os seus aliados na Bahia, o pr\u00e9-candidato a governador do Estado pelo PT, Jer\u00f4nimo Rodrigues, afirmou que vai trabalhar para garantir o aumento da oferta de emprego no estado.<\/p>\n\n\n\n<p><em>\u201cA taxa de desemprego [no pa\u00eds] est\u00e1 muito alta\u201d,<\/em> afirmou o petista, nesta quinta-feira (28), em entrevista \u00e0 R\u00e1dio Metr\u00f3pole.<\/p>\n\n\n\n<p>Jer\u00f4nimo refor\u00e7ou a necessidade da parceria com o governo do pr\u00f3ximo presidente da Rep\u00fablica, Luiz In\u00e1cio Lula da Silva (PT), para concluir importantes obras na Bahia.<\/p>\n\n\n\n<p><em>\u201cTenho conversado com Lula sobre tr\u00eas projetos: A ponte Salvador x Itaparica, a Ferrovia Oeste-Leste e o estaleiro em Maragojipe. Lula j\u00e1 informou que vai retomar o PAC, o Programa de Acelera\u00e7\u00e3o do Crescimento, para garantir os investimentos. Iremos dialogar com Lula sobre esses investimentos para concluirmos esses projetos, porque \u00e9 uma pauta muito importante e de grande desejo dos baianos\u201d,<\/em> disse o petista.<\/p>\n\n\n\n<p>Com a constru\u00e7\u00e3o de novos hospitais, novas escolas, renova\u00e7\u00e3o de rodovias, melhoramento da log\u00edstica de distribui\u00e7\u00e3o em todo o estado, o governo Rui Costa tem refor\u00e7ado as oportunidades de emprego e renda para a popula\u00e7\u00e3o baiana, desde as contrata\u00e7\u00f5es diretas e indiretas, concursos, programas de est\u00e1gio e de primeiro emprego, al\u00e9m de incentivos fiscais para implanta\u00e7\u00e3o de novas empresas e ind\u00fastrias em territ\u00f3rio baiano.<\/p>\n","protected":false},"excerpt":{"rendered":"<p>Na contram\u00e3o do que defende o atual presidente da Rep\u00fablica e os seus aliados na Bahia, o pr\u00e9-candidato a governador do Estado pelo PT, Jer\u00f4nimo Rodrigues, afirmou que vai trabalhar para garantir o aumento da oferta de emprego no estado. \u201cA taxa de desemprego [no pa\u00eds] est\u00e1 muito alta\u201d, afirmou o petista, nesta quinta-feira (28), [&hellip;]<\/p>\n","protected":false},"author":2,"featured_media":2273,"comment_status":"open","ping_status":"open","sticky":false,"template":"","format":"standard","meta":{"_monsterinsights_skip_tracking":false,"_monsterinsights_sitenote_active":false,"_monsterinsights_sitenote_note":"","_monsterinsights_sitenote_category":0,"footnotes":""},"categories":[34],"tags":[],"yoast_head":"<!-- This site is optimized with the Yoast SEO plugin v22.9 - https:\/\/yoast.com\/wordpress\/plugins\/seo\/ -->\n<title>Jer\u00f4nimo (PT) afirma que em parceria com Lula garantir\u00e1 aumento da oferta de emprego no estado - Portal MF<\/title>\n<meta name=\"robots\" content=\"index, follow, max-snippet:-1, max-image-preview:large, max-video-preview:-1\" \/>\n<link rel=\"canonical\" href=\"https:\/\/portalmf.com.br\/index.php\/2022\/07\/28\/jeronimo-pt-afirma-que-em-parceria-com-lula-garantira-aumento-da-oferta-de-emprego-no-estado\/\" \/>\n<meta property=\"og:locale\" content=\"pt_BR\" \/>\n<meta property=\"og:type\" content=\"article\" \/>\n<meta property=\"og:title\" content=\"Jer\u00f4nimo (PT) afirma que em parceria com Lula garantir\u00e1 aumento da oferta de emprego no estado - Portal MF\" \/>\n<meta property=\"og:description\" content=\"Na contram\u00e3o do que defende o atual presidente da Rep\u00fablica e os seus aliados na Bahia, o pr\u00e9-candidato a governador do Estado pelo PT, Jer\u00f4nimo Rodrigues, afirmou que vai trabalhar para garantir o aumento da oferta de emprego no estado. \u201cA taxa de desemprego [no pa\u00eds] est\u00e1 muito alta\u201d, afirmou o petista, nesta quinta-feira (28), [&hellip;]\" \/>\n<meta property=\"og:url\" content=\"https:\/\/portalmf.com.br\/index.php\/2022\/07\/28\/jeronimo-pt-afirma-que-em-parceria-com-lula-garantira-aumento-da-oferta-de-emprego-no-estado\/\" \/>\n<meta property=\"og:site_name\" content=\"Portal MF\" \/>\n<meta property=\"article:author\" content=\"reginaldojrfsa\" \/>\n<meta property=\"article:published_time\" content=\"2022-07-28T13:05:00+00:00\" \/>\n<meta property=\"article:modified_time\" content=\"2022-07-28T19:39:51+00:00\" \/>\n<meta property=\"og:image\" content=\"https:\/\/portalmf.com.br\/wp-content\/uploads\/2022\/07\/WhatsApp-Image-2022-07-28-at-15.49.47.jpeg\" \/>\n\t<meta property=\"og:image:width\" content=\"1181\" \/>\n\t<meta property=\"og:image:height\" content=\"765\" \/>\n\t<meta property=\"og:image:type\" content=\"image\/jpeg\" \/>\n<meta name=\"author\" content=\"Reginaldo J\u00fanior\" \/>\n<meta name=\"twitter:card\" content=\"summary_large_image\" \/>\n<meta name=\"twitter:creator\" content=\"@reginaldojrmf\" \/>\n<meta name=\"twitter:label1\" content=\"Escrito por\" \/>\n\t<meta name=\"twitter:data1\" content=\"Reginaldo J\u00fanior\" \/>\n\t<meta name=\"twitter:label2\" content=\"Est. tempo de leitura\" \/>\n\t<meta name=\"twitter:data2\" content=\"1 minuto\" \/>\n<script type=\"application\/ld+json\" class=\"yoast-schema-graph\">{\"@context\":\"https:\/\/schema.org\",\"@graph\":[{\"@type\":\"WebPage\",\"@id\":\"https:\/\/portalmf.com.br\/index.php\/2022\/07\/28\/jeronimo-pt-afirma-que-em-parceria-com-lula-garantira-aumento-da-oferta-de-emprego-no-estado\/\",\"url\":\"https:\/\/portalmf.com.br\/index.php\/2022\/07\/28\/jeronimo-pt-afirma-que-em-parceria-com-lula-garantira-aumento-da-oferta-de-emprego-no-estado\/\",\"name\":\"Jer\u00f4nimo (PT) afirma que em parceria com Lula garantir\u00e1 aumento da oferta de emprego no estado - Portal MF\",\"isPartOf\":{\"@id\":\"https:\/\/portalmf.com.br\/#website\"},\"primaryImageOfPage\":{\"@id\":\"https:\/\/portalmf.com.br\/index.php\/2022\/07\/28\/jeronimo-pt-afirma-que-em-parceria-com-lula-garantira-aumento-da-oferta-de-emprego-no-estado\/#primaryimage\"},\"image\":{\"@id\":\"https:\/\/portalmf.com.br\/index.php\/2022\/07\/28\/jeronimo-pt-afirma-que-em-parceria-com-lula-garantira-aumento-da-oferta-de-emprego-no-estado\/#primaryimage\"},\"thumbnailUrl\":\"https:\/\/portalmf.com.br\/wp-content\/uploads\/2022\/07\/WhatsApp-Image-2022-07-28-at-15.49.47.jpeg\",\"datePublished\":\"2022-07-28T13:05:00+00:00\",\"dateModified\":\"2022-07-28T19:39:51+00:00\",\"author\":{\"@id\":\"https:\/\/portalmf.com.br\/#\/schema\/person\/11c82086fe8abc05a19147e964587285\"},\"breadcrumb\":{\"@id\":\"https:\/\/portalmf.com.br\/index.php\/2022\/07\/28\/jeronimo-pt-afirma-que-em-parceria-com-lula-garantira-aumento-da-oferta-de-emprego-no-estado\/#breadcrumb\"},\"inLanguage\":\"pt-BR\",\"potentialAction\":[{\"@type\":\"ReadAction\",\"target\":[\"https:\/\/portalmf.com.br\/index.php\/2022\/07\/28\/jeronimo-pt-afirma-que-em-parceria-com-lula-garantira-aumento-da-oferta-de-emprego-no-estado\/\"]}]},{\"@type\":\"ImageObject\",\"inLanguage\":\"pt-BR\",\"@id\":\"https:\/\/portalmf.com.br\/index.php\/2022\/07\/28\/jeronimo-pt-afirma-que-em-parceria-com-lula-garantira-aumento-da-oferta-de-emprego-no-estado\/#primaryimage\",\"url\":\"https:\/\/portalmf.com.br\/wp-content\/uploads\/2022\/07\/WhatsApp-Image-2022-07-28-at-15.49.47.jpeg\",\"contentUrl\":\"https:\/\/portalmf.com.br\/wp-content\/uploads\/2022\/07\/WhatsApp-Image-2022-07-28-at-15.49.47.jpeg\",\"width\":1181,\"height\":765},{\"@type\":\"BreadcrumbList\",\"@id\":\"https:\/\/portalmf.com.br\/index.php\/2022\/07\/28\/jeronimo-pt-afirma-que-em-parceria-com-lula-garantira-aumento-da-oferta-de-emprego-no-estado\/#breadcrumb\",\"itemListElement\":[{\"@type\":\"ListItem\",\"position\":1,\"name\":\"In\u00edcio\",\"item\":\"https:\/\/portalmf.com.br\/\"},{\"@type\":\"ListItem\",\"position\":2,\"name\":\"Jer\u00f4nimo (PT) afirma que em parceria com Lula garantir\u00e1 aumento da oferta de emprego no estado\"}]},{\"@type\":\"WebSite\",\"@id\":\"https:\/\/portalmf.com.br\/#website\",\"url\":\"https:\/\/portalmf.com.br\/\",\"name\":\"Portal MF\",\"description\":\"Voc\u00ea conectado com a informa\u00e7\u00e3o\",\"potentialAction\":[{\"@type\":\"SearchAction\",\"target\":{\"@type\":\"EntryPoint\",\"urlTemplate\":\"https:\/\/portalmf.com.br\/?s={search_term_string}\"},\"query-input\":\"required name=search_term_string\"}],\"inLanguage\":\"pt-BR\"},{\"@type\":\"Person\",\"@id\":\"https:\/\/portalmf.com.br\/#\/schema\/person\/11c82086fe8abc05a19147e964587285\",\"name\":\"Reginaldo J\u00fanior\",\"image\":{\"@type\":\"ImageObject\",\"inLanguage\":\"pt-BR\",\"@id\":\"https:\/\/portalmf.com.br\/#\/schema\/person\/image\/\",\"url\":\"https:\/\/secure.gravatar.com\/avatar\/32a3c797cd0ac47cc53b8644c62776f9?s=96&d=mm&r=g\",\"contentUrl\":\"https:\/\/secure.gravatar.com\/avatar\/32a3c797cd0ac47cc53b8644c62776f9?s=96&d=mm&r=g\",\"caption\":\"Reginaldo J\u00fanior\"},\"description\":\"Jornalista e idealizador Portal MF\",\"sameAs\":[\"https:\/\/portalmf.com.br\/index.php\/author\/reginaldojr\/\",\"reginaldojrfsa\",\"reginaldojuniormf\",\"https:\/\/x.com\/reginaldojrmf\"],\"url\":\"https:\/\/portalmf.com.br\/index.php\/author\/reginaldojr\/\"}]}<\/script>\n<!-- \/ Yoast SEO plugin. -->","yoast_head_json":{"title":"Jer\u00f4nimo (PT) afirma que em parceria com Lula garantir\u00e1 aumento da oferta de emprego no estado - Portal MF","robots":{"index":"index","follow":"follow","max-snippet":"max-snippet:-1","max-image-preview":"max-image-preview:large","max-video-preview":"max-video-preview:-1"},"canonical":"https:\/\/portalmf.com.br\/index.php\/2022\/07\/28\/jeronimo-pt-afirma-que-em-parceria-com-lula-garantira-aumento-da-oferta-de-emprego-no-estado\/","og_locale":"pt_BR","og_type":"article","og_title":"Jer\u00f4nimo (PT) afirma que em parceria com Lula garantir\u00e1 aumento da oferta de emprego no estado - Portal MF","og_description":"Na contram\u00e3o do que defende o atual presidente da Rep\u00fablica e os seus aliados na Bahia, o pr\u00e9-candidato a governador do Estado pelo PT, Jer\u00f4nimo Rodrigues, afirmou que vai trabalhar para garantir o aumento da oferta de emprego no estado. \u201cA taxa de desemprego [no pa\u00eds] est\u00e1 muito alta\u201d, afirmou o petista, nesta quinta-feira (28), [&hellip;]","og_url":"https:\/\/portalmf.com.br\/index.php\/2022\/07\/28\/jeronimo-pt-afirma-que-em-parceria-com-lula-garantira-aumento-da-oferta-de-emprego-no-estado\/","og_site_name":"Portal MF","article_author":"reginaldojrfsa","article_published_time":"2022-07-28T13:05:00+00:00","article_modified_time":"2022-07-28T19:39:51+00:00","og_image":[{"width":1181,"height":765,"url":"https:\/\/portalmf.com.br\/wp-content\/uploads\/2022\/07\/WhatsApp-Image-2022-07-28-at-15.49.47.jpeg","type":"image\/jpeg"}],"author":"Reginaldo J\u00fanior","twitter_card":"summary_large_image","twitter_creator":"@reginaldojrmf","twitter_misc":{"Escrito por":"Reginaldo J\u00fanior","Est. tempo de leitura":"1 minuto"},"schema":{"@context":"https:\/\/schema.org","@graph":[{"@type":"WebPage","@id":"https:\/\/portalmf.com.br\/index.php\/2022\/07\/28\/jeronimo-pt-afirma-que-em-parceria-com-lula-garantira-aumento-da-oferta-de-emprego-no-estado\/","url":"https:\/\/portalmf.com.br\/index.php\/2022\/07\/28\/jeronimo-pt-afirma-que-em-parceria-com-lula-garantira-aumento-da-oferta-de-emprego-no-estado\/","name":"Jer\u00f4nimo (PT) afirma que em parceria com Lula garantir\u00e1 aumento da oferta de emprego no estado - Portal MF","isPartOf":{"@id":"https:\/\/portalmf.com.br\/#website"},"primaryImageOfPage":{"@id":"https:\/\/portalmf.com.br\/index.php\/2022\/07\/28\/jeronimo-pt-afirma-que-em-parceria-com-lula-garantira-aumento-da-oferta-de-emprego-no-estado\/#primaryimage"},"image":{"@id":"https:\/\/portalmf.com.br\/index.php\/2022\/07\/28\/jeronimo-pt-afirma-que-em-parceria-com-lula-garantira-aumento-da-oferta-de-emprego-no-estado\/#primaryimage"},"thumbnailUrl":"https:\/\/portalmf.com.br\/wp-content\/uploads\/2022\/07\/WhatsApp-Image-2022-07-28-at-15.49.47.jpeg","datePublished":"2022-07-28T13:05:00+00:00","dateModified":"2022-07-28T19:39:51+00:00","author":{"@id":"https:\/\/portalmf.com.br\/#\/schema\/person\/11c82086fe8abc05a19147e964587285"},"breadcrumb":{"@id":"https:\/\/portalmf.com.br\/index.php\/2022\/07\/28\/jeronimo-pt-afirma-que-em-parceria-com-lula-garantira-aumento-da-oferta-de-emprego-no-estado\/#breadcrumb"},"inLanguage":"pt-BR","potentialAction":[{"@type":"ReadAction","target":["https:\/\/portalmf.com.br\/index.php\/2022\/07\/28\/jeronimo-pt-afirma-que-em-parceria-com-lula-garantira-aumento-da-oferta-de-emprego-no-estado\/"]}]},{"@type":"ImageObject","inLanguage":"pt-BR","@id":"https:\/\/portalmf.com.br\/index.php\/2022\/07\/28\/jeronimo-pt-afirma-que-em-parceria-com-lula-garantira-aumento-da-oferta-de-emprego-no-estado\/#primaryimage","url":"https:\/\/portalmf.com.br\/wp-content\/uploads\/2022\/07\/WhatsApp-Image-2022-07-28-at-15.49.47.jpeg","contentUrl":"https:\/\/portalmf.com.br\/wp-content\/uploads\/2022\/07\/WhatsApp-Image-2022-07-28-at-15.49.47.jpeg","width":1181,"height":765},{"@type":"BreadcrumbList","@id":"https:\/\/portalmf.com.br\/index.php\/2022\/07\/28\/jeronimo-pt-afirma-que-em-parceria-com-lula-garantira-aumento-da-oferta-de-emprego-no-estado\/#breadcrumb","itemListElement":[{"@type":"ListItem","position":1,"name":"In\u00edcio","item":"https:\/\/portalmf.com.br\/"},{"@type":"ListItem","position":2,"name":"Jer\u00f4nimo (PT) afirma que em parceria com Lula garantir\u00e1 aumento da oferta de emprego no estado"}]},{"@type":"WebSite","@id":"https:\/\/portalmf.com.br\/#website","url":"https:\/\/portalmf.com.br\/","name":"Portal MF","description":"Voc\u00ea conectado com a informa\u00e7\u00e3o","potentialAction":[{"@type":"SearchAction","target":{"@type":"EntryPoint","urlTemplate":"https:\/\/portalmf.com.br\/?s={search_term_string}"},"query-input":"required name=search_term_string"}],"inLanguage":"pt-BR"},{"@type":"Person","@id":"https:\/\/portalmf.com.br\/#\/schema\/person\/11c82086fe8abc05a19147e964587285","name":"Reginaldo J\u00fanior","image":{"@type":"ImageObject","inLanguage":"pt-BR","@id":"https:\/\/portalmf.com.br\/#\/schema\/person\/image\/","url":"https:\/\/secure.gravatar.com\/avatar\/32a3c797cd0ac47cc53b8644c62776f9?s=96&d=mm&r=g","contentUrl":"https:\/\/secure.gravatar.com\/avatar\/32a3c797cd0ac47cc53b8644c62776f9?s=96&d=mm&r=g","caption":"Reginaldo J\u00fanior"},"description":"Jornalista e idealizador Portal MF","sameAs":["https:\/\/portalmf.com.br\/index.php\/author\/reginaldojr\/","reginaldojrfsa","reginaldojuniormf","https:\/\/x.com\/reginaldojrmf"],"url":"https:\/\/portalmf.com.br\/index.php\/author\/reginaldojr\/"}]}},"_links":{"self":[{"href":"https:\/\/portalmf.com.br\/index.php\/wp-json\/wp\/v2\/posts\/2272"}],"collection":[{"href":"https:\/\/portalmf.com.br\/index.php\/wp-json\/wp\/v2\/posts"}],"about":[{"href":"https:\/\/portalmf.com.br\/index.php\/wp-json\/wp\/v2\/types\/post"}],"author":[{"embeddable":true,"href":"https:\/\/portalmf.com.br\/index.php\/wp-json\/wp\/v2\/users\/2"}],"replies":[{"embeddable":true,"href":"https:\/\/portalmf.com.br\/index.php\/wp-json\/wp\/v2\/comments?post=2272"}],"version-history":[{"count":1,"href":"https:\/\/portalmf.com.br\/index.php\/wp-json\/wp\/v2\/posts\/2272\/revisions"}],"predecessor-version":[{"id":2274,"href":"https:\/\/portalmf.com.br\/index.php\/wp-json\/wp\/v2\/posts\/2272\/revisions\/2274"}],"wp:featuredmedia":[{"embeddable":true,"href":"https:\/\/portalmf.com.br\/index.php\/wp-json\/wp\/v2\/media\/2273"}],"wp:attachment":[{"href":"https:\/\/portalmf.com.br\/index.php\/wp-json\/wp\/v2\/media?parent=2272"}],"wp:term":[{"taxonomy":"category","embeddable":true,"href":"https:\/\/portalmf.com.br\/index.php\/wp-json\/wp\/v2\/categories?post=2272"},{"taxonomy":"post_tag","embeddable":true,"href":"https:\/\/portalmf.com.br\/index.php\/wp-json\/wp\/v2\/tags?post=2272"}],"curies":[{"name":"wp","href":"https:\/\/api.w.org\/{rel}","templated":true}]}}