{"id":2269,"date":"2022-07-28T16:09:01","date_gmt":"2022-07-28T19:09:01","guid":{"rendered":"http:\/\/portalmf.com.br\/?p=2269"},"modified":"2022-07-28T20:55:14","modified_gmt":"2022-07-28T23:55:14","slug":"prefeitura-confirma-cancelamento-da-micareta-de-feira-2022","status":"publish","type":"post","link":"https:\/\/portalmf.com.br\/index.php\/2022\/07\/28\/prefeitura-confirma-cancelamento-da-micareta-de-feira-2022\/","title":{"rendered":"Prefeitura confirma cancelamento da Micareta de Feira 2022"},"content":{"rendered":"\n<p>Levando em conta, principalmente, a nova onda da Covid-19, que fez quase 6 mil casos agora em julho, e a var\u00edola dos macacos, o prefeito Colbert Martins decidiu suspender a Micareta marcada para setembro pr\u00f3ximo.<\/p>\n\n\n\n<p>Em nota oficial, Colbert Martins salienta que a sa\u00fade p\u00fablica \u00e9 priorit\u00e1ria. \u201c<em>O lazer, a divers\u00e3o \u00e9 importante, a Micareta gera renda pra muita gente, mas nada disso adianta se n\u00e3o tivermos sa\u00fade. \u00c9 uma dif\u00edcil decis\u00e3o, mas como disse no in\u00edcio, \u00e9 uma quest\u00e3o de prioridade<\/em>\u201d, argumenta, em um trecho da nota.<\/p>\n\n\n\n<p><strong>Veja a \u00edntegra do an\u00fancio do prefeito: &nbsp;<\/strong><\/p>\n\n\n\n<p><em>A vida da gente \u00e9 feita de decis\u00f5es. Ser prefeito requer acima de tudo pensar na coletividade e principalmente estabelecer prioridades sempre que vamos tomar uma decis\u00e3o que afeta a nossa gente.<\/em><\/p>\n\n\n\n<p><em>Prioridades. Nesse momento com limite de gastos e ainda vivendo uma recupera\u00e7\u00e3o econ\u00f4mica, precisamos colocar o bem estar das pessoas em primeiro lugar.<\/em><\/p>\n\n\n\n<p><em>Mesmo com sintomas leves, para ao vacinados, estamos vivendo uma nova onda da covid. Somente neste m\u00eas de julho, tivemos oficialmente quase 6 mil casos em Feira de Santana. Um crescimento de 370 por cento em rela\u00e7\u00e3o a junho.<\/em><\/p>\n\n\n\n<p><em>Al\u00e9m disso, mesmo serem caso isolados, precisamos ficar atentos para outro problema: a popular var\u00edola dos macacos. A Organiza\u00e7\u00e3o Mundial de Sa\u00fade, inclusive, j\u00e1 declarou emerg\u00eancia mundial.<\/em><\/p>\n\n\n\n<p><em>Al\u00e9m de prefeito, sou m\u00e9dico e, portanto, minha responsabilidade em proteger, cuidar de nossa gente \u00e9 ainda maior. Sendo assim, decidimos suspender a nossa Micareta programada para Setembro.<\/em><\/p>\n\n\n\n<p><em>Entendo que o lazer, a divers\u00e3o \u00e9 importante. Sei que a Micareta gera renda pra muita gente, compreendo. \u00c9 uma dif\u00edcil decis\u00e3o, mas como disse no in\u00edcio, \u00e9 uma quest\u00e3o de prioridade. Muito obrigado.<\/em><\/p>\n\n\n\n<p>Com informa\u00e7\u00f5es da Secom<\/p>\n","protected":false},"excerpt":{"rendered":"<p>Em nota oficial, Colbert Martins salienta que a sa\u00fade p\u00fablica \u00e9 priorit\u00e1ria.<\/p>\n","protected":false},"author":2,"featured_media":2270,"comment_status":"open","ping_status":"open","sticky":false,"template":"","format":"standard","meta":{"_monsterinsights_skip_tracking":false,"_monsterinsights_sitenote_active":false,"_monsterinsights_sitenote_note":"","_monsterinsights_sitenote_category":0,"footnotes":""},"categories":[39],"tags":[],"yoast_head":"<!-- This site is optimized with the Yoast SEO plugin v22.9 - https:\/\/yoast.com\/wordpress\/plugins\/seo\/ -->\n<title>Prefeitura confirma cancelamento da Micareta de Feira 2022 - Portal MF<\/title>\n<meta name=\"robots\" content=\"index, follow, max-snippet:-1, max-image-preview:large, max-video-preview:-1\" \/>\n<link rel=\"canonical\" href=\"https:\/\/portalmf.com.br\/index.php\/2022\/07\/28\/prefeitura-confirma-cancelamento-da-micareta-de-feira-2022\/\" \/>\n<meta property=\"og:locale\" content=\"pt_BR\" \/>\n<meta property=\"og:type\" content=\"article\" \/>\n<meta property=\"og:title\" content=\"Prefeitura confirma cancelamento da Micareta de Feira 2022 - Portal MF\" \/>\n<meta property=\"og:description\" content=\"Em nota oficial, Colbert Martins salienta que a sa\u00fade p\u00fablica \u00e9 priorit\u00e1ria.\" \/>\n<meta property=\"og:url\" content=\"https:\/\/portalmf.com.br\/index.php\/2022\/07\/28\/prefeitura-confirma-cancelamento-da-micareta-de-feira-2022\/\" \/>\n<meta property=\"og:site_name\" content=\"Portal MF\" \/>\n<meta property=\"article:author\" content=\"reginaldojrfsa\" \/>\n<meta property=\"article:published_time\" content=\"2022-07-28T19:09:01+00:00\" \/>\n<meta property=\"article:modified_time\" content=\"2022-07-28T23:55:14+00:00\" \/>\n<meta property=\"og:image\" content=\"https:\/\/portalmf.com.br\/wp-content\/uploads\/2022\/07\/foto-arquivo-Portal-MF_2011.jpg\" \/>\n\t<meta property=\"og:image:width\" content=\"2000\" \/>\n\t<meta property=\"og:image:height\" content=\"1500\" \/>\n\t<meta property=\"og:image:type\" content=\"image\/jpeg\" \/>\n<meta name=\"author\" content=\"Reginaldo J\u00fanior\" \/>\n<meta name=\"twitter:card\" content=\"summary_large_image\" \/>\n<meta name=\"twitter:creator\" content=\"@reginaldojrmf\" \/>\n<meta name=\"twitter:label1\" content=\"Escrito por\" \/>\n\t<meta name=\"twitter:data1\" content=\"Reginaldo J\u00fanior\" \/>\n\t<meta name=\"twitter:label2\" content=\"Est. tempo de leitura\" \/>\n\t<meta name=\"twitter:data2\" content=\"2 minutos\" \/>\n<script type=\"application\/ld+json\" class=\"yoast-schema-graph\">{\"@context\":\"https:\/\/schema.org\",\"@graph\":[{\"@type\":\"WebPage\",\"@id\":\"https:\/\/portalmf.com.br\/index.php\/2022\/07\/28\/prefeitura-confirma-cancelamento-da-micareta-de-feira-2022\/\",\"url\":\"https:\/\/portalmf.com.br\/index.php\/2022\/07\/28\/prefeitura-confirma-cancelamento-da-micareta-de-feira-2022\/\",\"name\":\"Prefeitura confirma cancelamento da Micareta de Feira 2022 - Portal MF\",\"isPartOf\":{\"@id\":\"https:\/\/portalmf.com.br\/#website\"},\"primaryImageOfPage\":{\"@id\":\"https:\/\/portalmf.com.br\/index.php\/2022\/07\/28\/prefeitura-confirma-cancelamento-da-micareta-de-feira-2022\/#primaryimage\"},\"image\":{\"@id\":\"https:\/\/portalmf.com.br\/index.php\/2022\/07\/28\/prefeitura-confirma-cancelamento-da-micareta-de-feira-2022\/#primaryimage\"},\"thumbnailUrl\":\"https:\/\/portalmf.com.br\/wp-content\/uploads\/2022\/07\/foto-arquivo-Portal-MF_2011.jpg\",\"datePublished\":\"2022-07-28T19:09:01+00:00\",\"dateModified\":\"2022-07-28T23:55:14+00:00\",\"author\":{\"@id\":\"https:\/\/portalmf.com.br\/#\/schema\/person\/11c82086fe8abc05a19147e964587285\"},\"breadcrumb\":{\"@id\":\"https:\/\/portalmf.com.br\/index.php\/2022\/07\/28\/prefeitura-confirma-cancelamento-da-micareta-de-feira-2022\/#breadcrumb\"},\"inLanguage\":\"pt-BR\",\"potentialAction\":[{\"@type\":\"ReadAction\",\"target\":[\"https:\/\/portalmf.com.br\/index.php\/2022\/07\/28\/prefeitura-confirma-cancelamento-da-micareta-de-feira-2022\/\"]}]},{\"@type\":\"ImageObject\",\"inLanguage\":\"pt-BR\",\"@id\":\"https:\/\/portalmf.com.br\/index.php\/2022\/07\/28\/prefeitura-confirma-cancelamento-da-micareta-de-feira-2022\/#primaryimage\",\"url\":\"https:\/\/portalmf.com.br\/wp-content\/uploads\/2022\/07\/foto-arquivo-Portal-MF_2011.jpg\",\"contentUrl\":\"https:\/\/portalmf.com.br\/wp-content\/uploads\/2022\/07\/foto-arquivo-Portal-MF_2011.jpg\",\"width\":2000,\"height\":1500,\"caption\":\"Foto: Reginaldo J\u00fanior \/ Portal MF\"},{\"@type\":\"BreadcrumbList\",\"@id\":\"https:\/\/portalmf.com.br\/index.php\/2022\/07\/28\/prefeitura-confirma-cancelamento-da-micareta-de-feira-2022\/#breadcrumb\",\"itemListElement\":[{\"@type\":\"ListItem\",\"position\":1,\"name\":\"In\u00edcio\",\"item\":\"https:\/\/portalmf.com.br\/\"},{\"@type\":\"ListItem\",\"position\":2,\"name\":\"Prefeitura confirma cancelamento da Micareta de Feira 2022\"}]},{\"@type\":\"WebSite\",\"@id\":\"https:\/\/portalmf.com.br\/#website\",\"url\":\"https:\/\/portalmf.com.br\/\",\"name\":\"Portal MF\",\"description\":\"Voc\u00ea conectado com a informa\u00e7\u00e3o\",\"potentialAction\":[{\"@type\":\"SearchAction\",\"target\":{\"@type\":\"EntryPoint\",\"urlTemplate\":\"https:\/\/portalmf.com.br\/?s={search_term_string}\"},\"query-input\":\"required name=search_term_string\"}],\"inLanguage\":\"pt-BR\"},{\"@type\":\"Person\",\"@id\":\"https:\/\/portalmf.com.br\/#\/schema\/person\/11c82086fe8abc05a19147e964587285\",\"name\":\"Reginaldo J\u00fanior\",\"image\":{\"@type\":\"ImageObject\",\"inLanguage\":\"pt-BR\",\"@id\":\"https:\/\/portalmf.com.br\/#\/schema\/person\/image\/\",\"url\":\"https:\/\/secure.gravatar.com\/avatar\/32a3c797cd0ac47cc53b8644c62776f9?s=96&d=mm&r=g\",\"contentUrl\":\"https:\/\/secure.gravatar.com\/avatar\/32a3c797cd0ac47cc53b8644c62776f9?s=96&d=mm&r=g\",\"caption\":\"Reginaldo J\u00fanior\"},\"description\":\"Jornalista e idealizador Portal MF\",\"sameAs\":[\"https:\/\/portalmf.com.br\/index.php\/author\/reginaldojr\/\",\"reginaldojrfsa\",\"reginaldojuniormf\",\"https:\/\/x.com\/reginaldojrmf\"],\"url\":\"https:\/\/portalmf.com.br\/index.php\/author\/reginaldojr\/\"}]}<\/script>\n<!-- \/ Yoast SEO plugin. -->","yoast_head_json":{"title":"Prefeitura confirma cancelamento da Micareta de Feira 2022 - Portal MF","robots":{"index":"index","follow":"follow","max-snippet":"max-snippet:-1","max-image-preview":"max-image-preview:large","max-video-preview":"max-video-preview:-1"},"canonical":"https:\/\/portalmf.com.br\/index.php\/2022\/07\/28\/prefeitura-confirma-cancelamento-da-micareta-de-feira-2022\/","og_locale":"pt_BR","og_type":"article","og_title":"Prefeitura confirma cancelamento da Micareta de Feira 2022 - Portal MF","og_description":"Em nota oficial, Colbert Martins salienta que a sa\u00fade p\u00fablica \u00e9 priorit\u00e1ria.","og_url":"https:\/\/portalmf.com.br\/index.php\/2022\/07\/28\/prefeitura-confirma-cancelamento-da-micareta-de-feira-2022\/","og_site_name":"Portal MF","article_author":"reginaldojrfsa","article_published_time":"2022-07-28T19:09:01+00:00","article_modified_time":"2022-07-28T23:55:14+00:00","og_image":[{"width":2000,"height":1500,"url":"https:\/\/portalmf.com.br\/wp-content\/uploads\/2022\/07\/foto-arquivo-Portal-MF_2011.jpg","type":"image\/jpeg"}],"author":"Reginaldo J\u00fanior","twitter_card":"summary_large_image","twitter_creator":"@reginaldojrmf","twitter_misc":{"Escrito por":"Reginaldo J\u00fanior","Est. tempo de leitura":"2 minutos"},"schema":{"@context":"https:\/\/schema.org","@graph":[{"@type":"WebPage","@id":"https:\/\/portalmf.com.br\/index.php\/2022\/07\/28\/prefeitura-confirma-cancelamento-da-micareta-de-feira-2022\/","url":"https:\/\/portalmf.com.br\/index.php\/2022\/07\/28\/prefeitura-confirma-cancelamento-da-micareta-de-feira-2022\/","name":"Prefeitura confirma cancelamento da Micareta de Feira 2022 - Portal MF","isPartOf":{"@id":"https:\/\/portalmf.com.br\/#website"},"primaryImageOfPage":{"@id":"https:\/\/portalmf.com.br\/index.php\/2022\/07\/28\/prefeitura-confirma-cancelamento-da-micareta-de-feira-2022\/#primaryimage"},"image":{"@id":"https:\/\/portalmf.com.br\/index.php\/2022\/07\/28\/prefeitura-confirma-cancelamento-da-micareta-de-feira-2022\/#primaryimage"},"thumbnailUrl":"https:\/\/portalmf.com.br\/wp-content\/uploads\/2022\/07\/foto-arquivo-Portal-MF_2011.jpg","datePublished":"2022-07-28T19:09:01+00:00","dateModified":"2022-07-28T23:55:14+00:00","author":{"@id":"https:\/\/portalmf.com.br\/#\/schema\/person\/11c82086fe8abc05a19147e964587285"},"breadcrumb":{"@id":"https:\/\/portalmf.com.br\/index.php\/2022\/07\/28\/prefeitura-confirma-cancelamento-da-micareta-de-feira-2022\/#breadcrumb"},"inLanguage":"pt-BR","potentialAction":[{"@type":"ReadAction","target":["https:\/\/portalmf.com.br\/index.php\/2022\/07\/28\/prefeitura-confirma-cancelamento-da-micareta-de-feira-2022\/"]}]},{"@type":"ImageObject","inLanguage":"pt-BR","@id":"https:\/\/portalmf.com.br\/index.php\/2022\/07\/28\/prefeitura-confirma-cancelamento-da-micareta-de-feira-2022\/#primaryimage","url":"https:\/\/portalmf.com.br\/wp-content\/uploads\/2022\/07\/foto-arquivo-Portal-MF_2011.jpg","contentUrl":"https:\/\/portalmf.com.br\/wp-content\/uploads\/2022\/07\/foto-arquivo-Portal-MF_2011.jpg","width":2000,"height":1500,"caption":"Foto: Reginaldo J\u00fanior \/ Portal MF"},{"@type":"BreadcrumbList","@id":"https:\/\/portalmf.com.br\/index.php\/2022\/07\/28\/prefeitura-confirma-cancelamento-da-micareta-de-feira-2022\/#breadcrumb","itemListElement":[{"@type":"ListItem","position":1,"name":"In\u00edcio","item":"https:\/\/portalmf.com.br\/"},{"@type":"ListItem","position":2,"name":"Prefeitura confirma cancelamento da Micareta de Feira 2022"}]},{"@type":"WebSite","@id":"https:\/\/portalmf.com.br\/#website","url":"https:\/\/portalmf.com.br\/","name":"Portal MF","description":"Voc\u00ea conectado com a informa\u00e7\u00e3o","potentialAction":[{"@type":"SearchAction","target":{"@type":"EntryPoint","urlTemplate":"https:\/\/portalmf.com.br\/?s={search_term_string}"},"query-input":"required name=search_term_string"}],"inLanguage":"pt-BR"},{"@type":"Person","@id":"https:\/\/portalmf.com.br\/#\/schema\/person\/11c82086fe8abc05a19147e964587285","name":"Reginaldo J\u00fanior","image":{"@type":"ImageObject","inLanguage":"pt-BR","@id":"https:\/\/portalmf.com.br\/#\/schema\/person\/image\/","url":"https:\/\/secure.gravatar.com\/avatar\/32a3c797cd0ac47cc53b8644c62776f9?s=96&d=mm&r=g","contentUrl":"https:\/\/secure.gravatar.com\/avatar\/32a3c797cd0ac47cc53b8644c62776f9?s=96&d=mm&r=g","caption":"Reginaldo J\u00fanior"},"description":"Jornalista e idealizador Portal MF","sameAs":["https:\/\/portalmf.com.br\/index.php\/author\/reginaldojr\/","reginaldojrfsa","reginaldojuniormf","https:\/\/x.com\/reginaldojrmf"],"url":"https:\/\/portalmf.com.br\/index.php\/author\/reginaldojr\/"}]}},"_links":{"self":[{"href":"https:\/\/portalmf.com.br\/index.php\/wp-json\/wp\/v2\/posts\/2269"}],"collection":[{"href":"https:\/\/portalmf.com.br\/index.php\/wp-json\/wp\/v2\/posts"}],"about":[{"href":"https:\/\/portalmf.com.br\/index.php\/wp-json\/wp\/v2\/types\/post"}],"author":[{"embeddable":true,"href":"https:\/\/portalmf.com.br\/index.php\/wp-json\/wp\/v2\/users\/2"}],"replies":[{"embeddable":true,"href":"https:\/\/portalmf.com.br\/index.php\/wp-json\/wp\/v2\/comments?post=2269"}],"version-history":[{"count":2,"href":"https:\/\/portalmf.com.br\/index.php\/wp-json\/wp\/v2\/posts\/2269\/revisions"}],"predecessor-version":[{"id":2299,"href":"https:\/\/portalmf.com.br\/index.php\/wp-json\/wp\/v2\/posts\/2269\/revisions\/2299"}],"wp:featuredmedia":[{"embeddable":true,"href":"https:\/\/portalmf.com.br\/index.php\/wp-json\/wp\/v2\/media\/2270"}],"wp:attachment":[{"href":"https:\/\/portalmf.com.br\/index.php\/wp-json\/wp\/v2\/media?parent=2269"}],"wp:term":[{"taxonomy":"category","embeddable":true,"href":"https:\/\/portalmf.com.br\/index.php\/wp-json\/wp\/v2\/categories?post=2269"},{"taxonomy":"post_tag","embeddable":true,"href":"https:\/\/portalmf.com.br\/index.php\/wp-json\/wp\/v2\/tags?post=2269"}],"curies":[{"name":"wp","href":"https:\/\/api.w.org\/{rel}","templated":true}]}}