{"id":22689,"date":"2024-01-26T13:59:57","date_gmt":"2024-01-26T16:59:57","guid":{"rendered":"https:\/\/portalmf.com.br\/?p=22689"},"modified":"2024-01-26T14:29:41","modified_gmt":"2024-01-26T17:29:41","slug":"guga-meyra-e-o-novo-vocalista-da-banda-duas-medidas","status":"publish","type":"post","link":"https:\/\/portalmf.com.br\/index.php\/2024\/01\/26\/guga-meyra-e-o-novo-vocalista-da-banda-duas-medidas\/","title":{"rendered":"Guga Meyra \u00e9 o novo vocalista da banda Duas Medidas"},"content":{"rendered":"\n<p>O Carnaval ainda n\u00e3o chegou, mas as novidades ligadas \u00e0 festa n\u00e3o param de surpreender! A mais recente delas acaba de ser divulgada: no ano em que comemora 15 anos de funda\u00e7\u00e3o, a banda Duas Medidas est\u00e1 de volta; agora sob o comando do cantor Guga Meyra.<\/p>\n\n\n\n<p><em>\u201cEstou muito feliz! A Duas Medidas \u00e9 uma banda que fez parte da minha vida, fui a muitos shows deles e sempre acompanhei o trabalho como f\u00e3. Tive tamb\u00e9m a oportunidade de dividir palco com eles enquanto estava em carreira solo e, al\u00e9m de f\u00e3, virei amigo de Lincoln e de todos os outros integrantes, o que torna tudo ainda mais gratificante! Sem d\u00favidas, foi uma banda que serviu de refer\u00eancia e influenciou muito quem eu sou como artista\u201d,<\/em> conta Guga.<br><br>A estreia da nova forma\u00e7\u00e3o, Guga Meyra &amp; Duas Medidas, ser\u00e1 em pleno Carnaval de Salvador, com apresenta\u00e7\u00f5es nos principais camarotes e palcos da folia.<\/p>\n\n\n\n<p><em>\u00a0\u201cEstrear no carnaval vai ser bastante especial! Tenho certeza de que essa nova parceria ser\u00e1 de muita dedica\u00e7\u00e3o, trabalho, m\u00fasicas, boas energias e, se Deus quiser, muito sucesso!\u201d,<\/em> diz o novo vocalista.<br><br>Trenzinho da Sacanagem, La Raba, Pared\u00e3o das Amigas, Rabet\u00e3o no Pared\u00e3o, Festa no Ap\u00ea e Carnavrau s\u00e3o apenas alguns dos in\u00fameros sucessos da banda Duas Medidas, criada originalmente em 2009 e que ficou conhecida nacionalmente pela musicalidade que \u00e9 a cara da Bahia. Com o pagod\u00e3o \u2013 estilo que ser\u00e1 mantido na nova forma\u00e7\u00e3o, o grupo desbravou o Brasil. Lotou shows nos quatro cantos, foi destaque em apresenta\u00e7\u00f5es dentro dos melhores camarotes, blocos e festivais. Em Salvador, ganhou premia\u00e7\u00f5es importantes ao longo dos anos, como banda revela\u00e7\u00e3o do Carnaval, m\u00fasica destaque e conquistou os cora\u00e7\u00f5es n\u00e3o s\u00f3 do p\u00fablico, mas dos outros artistas e personalidades como apresentadores de televis\u00e3o e influenciadores.<br><br>Guga Meyra &amp; Duas Medidas ser\u00e1 um produto gerido pela Crown Produ\u00e7\u00f5es, do empres\u00e1rio Neto Sandes, com apoio da Penta Entretenimento.<\/p>\n\n\n\n<p><strong>Conhe\u00e7a Guga Meyra<br><br><\/strong>Artista da nov\u00edssima gera\u00e7\u00e3o da m\u00fasica baiana, Guga Meyra come\u00e7ou cedo. Aos 13 anos gravou o primeiro clipe e aos 24, idade atual, j\u00e1 traz na bagagem cinco CD\u00b4s gravados, quatro deles ao vivo e um de carreira &#8211; com m\u00fasicas in\u00e9ditas e autorais &#8211; diversos singles em suas plataformas digitais, al\u00e9m de participar, desde 2016, do Carnaval de Salvador. Em 2018, estreou no Carnaval de S\u00e3o Paulo, no Bloco do Seu Z\u00e9, na Avenida Faria Lima, e repetiu a dose em 2019, na Avenida Lu\u00eds Carlos Berrini. J\u00e1 teve tamb\u00e9m sua primeira experi\u00eancia internacional, com um show realizado no Hard Rock Caf\u00e9, em Orlando, nos Estados Unidos.<\/p>\n\n\n\n<p>O artista se destaca tamb\u00e9m no meio da composi\u00e7\u00e3o. J\u00e1 emplacou m\u00fasicas de sua autoria em grandes nomes do mercado nacional, como L\u00e9o Santana, Gusttavo Lima, Ludmila, Menos \u00e9 Mais, Xand Avi\u00e3o, Alok, Murillo Huff, Melody, Psirico, Eric Land, Jonas Esticado, dentre outros.<\/p>\n","protected":false},"excerpt":{"rendered":"<p>O Carnaval ainda n\u00e3o chegou, mas as novidades ligadas \u00e0 festa n\u00e3o param de surpreender! A mais recente delas acaba de ser divulgada: no ano em que comemora 15 anos de funda\u00e7\u00e3o, a banda Duas Medidas est\u00e1 de volta; agora sob o comando do cantor Guga Meyra. \u201cEstou muito feliz! A Duas Medidas \u00e9 uma [&hellip;]<\/p>\n","protected":false},"author":3,"featured_media":22692,"comment_status":"open","ping_status":"open","sticky":false,"template":"","format":"standard","meta":{"_monsterinsights_skip_tracking":false,"_monsterinsights_sitenote_active":false,"_monsterinsights_sitenote_note":"","_monsterinsights_sitenote_category":0,"footnotes":""},"categories":[48,36],"tags":[343,76,97,342,341],"yoast_head":"<!-- This site is optimized with the Yoast SEO plugin v22.9 - https:\/\/yoast.com\/wordpress\/plugins\/seo\/ -->\n<title>Guga Meyra \u00e9 o novo vocalista da banda Duas Medidas - Portal MF<\/title>\n<meta name=\"robots\" content=\"index, follow, max-snippet:-1, max-image-preview:large, max-video-preview:-1\" \/>\n<link rel=\"canonical\" href=\"https:\/\/portalmf.com.br\/index.php\/2024\/01\/26\/guga-meyra-e-o-novo-vocalista-da-banda-duas-medidas\/\" \/>\n<meta property=\"og:locale\" content=\"pt_BR\" \/>\n<meta property=\"og:type\" content=\"article\" \/>\n<meta property=\"og:title\" content=\"Guga Meyra \u00e9 o novo vocalista da banda Duas Medidas - Portal MF\" \/>\n<meta property=\"og:description\" content=\"O Carnaval ainda n\u00e3o chegou, mas as novidades ligadas \u00e0 festa n\u00e3o param de surpreender! A mais recente delas acaba de ser divulgada: no ano em que comemora 15 anos de funda\u00e7\u00e3o, a banda Duas Medidas est\u00e1 de volta; agora sob o comando do cantor Guga Meyra. \u201cEstou muito feliz! A Duas Medidas \u00e9 uma [&hellip;]\" \/>\n<meta property=\"og:url\" content=\"https:\/\/portalmf.com.br\/index.php\/2024\/01\/26\/guga-meyra-e-o-novo-vocalista-da-banda-duas-medidas\/\" \/>\n<meta property=\"og:site_name\" content=\"Portal MF\" \/>\n<meta property=\"article:author\" content=\"https:\/\/www.facebook.com\/portalmfoficial\" \/>\n<meta property=\"article:published_time\" content=\"2024-01-26T16:59:57+00:00\" \/>\n<meta property=\"article:modified_time\" content=\"2024-01-26T17:29:41+00:00\" \/>\n<meta property=\"og:image\" content=\"https:\/\/portalmf.com.br\/wp-content\/uploads\/2024\/01\/Guga-Meyra-acaba-de-assumir-os-vocais-da-Duas-Medidas-1.jpg\" \/>\n\t<meta property=\"og:image:width\" content=\"1329\" \/>\n\t<meta property=\"og:image:height\" content=\"941\" \/>\n\t<meta property=\"og:image:type\" content=\"image\/jpeg\" \/>\n<meta name=\"author\" content=\"Reda\u00e7\u00e3o Portal MF\" \/>\n<meta name=\"twitter:card\" content=\"summary_large_image\" \/>\n<meta name=\"twitter:creator\" content=\"@https:\/\/x.com\/portalmfoficial\" \/>\n<meta name=\"twitter:label1\" content=\"Escrito por\" \/>\n\t<meta name=\"twitter:data1\" content=\"Reda\u00e7\u00e3o Portal MF\" \/>\n\t<meta name=\"twitter:label2\" content=\"Est. tempo de leitura\" \/>\n\t<meta name=\"twitter:data2\" content=\"3 minutos\" \/>\n<script type=\"application\/ld+json\" class=\"yoast-schema-graph\">{\"@context\":\"https:\/\/schema.org\",\"@graph\":[{\"@type\":\"WebPage\",\"@id\":\"https:\/\/portalmf.com.br\/index.php\/2024\/01\/26\/guga-meyra-e-o-novo-vocalista-da-banda-duas-medidas\/\",\"url\":\"https:\/\/portalmf.com.br\/index.php\/2024\/01\/26\/guga-meyra-e-o-novo-vocalista-da-banda-duas-medidas\/\",\"name\":\"Guga Meyra \u00e9 o novo vocalista da banda Duas Medidas - Portal MF\",\"isPartOf\":{\"@id\":\"https:\/\/portalmf.com.br\/#website\"},\"primaryImageOfPage\":{\"@id\":\"https:\/\/portalmf.com.br\/index.php\/2024\/01\/26\/guga-meyra-e-o-novo-vocalista-da-banda-duas-medidas\/#primaryimage\"},\"image\":{\"@id\":\"https:\/\/portalmf.com.br\/index.php\/2024\/01\/26\/guga-meyra-e-o-novo-vocalista-da-banda-duas-medidas\/#primaryimage\"},\"thumbnailUrl\":\"https:\/\/portalmf.com.br\/wp-content\/uploads\/2024\/01\/Guga-Meyra-acaba-de-assumir-os-vocais-da-Duas-Medidas-1.jpg\",\"datePublished\":\"2024-01-26T16:59:57+00:00\",\"dateModified\":\"2024-01-26T17:29:41+00:00\",\"author\":{\"@id\":\"https:\/\/portalmf.com.br\/#\/schema\/person\/9ec101baf56233e53520c26de5d6f6f0\"},\"breadcrumb\":{\"@id\":\"https:\/\/portalmf.com.br\/index.php\/2024\/01\/26\/guga-meyra-e-o-novo-vocalista-da-banda-duas-medidas\/#breadcrumb\"},\"inLanguage\":\"pt-BR\",\"potentialAction\":[{\"@type\":\"ReadAction\",\"target\":[\"https:\/\/portalmf.com.br\/index.php\/2024\/01\/26\/guga-meyra-e-o-novo-vocalista-da-banda-duas-medidas\/\"]}]},{\"@type\":\"ImageObject\",\"inLanguage\":\"pt-BR\",\"@id\":\"https:\/\/portalmf.com.br\/index.php\/2024\/01\/26\/guga-meyra-e-o-novo-vocalista-da-banda-duas-medidas\/#primaryimage\",\"url\":\"https:\/\/portalmf.com.br\/wp-content\/uploads\/2024\/01\/Guga-Meyra-acaba-de-assumir-os-vocais-da-Duas-Medidas-1.jpg\",\"contentUrl\":\"https:\/\/portalmf.com.br\/wp-content\/uploads\/2024\/01\/Guga-Meyra-acaba-de-assumir-os-vocais-da-Duas-Medidas-1.jpg\",\"width\":1329,\"height\":941},{\"@type\":\"BreadcrumbList\",\"@id\":\"https:\/\/portalmf.com.br\/index.php\/2024\/01\/26\/guga-meyra-e-o-novo-vocalista-da-banda-duas-medidas\/#breadcrumb\",\"itemListElement\":[{\"@type\":\"ListItem\",\"position\":1,\"name\":\"In\u00edcio\",\"item\":\"https:\/\/portalmf.com.br\/\"},{\"@type\":\"ListItem\",\"position\":2,\"name\":\"Guga Meyra \u00e9 o novo vocalista da banda Duas Medidas\"}]},{\"@type\":\"WebSite\",\"@id\":\"https:\/\/portalmf.com.br\/#website\",\"url\":\"https:\/\/portalmf.com.br\/\",\"name\":\"Portal MF\",\"description\":\"Voc\u00ea conectado com a informa\u00e7\u00e3o\",\"potentialAction\":[{\"@type\":\"SearchAction\",\"target\":{\"@type\":\"EntryPoint\",\"urlTemplate\":\"https:\/\/portalmf.com.br\/?s={search_term_string}\"},\"query-input\":\"required name=search_term_string\"}],\"inLanguage\":\"pt-BR\"},{\"@type\":\"Person\",\"@id\":\"https:\/\/portalmf.com.br\/#\/schema\/person\/9ec101baf56233e53520c26de5d6f6f0\",\"name\":\"Reda\u00e7\u00e3o Portal MF\",\"image\":{\"@type\":\"ImageObject\",\"inLanguage\":\"pt-BR\",\"@id\":\"https:\/\/portalmf.com.br\/#\/schema\/person\/image\/\",\"url\":\"https:\/\/secure.gravatar.com\/avatar\/41b9aaeb2100835f7c64362330f74c7f?s=96&d=mm&r=g\",\"contentUrl\":\"https:\/\/secure.gravatar.com\/avatar\/41b9aaeb2100835f7c64362330f74c7f?s=96&d=mm&r=g\",\"caption\":\"Reda\u00e7\u00e3o Portal MF\"},\"description\":\"Sejam bem-vindos o portal de informa\u00e7\u00f5es de entretenimento de Feira de Santana, desde 2006 realiza coberturas dos principais eventos com entrevistas exclusivas com as principais personalidades mundiais. Fique conectado tamb\u00e9m nas redes sociais.\",\"sameAs\":[\"http:\/\/www.portalmf.com.br\/\",\"https:\/\/www.facebook.com\/portalmfoficial\",\"https:\/\/www.instagram.com\/portalmf\/\",\"https:\/\/x.com\/https:\/\/x.com\/portalmfoficial\",\"https:\/\/www.youtube.com\/@portalmfoficial\"],\"url\":\"https:\/\/portalmf.com.br\/index.php\/author\/junior\/\"}]}<\/script>\n<!-- \/ Yoast SEO plugin. -->","yoast_head_json":{"title":"Guga Meyra \u00e9 o novo vocalista da banda Duas Medidas - Portal MF","robots":{"index":"index","follow":"follow","max-snippet":"max-snippet:-1","max-image-preview":"max-image-preview:large","max-video-preview":"max-video-preview:-1"},"canonical":"https:\/\/portalmf.com.br\/index.php\/2024\/01\/26\/guga-meyra-e-o-novo-vocalista-da-banda-duas-medidas\/","og_locale":"pt_BR","og_type":"article","og_title":"Guga Meyra \u00e9 o novo vocalista da banda Duas Medidas - Portal MF","og_description":"O Carnaval ainda n\u00e3o chegou, mas as novidades ligadas \u00e0 festa n\u00e3o param de surpreender! A mais recente delas acaba de ser divulgada: no ano em que comemora 15 anos de funda\u00e7\u00e3o, a banda Duas Medidas est\u00e1 de volta; agora sob o comando do cantor Guga Meyra. \u201cEstou muito feliz! A Duas Medidas \u00e9 uma [&hellip;]","og_url":"https:\/\/portalmf.com.br\/index.php\/2024\/01\/26\/guga-meyra-e-o-novo-vocalista-da-banda-duas-medidas\/","og_site_name":"Portal MF","article_author":"https:\/\/www.facebook.com\/portalmfoficial","article_published_time":"2024-01-26T16:59:57+00:00","article_modified_time":"2024-01-26T17:29:41+00:00","og_image":[{"width":1329,"height":941,"url":"https:\/\/portalmf.com.br\/wp-content\/uploads\/2024\/01\/Guga-Meyra-acaba-de-assumir-os-vocais-da-Duas-Medidas-1.jpg","type":"image\/jpeg"}],"author":"Reda\u00e7\u00e3o Portal MF","twitter_card":"summary_large_image","twitter_creator":"@https:\/\/x.com\/portalmfoficial","twitter_misc":{"Escrito por":"Reda\u00e7\u00e3o Portal MF","Est. tempo de leitura":"3 minutos"},"schema":{"@context":"https:\/\/schema.org","@graph":[{"@type":"WebPage","@id":"https:\/\/portalmf.com.br\/index.php\/2024\/01\/26\/guga-meyra-e-o-novo-vocalista-da-banda-duas-medidas\/","url":"https:\/\/portalmf.com.br\/index.php\/2024\/01\/26\/guga-meyra-e-o-novo-vocalista-da-banda-duas-medidas\/","name":"Guga Meyra \u00e9 o novo vocalista da banda Duas Medidas - Portal MF","isPartOf":{"@id":"https:\/\/portalmf.com.br\/#website"},"primaryImageOfPage":{"@id":"https:\/\/portalmf.com.br\/index.php\/2024\/01\/26\/guga-meyra-e-o-novo-vocalista-da-banda-duas-medidas\/#primaryimage"},"image":{"@id":"https:\/\/portalmf.com.br\/index.php\/2024\/01\/26\/guga-meyra-e-o-novo-vocalista-da-banda-duas-medidas\/#primaryimage"},"thumbnailUrl":"https:\/\/portalmf.com.br\/wp-content\/uploads\/2024\/01\/Guga-Meyra-acaba-de-assumir-os-vocais-da-Duas-Medidas-1.jpg","datePublished":"2024-01-26T16:59:57+00:00","dateModified":"2024-01-26T17:29:41+00:00","author":{"@id":"https:\/\/portalmf.com.br\/#\/schema\/person\/9ec101baf56233e53520c26de5d6f6f0"},"breadcrumb":{"@id":"https:\/\/portalmf.com.br\/index.php\/2024\/01\/26\/guga-meyra-e-o-novo-vocalista-da-banda-duas-medidas\/#breadcrumb"},"inLanguage":"pt-BR","potentialAction":[{"@type":"ReadAction","target":["https:\/\/portalmf.com.br\/index.php\/2024\/01\/26\/guga-meyra-e-o-novo-vocalista-da-banda-duas-medidas\/"]}]},{"@type":"ImageObject","inLanguage":"pt-BR","@id":"https:\/\/portalmf.com.br\/index.php\/2024\/01\/26\/guga-meyra-e-o-novo-vocalista-da-banda-duas-medidas\/#primaryimage","url":"https:\/\/portalmf.com.br\/wp-content\/uploads\/2024\/01\/Guga-Meyra-acaba-de-assumir-os-vocais-da-Duas-Medidas-1.jpg","contentUrl":"https:\/\/portalmf.com.br\/wp-content\/uploads\/2024\/01\/Guga-Meyra-acaba-de-assumir-os-vocais-da-Duas-Medidas-1.jpg","width":1329,"height":941},{"@type":"BreadcrumbList","@id":"https:\/\/portalmf.com.br\/index.php\/2024\/01\/26\/guga-meyra-e-o-novo-vocalista-da-banda-duas-medidas\/#breadcrumb","itemListElement":[{"@type":"ListItem","position":1,"name":"In\u00edcio","item":"https:\/\/portalmf.com.br\/"},{"@type":"ListItem","position":2,"name":"Guga Meyra \u00e9 o novo vocalista da banda Duas Medidas"}]},{"@type":"WebSite","@id":"https:\/\/portalmf.com.br\/#website","url":"https:\/\/portalmf.com.br\/","name":"Portal MF","description":"Voc\u00ea conectado com a informa\u00e7\u00e3o","potentialAction":[{"@type":"SearchAction","target":{"@type":"EntryPoint","urlTemplate":"https:\/\/portalmf.com.br\/?s={search_term_string}"},"query-input":"required name=search_term_string"}],"inLanguage":"pt-BR"},{"@type":"Person","@id":"https:\/\/portalmf.com.br\/#\/schema\/person\/9ec101baf56233e53520c26de5d6f6f0","name":"Reda\u00e7\u00e3o Portal MF","image":{"@type":"ImageObject","inLanguage":"pt-BR","@id":"https:\/\/portalmf.com.br\/#\/schema\/person\/image\/","url":"https:\/\/secure.gravatar.com\/avatar\/41b9aaeb2100835f7c64362330f74c7f?s=96&d=mm&r=g","contentUrl":"https:\/\/secure.gravatar.com\/avatar\/41b9aaeb2100835f7c64362330f74c7f?s=96&d=mm&r=g","caption":"Reda\u00e7\u00e3o Portal MF"},"description":"Sejam bem-vindos o portal de informa\u00e7\u00f5es de entretenimento de Feira de Santana, desde 2006 realiza coberturas dos principais eventos com entrevistas exclusivas com as principais personalidades mundiais. Fique conectado tamb\u00e9m nas redes sociais.","sameAs":["http:\/\/www.portalmf.com.br\/","https:\/\/www.facebook.com\/portalmfoficial","https:\/\/www.instagram.com\/portalmf\/","https:\/\/x.com\/https:\/\/x.com\/portalmfoficial","https:\/\/www.youtube.com\/@portalmfoficial"],"url":"https:\/\/portalmf.com.br\/index.php\/author\/junior\/"}]}},"_links":{"self":[{"href":"https:\/\/portalmf.com.br\/index.php\/wp-json\/wp\/v2\/posts\/22689"}],"collection":[{"href":"https:\/\/portalmf.com.br\/index.php\/wp-json\/wp\/v2\/posts"}],"about":[{"href":"https:\/\/portalmf.com.br\/index.php\/wp-json\/wp\/v2\/types\/post"}],"author":[{"embeddable":true,"href":"https:\/\/portalmf.com.br\/index.php\/wp-json\/wp\/v2\/users\/3"}],"replies":[{"embeddable":true,"href":"https:\/\/portalmf.com.br\/index.php\/wp-json\/wp\/v2\/comments?post=22689"}],"version-history":[{"count":1,"href":"https:\/\/portalmf.com.br\/index.php\/wp-json\/wp\/v2\/posts\/22689\/revisions"}],"predecessor-version":[{"id":22691,"href":"https:\/\/portalmf.com.br\/index.php\/wp-json\/wp\/v2\/posts\/22689\/revisions\/22691"}],"wp:featuredmedia":[{"embeddable":true,"href":"https:\/\/portalmf.com.br\/index.php\/wp-json\/wp\/v2\/media\/22692"}],"wp:attachment":[{"href":"https:\/\/portalmf.com.br\/index.php\/wp-json\/wp\/v2\/media?parent=22689"}],"wp:term":[{"taxonomy":"category","embeddable":true,"href":"https:\/\/portalmf.com.br\/index.php\/wp-json\/wp\/v2\/categories?post=22689"},{"taxonomy":"post_tag","embeddable":true,"href":"https:\/\/portalmf.com.br\/index.php\/wp-json\/wp\/v2\/tags?post=22689"}],"curies":[{"name":"wp","href":"https:\/\/api.w.org\/{rel}","templated":true}]}}