{"id":22662,"date":"2024-01-25T18:18:47","date_gmt":"2024-01-25T21:18:47","guid":{"rendered":"https:\/\/portalmf.com.br\/?p=22662"},"modified":"2024-01-25T18:18:48","modified_gmt":"2024-01-25T21:18:48","slug":"governo-da-bahia-reforca-assistencia-a-saude-no-carnaval","status":"publish","type":"post","link":"https:\/\/portalmf.com.br\/index.php\/2024\/01\/25\/governo-da-bahia-reforca-assistencia-a-saude-no-carnaval\/","title":{"rendered":"Governo da Bahia refor\u00e7a assist\u00eancia \u00e0 sa\u00fade no Carnaval"},"content":{"rendered":"\n<p>O foli\u00e3o que estiver nos circuitos do Carnaval da Bahia &#8211; na capital, em Porto Seguro e em Ilh\u00e9us \u2013 contar\u00e1 com a assist\u00eancia a sa\u00fade fortalecida. O Governo da Bahia, por meio da Secretaria da Sa\u00fade do Estado, ir\u00e1 refor\u00e7ar as equipes m\u00e9dicas, de enfermagem e administrativa e elevar o estoque de medicamentos e insumos nas unidades de sa\u00fade. Al\u00e9m disso, a popula\u00e7\u00e3o contar\u00e1 com o Servi\u00e7o de Atendimento \u00e0s Mulheres Expostas \u00e0 Viol\u00eancia Sexual (AME), no Hospital da Mulher, e ter\u00e1 o Centro de Atendimento a M\u00faltiplas V\u00edtimas do Hospital Geral do Estado (HGE) de prontid\u00e3o para qualquer acidente grave.<\/p>\n\n\n\n<p><em>\u201cTemos consci\u00eancia do tamanho do Carnaval, da quantidade de baianos e turistas que ir\u00e3o curtir a festa e da nossa responsabilidade com a sa\u00fade de todos. O Governo do Estado e a Sesab n\u00e3o est\u00e3o medindo esfor\u00e7os para que o foli\u00e3o possa aproveitar a maior festa do mundo com tranquilidade, sabendo que, se precisar, ter\u00e1 assist\u00eancia \u00e0 sa\u00fade qualificada \u00e0 sua disposi\u00e7\u00e3o\u201d<\/em>, garante a secret\u00e1ria da Sa\u00fade, Roberta Santana.<\/p>\n\n\n\n<p>Em Salvador, o refor\u00e7o acontecer\u00e1 em quatro dos principais hospitais da capital, o HGE, o Hospital Geral Roberto Santos (HGRS), Hospital Geral Ernesto Sim\u00f5es Filho (HGESF) e o Hospital do Sub\u00farbio (HS), al\u00e9m de descentraliza\u00e7\u00e3o do atendimento, com fortalecimento da assist\u00eancia nas unidades de emerg\u00eancia de Piraj\u00e1, de Cajazeiras e do Curuzu na Unidade de Pronto Atendimento (UPA) de S\u00e3o Caetano.<\/p>\n\n\n\n<p>No interior, a popula\u00e7\u00e3o ter\u00e1 o refor\u00e7o na assist\u00eancia no Hospital Regional Deputado Lu\u00eds Eduardo Magalh\u00e3es, em Porto Seguro, e no Hospital Regional Costa do Cacau e no Hospital Materno-Infantil Joaquim Sampaio, ambos em Ilh\u00e9us. Em todas as unidades assistenciais citadas, haver\u00e1 fiscaliza\u00e7\u00e3o da Corregedoria da Sa\u00fade para verificar o cumprimento das escalas e jornadas de trabalho e aplicar poss\u00edveis a\u00e7\u00f5es correcionais.<\/p>\n\n\n\n<h2 class=\"wp-block-heading\">Assist\u00eancia a v\u00edtimas de abuso<\/h2>\n\n\n\n<p>No Hospital da Mulher, o Servi\u00e7o de Atendimento \u00e0s Mulheres Expostas \u00e0 Viol\u00eancia Sexual (AME) funcionar\u00e1 24h no Carnaval para mulheres, adolescentes e trans a partir de 12 anos que sejam expostas a situa\u00e7\u00f5es de abusos e viol\u00eancia sexual. A unidade contar\u00e1 com uma equipe multiprofissional composta por m\u00e9dicos ginecologistas, enfermeiros, assistentes sociais, psic\u00f3logos e farmac\u00eauticos.<\/p>\n\n\n\n<h2 class=\"wp-block-heading\">Emerg\u00eancia de m\u00faltiplas v\u00edtimas<\/h2>\n\n\n\n<p>Durante a folia, o HGE contar\u00e1 com o plant\u00e3o do Centro de Atendimento a M\u00faltiplas V\u00edtimas. A equipe de plant\u00e3o ser\u00e1 acionada em caso de desastres ou emerg\u00eancia com m\u00faltiplas v\u00edtimas, com capacidade de receber e tratar mais de 35 v\u00edtimas simultaneamente. No pr\u00f3ximo dia 31, haver\u00e1 uma simula\u00e7\u00e3o de atendimento, com participa\u00e7\u00e3o do Servi\u00e7o de Atendimento M\u00f3vel de Urg\u00eancia (Samu) e do Corpo de Bombeiros.<\/p>\n","protected":false},"excerpt":{"rendered":"<p>O foli\u00e3o que estiver nos circuitos do Carnaval da Bahia &#8211; na capital, em Porto Seguro e em Ilh\u00e9us \u2013 contar\u00e1 com a assist\u00eancia a sa\u00fade fortalecida. O Governo da Bahia, por meio da Secretaria da Sa\u00fade do Estado, ir\u00e1 refor\u00e7ar as equipes m\u00e9dicas, de enfermagem e administrativa e elevar o estoque de medicamentos e [&hellip;]<\/p>\n","protected":false},"author":3,"featured_media":22663,"comment_status":"open","ping_status":"open","sticky":false,"template":"","format":"standard","meta":{"_monsterinsights_skip_tracking":false,"_monsterinsights_sitenote_active":false,"_monsterinsights_sitenote_note":"","_monsterinsights_sitenote_category":0,"footnotes":""},"categories":[34,41],"tags":[],"yoast_head":"<!-- This site is optimized with the Yoast SEO plugin v22.9 - https:\/\/yoast.com\/wordpress\/plugins\/seo\/ -->\n<title>Governo da Bahia refor\u00e7a assist\u00eancia \u00e0 sa\u00fade no Carnaval - Portal MF<\/title>\n<meta name=\"robots\" content=\"index, follow, max-snippet:-1, max-image-preview:large, max-video-preview:-1\" \/>\n<link rel=\"canonical\" href=\"https:\/\/portalmf.com.br\/index.php\/2024\/01\/25\/governo-da-bahia-reforca-assistencia-a-saude-no-carnaval\/\" \/>\n<meta property=\"og:locale\" content=\"pt_BR\" \/>\n<meta property=\"og:type\" content=\"article\" \/>\n<meta property=\"og:title\" content=\"Governo da Bahia refor\u00e7a assist\u00eancia \u00e0 sa\u00fade no Carnaval - Portal MF\" \/>\n<meta property=\"og:description\" content=\"O foli\u00e3o que estiver nos circuitos do Carnaval da Bahia &#8211; na capital, em Porto Seguro e em Ilh\u00e9us \u2013 contar\u00e1 com a assist\u00eancia a sa\u00fade fortalecida. O Governo da Bahia, por meio da Secretaria da Sa\u00fade do Estado, ir\u00e1 refor\u00e7ar as equipes m\u00e9dicas, de enfermagem e administrativa e elevar o estoque de medicamentos e [&hellip;]\" \/>\n<meta property=\"og:url\" content=\"https:\/\/portalmf.com.br\/index.php\/2024\/01\/25\/governo-da-bahia-reforca-assistencia-a-saude-no-carnaval\/\" \/>\n<meta property=\"og:site_name\" content=\"Portal MF\" \/>\n<meta property=\"article:author\" content=\"https:\/\/www.facebook.com\/portalmfoficial\" \/>\n<meta property=\"article:published_time\" content=\"2024-01-25T21:18:47+00:00\" \/>\n<meta property=\"article:modified_time\" content=\"2024-01-25T21:18:48+00:00\" \/>\n<meta property=\"og:image\" content=\"https:\/\/portalmf.com.br\/wp-content\/uploads\/2024\/01\/Governo-da-Bahia-reforca-assistencia-a-saude-no-Carnaval.jpeg\" \/>\n\t<meta property=\"og:image:width\" content=\"2560\" \/>\n\t<meta property=\"og:image:height\" content=\"1706\" \/>\n\t<meta property=\"og:image:type\" content=\"image\/jpeg\" \/>\n<meta name=\"author\" content=\"Reda\u00e7\u00e3o Portal MF\" \/>\n<meta name=\"twitter:card\" content=\"summary_large_image\" \/>\n<meta name=\"twitter:creator\" content=\"@https:\/\/x.com\/portalmfoficial\" \/>\n<meta name=\"twitter:label1\" content=\"Escrito por\" \/>\n\t<meta name=\"twitter:data1\" content=\"Reda\u00e7\u00e3o Portal MF\" \/>\n\t<meta name=\"twitter:label2\" content=\"Est. tempo de leitura\" \/>\n\t<meta name=\"twitter:data2\" content=\"3 minutos\" \/>\n<script type=\"application\/ld+json\" class=\"yoast-schema-graph\">{\"@context\":\"https:\/\/schema.org\",\"@graph\":[{\"@type\":\"WebPage\",\"@id\":\"https:\/\/portalmf.com.br\/index.php\/2024\/01\/25\/governo-da-bahia-reforca-assistencia-a-saude-no-carnaval\/\",\"url\":\"https:\/\/portalmf.com.br\/index.php\/2024\/01\/25\/governo-da-bahia-reforca-assistencia-a-saude-no-carnaval\/\",\"name\":\"Governo da Bahia refor\u00e7a assist\u00eancia \u00e0 sa\u00fade no Carnaval - Portal MF\",\"isPartOf\":{\"@id\":\"https:\/\/portalmf.com.br\/#website\"},\"primaryImageOfPage\":{\"@id\":\"https:\/\/portalmf.com.br\/index.php\/2024\/01\/25\/governo-da-bahia-reforca-assistencia-a-saude-no-carnaval\/#primaryimage\"},\"image\":{\"@id\":\"https:\/\/portalmf.com.br\/index.php\/2024\/01\/25\/governo-da-bahia-reforca-assistencia-a-saude-no-carnaval\/#primaryimage\"},\"thumbnailUrl\":\"https:\/\/portalmf.com.br\/wp-content\/uploads\/2024\/01\/Governo-da-Bahia-reforca-assistencia-a-saude-no-Carnaval.jpeg\",\"datePublished\":\"2024-01-25T21:18:47+00:00\",\"dateModified\":\"2024-01-25T21:18:48+00:00\",\"author\":{\"@id\":\"https:\/\/portalmf.com.br\/#\/schema\/person\/9ec101baf56233e53520c26de5d6f6f0\"},\"breadcrumb\":{\"@id\":\"https:\/\/portalmf.com.br\/index.php\/2024\/01\/25\/governo-da-bahia-reforca-assistencia-a-saude-no-carnaval\/#breadcrumb\"},\"inLanguage\":\"pt-BR\",\"potentialAction\":[{\"@type\":\"ReadAction\",\"target\":[\"https:\/\/portalmf.com.br\/index.php\/2024\/01\/25\/governo-da-bahia-reforca-assistencia-a-saude-no-carnaval\/\"]}]},{\"@type\":\"ImageObject\",\"inLanguage\":\"pt-BR\",\"@id\":\"https:\/\/portalmf.com.br\/index.php\/2024\/01\/25\/governo-da-bahia-reforca-assistencia-a-saude-no-carnaval\/#primaryimage\",\"url\":\"https:\/\/portalmf.com.br\/wp-content\/uploads\/2024\/01\/Governo-da-Bahia-reforca-assistencia-a-saude-no-Carnaval.jpeg\",\"contentUrl\":\"https:\/\/portalmf.com.br\/wp-content\/uploads\/2024\/01\/Governo-da-Bahia-reforca-assistencia-a-saude-no-Carnaval.jpeg\",\"width\":2560,\"height\":1706},{\"@type\":\"BreadcrumbList\",\"@id\":\"https:\/\/portalmf.com.br\/index.php\/2024\/01\/25\/governo-da-bahia-reforca-assistencia-a-saude-no-carnaval\/#breadcrumb\",\"itemListElement\":[{\"@type\":\"ListItem\",\"position\":1,\"name\":\"In\u00edcio\",\"item\":\"https:\/\/portalmf.com.br\/\"},{\"@type\":\"ListItem\",\"position\":2,\"name\":\"Governo da Bahia refor\u00e7a assist\u00eancia \u00e0 sa\u00fade no Carnaval\"}]},{\"@type\":\"WebSite\",\"@id\":\"https:\/\/portalmf.com.br\/#website\",\"url\":\"https:\/\/portalmf.com.br\/\",\"name\":\"Portal MF\",\"description\":\"Voc\u00ea conectado com a informa\u00e7\u00e3o\",\"potentialAction\":[{\"@type\":\"SearchAction\",\"target\":{\"@type\":\"EntryPoint\",\"urlTemplate\":\"https:\/\/portalmf.com.br\/?s={search_term_string}\"},\"query-input\":\"required name=search_term_string\"}],\"inLanguage\":\"pt-BR\"},{\"@type\":\"Person\",\"@id\":\"https:\/\/portalmf.com.br\/#\/schema\/person\/9ec101baf56233e53520c26de5d6f6f0\",\"name\":\"Reda\u00e7\u00e3o Portal MF\",\"image\":{\"@type\":\"ImageObject\",\"inLanguage\":\"pt-BR\",\"@id\":\"https:\/\/portalmf.com.br\/#\/schema\/person\/image\/\",\"url\":\"https:\/\/secure.gravatar.com\/avatar\/41b9aaeb2100835f7c64362330f74c7f?s=96&d=mm&r=g\",\"contentUrl\":\"https:\/\/secure.gravatar.com\/avatar\/41b9aaeb2100835f7c64362330f74c7f?s=96&d=mm&r=g\",\"caption\":\"Reda\u00e7\u00e3o Portal MF\"},\"description\":\"Sejam bem-vindos o portal de informa\u00e7\u00f5es de entretenimento de Feira de Santana, desde 2006 realiza coberturas dos principais eventos com entrevistas exclusivas com as principais personalidades mundiais. Fique conectado tamb\u00e9m nas redes sociais.\",\"sameAs\":[\"http:\/\/www.portalmf.com.br\/\",\"https:\/\/www.facebook.com\/portalmfoficial\",\"https:\/\/www.instagram.com\/portalmf\/\",\"https:\/\/x.com\/https:\/\/x.com\/portalmfoficial\",\"https:\/\/www.youtube.com\/@portalmfoficial\"],\"url\":\"https:\/\/portalmf.com.br\/index.php\/author\/junior\/\"}]}<\/script>\n<!-- \/ Yoast SEO plugin. -->","yoast_head_json":{"title":"Governo da Bahia refor\u00e7a assist\u00eancia \u00e0 sa\u00fade no Carnaval - Portal MF","robots":{"index":"index","follow":"follow","max-snippet":"max-snippet:-1","max-image-preview":"max-image-preview:large","max-video-preview":"max-video-preview:-1"},"canonical":"https:\/\/portalmf.com.br\/index.php\/2024\/01\/25\/governo-da-bahia-reforca-assistencia-a-saude-no-carnaval\/","og_locale":"pt_BR","og_type":"article","og_title":"Governo da Bahia refor\u00e7a assist\u00eancia \u00e0 sa\u00fade no Carnaval - Portal MF","og_description":"O foli\u00e3o que estiver nos circuitos do Carnaval da Bahia &#8211; na capital, em Porto Seguro e em Ilh\u00e9us \u2013 contar\u00e1 com a assist\u00eancia a sa\u00fade fortalecida. O Governo da Bahia, por meio da Secretaria da Sa\u00fade do Estado, ir\u00e1 refor\u00e7ar as equipes m\u00e9dicas, de enfermagem e administrativa e elevar o estoque de medicamentos e [&hellip;]","og_url":"https:\/\/portalmf.com.br\/index.php\/2024\/01\/25\/governo-da-bahia-reforca-assistencia-a-saude-no-carnaval\/","og_site_name":"Portal MF","article_author":"https:\/\/www.facebook.com\/portalmfoficial","article_published_time":"2024-01-25T21:18:47+00:00","article_modified_time":"2024-01-25T21:18:48+00:00","og_image":[{"width":2560,"height":1706,"url":"https:\/\/portalmf.com.br\/wp-content\/uploads\/2024\/01\/Governo-da-Bahia-reforca-assistencia-a-saude-no-Carnaval.jpeg","type":"image\/jpeg"}],"author":"Reda\u00e7\u00e3o Portal MF","twitter_card":"summary_large_image","twitter_creator":"@https:\/\/x.com\/portalmfoficial","twitter_misc":{"Escrito por":"Reda\u00e7\u00e3o Portal MF","Est. tempo de leitura":"3 minutos"},"schema":{"@context":"https:\/\/schema.org","@graph":[{"@type":"WebPage","@id":"https:\/\/portalmf.com.br\/index.php\/2024\/01\/25\/governo-da-bahia-reforca-assistencia-a-saude-no-carnaval\/","url":"https:\/\/portalmf.com.br\/index.php\/2024\/01\/25\/governo-da-bahia-reforca-assistencia-a-saude-no-carnaval\/","name":"Governo da Bahia refor\u00e7a assist\u00eancia \u00e0 sa\u00fade no Carnaval - Portal MF","isPartOf":{"@id":"https:\/\/portalmf.com.br\/#website"},"primaryImageOfPage":{"@id":"https:\/\/portalmf.com.br\/index.php\/2024\/01\/25\/governo-da-bahia-reforca-assistencia-a-saude-no-carnaval\/#primaryimage"},"image":{"@id":"https:\/\/portalmf.com.br\/index.php\/2024\/01\/25\/governo-da-bahia-reforca-assistencia-a-saude-no-carnaval\/#primaryimage"},"thumbnailUrl":"https:\/\/portalmf.com.br\/wp-content\/uploads\/2024\/01\/Governo-da-Bahia-reforca-assistencia-a-saude-no-Carnaval.jpeg","datePublished":"2024-01-25T21:18:47+00:00","dateModified":"2024-01-25T21:18:48+00:00","author":{"@id":"https:\/\/portalmf.com.br\/#\/schema\/person\/9ec101baf56233e53520c26de5d6f6f0"},"breadcrumb":{"@id":"https:\/\/portalmf.com.br\/index.php\/2024\/01\/25\/governo-da-bahia-reforca-assistencia-a-saude-no-carnaval\/#breadcrumb"},"inLanguage":"pt-BR","potentialAction":[{"@type":"ReadAction","target":["https:\/\/portalmf.com.br\/index.php\/2024\/01\/25\/governo-da-bahia-reforca-assistencia-a-saude-no-carnaval\/"]}]},{"@type":"ImageObject","inLanguage":"pt-BR","@id":"https:\/\/portalmf.com.br\/index.php\/2024\/01\/25\/governo-da-bahia-reforca-assistencia-a-saude-no-carnaval\/#primaryimage","url":"https:\/\/portalmf.com.br\/wp-content\/uploads\/2024\/01\/Governo-da-Bahia-reforca-assistencia-a-saude-no-Carnaval.jpeg","contentUrl":"https:\/\/portalmf.com.br\/wp-content\/uploads\/2024\/01\/Governo-da-Bahia-reforca-assistencia-a-saude-no-Carnaval.jpeg","width":2560,"height":1706},{"@type":"BreadcrumbList","@id":"https:\/\/portalmf.com.br\/index.php\/2024\/01\/25\/governo-da-bahia-reforca-assistencia-a-saude-no-carnaval\/#breadcrumb","itemListElement":[{"@type":"ListItem","position":1,"name":"In\u00edcio","item":"https:\/\/portalmf.com.br\/"},{"@type":"ListItem","position":2,"name":"Governo da Bahia refor\u00e7a assist\u00eancia \u00e0 sa\u00fade no Carnaval"}]},{"@type":"WebSite","@id":"https:\/\/portalmf.com.br\/#website","url":"https:\/\/portalmf.com.br\/","name":"Portal MF","description":"Voc\u00ea conectado com a informa\u00e7\u00e3o","potentialAction":[{"@type":"SearchAction","target":{"@type":"EntryPoint","urlTemplate":"https:\/\/portalmf.com.br\/?s={search_term_string}"},"query-input":"required name=search_term_string"}],"inLanguage":"pt-BR"},{"@type":"Person","@id":"https:\/\/portalmf.com.br\/#\/schema\/person\/9ec101baf56233e53520c26de5d6f6f0","name":"Reda\u00e7\u00e3o Portal MF","image":{"@type":"ImageObject","inLanguage":"pt-BR","@id":"https:\/\/portalmf.com.br\/#\/schema\/person\/image\/","url":"https:\/\/secure.gravatar.com\/avatar\/41b9aaeb2100835f7c64362330f74c7f?s=96&d=mm&r=g","contentUrl":"https:\/\/secure.gravatar.com\/avatar\/41b9aaeb2100835f7c64362330f74c7f?s=96&d=mm&r=g","caption":"Reda\u00e7\u00e3o Portal MF"},"description":"Sejam bem-vindos o portal de informa\u00e7\u00f5es de entretenimento de Feira de Santana, desde 2006 realiza coberturas dos principais eventos com entrevistas exclusivas com as principais personalidades mundiais. Fique conectado tamb\u00e9m nas redes sociais.","sameAs":["http:\/\/www.portalmf.com.br\/","https:\/\/www.facebook.com\/portalmfoficial","https:\/\/www.instagram.com\/portalmf\/","https:\/\/x.com\/https:\/\/x.com\/portalmfoficial","https:\/\/www.youtube.com\/@portalmfoficial"],"url":"https:\/\/portalmf.com.br\/index.php\/author\/junior\/"}]}},"_links":{"self":[{"href":"https:\/\/portalmf.com.br\/index.php\/wp-json\/wp\/v2\/posts\/22662"}],"collection":[{"href":"https:\/\/portalmf.com.br\/index.php\/wp-json\/wp\/v2\/posts"}],"about":[{"href":"https:\/\/portalmf.com.br\/index.php\/wp-json\/wp\/v2\/types\/post"}],"author":[{"embeddable":true,"href":"https:\/\/portalmf.com.br\/index.php\/wp-json\/wp\/v2\/users\/3"}],"replies":[{"embeddable":true,"href":"https:\/\/portalmf.com.br\/index.php\/wp-json\/wp\/v2\/comments?post=22662"}],"version-history":[{"count":1,"href":"https:\/\/portalmf.com.br\/index.php\/wp-json\/wp\/v2\/posts\/22662\/revisions"}],"predecessor-version":[{"id":22664,"href":"https:\/\/portalmf.com.br\/index.php\/wp-json\/wp\/v2\/posts\/22662\/revisions\/22664"}],"wp:featuredmedia":[{"embeddable":true,"href":"https:\/\/portalmf.com.br\/index.php\/wp-json\/wp\/v2\/media\/22663"}],"wp:attachment":[{"href":"https:\/\/portalmf.com.br\/index.php\/wp-json\/wp\/v2\/media?parent=22662"}],"wp:term":[{"taxonomy":"category","embeddable":true,"href":"https:\/\/portalmf.com.br\/index.php\/wp-json\/wp\/v2\/categories?post=22662"},{"taxonomy":"post_tag","embeddable":true,"href":"https:\/\/portalmf.com.br\/index.php\/wp-json\/wp\/v2\/tags?post=22662"}],"curies":[{"name":"wp","href":"https:\/\/api.w.org\/{rel}","templated":true}]}}